{"id":936036,"date":"2025-10-06T15:51:57","date_gmt":"2025-10-06T12:51:57","guid":{"rendered":"https:\/\/www.rri.ro\/?p=936036"},"modified":"2025-10-06T15:51:57","modified_gmt":"2025-10-06T12:51:57","slug":"catastisea-ali-uniuni-ivropeana","status":"publish","type":"post","link":"https:\/\/www.rri.ro\/ro_ar\/actualitati\/catastisea-ali-uniuni-ivropeana-id936036.html","title":{"rendered":"Catastisea ali Uniuni Ivropean\u00e2"},"content":{"rendered":"<p>Ivropa lipsea\u0219ti s-alumt\u00e2 ti loclu a llei tu un\u00e2 lumi iu mir\u0103kilili a oami\u00f1iloru suntu filisiti f\u00e2r\u00e2 \u00f1il\u00e2 ca armi, dz\u00e2si \u00f1iercuri, Strasbourg, prezidenta ali Comisie Ivropean\u00e2, Ursula von der Leyen, tu prota a llei cuvend\u00e2 \u021bi mutrea\u0219ti catastisea ali Uniuni di cara fu aleapt\u00e2 dizn\u0103u pi aest\u00e2 thesi. \u201dLumea di adz\u00e2 easti f\u00e2r-di \u00f1il\u00e2. Nu putem s-nu ac\u00e2\u021b\u0103mu tu isapi zorea \u021bi u ved cathi dzuu\u00e2 \u021bet\u0103\u021bea\u00f1illi ditu UI, cari dukescu cri\u015ftearea a p\u00e2hadzloru \u015f-adun\u00e2 gaile ti \u021bi va s-fac\u00e2 ma-nclo. Aesta lipsea\u0219ti s-hib\u00e2 oara ti independen\u0163a ali Uniuni Ivropean\u00e2, anda lipsea\u0219ti s-apufisimu tu \u021bi turlie di su\u021bietati \u015f-dimucra\u021bie vremu s-b\u00e2n\u0103mu\u201d, cundille Ursula von der Leyen tu plenlu a Parlamentului Ivropean.<\/p>\n<p>Ea l\u00e2 gri a v\u00e2siliiloru membri ta s-hib\u00e2 deadunu, cundillindalui c\u0103 easti di simasie s-hib\u00e2 Ivropa libir\u00e2 s\u00e2-\u0219i aleag\u00e2 su\u021batili. Ti polimlu ditu Ucraina, Ursula von der Leyen dz\u00e2si c\u0103 Arusia lipsea\u0219ti s-p\u00e2lteasc\u00e2 p\u00e2radz ti z\u00f1iili \u021bi li adr\u0103, di cara Moscova ankisi aest\u00e2 ceamaun\u00e2. \u015eefa a CI c\u00e2ft\u0103 nau\u00e2 andrupari ti Ucraina, a c\u0103 Ivropa \u00e2lli deadi p\u00e2n\u00e2 tora a Kievlui anv\u00e2rliga di 170 di miliardi di ivradz agiutor di askeri \u015fi finan\u021biar.<\/p>\n<p>Von der Leyen zbur\u00e2 \u0219-di un\u00e2 moabeti cama zori te-a zburari \u015f-deadi h\u00e2barea c\u0103, deadunu cu Ucraina \u015f-al\u021b\u00e2 so\u021b, va s-adar\u00e2 un\u00e2 adunari ali Su\u021b\u00e2lli interna\u0163ional\u00e2 ti turnarea a ficiuri\u021bloru ucraineni. Ea zbur\u00e2 \u0219-di catastisea a v\u00e2siliiloru membri \u021bi suntu tu partea di apirit\u00e2, \u021bi li vizit\u0103 di p\u021b\u00e2nu kiro \u0219i cari au \u0219-ali z\u00f1ie di la ceamaua ditu Ucraina. Tu minduita ali prezident\u00e2 a CI, partea ditu apirit\u00e2 ali Ivrop\u00e2 afirea\u0219ti tut\u00e2 Ivropa, di la Amarea Baltic\u00e2 la Amarea Lai, iara aesta easti furnia ti cari Uniunea lipsea\u0219ti s-investeasc\u00e2 tu andruparea a llei pritu Eastern Flank Watch.<\/p>\n<p>Analtul ufi\u021bial ali Uniuni deadi tu \u0219teari c\u0103 la alantu Consiliu Ivropeanu va s-aspun\u00e2 un\u00e2 carti pritu cari s-vead\u00e2 unu planu salami ti ankisearea di n\u0103i proiecti kino tu dumenea ali ap\u00e2rari, apufisearea di scupadz limbidz ti 2030 \u015f-adrarea a unlui semestru ivropeanu ti ap\u00e2rari. Independen\u0163a ali Uniuni tu un\u00e2 lumi aplin\u00e2 di ghideri fu hirlu aro\u0219u ditu cuvenda ali Ursul\u00e2 von der Leyen.<\/p>\n<p>\u201dAnda zbur\u00e2mu di independen\u0163\u00e2, zbur\u00e2mu di alidzearea a mir\u00e2llei a noast\u00e2. Ti aestu lucru alumt\u00e2 Ucraina \u015f-aesta easti a\u021bea \u021bi lipsea\u0219ti s-u aib\u00e2 tu minti tu\u021b ivropea\u00f1illi, di cara Ivropa easti un\u00e2  idei \u2013 idei di libirtati \u015f-cuveti deadunu. Aesta fu ideea \u021bi lu avu tu minti totna b\u00e2rnul di dup\u00e2 1989, anda Apirita \u0219-Asc\u00e2pitata s-fea\u021bir\u00e2 un\u00e2, idee \u021bi easti \u0219-tora multu v\u00e2rtoas\u00e2\u201d, luyursea\u0219ti \u015fefa ali Comisie.<\/p>\n<p>Aesta easti furnia, dz\u00e2si Ursula von der Leyen, ti cari adu\u021bemu cama aproapea di Uniunea a noast\u00e2 alti stati membri \u2013 pritu investi\u0163ii, pritu andruparea a reformilor, prin b\u00e2garea pi un\u00e2 p\u00e2zari unic\u00e2. \u201cUn\u00e2 Uniuni ma mari \u015f-ma v\u00e2rtoas\u00e2 asiguripsea\u0219ti securitatea ti noi tu\u0163. Ti a\u021bea c\u0103 yinitorlu ali Ucrain\u00e2, ali Moldov\u00e2, a v\u00e2siliiloru ditu Balca\u00f1illi ditu Asc\u00e2itat\u00e2 easti tu Uniunea a noast\u00e2\u201d, l\u00e2 dz\u00e2si nica Ursula von der Leyen a membrilor a Parlamentului Ivropeanu.<\/p>\n<p>Autor: \u0218tefan Stoica<br \/>\nApridu\u021bearea: Mirela Biolan<\/p>\n","protected":false},"excerpt":{"rendered":"<p>Ivropa lipsea\u0219ti s-alumt\u00e2 ti loclu a llei tu un\u00e2 lumi iu mir\u0103kilili a oami\u00f1iloru suntu filisiti f\u00e2r\u00e2 \u00f1il\u00e2 ca armi, dz\u00e2si \u00f1iercuri, Strasbourg, prezidenta ali Comisie Ivropean\u00e2, Ursula von der Leyen, tu prota a llei cuvend\u00e2 \u021bi mutrea\u0219ti catastisea ali Uniuni di cara fu aleapt\u00e2 dizn\u0103u pi aest\u00e2 thesi. \u201dLumea di adz\u00e2 easti f\u00e2r-di \u00f1il\u00e2. [&hellip;]<\/p>\n","protected":false},"author":187,"featured_media":926704,"comment_status":"closed","ping_status":"closed","sticky":false,"template":"","format":"standard","meta":{"_acf_changed":false,"footnotes":""},"categories":[69],"tags":[134225,177570,148370,151792],"coauthors":[116465],"class_list":["post-936036","post","type-post","status-publish","format-standard","has-post-thumbnail","hentry","category-actualitati","tag-andrupari-ucraina","tag-lucrili-di-prota-thesi-li-ui","tag-securitati","tag-ursula-von-der-leyen-ro_ar"],"acf":[],"yoast_head":"<!-- This site is optimized with the Yoast SEO plugin v27.3 - https:\/\/yoast.com\/product\/yoast-seo-wordpress\/ -->\n<title>Catastisea ali Uniuni Ivropean\u00e2 - Radio Rom\u00e2nia Interna\u021bional<\/title>\n<meta name=\"robots\" content=\"index, follow, max-snippet:-1, max-image-preview:large, max-video-preview:-1\" \/>\n<link rel=\"canonical\" href=\"https:\/\/www.rri.ro\/ro_ar\/actualitati\/catastisea-ali-uniuni-ivropeana-id936036.html\" \/>\n<meta property=\"og:locale\" content=\"ro_RO\" \/>\n<meta property=\"og:type\" content=\"article\" \/>\n<meta property=\"og:title\" content=\"Catastisea ali Uniuni Ivropean\u00e2 - Radio Rom\u00e2nia Interna\u021bional\" \/>\n<meta property=\"og:description\" content=\"Ivropa lipsea\u0219ti s-alumt\u00e2 ti loclu a llei tu un\u00e2 lumi iu mir\u0103kilili a oami\u00f1iloru suntu filisiti f\u00e2r\u00e2 \u00f1il\u00e2 ca armi, dz\u00e2si \u00f1iercuri, Strasbourg, prezidenta ali Comisie Ivropean\u00e2, Ursula von der Leyen, tu prota a llei cuvend\u00e2 \u021bi mutrea\u0219ti catastisea ali Uniuni di cara fu aleapt\u00e2 dizn\u0103u pi aest\u00e2 thesi. \u201dLumea di adz\u00e2 easti f\u00e2r-di \u00f1il\u00e2. [&hellip;]\" \/>\n<meta property=\"og:url\" content=\"https:\/\/www.rri.ro\/ro_ar\/actualitati\/catastisea-ali-uniuni-ivropeana-id936036.html\" \/>\n<meta property=\"og:site_name\" content=\"Radio Rom\u00e2nia Interna\u021bional\" \/>\n<meta property=\"article:published_time\" content=\"2025-10-06T12:51:57+00:00\" \/>\n<meta property=\"og:image\" content=\"https:\/\/www.rri.ro\/wp-content\/uploads\/2025\/09\/ursula-von-der-leyen-SOTEU-2025-copyright.jpg\" \/>\n\t<meta property=\"og:image:width\" content=\"1200\" \/>\n\t<meta property=\"og:image:height\" content=\"800\" \/>\n\t<meta property=\"og:image:type\" content=\"image\/jpeg\" \/>\n<meta name=\"author\" content=\"Ta\u0219cu Lala\" \/>\n<meta name=\"twitter:card\" content=\"summary_large_image\" \/>\n<meta name=\"twitter:label1\" content=\"Written by\" \/>\n\t<meta name=\"twitter:data1\" content=\"Ta\u0219cu Lala\" \/>\n\t<meta name=\"twitter:label2\" content=\"Est. reading time\" \/>\n\t<meta name=\"twitter:data2\" content=\"3 minutes\" \/>\n<script type=\"application\/ld+json\" class=\"yoast-schema-graph\">{\"@context\":\"https:\\\/\\\/schema.org\",\"@graph\":[{\"@type\":\"Article\",\"@id\":\"https:\\\/\\\/www.rri.ro\\\/ro_ar\\\/actualitati\\\/catastisea-ali-uniuni-ivropeana-id936036.html#article\",\"isPartOf\":{\"@id\":\"https:\\\/\\\/www.rri.ro\\\/ro_ar\\\/actualitati\\\/catastisea-ali-uniuni-ivropeana-id936036.html\"},\"author\":{\"name\":\"Ta\u0219cu Lala\",\"@id\":\"https:\\\/\\\/www.rri.ro\\\/#\\\/schema\\\/person\\\/0fa1f8943b999abcb99a1b3ef35db4c0\"},\"headline\":\"Catastisea ali Uniuni Ivropean\u00e2\",\"datePublished\":\"2025-10-06T12:51:57+00:00\",\"mainEntityOfPage\":{\"@id\":\"https:\\\/\\\/www.rri.ro\\\/ro_ar\\\/actualitati\\\/catastisea-ali-uniuni-ivropeana-id936036.html\"},\"wordCount\":567,\"image\":{\"@id\":\"https:\\\/\\\/www.rri.ro\\\/ro_ar\\\/actualitati\\\/catastisea-ali-uniuni-ivropeana-id936036.html#primaryimage\"},\"thumbnailUrl\":\"https:\\\/\\\/www.rri.ro\\\/wp-content\\\/uploads\\\/2025\\\/09\\\/ursula-von-der-leyen-SOTEU-2025-copyright.jpg\",\"keywords\":[\"andrupari Ucraina\",\"lucrili di prota thesi li UI\",\"securitati\",\"Ursula von der Leyen\"],\"articleSection\":[\"Actualitati\"],\"inLanguage\":\"ro-AR\"},{\"@type\":\"WebPage\",\"@id\":\"https:\\\/\\\/www.rri.ro\\\/ro_ar\\\/actualitati\\\/catastisea-ali-uniuni-ivropeana-id936036.html\",\"url\":\"https:\\\/\\\/www.rri.ro\\\/ro_ar\\\/actualitati\\\/catastisea-ali-uniuni-ivropeana-id936036.html\",\"name\":\"Catastisea ali Uniuni Ivropean\u00e2 - Radio Rom\u00e2nia Interna\u021bional\",\"isPartOf\":{\"@id\":\"https:\\\/\\\/www.rri.ro\\\/#website\"},\"primaryImageOfPage\":{\"@id\":\"https:\\\/\\\/www.rri.ro\\\/ro_ar\\\/actualitati\\\/catastisea-ali-uniuni-ivropeana-id936036.html#primaryimage\"},\"image\":{\"@id\":\"https:\\\/\\\/www.rri.ro\\\/ro_ar\\\/actualitati\\\/catastisea-ali-uniuni-ivropeana-id936036.html#primaryimage\"},\"thumbnailUrl\":\"https:\\\/\\\/www.rri.ro\\\/wp-content\\\/uploads\\\/2025\\\/09\\\/ursula-von-der-leyen-SOTEU-2025-copyright.jpg\",\"datePublished\":\"2025-10-06T12:51:57+00:00\",\"author\":{\"@id\":\"https:\\\/\\\/www.rri.ro\\\/#\\\/schema\\\/person\\\/0fa1f8943b999abcb99a1b3ef35db4c0\"},\"breadcrumb\":{\"@id\":\"https:\\\/\\\/www.rri.ro\\\/ro_ar\\\/actualitati\\\/catastisea-ali-uniuni-ivropeana-id936036.html#breadcrumb\"},\"inLanguage\":\"ro-AR\",\"potentialAction\":[{\"@type\":\"ReadAction\",\"target\":[\"https:\\\/\\\/www.rri.ro\\\/ro_ar\\\/actualitati\\\/catastisea-ali-uniuni-ivropeana-id936036.html\"]}]},{\"@type\":\"ImageObject\",\"inLanguage\":\"ro-AR\",\"@id\":\"https:\\\/\\\/www.rri.ro\\\/ro_ar\\\/actualitati\\\/catastisea-ali-uniuni-ivropeana-id936036.html#primaryimage\",\"url\":\"https:\\\/\\\/www.rri.ro\\\/wp-content\\\/uploads\\\/2025\\\/09\\\/ursula-von-der-leyen-SOTEU-2025-copyright.jpg\",\"contentUrl\":\"https:\\\/\\\/www.rri.ro\\\/wp-content\\\/uploads\\\/2025\\\/09\\\/ursula-von-der-leyen-SOTEU-2025-copyright.jpg\",\"width\":1200,\"height\":800,\"caption\":\"Foto: Christophe Licoppe \u00a9 European Union, 2025 \\\/ Source EC - Audiovisual Service\"},{\"@type\":\"BreadcrumbList\",\"@id\":\"https:\\\/\\\/www.rri.ro\\\/ro_ar\\\/actualitati\\\/catastisea-ali-uniuni-ivropeana-id936036.html#breadcrumb\",\"itemListElement\":[{\"@type\":\"ListItem\",\"position\":1,\"name\":\"Prima pagin\u0103\",\"item\":\"https:\\\/\\\/www.rri.ro\\\/ro_ar\"},{\"@type\":\"ListItem\",\"position\":2,\"name\":\"Actualitati\",\"item\":\"https:\\\/\\\/www.rri.ro\\\/actualitati\"},{\"@type\":\"ListItem\",\"position\":3,\"name\":\"Catastisea ali Uniuni Ivropean\u00e2\"}]},{\"@type\":\"WebSite\",\"@id\":\"https:\\\/\\\/www.rri.ro\\\/#website\",\"url\":\"https:\\\/\\\/www.rri.ro\\\/\",\"name\":\"Radio Rom\u00e2nia Interna\u021bional\",\"description\":\"Totul despre Rom\u00e2nia \u015fi rom\u00e2ni, \u00een 13 limbi\\\/dialecte!\",\"inLanguage\":\"ro-AR\"},{\"@type\":\"Person\",\"@id\":\"https:\\\/\\\/www.rri.ro\\\/#\\\/schema\\\/person\\\/0fa1f8943b999abcb99a1b3ef35db4c0\",\"name\":\"Ta\u0219cu Lala\",\"url\":\"https:\\\/\\\/www.rri.ro\\\/ro_ar\\\/author\\\/taacu-lala\"}]}<\/script>\n<!-- \/ Yoast SEO plugin. -->","yoast_head_json":{"title":"Catastisea ali Uniuni Ivropean\u00e2 - Radio Rom\u00e2nia Interna\u021bional","robots":{"index":"index","follow":"follow","max-snippet":"max-snippet:-1","max-image-preview":"max-image-preview:large","max-video-preview":"max-video-preview:-1"},"canonical":"https:\/\/www.rri.ro\/ro_ar\/actualitati\/catastisea-ali-uniuni-ivropeana-id936036.html","og_locale":"ro_RO","og_type":"article","og_title":"Catastisea ali Uniuni Ivropean\u00e2 - Radio Rom\u00e2nia Interna\u021bional","og_description":"Ivropa lipsea\u0219ti s-alumt\u00e2 ti loclu a llei tu un\u00e2 lumi iu mir\u0103kilili a oami\u00f1iloru suntu filisiti f\u00e2r\u00e2 \u00f1il\u00e2 ca armi, dz\u00e2si \u00f1iercuri, Strasbourg, prezidenta ali Comisie Ivropean\u00e2, Ursula von der Leyen, tu prota a llei cuvend\u00e2 \u021bi mutrea\u0219ti catastisea ali Uniuni di cara fu aleapt\u00e2 dizn\u0103u pi aest\u00e2 thesi. \u201dLumea di adz\u00e2 easti f\u00e2r-di \u00f1il\u00e2. [&hellip;]","og_url":"https:\/\/www.rri.ro\/ro_ar\/actualitati\/catastisea-ali-uniuni-ivropeana-id936036.html","og_site_name":"Radio Rom\u00e2nia Interna\u021bional","article_published_time":"2025-10-06T12:51:57+00:00","og_image":[{"width":1200,"height":800,"url":"https:\/\/www.rri.ro\/wp-content\/uploads\/2025\/09\/ursula-von-der-leyen-SOTEU-2025-copyright.jpg","type":"image\/jpeg"}],"author":"Ta\u0219cu Lala","twitter_card":"summary_large_image","twitter_misc":{"Written by":"Ta\u0219cu Lala","Est. reading time":"3 minutes"},"schema":{"@context":"https:\/\/schema.org","@graph":[{"@type":"Article","@id":"https:\/\/www.rri.ro\/ro_ar\/actualitati\/catastisea-ali-uniuni-ivropeana-id936036.html#article","isPartOf":{"@id":"https:\/\/www.rri.ro\/ro_ar\/actualitati\/catastisea-ali-uniuni-ivropeana-id936036.html"},"author":{"name":"Ta\u0219cu Lala","@id":"https:\/\/www.rri.ro\/#\/schema\/person\/0fa1f8943b999abcb99a1b3ef35db4c0"},"headline":"Catastisea ali Uniuni Ivropean\u00e2","datePublished":"2025-10-06T12:51:57+00:00","mainEntityOfPage":{"@id":"https:\/\/www.rri.ro\/ro_ar\/actualitati\/catastisea-ali-uniuni-ivropeana-id936036.html"},"wordCount":567,"image":{"@id":"https:\/\/www.rri.ro\/ro_ar\/actualitati\/catastisea-ali-uniuni-ivropeana-id936036.html#primaryimage"},"thumbnailUrl":"https:\/\/www.rri.ro\/wp-content\/uploads\/2025\/09\/ursula-von-der-leyen-SOTEU-2025-copyright.jpg","keywords":["andrupari Ucraina","lucrili di prota thesi li UI","securitati","Ursula von der Leyen"],"articleSection":["Actualitati"],"inLanguage":"ro-AR"},{"@type":"WebPage","@id":"https:\/\/www.rri.ro\/ro_ar\/actualitati\/catastisea-ali-uniuni-ivropeana-id936036.html","url":"https:\/\/www.rri.ro\/ro_ar\/actualitati\/catastisea-ali-uniuni-ivropeana-id936036.html","name":"Catastisea ali Uniuni Ivropean\u00e2 - Radio Rom\u00e2nia Interna\u021bional","isPartOf":{"@id":"https:\/\/www.rri.ro\/#website"},"primaryImageOfPage":{"@id":"https:\/\/www.rri.ro\/ro_ar\/actualitati\/catastisea-ali-uniuni-ivropeana-id936036.html#primaryimage"},"image":{"@id":"https:\/\/www.rri.ro\/ro_ar\/actualitati\/catastisea-ali-uniuni-ivropeana-id936036.html#primaryimage"},"thumbnailUrl":"https:\/\/www.rri.ro\/wp-content\/uploads\/2025\/09\/ursula-von-der-leyen-SOTEU-2025-copyright.jpg","datePublished":"2025-10-06T12:51:57+00:00","author":{"@id":"https:\/\/www.rri.ro\/#\/schema\/person\/0fa1f8943b999abcb99a1b3ef35db4c0"},"breadcrumb":{"@id":"https:\/\/www.rri.ro\/ro_ar\/actualitati\/catastisea-ali-uniuni-ivropeana-id936036.html#breadcrumb"},"inLanguage":"ro-AR","potentialAction":[{"@type":"ReadAction","target":["https:\/\/www.rri.ro\/ro_ar\/actualitati\/catastisea-ali-uniuni-ivropeana-id936036.html"]}]},{"@type":"ImageObject","inLanguage":"ro-AR","@id":"https:\/\/www.rri.ro\/ro_ar\/actualitati\/catastisea-ali-uniuni-ivropeana-id936036.html#primaryimage","url":"https:\/\/www.rri.ro\/wp-content\/uploads\/2025\/09\/ursula-von-der-leyen-SOTEU-2025-copyright.jpg","contentUrl":"https:\/\/www.rri.ro\/wp-content\/uploads\/2025\/09\/ursula-von-der-leyen-SOTEU-2025-copyright.jpg","width":1200,"height":800,"caption":"Foto: Christophe Licoppe \u00a9 European Union, 2025 \/ Source EC - Audiovisual Service"},{"@type":"BreadcrumbList","@id":"https:\/\/www.rri.ro\/ro_ar\/actualitati\/catastisea-ali-uniuni-ivropeana-id936036.html#breadcrumb","itemListElement":[{"@type":"ListItem","position":1,"name":"Prima pagin\u0103","item":"https:\/\/www.rri.ro\/ro_ar"},{"@type":"ListItem","position":2,"name":"Actualitati","item":"https:\/\/www.rri.ro\/actualitati"},{"@type":"ListItem","position":3,"name":"Catastisea ali Uniuni Ivropean\u00e2"}]},{"@type":"WebSite","@id":"https:\/\/www.rri.ro\/#website","url":"https:\/\/www.rri.ro\/","name":"Radio Rom\u00e2nia Interna\u021bional","description":"Totul despre Rom\u00e2nia \u015fi rom\u00e2ni, \u00een 13 limbi\/dialecte!","inLanguage":"ro-AR"},{"@type":"Person","@id":"https:\/\/www.rri.ro\/#\/schema\/person\/0fa1f8943b999abcb99a1b3ef35db4c0","name":"Ta\u0219cu Lala","url":"https:\/\/www.rri.ro\/ro_ar\/author\/taacu-lala"}]}},"_links":{"self":[{"href":"https:\/\/www.rri.ro\/ro_ar\/wp-json\/wp\/v2\/posts\/936036","targetHints":{"allow":["GET"]}}],"collection":[{"href":"https:\/\/www.rri.ro\/ro_ar\/wp-json\/wp\/v2\/posts"}],"about":[{"href":"https:\/\/www.rri.ro\/ro_ar\/wp-json\/wp\/v2\/types\/post"}],"author":[{"embeddable":true,"href":"https:\/\/www.rri.ro\/ro_ar\/wp-json\/wp\/v2\/users\/187"}],"replies":[{"embeddable":true,"href":"https:\/\/www.rri.ro\/ro_ar\/wp-json\/wp\/v2\/comments?post=936036"}],"version-history":[{"count":0,"href":"https:\/\/www.rri.ro\/ro_ar\/wp-json\/wp\/v2\/posts\/936036\/revisions"}],"wp:featuredmedia":[{"embeddable":true,"href":"https:\/\/www.rri.ro\/ro_ar\/wp-json\/wp\/v2\/media\/926704"}],"wp:attachment":[{"href":"https:\/\/www.rri.ro\/ro_ar\/wp-json\/wp\/v2\/media?parent=936036"}],"wp:term":[{"taxonomy":"category","embeddable":true,"href":"https:\/\/www.rri.ro\/ro_ar\/wp-json\/wp\/v2\/categories?post=936036"},{"taxonomy":"post_tag","embeddable":true,"href":"https:\/\/www.rri.ro\/ro_ar\/wp-json\/wp\/v2\/tags?post=936036"},{"taxonomy":"author","embeddable":true,"href":"https:\/\/www.rri.ro\/ro_ar\/wp-json\/wp\/v2\/coauthors?post=936036"}],"curies":[{"name":"wp","href":"https:\/\/api.w.org\/{rel}","templated":true}]}}