{"id":944020,"date":"2025-10-26T14:41:50","date_gmt":"2025-10-26T12:41:50","guid":{"rendered":"https:\/\/www.rri.ro\/?p=944020"},"modified":"2025-10-26T14:51:10","modified_gmt":"2025-10-26T12:51:10","slug":"constantin-cosmu","status":"publish","type":"post","link":"https:\/\/www.rri.ro\/ro_ar\/cultura-si-adet-armanesti\/scriitori-armani\/constantin-cosmu-id944020.html","title":{"rendered":"Constantin Cosmu"},"content":{"rendered":"<p><iframe loading=\"lazy\" width=\"100%\" height=\"300\" scrolling=\"no\" frameborder=\"no\" allow=\"autoplay\" src=\"https:\/\/w.soundcloud.com\/player\/?url=https%3A\/\/api.soundcloud.com\/tracks\/soundcloud%253Atracks%253A2190714491&#038;color=%23ff5500&#038;auto_play=false&#038;hide_related=false&#038;\u0219ow_commen\u021b=true&#038;\u0219ow_user=true&#038;\u0219ow_repos\u021b=false&#038;\u0219ow_teaser=true&#038;visual=true\"><\/iframe><\/p>\n<div style=\"font-size: 10px; color: #cccccc;line-break: anywhere;word-break: normal;overflow: hidden;white-space: nowrap;text-overflow: ellipsis; font-family: Interstate,Lucida Grande,Lucida Sans Unicode,Lucida Sans,Garuda,Verdana,Tahoma,sans-serif;font-weight: 100;\"><a href=\"https:\/\/soundcloud.com\/radioromaniainternational\" title=\"RadioRomaniaInternational\" target=\"_blank\" style=\"color: #cccccc; text-decoration: none;\">RadioRomaniaInternational<\/a> \u00b7 <a href=\"https:\/\/soundcloud.com\/radioromaniainternational\/scriitori-constantin-cosmu\" title=\"Scriitori-Constantin Cosmu\" target=\"_blank\" style=\"color: #cccccc; text-decoration: none;\">Scriitori-Constantin Cosmu<\/a><\/div>\n<p>Poet, profesor \u0219i publi\u021bistu-arm\u00e2nu. Amintat tu-anlu 1866 tu hoara Gopi\u0219i, ning\u00e2 Bituli, \u0219i-a\u0219i cum afl\u00e2m pi-un\u00e2 carti \u021bi s-afl\u00e2 la Biblioteca \u021bi u-ari dl Vasili Barba, Freiburg, muri tu-anlu 1914. Easti-ngrupat tu groapa \u021bi s-afl\u00e2 Bituli. Sculii ari-nvi\u021bat\u00e2 Gopi\u0219i, Bituli \u0219i Bucure\u0219ti. Lucr\u0103 ca profesor la Li\u021beulu di Bituli, ma fu \u0219i Director a Revist\u00e2llei &#8220;Lumina&#8221; \u0219i fondator \u0219i Director a gazet\u00e2llei &#8220;Rom\u00e2nul de la Pind&#8221; (1904). Ari publicat\u00e2: \u201cPoesii Arom\u00e2ne\u0219ti\u201d, Bucure\u0219ti, 1893 (\u021bi eara prota carti cu puizii-arm\u00e2neasc\u00e2); \u201c\u0218coala vecllie ic\u0103 Dascalu Sbuta\u201d, Bucure\u0219ti, 1902; \u201cBasme Arom\u00e2ne\u0219ti\u201d (Biblioteca \u201cLumina\u201d), Monastir, 1905. Easti protlu cari-agiut\u0103 ca s-hib\u00e2 giucat protlu Teatru arm\u00e2nescu, Gopi\u0219i, tu-anlu 1888, ma \u0219i mari na\u021bionalistu \u0219i-alumt\u00e2tor ti introdu\u021birea-a limb\u00e2llei arm\u00e2neasc\u00e2 tu sculiili arm\u00e2ne\u0219\u021b\u00e2, deadun cu A. C. Bagav, C. Caireti \u0219-al\u021b\u00e2.<\/p>\n<p><strong>C\u00e2t\u00e2 c\u00e2ravea-a noast\u00e2<\/strong><\/p>\n<p>C\u00e2rave scump\u00e2, c\u00e2rave-al\u00e2vdat\u00e2,<br \/>\nDi laea Mir\u00e2 ar\u00e2\u00f9 \u021b-fu scriat\u00e2:<br \/>\nOh! eti \u00f1il\u2019i, m\u00e2rat\u00e2, cum b\u00e2na\u0219i?<br \/>\nCu zurla dalg\u00e2, \u021bi gre\u00f9 \u00e2\u00f1i ti-alumta\u0219i!<\/p>\n<p>Turbati vimturi pi tini s-aruncar\u00e2,<br \/>\nPi teasa-amari dit fundu turnar\u00e2<br \/>\n\u0218-niori c\u00e2dzur\u00e2 cu l\u0103i bumbunidz\u0103ri,<br \/>\nCu ploi arali \u0219-fricoasi-asc\u00e2pir\u00e2ri.<\/p>\n<p>C\u00e2ravea-\u00f1i mari, ca peana di li\u0219oar\u00e2,<br \/>\nAdz\u00e2 l\u0103i vimturi tini ti giucar\u00e2,<br \/>\nSpumoasa dalg\u00e2 \u00e2n \u021ber \u00e2\u00f1i ti du\u021bea.<br \/>\n\u0218i-ago\u00f1ea iar\u00e2 tu fundu \u00f1i-ti-adu\u021bea.<\/p>\n<p>Didip s-ti chear\u00e2 vru-ar\u00e2ulu-a\u021bel du\u0219manlu;<br \/>\nCu prota spid\u00e2 s-nic\u0103, oh! c\u00e2pitanlu.<br \/>\nS-nicar\u00e2 troar\u00e2 \u0219i gio\u00f1il\u2019i la-avudz\u00e2ri<br \/>\n\u0218i s-dirinar\u00e2 catargurili m\u00e2ri.<\/p>\n<p>Chiru\u0219i \u0219i Vulturi \u0219i sc\u00e2ntil\u2019ioasi hlamburi!<br \/>\nMa semnu-i mari c\u0103 nu ti-adra\u0219i m\u00e2\u0219c\u00e2turi!<br \/>\nFu\u0219i bun\u00e2 hil\u2019i-a dip m\u00e2ritlui chin,<br \/>\n\u021ai un\u00e2 huni-aumbra din Palatin.<\/p>\n<p>Aseara mizi p\u00e2fsi niheam f\u00e2rtuna!<br \/>\nCum fu ma n\u00e2inti, oh!, lumea nu-i tut un\u00e2,<br \/>\nGreu pliguit\u00e2 sum sal\u021bi ti-ascumse\u0219i,<br \/>\nO, multu-avdz\u00e2t\u00e2 aoa\u021bi agiumse\u0219i!<\/p>\n<p>C\u00e2rave vrut\u0103, ma multu nu ti-aspari,<br \/>\nNu vedz c\u0103 yini d\u00e2ruta-\u021b asc\u00e2pari?!<br \/>\nTi tini masturi vinir\u00e2 din Carpa\u021b,<br \/>\nMu\u0219eat\u00e2 multu ti-ndreg gio\u00f1i lu\u00f1ina\u021b!<\/p>\n<p>\u0218i vultur iara va s-ai mu\u0219eat tu fr\u00e2mti,<br \/>\n\u0218i cheptul di cilechi cu-a\u021beali signi s\u00e2mti,<br \/>\n\u0218i cu m\u00e2rea\u021b\u00e2 va s-tre\u021b iar pristi-am\u0103ri.<br \/>\nNu cheri v\u00e2rn\u00e2oar\u00e2 cu scumpili-\u021b di h\u0103ri!<br \/>\nMonastir, 29 di Yinar 1899<\/p>\n<p><strong>Prota carti<\/strong><\/p>\n<p>Cu ocllilli tut \u00e2n dzari<br \/>\nS-priimn\u00e2 pi c\u00e2r\u0103ri<br \/>\nEl singur, &#8216;nyis\u00e3tor,<br \/>\nCa oclliu ardz\u00e2tor.<\/p>\n<p>Di lumi-i nan\u00e2parti<br \/>\nDi-\u0219i c\u00e2nt\u00e2 un\u00e2 carti<br \/>\n\u0218i-u c\u00e2nt\u00e2 cu-ah\u00e2t foc<br \/>\nCum altu nu-i pri loc.<\/p>\n<p>\u0218i-u c\u00e2nt\u00e2, ma \u0219i-u c\u00e2nt\u00e2<br \/>\nA\u021bea-a lui carti s\u00e2mt\u00e2<br \/>\n\u0218i-u ba\u0219i \u00f1illi di ori,<br \/>\nCum ba\u0219i \u021bire\u0219\u021b\u00e2 flori!<\/p>\n<p>\u0218ti\u021b? Easti prota carti.<br \/>\n\u021ai vruta-lli, di diparti,<br \/>\nAlli pitricu, cu semnu bun,<br \/>\nTi bana-a lor deadun.<\/p>\n<p>Deapoa \u00e2n sin u-ascundi,<br \/>\nDi un iamandu-i grundi;<br \/>\n\u0218i pari-n \u021ber purtat<br \/>\nDi grailu-lli disc\u00e2ntat.<\/p>\n<p>Mu\u0219eat\u00e2 tinirea\u021b\u00e2,<br \/>\nNai marea hii ghinea\u021b\u00e2!<br \/>\nTu\u021b, tu\u021b la dorlu-a t\u0103u<br \/>\nS\u00e2-ncllin\u00e2,-i Dumnidz\u0103u!<\/p>\n<p><strong>Epitaflu-al Andrei Bagav<\/strong><\/p>\n<p>Sum ploacea-aest\u00e2 di marmur\u00e2-ara\u021bi<br \/>\nVoi, Arm\u00e2\u00f1i, \u0219ti\u021b cari dza\u021bi?<br \/>\nAndrei Bagav cu inima-a lui mari&#8230;<br \/>\nAh, n\u00e2-al\u00e2sa\u0219i \u00e2n dipirari!<\/p>\n<p>Tini earai singur a tinirilor cap,<br \/>\nTa s-ascap\u00e2 dit lailu trap.<br \/>\nNa\u021bia, ti-Arm\u00e2\u00f1illi scumpa yi\u0219teari,<br \/>\nDi Du\u0219ma\u00f1i ligat\u00e2-n heari.<\/p>\n<p>C\u00e2t tri tini suntu elli \u00e2nvirina\u021b!<br \/>\nNu ma suntu \u00e2ncuraja\u021b,<br \/>\nMa\u0219 singura-\u021b mostr\u00e2 \u00e2lli lu\u00f1ineadz\u00e2<br \/>\n\u0218-tut iara lli-mb\u00e2rb\u00e2teadz\u00e2.<\/p>\n<p>Lai moarti, fu\u0219i multu f\u00e2r di \u00f1il\u00e2<br \/>\nArichindalui cu sil\u00e2<br \/>\nGionili Bagav, cu-a lui cundilli mu\u0219eat.<br \/>\nIu s-afl\u0103m ahtari b\u00e2rbat!<br \/>\nGopi\u0219i, 16\/12\/1888.<\/p>\n<p><strong>Nu \u021b\u00e2 spun<\/strong><\/p>\n<p>Nu \u021b\u00e2 spun, nu \u021b\u00e2 spun<br \/>\nC\u0103 io tut uhtedz,<br \/>\nC\u0103 f\u00e2rmac tut adun<br \/>\nP\u00e2n\u00e2 va s-b\u00e2nedz!<\/p>\n<p>Nu \u021b\u00e2 spun, nu \u021b\u00e2 spun<br \/>\nC\u0103 nu voi s-b\u00e2nedz,<br \/>\nC\u0103-n padi nu mi apun,<br \/>\nC\u0103 tut ti-nyisedz!<\/p>\n<p>Nu \u021b\u00e2 spun, nu \u021b\u00e2 spun<br \/>\nC\u0103 noaptea alag,<br \/>\nPi u\u0219ea-a ta asun<br \/>\n\u0218-cum dormu pi prag!<\/p>\n<p>Nu \u021b\u00e3 spun, nu \u021b\u00e3 spun<br \/>\n\u0218tiu c\u0103 va s-pl\u00e2ndz\u00e2<br \/>\n\u0218-ti tini ca nibun.<br \/>\nVa s-caftu s\u00e2ndz\u00e2!<\/p>\n<p>Nu, nu, io nu \u021b\u00e2 spun<br \/>\nS-hii h\u00e2rioas\u00e2;<br \/>\nIo ti-alas, mi dipun<br \/>\n\u2019N groapa-avroas\u00e2!<br \/>\n26\/12\/1888.<\/p>\n<p>Dup\u00e2 \u201cPicurarlu di la Pind\u201d di Dina Cuvata, Scopia, 2001.<\/p>\n","protected":false},"excerpt":{"rendered":"<p>RadioRomaniaInternational \u00b7 Scriitori-Constantin Cosmu Poet, profesor \u0219i publi\u021bistu-arm\u00e2nu. Amintat tu-anlu 1866 tu hoara Gopi\u0219i, ning\u00e2 Bituli, \u0219i-a\u0219i cum afl\u00e2m pi-un\u00e2 carti \u021bi s-afl\u00e2 la Biblioteca \u021bi u-ari dl Vasili Barba, Freiburg, muri tu-anlu 1914. Easti-ngrupat tu groapa \u021bi s-afl\u00e2 Bituli. Sculii ari-nvi\u021bat\u00e2 Gopi\u0219i, Bituli \u0219i Bucure\u0219ti. Lucr\u0103 ca profesor la Li\u021beulu di Bituli, ma fu [&hellip;]<\/p>\n","protected":false},"author":187,"featured_media":0,"comment_status":"closed","ping_status":"closed","sticky":false,"template":"","format":"standard","meta":{"_acf_changed":false,"footnotes":""},"categories":[48551],"tags":[165873],"coauthors":[116465],"class_list":["post-944020","post","type-post","status-publish","format-standard","hentry","category-scriitori-armani","tag-constantin-cosmu"],"acf":[],"yoast_head":"<!-- This site is optimized with the Yoast SEO plugin v27.3 - https:\/\/yoast.com\/product\/yoast-seo-wordpress\/ -->\n<title>Constantin Cosmu - Radio Rom\u00e2nia Interna\u021bional<\/title>\n<meta name=\"robots\" content=\"index, follow, max-snippet:-1, max-image-preview:large, max-video-preview:-1\" \/>\n<link rel=\"canonical\" href=\"https:\/\/www.rri.ro\/ro_ar\/cultura-si-adet-armanesti\/scriitori-armani\/constantin-cosmu-id944020.html\" \/>\n<meta property=\"og:locale\" content=\"ro_RO\" \/>\n<meta property=\"og:type\" content=\"article\" \/>\n<meta property=\"og:title\" content=\"Constantin Cosmu - Radio Rom\u00e2nia Interna\u021bional\" \/>\n<meta property=\"og:description\" content=\"RadioRomaniaInternational \u00b7 Scriitori-Constantin Cosmu Poet, profesor \u0219i publi\u021bistu-arm\u00e2nu. Amintat tu-anlu 1866 tu hoara Gopi\u0219i, ning\u00e2 Bituli, \u0219i-a\u0219i cum afl\u00e2m pi-un\u00e2 carti \u021bi s-afl\u00e2 la Biblioteca \u021bi u-ari dl Vasili Barba, Freiburg, muri tu-anlu 1914. Easti-ngrupat tu groapa \u021bi s-afl\u00e2 Bituli. Sculii ari-nvi\u021bat\u00e2 Gopi\u0219i, Bituli \u0219i Bucure\u0219ti. Lucr\u0103 ca profesor la Li\u021beulu di Bituli, ma fu [&hellip;]\" \/>\n<meta property=\"og:url\" content=\"https:\/\/www.rri.ro\/ro_ar\/cultura-si-adet-armanesti\/scriitori-armani\/constantin-cosmu-id944020.html\" \/>\n<meta property=\"og:site_name\" content=\"Radio Rom\u00e2nia Interna\u021bional\" \/>\n<meta property=\"article:published_time\" content=\"2025-10-26T12:41:50+00:00\" \/>\n<meta property=\"article:modified_time\" content=\"2025-10-26T12:51:10+00:00\" \/>\n<meta name=\"author\" content=\"Ta\u0219cu Lala\" \/>\n<meta name=\"twitter:card\" content=\"summary_large_image\" \/>\n<meta name=\"twitter:label1\" content=\"Written by\" \/>\n\t<meta name=\"twitter:data1\" content=\"Ta\u0219cu Lala\" \/>\n\t<meta name=\"twitter:label2\" content=\"Est. reading time\" \/>\n\t<meta name=\"twitter:data2\" content=\"4 minutes\" \/>\n<script type=\"application\/ld+json\" class=\"yoast-schema-graph\">{\"@context\":\"https:\\\/\\\/schema.org\",\"@graph\":[{\"@type\":\"Article\",\"@id\":\"https:\\\/\\\/www.rri.ro\\\/ro_ar\\\/cultura-si-adet-armanesti\\\/scriitori-armani\\\/constantin-cosmu-id944020.html#article\",\"isPartOf\":{\"@id\":\"https:\\\/\\\/www.rri.ro\\\/ro_ar\\\/cultura-si-adet-armanesti\\\/scriitori-armani\\\/constantin-cosmu-id944020.html\"},\"author\":{\"name\":\"Ta\u0219cu Lala\",\"@id\":\"https:\\\/\\\/www.rri.ro\\\/#\\\/schema\\\/person\\\/0fa1f8943b999abcb99a1b3ef35db4c0\"},\"headline\":\"Constantin Cosmu\",\"datePublished\":\"2025-10-26T12:41:50+00:00\",\"dateModified\":\"2025-10-26T12:51:10+00:00\",\"mainEntityOfPage\":{\"@id\":\"https:\\\/\\\/www.rri.ro\\\/ro_ar\\\/cultura-si-adet-armanesti\\\/scriitori-armani\\\/constantin-cosmu-id944020.html\"},\"wordCount\":714,\"keywords\":[\"Constantin Cosmu\"],\"articleSection\":[\"Scriitori arm\u00e2n'i\"],\"inLanguage\":\"ro-AR\"},{\"@type\":\"WebPage\",\"@id\":\"https:\\\/\\\/www.rri.ro\\\/ro_ar\\\/cultura-si-adet-armanesti\\\/scriitori-armani\\\/constantin-cosmu-id944020.html\",\"url\":\"https:\\\/\\\/www.rri.ro\\\/ro_ar\\\/cultura-si-adet-armanesti\\\/scriitori-armani\\\/constantin-cosmu-id944020.html\",\"name\":\"Constantin Cosmu - Radio Rom\u00e2nia Interna\u021bional\",\"isPartOf\":{\"@id\":\"https:\\\/\\\/www.rri.ro\\\/#website\"},\"datePublished\":\"2025-10-26T12:41:50+00:00\",\"dateModified\":\"2025-10-26T12:51:10+00:00\",\"author\":{\"@id\":\"https:\\\/\\\/www.rri.ro\\\/#\\\/schema\\\/person\\\/0fa1f8943b999abcb99a1b3ef35db4c0\"},\"breadcrumb\":{\"@id\":\"https:\\\/\\\/www.rri.ro\\\/ro_ar\\\/cultura-si-adet-armanesti\\\/scriitori-armani\\\/constantin-cosmu-id944020.html#breadcrumb\"},\"inLanguage\":\"ro-AR\",\"potentialAction\":[{\"@type\":\"ReadAction\",\"target\":[\"https:\\\/\\\/www.rri.ro\\\/ro_ar\\\/cultura-si-adet-armanesti\\\/scriitori-armani\\\/constantin-cosmu-id944020.html\"]}]},{\"@type\":\"BreadcrumbList\",\"@id\":\"https:\\\/\\\/www.rri.ro\\\/ro_ar\\\/cultura-si-adet-armanesti\\\/scriitori-armani\\\/constantin-cosmu-id944020.html#breadcrumb\",\"itemListElement\":[{\"@type\":\"ListItem\",\"position\":1,\"name\":\"Prima pagin\u0103\",\"item\":\"https:\\\/\\\/www.rri.ro\\\/ro_ar\"},{\"@type\":\"ListItem\",\"position\":2,\"name\":\"Cultur\u0103 \u015fi ade\u0163 arm\u00e2ne\u015fti\",\"item\":\"https:\\\/\\\/www.rri.ro\\\/ro_ar\\\/cultura-si-adet-armanesti\"},{\"@type\":\"ListItem\",\"position\":3,\"name\":\"Scriitori arm\u00e2n'i\",\"item\":\"https:\\\/\\\/www.rri.ro\\\/ro_ar\\\/cultura-si-adet-armanesti\\\/scriitori-armani\"},{\"@type\":\"ListItem\",\"position\":4,\"name\":\"Constantin Cosmu\"}]},{\"@type\":\"WebSite\",\"@id\":\"https:\\\/\\\/www.rri.ro\\\/#website\",\"url\":\"https:\\\/\\\/www.rri.ro\\\/\",\"name\":\"Radio Rom\u00e2nia Interna\u021bional\",\"description\":\"Totul despre Rom\u00e2nia \u015fi rom\u00e2ni, \u00een 13 limbi\\\/dialecte!\",\"inLanguage\":\"ro-AR\"},{\"@type\":\"Person\",\"@id\":\"https:\\\/\\\/www.rri.ro\\\/#\\\/schema\\\/person\\\/0fa1f8943b999abcb99a1b3ef35db4c0\",\"name\":\"Ta\u0219cu Lala\",\"url\":\"https:\\\/\\\/www.rri.ro\\\/ro_ar\\\/author\\\/taacu-lala\"}]}<\/script>\n<!-- \/ Yoast SEO plugin. -->","yoast_head_json":{"title":"Constantin Cosmu - Radio Rom\u00e2nia Interna\u021bional","robots":{"index":"index","follow":"follow","max-snippet":"max-snippet:-1","max-image-preview":"max-image-preview:large","max-video-preview":"max-video-preview:-1"},"canonical":"https:\/\/www.rri.ro\/ro_ar\/cultura-si-adet-armanesti\/scriitori-armani\/constantin-cosmu-id944020.html","og_locale":"ro_RO","og_type":"article","og_title":"Constantin Cosmu - Radio Rom\u00e2nia Interna\u021bional","og_description":"RadioRomaniaInternational \u00b7 Scriitori-Constantin Cosmu Poet, profesor \u0219i publi\u021bistu-arm\u00e2nu. Amintat tu-anlu 1866 tu hoara Gopi\u0219i, ning\u00e2 Bituli, \u0219i-a\u0219i cum afl\u00e2m pi-un\u00e2 carti \u021bi s-afl\u00e2 la Biblioteca \u021bi u-ari dl Vasili Barba, Freiburg, muri tu-anlu 1914. Easti-ngrupat tu groapa \u021bi s-afl\u00e2 Bituli. Sculii ari-nvi\u021bat\u00e2 Gopi\u0219i, Bituli \u0219i Bucure\u0219ti. Lucr\u0103 ca profesor la Li\u021beulu di Bituli, ma fu [&hellip;]","og_url":"https:\/\/www.rri.ro\/ro_ar\/cultura-si-adet-armanesti\/scriitori-armani\/constantin-cosmu-id944020.html","og_site_name":"Radio Rom\u00e2nia Interna\u021bional","article_published_time":"2025-10-26T12:41:50+00:00","article_modified_time":"2025-10-26T12:51:10+00:00","author":"Ta\u0219cu Lala","twitter_card":"summary_large_image","twitter_misc":{"Written by":"Ta\u0219cu Lala","Est. reading time":"4 minutes"},"schema":{"@context":"https:\/\/schema.org","@graph":[{"@type":"Article","@id":"https:\/\/www.rri.ro\/ro_ar\/cultura-si-adet-armanesti\/scriitori-armani\/constantin-cosmu-id944020.html#article","isPartOf":{"@id":"https:\/\/www.rri.ro\/ro_ar\/cultura-si-adet-armanesti\/scriitori-armani\/constantin-cosmu-id944020.html"},"author":{"name":"Ta\u0219cu Lala","@id":"https:\/\/www.rri.ro\/#\/schema\/person\/0fa1f8943b999abcb99a1b3ef35db4c0"},"headline":"Constantin Cosmu","datePublished":"2025-10-26T12:41:50+00:00","dateModified":"2025-10-26T12:51:10+00:00","mainEntityOfPage":{"@id":"https:\/\/www.rri.ro\/ro_ar\/cultura-si-adet-armanesti\/scriitori-armani\/constantin-cosmu-id944020.html"},"wordCount":714,"keywords":["Constantin Cosmu"],"articleSection":["Scriitori arm\u00e2n'i"],"inLanguage":"ro-AR"},{"@type":"WebPage","@id":"https:\/\/www.rri.ro\/ro_ar\/cultura-si-adet-armanesti\/scriitori-armani\/constantin-cosmu-id944020.html","url":"https:\/\/www.rri.ro\/ro_ar\/cultura-si-adet-armanesti\/scriitori-armani\/constantin-cosmu-id944020.html","name":"Constantin Cosmu - Radio Rom\u00e2nia Interna\u021bional","isPartOf":{"@id":"https:\/\/www.rri.ro\/#website"},"datePublished":"2025-10-26T12:41:50+00:00","dateModified":"2025-10-26T12:51:10+00:00","author":{"@id":"https:\/\/www.rri.ro\/#\/schema\/person\/0fa1f8943b999abcb99a1b3ef35db4c0"},"breadcrumb":{"@id":"https:\/\/www.rri.ro\/ro_ar\/cultura-si-adet-armanesti\/scriitori-armani\/constantin-cosmu-id944020.html#breadcrumb"},"inLanguage":"ro-AR","potentialAction":[{"@type":"ReadAction","target":["https:\/\/www.rri.ro\/ro_ar\/cultura-si-adet-armanesti\/scriitori-armani\/constantin-cosmu-id944020.html"]}]},{"@type":"BreadcrumbList","@id":"https:\/\/www.rri.ro\/ro_ar\/cultura-si-adet-armanesti\/scriitori-armani\/constantin-cosmu-id944020.html#breadcrumb","itemListElement":[{"@type":"ListItem","position":1,"name":"Prima pagin\u0103","item":"https:\/\/www.rri.ro\/ro_ar"},{"@type":"ListItem","position":2,"name":"Cultur\u0103 \u015fi ade\u0163 arm\u00e2ne\u015fti","item":"https:\/\/www.rri.ro\/ro_ar\/cultura-si-adet-armanesti"},{"@type":"ListItem","position":3,"name":"Scriitori arm\u00e2n'i","item":"https:\/\/www.rri.ro\/ro_ar\/cultura-si-adet-armanesti\/scriitori-armani"},{"@type":"ListItem","position":4,"name":"Constantin Cosmu"}]},{"@type":"WebSite","@id":"https:\/\/www.rri.ro\/#website","url":"https:\/\/www.rri.ro\/","name":"Radio Rom\u00e2nia Interna\u021bional","description":"Totul despre Rom\u00e2nia \u015fi rom\u00e2ni, \u00een 13 limbi\/dialecte!","inLanguage":"ro-AR"},{"@type":"Person","@id":"https:\/\/www.rri.ro\/#\/schema\/person\/0fa1f8943b999abcb99a1b3ef35db4c0","name":"Ta\u0219cu Lala","url":"https:\/\/www.rri.ro\/ro_ar\/author\/taacu-lala"}]}},"_links":{"self":[{"href":"https:\/\/www.rri.ro\/ro_ar\/wp-json\/wp\/v2\/posts\/944020","targetHints":{"allow":["GET"]}}],"collection":[{"href":"https:\/\/www.rri.ro\/ro_ar\/wp-json\/wp\/v2\/posts"}],"about":[{"href":"https:\/\/www.rri.ro\/ro_ar\/wp-json\/wp\/v2\/types\/post"}],"author":[{"embeddable":true,"href":"https:\/\/www.rri.ro\/ro_ar\/wp-json\/wp\/v2\/users\/187"}],"replies":[{"embeddable":true,"href":"https:\/\/www.rri.ro\/ro_ar\/wp-json\/wp\/v2\/comments?post=944020"}],"version-history":[{"count":0,"href":"https:\/\/www.rri.ro\/ro_ar\/wp-json\/wp\/v2\/posts\/944020\/revisions"}],"wp:attachment":[{"href":"https:\/\/www.rri.ro\/ro_ar\/wp-json\/wp\/v2\/media?parent=944020"}],"wp:term":[{"taxonomy":"category","embeddable":true,"href":"https:\/\/www.rri.ro\/ro_ar\/wp-json\/wp\/v2\/categories?post=944020"},{"taxonomy":"post_tag","embeddable":true,"href":"https:\/\/www.rri.ro\/ro_ar\/wp-json\/wp\/v2\/tags?post=944020"},{"taxonomy":"author","embeddable":true,"href":"https:\/\/www.rri.ro\/ro_ar\/wp-json\/wp\/v2\/coauthors?post=944020"}],"curies":[{"name":"wp","href":"https:\/\/api.w.org\/{rel}","templated":true}]}}