{"id":960321,"date":"2025-12-09T02:01:25","date_gmt":"2025-12-09T00:01:25","guid":{"rendered":"https:\/\/www.rri.ro\/?p=960321"},"modified":"2025-12-09T02:03:17","modified_gmt":"2025-12-09T00:03:17","slug":"vruts-armanj-di-iutsido","status":"publish","type":"post","link":"https:\/\/www.rri.ro\/ro_ar\/actualitati\/habarli\/vruts-armanj-di-iutsido-id960321.html","title":{"rendered":"Vruts Arm\u00e3nj di Iutsido,"},"content":{"rendered":"<p>Vruts Arm\u00e3nj di Iutsido, <\/p>\n<p>FARA ARM\u00c3NEASC\u00c3 DITU ROM\u00c3NIA<\/p>\n<p>F\u00e3lcarea Tulcea &#8211; Pareia &#8220;DAIMA&#8221;<\/p>\n<p>V\u00e3 c\u00e3liseashti NJERCURI 10 di ANDREU 2025 ahurhindalui cu oara 12.00 tu hoara NICOLAE BALCESCU, Giudetslu TULCEA &#8211; Bariera Padurillei Ciucurova ti GIMBUSHEA cu ADETI tu VIMTU ah\u00e3rdzit\u00e3 ti s\u00e3rb\u00e3torli di iarna cu aest\u00e3 arad\u00e3:<\/p>\n<p>&#8211; Bairu di colindi arm\u00e3neshts\u00e3 cu FID\u00c3NJILI a Pareillei &#8220;DAIMA&#8221; giudetslu Tulcea oara 12.00 &#8211; 15.00<br \/>\n&#8211; M\u00c3C\u00c3RI ditu cuzina ARM\u00c3NEASC\u00c3 adrati cu VREARI di m\u00e3yirgioanjili arm\u00e3ni sh-YINU HERTU ti tuts atselli tsi va s&#8217;llia parti la andamasi.<br \/>\n&#8211; Yinits s&#8217;v\u00e3 h\u00e3rsits tu&#8217;n\u00e3 GIMBUSHI cu c\u00e3nti\u021bli sh-giocurli arm\u00e3neshts\u00e3 pi iholu a Pareiillei &#8220;PINDU&#8221; sh-cu c\u00e3nt\u00e3torlli al\u00e3ntoru Parei Arm\u00e3neshts\u00e3 tu aest\u00e3 dzuu\u00e3 mplin\u00e3 cu mushutets sh-treac\u0103 bun\u00e3 cu ADETSLI ARMANESHTS\u00c3.<\/p>\n<p>Yinits s&#8217;n\u00e3 h\u00e3rsimu DEADUNU tu M\u00c3YIA-a S\u00c3RB\u00c3TORLORU di IARNA!<\/p>\n<p>H\u00e3bari pitricut\u00e3 di Nicukiri sh-dim\u00e3ndat\u00e3 nyie ti Shulinarlu mass-media pi aest\u00e3 arad\u00e3:<br \/>\nRadio Rom\u00e2nia Internatsionalu &#8211; Sectsia Arm\u00e3neasc\u00e3<br \/>\nRadio Rom\u00e2nia Actualit\u00e3ts<br \/>\nRadio Rom\u00e2nia Culturalu<br \/>\nRadio Antena Hoariloru<br \/>\nRadio Custantsa &#8211; Emisia &#8220;P\u00e3rinteasca Dim\u00e3ndari&#8221;<\/p>\n<p>Reporteru Tashcu Lala<\/p>\n","protected":false},"excerpt":{"rendered":"<p>Vruts Arm\u00e3nj di Iutsido, FARA ARM\u00c3NEASC\u00c3 DITU ROM\u00c3NIA F\u00e3lcarea Tulcea &#8211; Pareia &#8220;DAIMA&#8221; V\u00e3 c\u00e3liseashti NJERCURI 10 di ANDREU 2025 ahurhindalui cu oara 12.00 tu hoara NICOLAE BALCESCU, Giudetslu TULCEA &#8211; Bariera Padurillei Ciucurova ti GIMBUSHEA cu ADETI tu VIMTU ah\u00e3rdzit\u00e3 ti s\u00e3rb\u00e3torli di iarna cu aest\u00e3 arad\u00e3: &#8211; Bairu di colindi arm\u00e3neshts\u00e3 cu FID\u00c3NJILI [&hellip;]<\/p>\n","protected":false},"author":187,"featured_media":0,"comment_status":"closed","ping_status":"closed","sticky":false,"template":"","format":"standard","meta":{"_acf_changed":false,"footnotes":""},"categories":[46387],"tags":[],"coauthors":[116465],"class_list":["post-960321","post","type-post","status-publish","format-standard","hentry","category-habarli"],"acf":[],"yoast_head":"<!-- This site is optimized with the Yoast SEO plugin v27.3 - https:\/\/yoast.com\/product\/yoast-seo-wordpress\/ -->\n<title>Vruts Arm\u00e3nj di Iutsido, - Radio Rom\u00e2nia Interna\u021bional<\/title>\n<meta name=\"robots\" content=\"index, follow, max-snippet:-1, max-image-preview:large, max-video-preview:-1\" \/>\n<link rel=\"canonical\" href=\"https:\/\/www.rri.ro\/ro_ar\/actualitati\/habarli\/vruts-armanj-di-iutsido-id960321.html\" \/>\n<meta property=\"og:locale\" content=\"ro_RO\" \/>\n<meta property=\"og:type\" content=\"article\" \/>\n<meta property=\"og:title\" content=\"Vruts Arm\u00e3nj di Iutsido, - Radio Rom\u00e2nia Interna\u021bional\" \/>\n<meta property=\"og:description\" content=\"Vruts Arm\u00e3nj di Iutsido, FARA ARM\u00c3NEASC\u00c3 DITU ROM\u00c3NIA F\u00e3lcarea Tulcea &#8211; Pareia &#8220;DAIMA&#8221; V\u00e3 c\u00e3liseashti NJERCURI 10 di ANDREU 2025 ahurhindalui cu oara 12.00 tu hoara NICOLAE BALCESCU, Giudetslu TULCEA &#8211; Bariera Padurillei Ciucurova ti GIMBUSHEA cu ADETI tu VIMTU ah\u00e3rdzit\u00e3 ti s\u00e3rb\u00e3torli di iarna cu aest\u00e3 arad\u00e3: &#8211; Bairu di colindi arm\u00e3neshts\u00e3 cu FID\u00c3NJILI [&hellip;]\" \/>\n<meta property=\"og:url\" content=\"https:\/\/www.rri.ro\/ro_ar\/actualitati\/habarli\/vruts-armanj-di-iutsido-id960321.html\" \/>\n<meta property=\"og:site_name\" content=\"Radio Rom\u00e2nia Interna\u021bional\" \/>\n<meta property=\"article:published_time\" content=\"2025-12-09T00:01:25+00:00\" \/>\n<meta property=\"article:modified_time\" content=\"2025-12-09T00:03:17+00:00\" \/>\n<meta name=\"author\" content=\"Ta\u0219cu Lala\" \/>\n<meta name=\"twitter:card\" content=\"summary_large_image\" \/>\n<meta name=\"twitter:label1\" content=\"Written by\" \/>\n\t<meta name=\"twitter:data1\" content=\"Ta\u0219cu Lala\" \/>\n\t<meta name=\"twitter:label2\" content=\"Est. reading time\" \/>\n\t<meta name=\"twitter:data2\" content=\"1 minute\" \/>\n<script type=\"application\/ld+json\" class=\"yoast-schema-graph\">{\"@context\":\"https:\\\/\\\/schema.org\",\"@graph\":[{\"@type\":\"Article\",\"@id\":\"https:\\\/\\\/www.rri.ro\\\/ro_ar\\\/actualitati\\\/habarli\\\/vruts-armanj-di-iutsido-id960321.html#article\",\"isPartOf\":{\"@id\":\"https:\\\/\\\/www.rri.ro\\\/ro_ar\\\/actualitati\\\/habarli\\\/vruts-armanj-di-iutsido-id960321.html\"},\"author\":{\"name\":\"Ta\u0219cu Lala\",\"@id\":\"https:\\\/\\\/www.rri.ro\\\/#\\\/schema\\\/person\\\/0fa1f8943b999abcb99a1b3ef35db4c0\"},\"headline\":\"Vruts Arm\u00e3nj di Iutsido,\",\"datePublished\":\"2025-12-09T00:01:25+00:00\",\"dateModified\":\"2025-12-09T00:03:17+00:00\",\"mainEntityOfPage\":{\"@id\":\"https:\\\/\\\/www.rri.ro\\\/ro_ar\\\/actualitati\\\/habarli\\\/vruts-armanj-di-iutsido-id960321.html\"},\"wordCount\":202,\"articleSection\":[\"H\u0103b\u0103rli\"],\"inLanguage\":\"ro-AR\"},{\"@type\":\"WebPage\",\"@id\":\"https:\\\/\\\/www.rri.ro\\\/ro_ar\\\/actualitati\\\/habarli\\\/vruts-armanj-di-iutsido-id960321.html\",\"url\":\"https:\\\/\\\/www.rri.ro\\\/ro_ar\\\/actualitati\\\/habarli\\\/vruts-armanj-di-iutsido-id960321.html\",\"name\":\"Vruts Arm\u00e3nj di Iutsido, - Radio Rom\u00e2nia Interna\u021bional\",\"isPartOf\":{\"@id\":\"https:\\\/\\\/www.rri.ro\\\/#website\"},\"datePublished\":\"2025-12-09T00:01:25+00:00\",\"dateModified\":\"2025-12-09T00:03:17+00:00\",\"author\":{\"@id\":\"https:\\\/\\\/www.rri.ro\\\/#\\\/schema\\\/person\\\/0fa1f8943b999abcb99a1b3ef35db4c0\"},\"breadcrumb\":{\"@id\":\"https:\\\/\\\/www.rri.ro\\\/ro_ar\\\/actualitati\\\/habarli\\\/vruts-armanj-di-iutsido-id960321.html#breadcrumb\"},\"inLanguage\":\"ro-AR\",\"potentialAction\":[{\"@type\":\"ReadAction\",\"target\":[\"https:\\\/\\\/www.rri.ro\\\/ro_ar\\\/actualitati\\\/habarli\\\/vruts-armanj-di-iutsido-id960321.html\"]}]},{\"@type\":\"BreadcrumbList\",\"@id\":\"https:\\\/\\\/www.rri.ro\\\/ro_ar\\\/actualitati\\\/habarli\\\/vruts-armanj-di-iutsido-id960321.html#breadcrumb\",\"itemListElement\":[{\"@type\":\"ListItem\",\"position\":1,\"name\":\"Prima pagin\u0103\",\"item\":\"https:\\\/\\\/www.rri.ro\\\/ro_ar\"},{\"@type\":\"ListItem\",\"position\":2,\"name\":\"Actualitati\",\"item\":\"https:\\\/\\\/www.rri.ro\\\/actualitati\"},{\"@type\":\"ListItem\",\"position\":3,\"name\":\"H\u0103b\u0103rli\",\"item\":\"https:\\\/\\\/www.rri.ro\\\/actualitati\\\/habarli\"},{\"@type\":\"ListItem\",\"position\":4,\"name\":\"Vruts Arm\u00e3nj di Iutsido,\"}]},{\"@type\":\"WebSite\",\"@id\":\"https:\\\/\\\/www.rri.ro\\\/#website\",\"url\":\"https:\\\/\\\/www.rri.ro\\\/\",\"name\":\"Radio Rom\u00e2nia Interna\u021bional\",\"description\":\"Totul despre Rom\u00e2nia \u015fi rom\u00e2ni, \u00een 13 limbi\\\/dialecte!\",\"inLanguage\":\"ro-AR\"},{\"@type\":\"Person\",\"@id\":\"https:\\\/\\\/www.rri.ro\\\/#\\\/schema\\\/person\\\/0fa1f8943b999abcb99a1b3ef35db4c0\",\"name\":\"Ta\u0219cu Lala\",\"url\":\"https:\\\/\\\/www.rri.ro\\\/ro_ar\\\/author\\\/taacu-lala\"}]}<\/script>\n<!-- \/ Yoast SEO plugin. -->","yoast_head_json":{"title":"Vruts Arm\u00e3nj di Iutsido, - Radio Rom\u00e2nia Interna\u021bional","robots":{"index":"index","follow":"follow","max-snippet":"max-snippet:-1","max-image-preview":"max-image-preview:large","max-video-preview":"max-video-preview:-1"},"canonical":"https:\/\/www.rri.ro\/ro_ar\/actualitati\/habarli\/vruts-armanj-di-iutsido-id960321.html","og_locale":"ro_RO","og_type":"article","og_title":"Vruts Arm\u00e3nj di Iutsido, - Radio Rom\u00e2nia Interna\u021bional","og_description":"Vruts Arm\u00e3nj di Iutsido, FARA ARM\u00c3NEASC\u00c3 DITU ROM\u00c3NIA F\u00e3lcarea Tulcea &#8211; Pareia &#8220;DAIMA&#8221; V\u00e3 c\u00e3liseashti NJERCURI 10 di ANDREU 2025 ahurhindalui cu oara 12.00 tu hoara NICOLAE BALCESCU, Giudetslu TULCEA &#8211; Bariera Padurillei Ciucurova ti GIMBUSHEA cu ADETI tu VIMTU ah\u00e3rdzit\u00e3 ti s\u00e3rb\u00e3torli di iarna cu aest\u00e3 arad\u00e3: &#8211; Bairu di colindi arm\u00e3neshts\u00e3 cu FID\u00c3NJILI [&hellip;]","og_url":"https:\/\/www.rri.ro\/ro_ar\/actualitati\/habarli\/vruts-armanj-di-iutsido-id960321.html","og_site_name":"Radio Rom\u00e2nia Interna\u021bional","article_published_time":"2025-12-09T00:01:25+00:00","article_modified_time":"2025-12-09T00:03:17+00:00","author":"Ta\u0219cu Lala","twitter_card":"summary_large_image","twitter_misc":{"Written by":"Ta\u0219cu Lala","Est. reading time":"1 minute"},"schema":{"@context":"https:\/\/schema.org","@graph":[{"@type":"Article","@id":"https:\/\/www.rri.ro\/ro_ar\/actualitati\/habarli\/vruts-armanj-di-iutsido-id960321.html#article","isPartOf":{"@id":"https:\/\/www.rri.ro\/ro_ar\/actualitati\/habarli\/vruts-armanj-di-iutsido-id960321.html"},"author":{"name":"Ta\u0219cu Lala","@id":"https:\/\/www.rri.ro\/#\/schema\/person\/0fa1f8943b999abcb99a1b3ef35db4c0"},"headline":"Vruts Arm\u00e3nj di Iutsido,","datePublished":"2025-12-09T00:01:25+00:00","dateModified":"2025-12-09T00:03:17+00:00","mainEntityOfPage":{"@id":"https:\/\/www.rri.ro\/ro_ar\/actualitati\/habarli\/vruts-armanj-di-iutsido-id960321.html"},"wordCount":202,"articleSection":["H\u0103b\u0103rli"],"inLanguage":"ro-AR"},{"@type":"WebPage","@id":"https:\/\/www.rri.ro\/ro_ar\/actualitati\/habarli\/vruts-armanj-di-iutsido-id960321.html","url":"https:\/\/www.rri.ro\/ro_ar\/actualitati\/habarli\/vruts-armanj-di-iutsido-id960321.html","name":"Vruts Arm\u00e3nj di Iutsido, - Radio Rom\u00e2nia Interna\u021bional","isPartOf":{"@id":"https:\/\/www.rri.ro\/#website"},"datePublished":"2025-12-09T00:01:25+00:00","dateModified":"2025-12-09T00:03:17+00:00","author":{"@id":"https:\/\/www.rri.ro\/#\/schema\/person\/0fa1f8943b999abcb99a1b3ef35db4c0"},"breadcrumb":{"@id":"https:\/\/www.rri.ro\/ro_ar\/actualitati\/habarli\/vruts-armanj-di-iutsido-id960321.html#breadcrumb"},"inLanguage":"ro-AR","potentialAction":[{"@type":"ReadAction","target":["https:\/\/www.rri.ro\/ro_ar\/actualitati\/habarli\/vruts-armanj-di-iutsido-id960321.html"]}]},{"@type":"BreadcrumbList","@id":"https:\/\/www.rri.ro\/ro_ar\/actualitati\/habarli\/vruts-armanj-di-iutsido-id960321.html#breadcrumb","itemListElement":[{"@type":"ListItem","position":1,"name":"Prima pagin\u0103","item":"https:\/\/www.rri.ro\/ro_ar"},{"@type":"ListItem","position":2,"name":"Actualitati","item":"https:\/\/www.rri.ro\/actualitati"},{"@type":"ListItem","position":3,"name":"H\u0103b\u0103rli","item":"https:\/\/www.rri.ro\/actualitati\/habarli"},{"@type":"ListItem","position":4,"name":"Vruts Arm\u00e3nj di Iutsido,"}]},{"@type":"WebSite","@id":"https:\/\/www.rri.ro\/#website","url":"https:\/\/www.rri.ro\/","name":"Radio Rom\u00e2nia Interna\u021bional","description":"Totul despre Rom\u00e2nia \u015fi rom\u00e2ni, \u00een 13 limbi\/dialecte!","inLanguage":"ro-AR"},{"@type":"Person","@id":"https:\/\/www.rri.ro\/#\/schema\/person\/0fa1f8943b999abcb99a1b3ef35db4c0","name":"Ta\u0219cu Lala","url":"https:\/\/www.rri.ro\/ro_ar\/author\/taacu-lala"}]}},"_links":{"self":[{"href":"https:\/\/www.rri.ro\/ro_ar\/wp-json\/wp\/v2\/posts\/960321","targetHints":{"allow":["GET"]}}],"collection":[{"href":"https:\/\/www.rri.ro\/ro_ar\/wp-json\/wp\/v2\/posts"}],"about":[{"href":"https:\/\/www.rri.ro\/ro_ar\/wp-json\/wp\/v2\/types\/post"}],"author":[{"embeddable":true,"href":"https:\/\/www.rri.ro\/ro_ar\/wp-json\/wp\/v2\/users\/187"}],"replies":[{"embeddable":true,"href":"https:\/\/www.rri.ro\/ro_ar\/wp-json\/wp\/v2\/comments?post=960321"}],"version-history":[{"count":0,"href":"https:\/\/www.rri.ro\/ro_ar\/wp-json\/wp\/v2\/posts\/960321\/revisions"}],"wp:attachment":[{"href":"https:\/\/www.rri.ro\/ro_ar\/wp-json\/wp\/v2\/media?parent=960321"}],"wp:term":[{"taxonomy":"category","embeddable":true,"href":"https:\/\/www.rri.ro\/ro_ar\/wp-json\/wp\/v2\/categories?post=960321"},{"taxonomy":"post_tag","embeddable":true,"href":"https:\/\/www.rri.ro\/ro_ar\/wp-json\/wp\/v2\/tags?post=960321"},{"taxonomy":"author","embeddable":true,"href":"https:\/\/www.rri.ro\/ro_ar\/wp-json\/wp\/v2\/coauthors?post=960321"}],"curies":[{"name":"wp","href":"https:\/\/api.w.org\/{rel}","templated":true}]}}