{"id":1007660,"date":"2026-04-25T10:00:38","date_gmt":"2026-04-25T07:00:38","guid":{"rendered":"https:\/\/www.rri.ro\/?p=1007660"},"modified":"2026-04-19T18:54:36","modified_gmt":"2026-04-19T15:54:36","slug":"projekat-book-art-est-drugo-izdanje-25-04-2026","status":"publish","type":"post","link":"https:\/\/www.rri.ro\/sr\/rubrike\/klub-kulture\/projekat-book-art-est-drugo-izdanje-25-04-2026-id1007660.html","title":{"rendered":"Projekat \u201eBook.art.est\u201d, drugo izdanje  (25.04.2026)"},"content":{"rendered":"<p>\u201eBook.art.est #2 \u2013 drugo izdanje\u201d\u00a0je me\u0111unarodni projekat koji je pokrenula Celula de Art\u0103, a polazi od ideje da knjiga mo\u017ee prevazi\u0107i svoju klasi\u010dnu ulogu nosa\u010da teksta i postati umetni\u010dki objekat, vizuelni koncept ili kreativni eksperiment. Projekat poziva vizuelne umetnike, ilustratore, vajare, tipografe, pisce i pesnike da predlo\u017ee radove u kojima se knjiga reinterpretira na granici izme\u0111u vizuelnih umetnosti, knji\u017eevnosti i tipografskog dizajna.<br \/>\n\u201eOpen call\u201d (otvoreni poziv) trajao je do 3. aprila za umetnike iz Rumunije, Poljske i Ukrajine. Odabrani radovi bi\u0107e predstavljeni na multidisciplinarnoj izlo\u017ebi u Bukure\u0161tu, uz performativne i kolaborativne intervencije. O projektu \u201eBook.art.est\u201d, izdanju iz 2025. godine, razgovarali smo sa Ankom Spiridon, PR u kulturi:<br \/>\n\u201ePrvo izdanje \u2018Book.art.est\u2019, realizovano 2025. godine od strane nekonvencionalne galerije Celula de Art\u0103 iz Bukure\u0161ta, predstavilo je publici me\u0111unarodnu i multidisciplinarnu izlo\u017ebu posve\u0107enu knjizi kao umetni\u010dkom objektu. Nakon otvorenog poziva odabrano je 53 umetnika iz zemlje i inostranstva, koji su tokom tri nedelje izlagali u Kulturnom centru Mihaj Eminesku desetine radova koji su istra\u017eivali razli\u010dite vizije i tehnike kroz koje je knjiga postala vi\u0161e od nosioca teksta, transformi\u0161u\u0107i se\u00a0u skulpturalni objekat i neobi\u010dan medij za likovne umetnike. Doga\u0111aj je imao za cilj da bude ta\u010dka kontakta izme\u0111u ljubitelja knji\u017eevnosti i umetni\u010dkih entuzijasta.. Tako\u0111e je uklju\u010divao niz prate\u0107ih performativnih, kolaborativnih i edukativnih doga\u0111aja, od kreativnih radionica na granici poezije i vizuelne umetnosti, preko prezentacija o izdava\u010dkoj industriji u odnosu na umetnost, do pesni\u010dkih recitala.\u201d<br \/>\n\u0160ta vas je najvi\u0161e iznenadilo na prvom izdanju \u201eBook.art.est\u201d?<br \/>\n\u201ePored veoma brojnih pozitivnih reakcija mnobrojne publike, zbog koje smo sre\u0107ni da je imamo na izlo\u017ebi Book.art.est najvi\u0161e nas je iznenadila otvorenost umetnika, naro\u010dito vizuelnih umetnika, koji su se uklju\u010dili u projekat i \u017eeleli da eksperimenti\u0161u sa novim medijima i tehnikama, imaju\u0107i knjigu u fokusu. Transformisali su je u vrlo razli\u010dite i zanimljive umetni\u010dke objekte. \u010cini mi se da su mnogi prevazi\u0161li sopstvene granice prihvataju\u0107i i odgovaraju\u0107i na ovaj izazov.\u201d<br \/>\nAnka Spiridon je objasnila \u0161ta zna\u010di posmatrati knjigu kao umetni\u010dki objekat:<br \/>\n\u201eVerujem da posmatranje knjige kao umetni\u010dkog objekta u velikoj meri otvara perspektivu i umetnika koji se bave stvaranjem takvih objekata, ali i publike. U multidisciplinarnom univerzumu ne posmatramo umetni\u010dki \u010din ili objekat iz jednosmerne perspektive, ve\u0107 mu dajemo vi\u0161estruke valence, vi\u0161estruke klju\u0107eve iz kojih se mo\u017ee konzumirati i tuma\u0107iti. Knjiga kao umetni\u010dki objekat stavlja ta dela na mnogo vredniju mapu, posebno za one koji je stvaraju i one koji je poseduju, u kojoj knjiga vi\u0161e ne ostaje samo obi\u010dan nosilac teksta, vec\u0301 je umetni\u010dki objekat kome se vrac\u0301amo, koji stalno ponovo posec\u0301ujemo i koji nas obogac\u0301uje svaki put kada ga otvorimo.\u201d<br \/>\nReferentna ta\u010dka za organizatore i dalje ostaje izdanje \u201eBook.art.est\u201d iz 2025. godine. Anka Spiridon govori i o slobodi reinterpretacije pojma knjige koju ovaj projekat predla\u017ee:<br \/>\n\u201eNa izlo\u017ebi \u201eBook.art.est\u201c pro\u0161le godine videli smo veoma slobodne interpretacije pojma knjige, u kojima je koncept knjige kao nosioca informacija bio izvanredno sa\u017eet, ponekad transformisan u vizuelnu prezentaciju, u sugestiju \u0161ta bi knjiga mogla biti, u prezentaciju kako bi informacija mogla izgledati. Dijalog izme\u0111u odgovarajuc\u0301ih knjiga i gledaoca, postaje mnogo vi\u0161e preuzet od strane samog posmatra\u010da. On je odgovoran i izazvan da pove\u017ee jezik, sa znatno ve\u0107im kapacitetom i doprinosom u tuma\u010denju informacija.\u201d<br \/>\nProjekat \u201eBook.art.est\u201d ima za cilj da pro\u0161iri kulturni dijalog i ponudi platformu za eksperimentisanje i vidljivost novim generacija stvaralaca. Koja su o\u010dekivanja organizatora od ovogodi\u0161njeg izdanja?<br \/>\n\u201e\u017deleli smo da pro\u0161irimo ovogodi\u0161nji poziv na Ukrajinu. Me\u0111unarodni kolaborativni projekti su uvek imali komponentu otvaranja perspektiva. Zanimljivo je videti kako drugi umetnici iz drugih zemalja reaguju na predlo\u017eeni izazov reinterpretacije i preispitivanja knjiga, i veoma smo radoznali da vidimo kako c\u0301e izgledati prijave. Rok je 3. april. Ve\u0107 smo dobili dosta prijava, kao \u0161to je slu\u010daj sa otvorenim pozivima za umetnike, jedva \u010dekamo da vidimo \u0161ta donose poslednji dani registracije. Zavr\u0161na izlo\u017eba u Bukure\u0161tu, koju planiramo da odr\u017eimo u maju, predlo\u017eic\u0301e jo\u0161 jedan multidisciplinarni kontekst spajanja nekoliko umetnosti, omoguc\u0301avajuc\u0301i publici da otvori svoju perspektivu i istra\u017ei nekoliko oblika umetni\u010dkog izra\u017eavanja. \u017delemo da nakon ovog doga\u0111aja organizujemo niz pratec\u0301ih manifestacija, fokusirajuc\u0301i se i na vizuelne umetnosti i na knji\u017eevnost.\u201d<\/p>\n","protected":false},"excerpt":{"rendered":"<p>\u201eBook.art.est #2 \u2013 drugo izdanje\u201d\u00a0je me\u0111unarodni projekat koji je pokrenula Celula de Art\u0103, a polazi od ideje da knjiga mo\u017ee prevazi\u0107i svoju klasi\u010dnu ulogu nosa\u010da teksta i postati umetni\u010dki objekat, vizuelni koncept ili kreativni eksperiment. Projekat poziva vizuelne umetnike, ilustratore, vajare, tipografe, pisce i pesnike da predlo\u017ee radove u kojima se knjiga reinterpretira na granici [&hellip;]<\/p>\n","protected":false},"author":100,"featured_media":999217,"comment_status":"closed","ping_status":"closed","sticky":false,"template":"","format":"standard","meta":{"_acf_changed":false,"footnotes":""},"categories":[111687],"tags":[],"coauthors":[114932,115857],"class_list":["post-1007660","post","type-post","status-publish","format-standard","has-post-thumbnail","hentry","category-klub-kulture"],"acf":[],"yoast_head":"<!-- This site is optimized with the Yoast SEO plugin v27.3 - https:\/\/yoast.com\/product\/yoast-seo-wordpress\/ -->\n<title>Projekat \u201eBook.art.est\u201d, drugo izdanje (25.04.2026) - RADIO RUMUNIJA INTERNACIONAL<\/title>\n<meta name=\"robots\" content=\"index, follow, max-snippet:-1, max-image-preview:large, max-video-preview:-1\" \/>\n<link rel=\"canonical\" href=\"https:\/\/www.rri.ro\/sr\/rubrike\/klub-kulture\/projekat-book-art-est-drugo-izdanje-25-04-2026-id1007660.html\" \/>\n<meta property=\"og:locale\" content=\"sr_RS\" \/>\n<meta property=\"og:type\" content=\"article\" \/>\n<meta property=\"og:title\" content=\"Projekat \u201eBook.art.est\u201d, drugo izdanje (25.04.2026) - RADIO RUMUNIJA INTERNACIONAL\" \/>\n<meta property=\"og:description\" content=\"\u201eBook.art.est #2 \u2013 drugo izdanje\u201d\u00a0je me\u0111unarodni projekat koji je pokrenula Celula de Art\u0103, a polazi od ideje da knjiga mo\u017ee prevazi\u0107i svoju klasi\u010dnu ulogu nosa\u010da teksta i postati umetni\u010dki objekat, vizuelni koncept ili kreativni eksperiment. Projekat poziva vizuelne umetnike, ilustratore, vajare, tipografe, pisce i pesnike da predlo\u017ee radove u kojima se knjiga reinterpretira na granici [&hellip;]\" \/>\n<meta property=\"og:url\" content=\"https:\/\/www.rri.ro\/sr\/rubrike\/klub-kulture\/projekat-book-art-est-drugo-izdanje-25-04-2026-id1007660.html\" \/>\n<meta property=\"og:site_name\" content=\"RADIO RUMUNIJA INTERNACIONAL\" \/>\n<meta property=\"article:published_time\" content=\"2026-04-25T07:00:38+00:00\" \/>\n<meta property=\"og:image\" content=\"https:\/\/www.rri.ro\/wp-content\/uploads\/2026\/04\/book.art_.est_.2-scaled.jpg\" \/>\n\t<meta property=\"og:image:width\" content=\"2560\" \/>\n\t<meta property=\"og:image:height\" content=\"1525\" \/>\n\t<meta property=\"og:image:type\" content=\"image\/jpeg\" \/>\n<meta name=\"author\" content=\"Dragana Diamandi, Ion Puican\" \/>\n<meta name=\"twitter:card\" content=\"summary_large_image\" \/>\n<meta name=\"twitter:label1\" content=\"\u041d\u0430\u043f\u0438\u0441\u0430\u043d\u043e \u043e\u0434\" \/>\n\t<meta name=\"twitter:data1\" content=\"Dragana Diamandi\" \/>\n\t<meta name=\"twitter:label2\" content=\"\u041f\u0440\u043e\u0446\u0435\u045a\u0435\u043d\u043e \u0432\u0440\u0435\u043c\u0435 \u0447\u0438\u0442\u0430\u045a\u0430\" \/>\n\t<meta name=\"twitter:data2\" content=\"4 \u043c\u0438\u043d\u0443\u0442\u0430\" \/>\n\t<meta name=\"twitter:label3\" content=\"Written by\" \/>\n\t<meta name=\"twitter:data3\" content=\"Dragana Diamandi, Ion Puican\" \/>\n<script type=\"application\/ld+json\" class=\"yoast-schema-graph\">{\"@context\":\"https:\\\/\\\/schema.org\",\"@graph\":[{\"@type\":\"Article\",\"@id\":\"https:\\\/\\\/www.rri.ro\\\/sr\\\/rubrike\\\/klub-kulture\\\/projekat-book-art-est-drugo-izdanje-25-04-2026-id1007660.html#article\",\"isPartOf\":{\"@id\":\"https:\\\/\\\/www.rri.ro\\\/sr\\\/rubrike\\\/klub-kulture\\\/projekat-book-art-est-drugo-izdanje-25-04-2026-id1007660.html\"},\"author\":{\"name\":\"Dragana Diamandi\",\"@id\":\"https:\\\/\\\/www.rri.ro\\\/#\\\/schema\\\/person\\\/72349bda10edda903f72d4a98aefdf6a\"},\"headline\":\"Projekat \u201eBook.art.est\u201d, drugo izdanje (25.04.2026)\",\"datePublished\":\"2026-04-25T07:00:38+00:00\",\"mainEntityOfPage\":{\"@id\":\"https:\\\/\\\/www.rri.ro\\\/sr\\\/rubrike\\\/klub-kulture\\\/projekat-book-art-est-drugo-izdanje-25-04-2026-id1007660.html\"},\"wordCount\":779,\"image\":{\"@id\":\"https:\\\/\\\/www.rri.ro\\\/sr\\\/rubrike\\\/klub-kulture\\\/projekat-book-art-est-drugo-izdanje-25-04-2026-id1007660.html#primaryimage\"},\"thumbnailUrl\":\"https:\\\/\\\/www.rri.ro\\\/wp-content\\\/uploads\\\/2026\\\/04\\\/book.art_.est_.2-scaled.jpg\",\"articleSection\":[\"Klub kulture\"],\"inLanguage\":\"sr-RS\"},{\"@type\":\"WebPage\",\"@id\":\"https:\\\/\\\/www.rri.ro\\\/sr\\\/rubrike\\\/klub-kulture\\\/projekat-book-art-est-drugo-izdanje-25-04-2026-id1007660.html\",\"url\":\"https:\\\/\\\/www.rri.ro\\\/sr\\\/rubrike\\\/klub-kulture\\\/projekat-book-art-est-drugo-izdanje-25-04-2026-id1007660.html\",\"name\":\"Projekat \u201eBook.art.est\u201d, drugo izdanje (25.04.2026) - RADIO RUMUNIJA INTERNACIONAL\",\"isPartOf\":{\"@id\":\"https:\\\/\\\/www.rri.ro\\\/#website\"},\"primaryImageOfPage\":{\"@id\":\"https:\\\/\\\/www.rri.ro\\\/sr\\\/rubrike\\\/klub-kulture\\\/projekat-book-art-est-drugo-izdanje-25-04-2026-id1007660.html#primaryimage\"},\"image\":{\"@id\":\"https:\\\/\\\/www.rri.ro\\\/sr\\\/rubrike\\\/klub-kulture\\\/projekat-book-art-est-drugo-izdanje-25-04-2026-id1007660.html#primaryimage\"},\"thumbnailUrl\":\"https:\\\/\\\/www.rri.ro\\\/wp-content\\\/uploads\\\/2026\\\/04\\\/book.art_.est_.2-scaled.jpg\",\"datePublished\":\"2026-04-25T07:00:38+00:00\",\"author\":{\"@id\":\"https:\\\/\\\/www.rri.ro\\\/#\\\/schema\\\/person\\\/72349bda10edda903f72d4a98aefdf6a\"},\"breadcrumb\":{\"@id\":\"https:\\\/\\\/www.rri.ro\\\/sr\\\/rubrike\\\/klub-kulture\\\/projekat-book-art-est-drugo-izdanje-25-04-2026-id1007660.html#breadcrumb\"},\"inLanguage\":\"sr-RS\",\"potentialAction\":[{\"@type\":\"ReadAction\",\"target\":[\"https:\\\/\\\/www.rri.ro\\\/sr\\\/rubrike\\\/klub-kulture\\\/projekat-book-art-est-drugo-izdanje-25-04-2026-id1007660.html\"]}]},{\"@type\":\"ImageObject\",\"inLanguage\":\"sr-RS\",\"@id\":\"https:\\\/\\\/www.rri.ro\\\/sr\\\/rubrike\\\/klub-kulture\\\/projekat-book-art-est-drugo-izdanje-25-04-2026-id1007660.html#primaryimage\",\"url\":\"https:\\\/\\\/www.rri.ro\\\/wp-content\\\/uploads\\\/2026\\\/04\\\/book.art_.est_.2-scaled.jpg\",\"contentUrl\":\"https:\\\/\\\/www.rri.ro\\\/wp-content\\\/uploads\\\/2026\\\/04\\\/book.art_.est_.2-scaled.jpg\",\"width\":2560,\"height\":1525,\"caption\":\"\u00abBook.art.est #2\u00bb\"},{\"@type\":\"BreadcrumbList\",\"@id\":\"https:\\\/\\\/www.rri.ro\\\/sr\\\/rubrike\\\/klub-kulture\\\/projekat-book-art-est-drugo-izdanje-25-04-2026-id1007660.html#breadcrumb\",\"itemListElement\":[{\"@type\":\"ListItem\",\"position\":1,\"name\":\"\u041f\u043e\u0447\u0435\u0442\u043d\u0430 \u0441\u0442\u0440\u0430\u043d\u0438\u0446\u0430\",\"item\":\"https:\\\/\\\/www.rri.ro\\\/sr\"},{\"@type\":\"ListItem\",\"position\":2,\"name\":\"Rubrici\",\"item\":\"https:\\\/\\\/www.rri.ro\\\/rubrici\"},{\"@type\":\"ListItem\",\"position\":3,\"name\":\"Klub kulture\",\"item\":\"https:\\\/\\\/www.rri.ro\\\/sr\\\/rubrike\\\/klub-kulture\"},{\"@type\":\"ListItem\",\"position\":4,\"name\":\"Projekat \u201eBook.art.est\u201d, drugo izdanje (25.04.2026)\"}]},{\"@type\":\"WebSite\",\"@id\":\"https:\\\/\\\/www.rri.ro\\\/#website\",\"url\":\"https:\\\/\\\/www.rri.ro\\\/\",\"name\":\"RADIO RUMUNIJA INTERNACIONAL\",\"description\":\"Totul despre Rom\u00e2nia \u015fi rom\u00e2ni, \u00een 13 limbi\\\/dialecte!\",\"inLanguage\":\"sr-RS\"},{\"@type\":\"Person\",\"@id\":\"https:\\\/\\\/www.rri.ro\\\/#\\\/schema\\\/person\\\/72349bda10edda903f72d4a98aefdf6a\",\"name\":\"Dragana Diamandi\",\"url\":\"https:\\\/\\\/www.rri.ro\\\/sr\\\/author\\\/dragana-diamandi\"}]}<\/script>\n<!-- \/ Yoast SEO plugin. -->","yoast_head_json":{"title":"Projekat \u201eBook.art.est\u201d, drugo izdanje (25.04.2026) - RADIO RUMUNIJA INTERNACIONAL","robots":{"index":"index","follow":"follow","max-snippet":"max-snippet:-1","max-image-preview":"max-image-preview:large","max-video-preview":"max-video-preview:-1"},"canonical":"https:\/\/www.rri.ro\/sr\/rubrike\/klub-kulture\/projekat-book-art-est-drugo-izdanje-25-04-2026-id1007660.html","og_locale":"sr_RS","og_type":"article","og_title":"Projekat \u201eBook.art.est\u201d, drugo izdanje (25.04.2026) - RADIO RUMUNIJA INTERNACIONAL","og_description":"\u201eBook.art.est #2 \u2013 drugo izdanje\u201d\u00a0je me\u0111unarodni projekat koji je pokrenula Celula de Art\u0103, a polazi od ideje da knjiga mo\u017ee prevazi\u0107i svoju klasi\u010dnu ulogu nosa\u010da teksta i postati umetni\u010dki objekat, vizuelni koncept ili kreativni eksperiment. Projekat poziva vizuelne umetnike, ilustratore, vajare, tipografe, pisce i pesnike da predlo\u017ee radove u kojima se knjiga reinterpretira na granici [&hellip;]","og_url":"https:\/\/www.rri.ro\/sr\/rubrike\/klub-kulture\/projekat-book-art-est-drugo-izdanje-25-04-2026-id1007660.html","og_site_name":"RADIO RUMUNIJA INTERNACIONAL","article_published_time":"2026-04-25T07:00:38+00:00","og_image":[{"width":2560,"height":1525,"url":"https:\/\/www.rri.ro\/wp-content\/uploads\/2026\/04\/book.art_.est_.2-scaled.jpg","type":"image\/jpeg"}],"author":"Dragana Diamandi, Ion Puican","twitter_card":"summary_large_image","twitter_misc":{"\u041d\u0430\u043f\u0438\u0441\u0430\u043d\u043e \u043e\u0434":"Dragana Diamandi","\u041f\u0440\u043e\u0446\u0435\u045a\u0435\u043d\u043e \u0432\u0440\u0435\u043c\u0435 \u0447\u0438\u0442\u0430\u045a\u0430":"4 \u043c\u0438\u043d\u0443\u0442\u0430","Written by":"Dragana Diamandi, Ion Puican"},"schema":{"@context":"https:\/\/schema.org","@graph":[{"@type":"Article","@id":"https:\/\/www.rri.ro\/sr\/rubrike\/klub-kulture\/projekat-book-art-est-drugo-izdanje-25-04-2026-id1007660.html#article","isPartOf":{"@id":"https:\/\/www.rri.ro\/sr\/rubrike\/klub-kulture\/projekat-book-art-est-drugo-izdanje-25-04-2026-id1007660.html"},"author":{"name":"Dragana Diamandi","@id":"https:\/\/www.rri.ro\/#\/schema\/person\/72349bda10edda903f72d4a98aefdf6a"},"headline":"Projekat \u201eBook.art.est\u201d, drugo izdanje (25.04.2026)","datePublished":"2026-04-25T07:00:38+00:00","mainEntityOfPage":{"@id":"https:\/\/www.rri.ro\/sr\/rubrike\/klub-kulture\/projekat-book-art-est-drugo-izdanje-25-04-2026-id1007660.html"},"wordCount":779,"image":{"@id":"https:\/\/www.rri.ro\/sr\/rubrike\/klub-kulture\/projekat-book-art-est-drugo-izdanje-25-04-2026-id1007660.html#primaryimage"},"thumbnailUrl":"https:\/\/www.rri.ro\/wp-content\/uploads\/2026\/04\/book.art_.est_.2-scaled.jpg","articleSection":["Klub kulture"],"inLanguage":"sr-RS"},{"@type":"WebPage","@id":"https:\/\/www.rri.ro\/sr\/rubrike\/klub-kulture\/projekat-book-art-est-drugo-izdanje-25-04-2026-id1007660.html","url":"https:\/\/www.rri.ro\/sr\/rubrike\/klub-kulture\/projekat-book-art-est-drugo-izdanje-25-04-2026-id1007660.html","name":"Projekat \u201eBook.art.est\u201d, drugo izdanje (25.04.2026) - RADIO RUMUNIJA INTERNACIONAL","isPartOf":{"@id":"https:\/\/www.rri.ro\/#website"},"primaryImageOfPage":{"@id":"https:\/\/www.rri.ro\/sr\/rubrike\/klub-kulture\/projekat-book-art-est-drugo-izdanje-25-04-2026-id1007660.html#primaryimage"},"image":{"@id":"https:\/\/www.rri.ro\/sr\/rubrike\/klub-kulture\/projekat-book-art-est-drugo-izdanje-25-04-2026-id1007660.html#primaryimage"},"thumbnailUrl":"https:\/\/www.rri.ro\/wp-content\/uploads\/2026\/04\/book.art_.est_.2-scaled.jpg","datePublished":"2026-04-25T07:00:38+00:00","author":{"@id":"https:\/\/www.rri.ro\/#\/schema\/person\/72349bda10edda903f72d4a98aefdf6a"},"breadcrumb":{"@id":"https:\/\/www.rri.ro\/sr\/rubrike\/klub-kulture\/projekat-book-art-est-drugo-izdanje-25-04-2026-id1007660.html#breadcrumb"},"inLanguage":"sr-RS","potentialAction":[{"@type":"ReadAction","target":["https:\/\/www.rri.ro\/sr\/rubrike\/klub-kulture\/projekat-book-art-est-drugo-izdanje-25-04-2026-id1007660.html"]}]},{"@type":"ImageObject","inLanguage":"sr-RS","@id":"https:\/\/www.rri.ro\/sr\/rubrike\/klub-kulture\/projekat-book-art-est-drugo-izdanje-25-04-2026-id1007660.html#primaryimage","url":"https:\/\/www.rri.ro\/wp-content\/uploads\/2026\/04\/book.art_.est_.2-scaled.jpg","contentUrl":"https:\/\/www.rri.ro\/wp-content\/uploads\/2026\/04\/book.art_.est_.2-scaled.jpg","width":2560,"height":1525,"caption":"\u00abBook.art.est #2\u00bb"},{"@type":"BreadcrumbList","@id":"https:\/\/www.rri.ro\/sr\/rubrike\/klub-kulture\/projekat-book-art-est-drugo-izdanje-25-04-2026-id1007660.html#breadcrumb","itemListElement":[{"@type":"ListItem","position":1,"name":"\u041f\u043e\u0447\u0435\u0442\u043d\u0430 \u0441\u0442\u0440\u0430\u043d\u0438\u0446\u0430","item":"https:\/\/www.rri.ro\/sr"},{"@type":"ListItem","position":2,"name":"Rubrici","item":"https:\/\/www.rri.ro\/rubrici"},{"@type":"ListItem","position":3,"name":"Klub kulture","item":"https:\/\/www.rri.ro\/sr\/rubrike\/klub-kulture"},{"@type":"ListItem","position":4,"name":"Projekat \u201eBook.art.est\u201d, drugo izdanje (25.04.2026)"}]},{"@type":"WebSite","@id":"https:\/\/www.rri.ro\/#website","url":"https:\/\/www.rri.ro\/","name":"RADIO RUMUNIJA INTERNACIONAL","description":"Totul despre Rom\u00e2nia \u015fi rom\u00e2ni, \u00een 13 limbi\/dialecte!","inLanguage":"sr-RS"},{"@type":"Person","@id":"https:\/\/www.rri.ro\/#\/schema\/person\/72349bda10edda903f72d4a98aefdf6a","name":"Dragana Diamandi","url":"https:\/\/www.rri.ro\/sr\/author\/dragana-diamandi"}]}},"_links":{"self":[{"href":"https:\/\/www.rri.ro\/sr\/wp-json\/wp\/v2\/posts\/1007660","targetHints":{"allow":["GET"]}}],"collection":[{"href":"https:\/\/www.rri.ro\/sr\/wp-json\/wp\/v2\/posts"}],"about":[{"href":"https:\/\/www.rri.ro\/sr\/wp-json\/wp\/v2\/types\/post"}],"author":[{"embeddable":true,"href":"https:\/\/www.rri.ro\/sr\/wp-json\/wp\/v2\/users\/100"}],"replies":[{"embeddable":true,"href":"https:\/\/www.rri.ro\/sr\/wp-json\/wp\/v2\/comments?post=1007660"}],"version-history":[{"count":1,"href":"https:\/\/www.rri.ro\/sr\/wp-json\/wp\/v2\/posts\/1007660\/revisions"}],"predecessor-version":[{"id":1010248,"href":"https:\/\/www.rri.ro\/sr\/wp-json\/wp\/v2\/posts\/1007660\/revisions\/1010248"}],"wp:featuredmedia":[{"embeddable":true,"href":"https:\/\/www.rri.ro\/sr\/wp-json\/wp\/v2\/media\/999217"}],"wp:attachment":[{"href":"https:\/\/www.rri.ro\/sr\/wp-json\/wp\/v2\/media?parent=1007660"}],"wp:term":[{"taxonomy":"category","embeddable":true,"href":"https:\/\/www.rri.ro\/sr\/wp-json\/wp\/v2\/categories?post=1007660"},{"taxonomy":"post_tag","embeddable":true,"href":"https:\/\/www.rri.ro\/sr\/wp-json\/wp\/v2\/tags?post=1007660"},{"taxonomy":"author","embeddable":true,"href":"https:\/\/www.rri.ro\/sr\/wp-json\/wp\/v2\/coauthors?post=1007660"}],"curies":[{"name":"wp","href":"https:\/\/api.w.org\/{rel}","templated":true}]}}