{"id":1010315,"date":"2026-04-27T14:09:22","date_gmt":"2026-04-27T11:09:22","guid":{"rendered":"https:\/\/www.rri.ro\/?p=1010315"},"modified":"2026-04-25T20:10:47","modified_gmt":"2026-04-25T17:10:47","slug":"farmaceutski-proizvodi-u-fanariotskoj-vlaskoj","status":"publish","type":"post","link":"https:\/\/www.rri.ro\/sr\/rubrike\/stranice-istorije\/farmaceutski-proizvodi-u-fanariotskoj-vlaskoj-id1010315.html","title":{"rendered":"Farmaceutski proizvodi u fanariotskoj Vla\u0161koj"},"content":{"rendered":"<p>Istori\u010dari veruju da je period fanariotske vladavine u rumunskim kne\u017eevinama po\u010deo 1718. godine i zavr\u0161io se posle vi\u0161e od jednog veka, 1822. godine. Ovo ime je dobio po prin\u010devima poreklom iz carigradskog okruga Fanar, koji su se smenjivali na prestolima dve rumunske kne\u017eevine. 18. vek ili fanariotski vek bio je vek u kome je modernost u Zapadnoj Evropi po\u010dela da ima odjeka na istoku kontinenta. A modernost je tako\u0111e zna\u010dila nove pristupe koje su medicina i farmaceutski proizvodi imali u le\u010denju bolesti. Raluka Mocej je specijalizovana za istoriju farmacije u Munteniji, jednoj od dve rumunske kne\u017eevine. Ona je tako\u0111e deo projekta rekuperacije artefakata koji sprovodi Muzej op\u0161tine Bukure\u0161t kako bi se rekonstruisala mapa apoteka u Munteniji iz 18. veka. Mocej je pratila istoriju zakonodavstva u vezi sa marketingom lekova i farmaceutskih praksi iz tog perioda.<\/p>\n<p><em>\u201eU dokumentima iz 18. veka pojavljuju se prvi zapisi o postojanju farmaceuta, koji su bili me\u0111u ljudima oko vladara. Godine 1703, po\u010detkom 18. veka, u Hronici prihoda i rashoda blagajne Vla\u0161ke, pojavljuje se isplata iznosa od 30 talira farmaceutu, koji je pratio vladara Konstantina Brankovjanua u Adrijanopolj. Osnivanjem prvih bolnica nastale su i prve apoteke, poput onih koje su se nalazile u blizini bolnice Kolcea ili bolnice Pantelimon. Tamo su farmaceuti pripremali biljne lekove za bolesne. Paralelno su se razvijale i privatne apoteke, jedna od najpoznatijih je u gostionici \u201e\u0160erban-voda\u201c, koja se nalazi u centru prestonice.\u201c<\/em><\/p>\n<p>Modernost 18. veka zna\u010dila je postepeno povec\u0301anje autoriteta dr\u017eave i njeno \u010dvrsto prisustvo u onome \u0161to je predstavljalo javno zdravlje. Zakoni su postajali rigorozniji, kontrola komercijalnih aktivnosti sa lekovima se povec\u0301avala, nivo kompetentnosti lekara i farmaceuta je upravljala dr\u017eavna birokratija putem akata, bezbednost u obavljanju ovih profesija smatrana je prioritetom. Pred kraj veka, uspostavljeni su sve jasniji funkcionalni odnosi izme\u0111u dr\u017eave i farmaceutskih kompanija. Raluka Mocej.<\/p>\n<p><em>\u201eU odsustvu jasnih propisa, farmaceuti su sprovodili svoje aktivnosti na osnovu nejasnih odredbi iz pravila pro\u0161lih epoha. To je u\u010dinilo farmaceutsku praksu rudimentarnom i bez standarda. Da bi se situacija re\u0161ila, 20. novembra 1780. godine, knez Aleksandar Ipsilanti je izdao prve zvani\u010dne propise o trgovini lekovima. Farmaceuti su stavljeni pod kontrolu kne\u017eevog glavnog lekara, koji je bio odgovoran za inspekciju apoteka, proveru kvaliteta i kontrolu cena. Lekarima je savetovano da koriste samo sve\u017ee lekove. Isti knez je izdao prvi zvani\u010dni propis o organizaciji apoteka 15. maja 1797. godine. Njime je nametnuta upotreba austrijske farmakopeje iz 1780. godine kao osnove za pripremu lekova i sredstava.\u201c<\/em><\/p>\n<p>Aleksandru Ipsilanti se smatra prvim reformatorom farmacije na rumunskom prostoru. Njegovo ime se vezuje za kontinuiranu birokratizaciju ove oblasti.<\/p>\n<p><em>\u201eIsti vladar je 1797. godine izdao jo\u0161 jedan niz zakona koji su pomogli u regulisanju oblasti, kojima je farmaceutima zabranjeno da prodaju toksi\u010dne proizvode. Tako\u0111e, vec\u0301ina proizvoda napravljenih u apotekama morala je biti prac\u0301ena receptom koji je izdao lekar, u vreme kada se takav proizvod prodavao. Iz ovog dokumenta koji sadr\u017ei zakone tako\u0111e proizilazi da je u to vreme u Bukure\u0161tu postojalo devet apoteka, koje su se nalazile u glavnim delovima grada, uglavnom u centralnom delu, u razli\u010ditim gostionicama. Gostionice su bile neka vrsta trgova\u010dkih centara, sa mnogo prodavnica u prizemlju. Apotekari su nalazili svoje mesto u tim prodavnicama jer je bilo mnogo lak\u0161e organizovati svoje poslovanje, na tim mestima je postojao veoma dobar trgova\u010dki obrt.\u201c<\/em><\/p>\n<p>Kako je evropska modernost postajala sve uticajnija u Vla\u0161koj, fanariotski kne\u017eevi su nastavili da donose zakone koji su odgovarali zahtevima novih farmaceutskih trendova. Raluka Mocej.<\/p>\n<p><em>\u201ePo\u010detkom 19. veka, regulacija farmaceutske delatnosti postala je stro\u017ea. Pre\u0161la je sa tolerancije na rigoroznu kontrolu od strane vlasti. 4. novembra 1819. godine, knez Aleksandru Sucu imenovao je medicinsku komisiju da izradi propis o organizaciji apoteka. Dokument ozna\u010dava va\u017ean trenutak u istoriji zakonodavstva jer prvi put sadr\u017ei termine apoteka i farmaceut. Projekat je uveo strogi okvir profesionalne kontrole, farmaceute su morali da pregledaju zvani\u010dni lekari, a oni bez diplome morali su da doka\u017eu svoje ve\u0161tine. Apoteke su bile obavezne da se snabdevaju prema austrijskoj farmakopeji iz 1814. godine, bile su podlo\u017ene periodi\u010dnim inspekcijama i strogim sankcijama. Cene su morale biti u skladu sa austrijskim tarifama iz 1814. godine, a prodaja slo\u017eenih preparata bez recepta bila je strogo zabranjena. Otvaranje apoteka bilo je uslovljeno dobijanjem kraljevske povelje, a trgovina toksi\u010dnim supstancama bila je zabranjena.\u201c<\/em><\/p>\n<p>U Rumuniji u 18. veku, evropska modernost i birokratske mere dr\u017eave usmerile su razvoj farmacije i nove stavove prema bolesti i le\u010denju. I naredni vek c\u0301e pratiti korak sa reformskim zamahom modernizacije.<\/p>\n","protected":false},"excerpt":{"rendered":"<p>Istori\u010dari veruju da je period fanariotske vladavine u rumunskim kne\u017eevinama po\u010deo 1718. godine i zavr\u0161io se posle vi\u0161e od jednog veka, 1822. godine. Ovo ime je dobio po prin\u010devima poreklom iz carigradskog okruga Fanar, koji su se smenjivali na prestolima dve rumunske kne\u017eevine. 18. vek ili fanariotski vek bio je vek u kome je modernost [&hellip;]<\/p>\n","protected":false},"author":101,"featured_media":804268,"comment_status":"closed","ping_status":"closed","sticky":false,"template":"","format":"standard","meta":{"_acf_changed":false,"footnotes":""},"categories":[111679],"tags":[],"coauthors":[113245,113318],"class_list":["post-1010315","post","type-post","status-publish","format-standard","has-post-thumbnail","hentry","category-stranice-istorije"],"acf":[],"yoast_head":"<!-- This site is optimized with the Yoast SEO plugin v27.3 - https:\/\/yoast.com\/product\/yoast-seo-wordpress\/ -->\n<title>Farmaceutski proizvodi u fanariotskoj Vla\u0161koj - RADIO RUMUNIJA INTERNACIONAL<\/title>\n<meta name=\"robots\" content=\"index, follow, max-snippet:-1, max-image-preview:large, max-video-preview:-1\" \/>\n<link rel=\"canonical\" href=\"https:\/\/www.rri.ro\/sr\/rubrike\/stranice-istorije\/farmaceutski-proizvodi-u-fanariotskoj-vlaskoj-id1010315.html\" \/>\n<meta property=\"og:locale\" content=\"sr_RS\" \/>\n<meta property=\"og:type\" content=\"article\" \/>\n<meta property=\"og:title\" content=\"Farmaceutski proizvodi u fanariotskoj Vla\u0161koj - RADIO RUMUNIJA INTERNACIONAL\" \/>\n<meta property=\"og:description\" content=\"Istori\u010dari veruju da je period fanariotske vladavine u rumunskim kne\u017eevinama po\u010deo 1718. godine i zavr\u0161io se posle vi\u0161e od jednog veka, 1822. godine. Ovo ime je dobio po prin\u010devima poreklom iz carigradskog okruga Fanar, koji su se smenjivali na prestolima dve rumunske kne\u017eevine. 18. vek ili fanariotski vek bio je vek u kome je modernost [&hellip;]\" \/>\n<meta property=\"og:url\" content=\"https:\/\/www.rri.ro\/sr\/rubrike\/stranice-istorije\/farmaceutski-proizvodi-u-fanariotskoj-vlaskoj-id1010315.html\" \/>\n<meta property=\"og:site_name\" content=\"RADIO RUMUNIJA INTERNACIONAL\" \/>\n<meta property=\"article:published_time\" content=\"2026-04-27T11:09:22+00:00\" \/>\n<meta property=\"og:image\" content=\"https:\/\/www.rri.ro\/wp-content\/uploads\/2024\/09\/banner-Pro-Memoria.-960x540-2.jpg\" \/>\n\t<meta property=\"og:image:width\" content=\"960\" \/>\n\t<meta property=\"og:image:height\" content=\"540\" \/>\n\t<meta property=\"og:image:type\" content=\"image\/jpeg\" \/>\n<meta name=\"author\" content=\"Marija Nenadi\u0107-Zurka, Steliu Lambru\" \/>\n<meta name=\"twitter:card\" content=\"summary_large_image\" \/>\n<meta name=\"twitter:label1\" content=\"\u041d\u0430\u043f\u0438\u0441\u0430\u043d\u043e \u043e\u0434\" \/>\n\t<meta name=\"twitter:data1\" content=\"Marija Nenadi\u0107-Zurka\" \/>\n\t<meta name=\"twitter:label2\" content=\"\u041f\u0440\u043e\u0446\u0435\u045a\u0435\u043d\u043e \u0432\u0440\u0435\u043c\u0435 \u0447\u0438\u0442\u0430\u045a\u0430\" \/>\n\t<meta name=\"twitter:data2\" content=\"4 \u043c\u0438\u043d\u0443\u0442\u0430\" \/>\n\t<meta name=\"twitter:label3\" content=\"Written by\" \/>\n\t<meta name=\"twitter:data3\" content=\"Marija Nenadi\u0107-Zurka, Steliu Lambru\" \/>\n<script type=\"application\/ld+json\" class=\"yoast-schema-graph\">{\"@context\":\"https:\\\/\\\/schema.org\",\"@graph\":[{\"@type\":\"Article\",\"@id\":\"https:\\\/\\\/www.rri.ro\\\/sr\\\/rubrike\\\/stranice-istorije\\\/farmaceutski-proizvodi-u-fanariotskoj-vlaskoj-id1010315.html#article\",\"isPartOf\":{\"@id\":\"https:\\\/\\\/www.rri.ro\\\/sr\\\/rubrike\\\/stranice-istorije\\\/farmaceutski-proizvodi-u-fanariotskoj-vlaskoj-id1010315.html\"},\"author\":{\"name\":\"Marija Nenadi\u0107-Zurka\",\"@id\":\"https:\\\/\\\/www.rri.ro\\\/#\\\/schema\\\/person\\\/a3f1370886b657670704847e2f795e3e\"},\"headline\":\"Farmaceutski proizvodi u fanariotskoj Vla\u0161koj\",\"datePublished\":\"2026-04-27T11:09:22+00:00\",\"mainEntityOfPage\":{\"@id\":\"https:\\\/\\\/www.rri.ro\\\/sr\\\/rubrike\\\/stranice-istorije\\\/farmaceutski-proizvodi-u-fanariotskoj-vlaskoj-id1010315.html\"},\"wordCount\":772,\"image\":{\"@id\":\"https:\\\/\\\/www.rri.ro\\\/sr\\\/rubrike\\\/stranice-istorije\\\/farmaceutski-proizvodi-u-fanariotskoj-vlaskoj-id1010315.html#primaryimage\"},\"thumbnailUrl\":\"https:\\\/\\\/www.rri.ro\\\/wp-content\\\/uploads\\\/2024\\\/09\\\/banner-Pro-Memoria.-960x540-2.jpg\",\"articleSection\":[\"Stranice istorije\"],\"inLanguage\":\"sr-RS\"},{\"@type\":\"WebPage\",\"@id\":\"https:\\\/\\\/www.rri.ro\\\/sr\\\/rubrike\\\/stranice-istorije\\\/farmaceutski-proizvodi-u-fanariotskoj-vlaskoj-id1010315.html\",\"url\":\"https:\\\/\\\/www.rri.ro\\\/sr\\\/rubrike\\\/stranice-istorije\\\/farmaceutski-proizvodi-u-fanariotskoj-vlaskoj-id1010315.html\",\"name\":\"Farmaceutski proizvodi u fanariotskoj Vla\u0161koj - RADIO RUMUNIJA INTERNACIONAL\",\"isPartOf\":{\"@id\":\"https:\\\/\\\/www.rri.ro\\\/#website\"},\"primaryImageOfPage\":{\"@id\":\"https:\\\/\\\/www.rri.ro\\\/sr\\\/rubrike\\\/stranice-istorije\\\/farmaceutski-proizvodi-u-fanariotskoj-vlaskoj-id1010315.html#primaryimage\"},\"image\":{\"@id\":\"https:\\\/\\\/www.rri.ro\\\/sr\\\/rubrike\\\/stranice-istorije\\\/farmaceutski-proizvodi-u-fanariotskoj-vlaskoj-id1010315.html#primaryimage\"},\"thumbnailUrl\":\"https:\\\/\\\/www.rri.ro\\\/wp-content\\\/uploads\\\/2024\\\/09\\\/banner-Pro-Memoria.-960x540-2.jpg\",\"datePublished\":\"2026-04-27T11:09:22+00:00\",\"author\":{\"@id\":\"https:\\\/\\\/www.rri.ro\\\/#\\\/schema\\\/person\\\/a3f1370886b657670704847e2f795e3e\"},\"breadcrumb\":{\"@id\":\"https:\\\/\\\/www.rri.ro\\\/sr\\\/rubrike\\\/stranice-istorije\\\/farmaceutski-proizvodi-u-fanariotskoj-vlaskoj-id1010315.html#breadcrumb\"},\"inLanguage\":\"sr-RS\",\"potentialAction\":[{\"@type\":\"ReadAction\",\"target\":[\"https:\\\/\\\/www.rri.ro\\\/sr\\\/rubrike\\\/stranice-istorije\\\/farmaceutski-proizvodi-u-fanariotskoj-vlaskoj-id1010315.html\"]}]},{\"@type\":\"ImageObject\",\"inLanguage\":\"sr-RS\",\"@id\":\"https:\\\/\\\/www.rri.ro\\\/sr\\\/rubrike\\\/stranice-istorije\\\/farmaceutski-proizvodi-u-fanariotskoj-vlaskoj-id1010315.html#primaryimage\",\"url\":\"https:\\\/\\\/www.rri.ro\\\/wp-content\\\/uploads\\\/2024\\\/09\\\/banner-Pro-Memoria.-960x540-2.jpg\",\"contentUrl\":\"https:\\\/\\\/www.rri.ro\\\/wp-content\\\/uploads\\\/2024\\\/09\\\/banner-Pro-Memoria.-960x540-2.jpg\",\"width\":960,\"height\":540,\"caption\":\"Pagine di storia\"},{\"@type\":\"BreadcrumbList\",\"@id\":\"https:\\\/\\\/www.rri.ro\\\/sr\\\/rubrike\\\/stranice-istorije\\\/farmaceutski-proizvodi-u-fanariotskoj-vlaskoj-id1010315.html#breadcrumb\",\"itemListElement\":[{\"@type\":\"ListItem\",\"position\":1,\"name\":\"\u041f\u043e\u0447\u0435\u0442\u043d\u0430 \u0441\u0442\u0440\u0430\u043d\u0438\u0446\u0430\",\"item\":\"https:\\\/\\\/www.rri.ro\\\/sr\"},{\"@type\":\"ListItem\",\"position\":2,\"name\":\"Rubrici\",\"item\":\"https:\\\/\\\/www.rri.ro\\\/rubrici\"},{\"@type\":\"ListItem\",\"position\":3,\"name\":\"Stranice istorije\",\"item\":\"https:\\\/\\\/www.rri.ro\\\/sr\\\/rubrike\\\/stranice-istorije\"},{\"@type\":\"ListItem\",\"position\":4,\"name\":\"Farmaceutski proizvodi u fanariotskoj Vla\u0161koj\"}]},{\"@type\":\"WebSite\",\"@id\":\"https:\\\/\\\/www.rri.ro\\\/#website\",\"url\":\"https:\\\/\\\/www.rri.ro\\\/\",\"name\":\"RADIO RUMUNIJA INTERNACIONAL\",\"description\":\"Totul despre Rom\u00e2nia \u015fi rom\u00e2ni, \u00een 13 limbi\\\/dialecte!\",\"inLanguage\":\"sr-RS\"},{\"@type\":\"Person\",\"@id\":\"https:\\\/\\\/www.rri.ro\\\/#\\\/schema\\\/person\\\/a3f1370886b657670704847e2f795e3e\",\"name\":\"Marija Nenadi\u0107-Zurka\",\"url\":\"https:\\\/\\\/www.rri.ro\\\/sr\\\/author\\\/marija-nenadic\"}]}<\/script>\n<!-- \/ Yoast SEO plugin. -->","yoast_head_json":{"title":"Farmaceutski proizvodi u fanariotskoj Vla\u0161koj - RADIO RUMUNIJA INTERNACIONAL","robots":{"index":"index","follow":"follow","max-snippet":"max-snippet:-1","max-image-preview":"max-image-preview:large","max-video-preview":"max-video-preview:-1"},"canonical":"https:\/\/www.rri.ro\/sr\/rubrike\/stranice-istorije\/farmaceutski-proizvodi-u-fanariotskoj-vlaskoj-id1010315.html","og_locale":"sr_RS","og_type":"article","og_title":"Farmaceutski proizvodi u fanariotskoj Vla\u0161koj - RADIO RUMUNIJA INTERNACIONAL","og_description":"Istori\u010dari veruju da je period fanariotske vladavine u rumunskim kne\u017eevinama po\u010deo 1718. godine i zavr\u0161io se posle vi\u0161e od jednog veka, 1822. godine. Ovo ime je dobio po prin\u010devima poreklom iz carigradskog okruga Fanar, koji su se smenjivali na prestolima dve rumunske kne\u017eevine. 18. vek ili fanariotski vek bio je vek u kome je modernost [&hellip;]","og_url":"https:\/\/www.rri.ro\/sr\/rubrike\/stranice-istorije\/farmaceutski-proizvodi-u-fanariotskoj-vlaskoj-id1010315.html","og_site_name":"RADIO RUMUNIJA INTERNACIONAL","article_published_time":"2026-04-27T11:09:22+00:00","og_image":[{"width":960,"height":540,"url":"https:\/\/www.rri.ro\/wp-content\/uploads\/2024\/09\/banner-Pro-Memoria.-960x540-2.jpg","type":"image\/jpeg"}],"author":"Marija Nenadi\u0107-Zurka, Steliu Lambru","twitter_card":"summary_large_image","twitter_misc":{"\u041d\u0430\u043f\u0438\u0441\u0430\u043d\u043e \u043e\u0434":"Marija Nenadi\u0107-Zurka","\u041f\u0440\u043e\u0446\u0435\u045a\u0435\u043d\u043e \u0432\u0440\u0435\u043c\u0435 \u0447\u0438\u0442\u0430\u045a\u0430":"4 \u043c\u0438\u043d\u0443\u0442\u0430","Written by":"Marija Nenadi\u0107-Zurka, Steliu Lambru"},"schema":{"@context":"https:\/\/schema.org","@graph":[{"@type":"Article","@id":"https:\/\/www.rri.ro\/sr\/rubrike\/stranice-istorije\/farmaceutski-proizvodi-u-fanariotskoj-vlaskoj-id1010315.html#article","isPartOf":{"@id":"https:\/\/www.rri.ro\/sr\/rubrike\/stranice-istorije\/farmaceutski-proizvodi-u-fanariotskoj-vlaskoj-id1010315.html"},"author":{"name":"Marija Nenadi\u0107-Zurka","@id":"https:\/\/www.rri.ro\/#\/schema\/person\/a3f1370886b657670704847e2f795e3e"},"headline":"Farmaceutski proizvodi u fanariotskoj Vla\u0161koj","datePublished":"2026-04-27T11:09:22+00:00","mainEntityOfPage":{"@id":"https:\/\/www.rri.ro\/sr\/rubrike\/stranice-istorije\/farmaceutski-proizvodi-u-fanariotskoj-vlaskoj-id1010315.html"},"wordCount":772,"image":{"@id":"https:\/\/www.rri.ro\/sr\/rubrike\/stranice-istorije\/farmaceutski-proizvodi-u-fanariotskoj-vlaskoj-id1010315.html#primaryimage"},"thumbnailUrl":"https:\/\/www.rri.ro\/wp-content\/uploads\/2024\/09\/banner-Pro-Memoria.-960x540-2.jpg","articleSection":["Stranice istorije"],"inLanguage":"sr-RS"},{"@type":"WebPage","@id":"https:\/\/www.rri.ro\/sr\/rubrike\/stranice-istorije\/farmaceutski-proizvodi-u-fanariotskoj-vlaskoj-id1010315.html","url":"https:\/\/www.rri.ro\/sr\/rubrike\/stranice-istorije\/farmaceutski-proizvodi-u-fanariotskoj-vlaskoj-id1010315.html","name":"Farmaceutski proizvodi u fanariotskoj Vla\u0161koj - RADIO RUMUNIJA INTERNACIONAL","isPartOf":{"@id":"https:\/\/www.rri.ro\/#website"},"primaryImageOfPage":{"@id":"https:\/\/www.rri.ro\/sr\/rubrike\/stranice-istorije\/farmaceutski-proizvodi-u-fanariotskoj-vlaskoj-id1010315.html#primaryimage"},"image":{"@id":"https:\/\/www.rri.ro\/sr\/rubrike\/stranice-istorije\/farmaceutski-proizvodi-u-fanariotskoj-vlaskoj-id1010315.html#primaryimage"},"thumbnailUrl":"https:\/\/www.rri.ro\/wp-content\/uploads\/2024\/09\/banner-Pro-Memoria.-960x540-2.jpg","datePublished":"2026-04-27T11:09:22+00:00","author":{"@id":"https:\/\/www.rri.ro\/#\/schema\/person\/a3f1370886b657670704847e2f795e3e"},"breadcrumb":{"@id":"https:\/\/www.rri.ro\/sr\/rubrike\/stranice-istorije\/farmaceutski-proizvodi-u-fanariotskoj-vlaskoj-id1010315.html#breadcrumb"},"inLanguage":"sr-RS","potentialAction":[{"@type":"ReadAction","target":["https:\/\/www.rri.ro\/sr\/rubrike\/stranice-istorije\/farmaceutski-proizvodi-u-fanariotskoj-vlaskoj-id1010315.html"]}]},{"@type":"ImageObject","inLanguage":"sr-RS","@id":"https:\/\/www.rri.ro\/sr\/rubrike\/stranice-istorije\/farmaceutski-proizvodi-u-fanariotskoj-vlaskoj-id1010315.html#primaryimage","url":"https:\/\/www.rri.ro\/wp-content\/uploads\/2024\/09\/banner-Pro-Memoria.-960x540-2.jpg","contentUrl":"https:\/\/www.rri.ro\/wp-content\/uploads\/2024\/09\/banner-Pro-Memoria.-960x540-2.jpg","width":960,"height":540,"caption":"Pagine di storia"},{"@type":"BreadcrumbList","@id":"https:\/\/www.rri.ro\/sr\/rubrike\/stranice-istorije\/farmaceutski-proizvodi-u-fanariotskoj-vlaskoj-id1010315.html#breadcrumb","itemListElement":[{"@type":"ListItem","position":1,"name":"\u041f\u043e\u0447\u0435\u0442\u043d\u0430 \u0441\u0442\u0440\u0430\u043d\u0438\u0446\u0430","item":"https:\/\/www.rri.ro\/sr"},{"@type":"ListItem","position":2,"name":"Rubrici","item":"https:\/\/www.rri.ro\/rubrici"},{"@type":"ListItem","position":3,"name":"Stranice istorije","item":"https:\/\/www.rri.ro\/sr\/rubrike\/stranice-istorije"},{"@type":"ListItem","position":4,"name":"Farmaceutski proizvodi u fanariotskoj Vla\u0161koj"}]},{"@type":"WebSite","@id":"https:\/\/www.rri.ro\/#website","url":"https:\/\/www.rri.ro\/","name":"RADIO RUMUNIJA INTERNACIONAL","description":"Totul despre Rom\u00e2nia \u015fi rom\u00e2ni, \u00een 13 limbi\/dialecte!","inLanguage":"sr-RS"},{"@type":"Person","@id":"https:\/\/www.rri.ro\/#\/schema\/person\/a3f1370886b657670704847e2f795e3e","name":"Marija Nenadi\u0107-Zurka","url":"https:\/\/www.rri.ro\/sr\/author\/marija-nenadic"}]}},"_links":{"self":[{"href":"https:\/\/www.rri.ro\/sr\/wp-json\/wp\/v2\/posts\/1010315","targetHints":{"allow":["GET"]}}],"collection":[{"href":"https:\/\/www.rri.ro\/sr\/wp-json\/wp\/v2\/posts"}],"about":[{"href":"https:\/\/www.rri.ro\/sr\/wp-json\/wp\/v2\/types\/post"}],"author":[{"embeddable":true,"href":"https:\/\/www.rri.ro\/sr\/wp-json\/wp\/v2\/users\/101"}],"replies":[{"embeddable":true,"href":"https:\/\/www.rri.ro\/sr\/wp-json\/wp\/v2\/comments?post=1010315"}],"version-history":[{"count":1,"href":"https:\/\/www.rri.ro\/sr\/wp-json\/wp\/v2\/posts\/1010315\/revisions"}],"predecessor-version":[{"id":1010316,"href":"https:\/\/www.rri.ro\/sr\/wp-json\/wp\/v2\/posts\/1010315\/revisions\/1010316"}],"wp:featuredmedia":[{"embeddable":true,"href":"https:\/\/www.rri.ro\/sr\/wp-json\/wp\/v2\/media\/804268"}],"wp:attachment":[{"href":"https:\/\/www.rri.ro\/sr\/wp-json\/wp\/v2\/media?parent=1010315"}],"wp:term":[{"taxonomy":"category","embeddable":true,"href":"https:\/\/www.rri.ro\/sr\/wp-json\/wp\/v2\/categories?post=1010315"},{"taxonomy":"post_tag","embeddable":true,"href":"https:\/\/www.rri.ro\/sr\/wp-json\/wp\/v2\/tags?post=1010315"},{"taxonomy":"author","embeddable":true,"href":"https:\/\/www.rri.ro\/sr\/wp-json\/wp\/v2\/coauthors?post=1010315"}],"curies":[{"name":"wp","href":"https:\/\/api.w.org\/{rel}","templated":true}]}}