{"id":1010662,"date":"2026-04-27T14:49:09","date_gmt":"2026-04-27T11:49:09","guid":{"rendered":"https:\/\/www.rri.ro\/?p=1010662"},"modified":"2026-04-27T14:49:09","modified_gmt":"2026-04-27T11:49:09","slug":"posledice-oluja-u-rumuniji","status":"publish","type":"post","link":"https:\/\/www.rri.ro\/sr\/aktuelnosti\/aktuelnosti-sr\/posledice-oluja-u-rumuniji-id1010662.html","title":{"rendered":"Posledice oluja u Rumuniji"},"content":{"rendered":"<p>Oluje su u nedelju napravile pusto\u0161 u Rumuniji. Udari vetra od preko 90 km\/h izazvali su zna\u010dajnu materijalnu \u0161tetu, poremetile snabdevanje elektri\u010dnom energijom i poja\u010dale posledice po\u017eara. Generalni inspektorat za vanredne situacije izve\u0161tava da je pogo\u0111eno ukupno 56 lokaliteta u 14 okruga, uglavnom na severoistoku, u regionu Moldavije.<\/p>\n<p>U op\u0161tini Hu\u0161i, Vasluj, jaki vetrovi su otkinuli krovove nekoliko stambenih zgrada, koje su pale i o\u0161tetile automobile parkirane u blizini. Delovi zgrade su povredili 67-godi\u0161njeg mu\u0161karca, koga su lekari prona\u0161li bez svesti. Na\u017ealost, nije mu bilo spasa. U gradu Targu Frumos, u okrugu Ja\u0161i, ali i u op\u0161tini Temi\u0161var, na zapadu, nekoliko ljudi je povre\u0111eno granama koje je vetar polomio i zavr\u0161ili su u bolnici, a u okrugu Bakau, voza\u010d je uspeo da se sam evakui\u0161e nakon \u0161to je drvo palo na njegov automobil dok je vozio.<\/p>\n<p>Op\u0161tine Ja\u0161i, Vasluj i Su\u010dava tako\u0111e su pogo\u0111ene vetrom, koji je lomio drvec\u0301e, saobrac\u0301ajne znakove i stubove visokog napona. Skoro 35.000 domac\u0301instava u oko 140 lokaliteta u \u0161est okruga privremeno je ostalo bez struje. Generalni inspektorat za vanredne situacije je naveo da je intervenisao u skoro 60 lokaliteta kako bi uklonio gra\u0111evinske elemente sa 50 zgrada i da su desetine drvec\u0301a i elektri\u010dnih stubova uklonjene sa puteva.<\/p>\n<p>U Rukareniju, u okrugu Vran\u010da, po\u017ear koji je izbio u jednoj kuc\u0301i pro\u0161irio se na desetine drugih zgrada zbog jakih vetrova. Tako je izgorelo preko 30 kuc\u0301a, a vi\u0161e od 300 ljudi je evakuisano. Pribli\u017eno 220 vojnih vatrogasaca i drugih interventnih timova borilo se sa plamenom.<\/p>\n<p>Ekstremne vremenske pojave pogodile su i okrug Maramure\u0161, na severozapadu zemlje. Ovde su \u010destice pra\u0161ine iz bazena obojenih ruda stigle do lokaliteta u okolini Baja Marea, no\u0161ene jakim vetrovima. Prema podacima Komiteta za vanredne situacije okruga Maramure\u0161, pojava je stvorila stanje nelagodnosti za gra\u0111ane, a atmosferska vidljivost je povremeno bila smanjena. Mobilna laboratorija Agencije za za\u0161titu \u017eivotne sredine poslata je da izvr\u0161i merenja. Nisu prijavljeni zdravstveni problemi me\u0111u stanovni\u0161tvom.<\/p>\n<p>Gotovo cela teritorija Rumunije bila je u nedelju pod uticajem \u017eutih i narand\u017eastih meteoalarma za poja\u010dan vetra. Meteorolozi za naredne dane prognoziraju zahla\u0111enje vremena. Po\u010dev od srede, temperature c\u0301e naglo pasti \u0161irom zemlje, ispod proseka za ovaj period, a ki\u0161a c\u0301e padati na jugu i istoku. Trend zahla\u0111enja c\u0301e se odr\u017eati i oko mini-praznika 1. maja, kada, obi\u010dno, stotine hiljada Rumuna idu na more, u planinska odmarali\u0161ta ili provode Me\u0111unarodni praznik rada u prirodi.<\/p>\n","protected":false},"excerpt":{"rendered":"<p>Oluje su u nedelju napravile pusto\u0161 u Rumuniji. Udari vetra od preko 90 km\/h izazvali su zna\u010dajnu materijalnu \u0161tetu, poremetile snabdevanje elektri\u010dnom energijom i poja\u010dale posledice po\u017eara. Generalni inspektorat za vanredne situacije izve\u0161tava da je pogo\u0111eno ukupno 56 lokaliteta u 14 okruga, uglavnom na severoistoku, u regionu Moldavije. U op\u0161tini Hu\u0161i, Vasluj, jaki vetrovi su [&hellip;]<\/p>\n","protected":false},"author":101,"featured_media":1010507,"comment_status":"closed","ping_status":"closed","sticky":false,"template":"","format":"standard","meta":{"_acf_changed":false,"footnotes":""},"categories":[139553],"tags":[],"coauthors":[113245,113323],"class_list":["post-1010662","post","type-post","status-publish","format-standard","has-post-thumbnail","hentry","category-aktuelnosti-sr"],"acf":[],"yoast_head":"<!-- This site is optimized with the Yoast SEO plugin v27.3 - https:\/\/yoast.com\/product\/yoast-seo-wordpress\/ -->\n<title>Posledice oluja u Rumuniji - RADIO RUMUNIJA INTERNACIONAL<\/title>\n<meta name=\"robots\" content=\"index, follow, max-snippet:-1, max-image-preview:large, max-video-preview:-1\" \/>\n<link rel=\"canonical\" href=\"https:\/\/www.rri.ro\/sr\/aktuelnosti\/aktuelnosti-sr\/posledice-oluja-u-rumuniji-id1010662.html\" \/>\n<meta property=\"og:locale\" content=\"sr_RS\" \/>\n<meta property=\"og:type\" content=\"article\" \/>\n<meta property=\"og:title\" content=\"Posledice oluja u Rumuniji - RADIO RUMUNIJA INTERNACIONAL\" \/>\n<meta property=\"og:description\" content=\"Oluje su u nedelju napravile pusto\u0161 u Rumuniji. Udari vetra od preko 90 km\/h izazvali su zna\u010dajnu materijalnu \u0161tetu, poremetile snabdevanje elektri\u010dnom energijom i poja\u010dale posledice po\u017eara. Generalni inspektorat za vanredne situacije izve\u0161tava da je pogo\u0111eno ukupno 56 lokaliteta u 14 okruga, uglavnom na severoistoku, u regionu Moldavije. U op\u0161tini Hu\u0161i, Vasluj, jaki vetrovi su [&hellip;]\" \/>\n<meta property=\"og:url\" content=\"https:\/\/www.rri.ro\/sr\/aktuelnosti\/aktuelnosti-sr\/posledice-oluja-u-rumuniji-id1010662.html\" \/>\n<meta property=\"og:site_name\" content=\"RADIO RUMUNIJA INTERNACIONAL\" \/>\n<meta property=\"article:published_time\" content=\"2026-04-27T11:49:09+00:00\" \/>\n<meta property=\"og:image\" content=\"https:\/\/www.rri.ro\/wp-content\/uploads\/2026\/04\/furtuna-apr2026-acoperis-foto-fb-com-IGSU.jpg\" \/>\n\t<meta property=\"og:image:width\" content=\"1280\" \/>\n\t<meta property=\"og:image:height\" content=\"726\" \/>\n\t<meta property=\"og:image:type\" content=\"image\/jpeg\" \/>\n<meta name=\"author\" content=\"Marija Nenadi\u0107-Zurka, Sorin Iordan\" \/>\n<meta name=\"twitter:card\" content=\"summary_large_image\" \/>\n<meta name=\"twitter:label1\" content=\"\u041d\u0430\u043f\u0438\u0441\u0430\u043d\u043e \u043e\u0434\" \/>\n\t<meta name=\"twitter:data1\" content=\"Marija Nenadi\u0107-Zurka\" \/>\n\t<meta name=\"twitter:label2\" content=\"\u041f\u0440\u043e\u0446\u0435\u045a\u0435\u043d\u043e \u0432\u0440\u0435\u043c\u0435 \u0447\u0438\u0442\u0430\u045a\u0430\" \/>\n\t<meta name=\"twitter:data2\" content=\"2 \u043c\u0438\u043d\u0443\u0442\u0430\" \/>\n\t<meta name=\"twitter:label3\" content=\"Written by\" \/>\n\t<meta name=\"twitter:data3\" content=\"Marija Nenadi\u0107-Zurka, Sorin Iordan\" \/>\n<script type=\"application\/ld+json\" class=\"yoast-schema-graph\">{\"@context\":\"https:\\\/\\\/schema.org\",\"@graph\":[{\"@type\":\"Article\",\"@id\":\"https:\\\/\\\/www.rri.ro\\\/sr\\\/aktuelnosti\\\/aktuelnosti-sr\\\/posledice-oluja-u-rumuniji-id1010662.html#article\",\"isPartOf\":{\"@id\":\"https:\\\/\\\/www.rri.ro\\\/sr\\\/aktuelnosti\\\/aktuelnosti-sr\\\/posledice-oluja-u-rumuniji-id1010662.html\"},\"author\":{\"name\":\"Marija Nenadi\u0107-Zurka\",\"@id\":\"https:\\\/\\\/www.rri.ro\\\/#\\\/schema\\\/person\\\/a3f1370886b657670704847e2f795e3e\"},\"headline\":\"Posledice oluja u Rumuniji\",\"datePublished\":\"2026-04-27T11:49:09+00:00\",\"mainEntityOfPage\":{\"@id\":\"https:\\\/\\\/www.rri.ro\\\/sr\\\/aktuelnosti\\\/aktuelnosti-sr\\\/posledice-oluja-u-rumuniji-id1010662.html\"},\"wordCount\":443,\"image\":{\"@id\":\"https:\\\/\\\/www.rri.ro\\\/sr\\\/aktuelnosti\\\/aktuelnosti-sr\\\/posledice-oluja-u-rumuniji-id1010662.html#primaryimage\"},\"thumbnailUrl\":\"https:\\\/\\\/www.rri.ro\\\/wp-content\\\/uploads\\\/2026\\\/04\\\/furtuna-apr2026-acoperis-foto-fb-com-IGSU.jpg\",\"articleSection\":[\"Tema dana\"],\"inLanguage\":\"sr-RS\"},{\"@type\":\"WebPage\",\"@id\":\"https:\\\/\\\/www.rri.ro\\\/sr\\\/aktuelnosti\\\/aktuelnosti-sr\\\/posledice-oluja-u-rumuniji-id1010662.html\",\"url\":\"https:\\\/\\\/www.rri.ro\\\/sr\\\/aktuelnosti\\\/aktuelnosti-sr\\\/posledice-oluja-u-rumuniji-id1010662.html\",\"name\":\"Posledice oluja u Rumuniji - RADIO RUMUNIJA INTERNACIONAL\",\"isPartOf\":{\"@id\":\"https:\\\/\\\/www.rri.ro\\\/#website\"},\"primaryImageOfPage\":{\"@id\":\"https:\\\/\\\/www.rri.ro\\\/sr\\\/aktuelnosti\\\/aktuelnosti-sr\\\/posledice-oluja-u-rumuniji-id1010662.html#primaryimage\"},\"image\":{\"@id\":\"https:\\\/\\\/www.rri.ro\\\/sr\\\/aktuelnosti\\\/aktuelnosti-sr\\\/posledice-oluja-u-rumuniji-id1010662.html#primaryimage\"},\"thumbnailUrl\":\"https:\\\/\\\/www.rri.ro\\\/wp-content\\\/uploads\\\/2026\\\/04\\\/furtuna-apr2026-acoperis-foto-fb-com-IGSU.jpg\",\"datePublished\":\"2026-04-27T11:49:09+00:00\",\"author\":{\"@id\":\"https:\\\/\\\/www.rri.ro\\\/#\\\/schema\\\/person\\\/a3f1370886b657670704847e2f795e3e\"},\"breadcrumb\":{\"@id\":\"https:\\\/\\\/www.rri.ro\\\/sr\\\/aktuelnosti\\\/aktuelnosti-sr\\\/posledice-oluja-u-rumuniji-id1010662.html#breadcrumb\"},\"inLanguage\":\"sr-RS\",\"potentialAction\":[{\"@type\":\"ReadAction\",\"target\":[\"https:\\\/\\\/www.rri.ro\\\/sr\\\/aktuelnosti\\\/aktuelnosti-sr\\\/posledice-oluja-u-rumuniji-id1010662.html\"]}]},{\"@type\":\"ImageObject\",\"inLanguage\":\"sr-RS\",\"@id\":\"https:\\\/\\\/www.rri.ro\\\/sr\\\/aktuelnosti\\\/aktuelnosti-sr\\\/posledice-oluja-u-rumuniji-id1010662.html#primaryimage\",\"url\":\"https:\\\/\\\/www.rri.ro\\\/wp-content\\\/uploads\\\/2026\\\/04\\\/furtuna-apr2026-acoperis-foto-fb-com-IGSU.jpg\",\"contentUrl\":\"https:\\\/\\\/www.rri.ro\\\/wp-content\\\/uploads\\\/2026\\\/04\\\/furtuna-apr2026-acoperis-foto-fb-com-IGSU.jpg\",\"width\":1280,\"height\":726,\"caption\":\"Sursa foto: fb.com \\\/ IGSU\"},{\"@type\":\"BreadcrumbList\",\"@id\":\"https:\\\/\\\/www.rri.ro\\\/sr\\\/aktuelnosti\\\/aktuelnosti-sr\\\/posledice-oluja-u-rumuniji-id1010662.html#breadcrumb\",\"itemListElement\":[{\"@type\":\"ListItem\",\"position\":1,\"name\":\"\u041f\u043e\u0447\u0435\u0442\u043d\u0430 \u0441\u0442\u0440\u0430\u043d\u0438\u0446\u0430\",\"item\":\"https:\\\/\\\/www.rri.ro\\\/sr\"},{\"@type\":\"ListItem\",\"position\":2,\"name\":\"Aktuelnosti\",\"item\":\"https:\\\/\\\/www.rri.ro\\\/sr\\\/aktuelnosti\"},{\"@type\":\"ListItem\",\"position\":3,\"name\":\"Tema dana\",\"item\":\"https:\\\/\\\/www.rri.ro\\\/sr\\\/aktuelnosti\\\/aktuelnosti-sr\"},{\"@type\":\"ListItem\",\"position\":4,\"name\":\"Posledice oluja u Rumuniji\"}]},{\"@type\":\"WebSite\",\"@id\":\"https:\\\/\\\/www.rri.ro\\\/#website\",\"url\":\"https:\\\/\\\/www.rri.ro\\\/\",\"name\":\"RADIO RUMUNIJA INTERNACIONAL\",\"description\":\"Totul despre Rom\u00e2nia \u015fi rom\u00e2ni, \u00een 13 limbi\\\/dialecte!\",\"inLanguage\":\"sr-RS\"},{\"@type\":\"Person\",\"@id\":\"https:\\\/\\\/www.rri.ro\\\/#\\\/schema\\\/person\\\/a3f1370886b657670704847e2f795e3e\",\"name\":\"Marija Nenadi\u0107-Zurka\",\"url\":\"https:\\\/\\\/www.rri.ro\\\/sr\\\/author\\\/marija-nenadic\"}]}<\/script>\n<!-- \/ Yoast SEO plugin. -->","yoast_head_json":{"title":"Posledice oluja u Rumuniji - RADIO RUMUNIJA INTERNACIONAL","robots":{"index":"index","follow":"follow","max-snippet":"max-snippet:-1","max-image-preview":"max-image-preview:large","max-video-preview":"max-video-preview:-1"},"canonical":"https:\/\/www.rri.ro\/sr\/aktuelnosti\/aktuelnosti-sr\/posledice-oluja-u-rumuniji-id1010662.html","og_locale":"sr_RS","og_type":"article","og_title":"Posledice oluja u Rumuniji - RADIO RUMUNIJA INTERNACIONAL","og_description":"Oluje su u nedelju napravile pusto\u0161 u Rumuniji. Udari vetra od preko 90 km\/h izazvali su zna\u010dajnu materijalnu \u0161tetu, poremetile snabdevanje elektri\u010dnom energijom i poja\u010dale posledice po\u017eara. Generalni inspektorat za vanredne situacije izve\u0161tava da je pogo\u0111eno ukupno 56 lokaliteta u 14 okruga, uglavnom na severoistoku, u regionu Moldavije. U op\u0161tini Hu\u0161i, Vasluj, jaki vetrovi su [&hellip;]","og_url":"https:\/\/www.rri.ro\/sr\/aktuelnosti\/aktuelnosti-sr\/posledice-oluja-u-rumuniji-id1010662.html","og_site_name":"RADIO RUMUNIJA INTERNACIONAL","article_published_time":"2026-04-27T11:49:09+00:00","og_image":[{"width":1280,"height":726,"url":"https:\/\/www.rri.ro\/wp-content\/uploads\/2026\/04\/furtuna-apr2026-acoperis-foto-fb-com-IGSU.jpg","type":"image\/jpeg"}],"author":"Marija Nenadi\u0107-Zurka, Sorin Iordan","twitter_card":"summary_large_image","twitter_misc":{"\u041d\u0430\u043f\u0438\u0441\u0430\u043d\u043e \u043e\u0434":"Marija Nenadi\u0107-Zurka","\u041f\u0440\u043e\u0446\u0435\u045a\u0435\u043d\u043e \u0432\u0440\u0435\u043c\u0435 \u0447\u0438\u0442\u0430\u045a\u0430":"2 \u043c\u0438\u043d\u0443\u0442\u0430","Written by":"Marija Nenadi\u0107-Zurka, Sorin Iordan"},"schema":{"@context":"https:\/\/schema.org","@graph":[{"@type":"Article","@id":"https:\/\/www.rri.ro\/sr\/aktuelnosti\/aktuelnosti-sr\/posledice-oluja-u-rumuniji-id1010662.html#article","isPartOf":{"@id":"https:\/\/www.rri.ro\/sr\/aktuelnosti\/aktuelnosti-sr\/posledice-oluja-u-rumuniji-id1010662.html"},"author":{"name":"Marija Nenadi\u0107-Zurka","@id":"https:\/\/www.rri.ro\/#\/schema\/person\/a3f1370886b657670704847e2f795e3e"},"headline":"Posledice oluja u Rumuniji","datePublished":"2026-04-27T11:49:09+00:00","mainEntityOfPage":{"@id":"https:\/\/www.rri.ro\/sr\/aktuelnosti\/aktuelnosti-sr\/posledice-oluja-u-rumuniji-id1010662.html"},"wordCount":443,"image":{"@id":"https:\/\/www.rri.ro\/sr\/aktuelnosti\/aktuelnosti-sr\/posledice-oluja-u-rumuniji-id1010662.html#primaryimage"},"thumbnailUrl":"https:\/\/www.rri.ro\/wp-content\/uploads\/2026\/04\/furtuna-apr2026-acoperis-foto-fb-com-IGSU.jpg","articleSection":["Tema dana"],"inLanguage":"sr-RS"},{"@type":"WebPage","@id":"https:\/\/www.rri.ro\/sr\/aktuelnosti\/aktuelnosti-sr\/posledice-oluja-u-rumuniji-id1010662.html","url":"https:\/\/www.rri.ro\/sr\/aktuelnosti\/aktuelnosti-sr\/posledice-oluja-u-rumuniji-id1010662.html","name":"Posledice oluja u Rumuniji - RADIO RUMUNIJA INTERNACIONAL","isPartOf":{"@id":"https:\/\/www.rri.ro\/#website"},"primaryImageOfPage":{"@id":"https:\/\/www.rri.ro\/sr\/aktuelnosti\/aktuelnosti-sr\/posledice-oluja-u-rumuniji-id1010662.html#primaryimage"},"image":{"@id":"https:\/\/www.rri.ro\/sr\/aktuelnosti\/aktuelnosti-sr\/posledice-oluja-u-rumuniji-id1010662.html#primaryimage"},"thumbnailUrl":"https:\/\/www.rri.ro\/wp-content\/uploads\/2026\/04\/furtuna-apr2026-acoperis-foto-fb-com-IGSU.jpg","datePublished":"2026-04-27T11:49:09+00:00","author":{"@id":"https:\/\/www.rri.ro\/#\/schema\/person\/a3f1370886b657670704847e2f795e3e"},"breadcrumb":{"@id":"https:\/\/www.rri.ro\/sr\/aktuelnosti\/aktuelnosti-sr\/posledice-oluja-u-rumuniji-id1010662.html#breadcrumb"},"inLanguage":"sr-RS","potentialAction":[{"@type":"ReadAction","target":["https:\/\/www.rri.ro\/sr\/aktuelnosti\/aktuelnosti-sr\/posledice-oluja-u-rumuniji-id1010662.html"]}]},{"@type":"ImageObject","inLanguage":"sr-RS","@id":"https:\/\/www.rri.ro\/sr\/aktuelnosti\/aktuelnosti-sr\/posledice-oluja-u-rumuniji-id1010662.html#primaryimage","url":"https:\/\/www.rri.ro\/wp-content\/uploads\/2026\/04\/furtuna-apr2026-acoperis-foto-fb-com-IGSU.jpg","contentUrl":"https:\/\/www.rri.ro\/wp-content\/uploads\/2026\/04\/furtuna-apr2026-acoperis-foto-fb-com-IGSU.jpg","width":1280,"height":726,"caption":"Sursa foto: fb.com \/ IGSU"},{"@type":"BreadcrumbList","@id":"https:\/\/www.rri.ro\/sr\/aktuelnosti\/aktuelnosti-sr\/posledice-oluja-u-rumuniji-id1010662.html#breadcrumb","itemListElement":[{"@type":"ListItem","position":1,"name":"\u041f\u043e\u0447\u0435\u0442\u043d\u0430 \u0441\u0442\u0440\u0430\u043d\u0438\u0446\u0430","item":"https:\/\/www.rri.ro\/sr"},{"@type":"ListItem","position":2,"name":"Aktuelnosti","item":"https:\/\/www.rri.ro\/sr\/aktuelnosti"},{"@type":"ListItem","position":3,"name":"Tema dana","item":"https:\/\/www.rri.ro\/sr\/aktuelnosti\/aktuelnosti-sr"},{"@type":"ListItem","position":4,"name":"Posledice oluja u Rumuniji"}]},{"@type":"WebSite","@id":"https:\/\/www.rri.ro\/#website","url":"https:\/\/www.rri.ro\/","name":"RADIO RUMUNIJA INTERNACIONAL","description":"Totul despre Rom\u00e2nia \u015fi rom\u00e2ni, \u00een 13 limbi\/dialecte!","inLanguage":"sr-RS"},{"@type":"Person","@id":"https:\/\/www.rri.ro\/#\/schema\/person\/a3f1370886b657670704847e2f795e3e","name":"Marija Nenadi\u0107-Zurka","url":"https:\/\/www.rri.ro\/sr\/author\/marija-nenadic"}]}},"_links":{"self":[{"href":"https:\/\/www.rri.ro\/sr\/wp-json\/wp\/v2\/posts\/1010662","targetHints":{"allow":["GET"]}}],"collection":[{"href":"https:\/\/www.rri.ro\/sr\/wp-json\/wp\/v2\/posts"}],"about":[{"href":"https:\/\/www.rri.ro\/sr\/wp-json\/wp\/v2\/types\/post"}],"author":[{"embeddable":true,"href":"https:\/\/www.rri.ro\/sr\/wp-json\/wp\/v2\/users\/101"}],"replies":[{"embeddable":true,"href":"https:\/\/www.rri.ro\/sr\/wp-json\/wp\/v2\/comments?post=1010662"}],"version-history":[{"count":1,"href":"https:\/\/www.rri.ro\/sr\/wp-json\/wp\/v2\/posts\/1010662\/revisions"}],"predecessor-version":[{"id":1010663,"href":"https:\/\/www.rri.ro\/sr\/wp-json\/wp\/v2\/posts\/1010662\/revisions\/1010663"}],"wp:featuredmedia":[{"embeddable":true,"href":"https:\/\/www.rri.ro\/sr\/wp-json\/wp\/v2\/media\/1010507"}],"wp:attachment":[{"href":"https:\/\/www.rri.ro\/sr\/wp-json\/wp\/v2\/media?parent=1010662"}],"wp:term":[{"taxonomy":"category","embeddable":true,"href":"https:\/\/www.rri.ro\/sr\/wp-json\/wp\/v2\/categories?post=1010662"},{"taxonomy":"post_tag","embeddable":true,"href":"https:\/\/www.rri.ro\/sr\/wp-json\/wp\/v2\/tags?post=1010662"},{"taxonomy":"author","embeddable":true,"href":"https:\/\/www.rri.ro\/sr\/wp-json\/wp\/v2\/coauthors?post=1010662"}],"curies":[{"name":"wp","href":"https:\/\/api.w.org\/{rel}","templated":true}]}}