{"id":1010692,"date":"2026-04-27T18:19:59","date_gmt":"2026-04-27T15:19:59","guid":{"rendered":"https:\/\/www.rri.ro\/?p=1010692"},"modified":"2026-04-27T16:21:19","modified_gmt":"2026-04-27T13:21:19","slug":"vesti-27-04-2026","status":"publish","type":"post","link":"https:\/\/www.rri.ro\/sr\/aktuelnosti\/vesti\/vesti-27-04-2026-id1010692.html","title":{"rendered":"Vesti \u2013 27.04.2026"},"content":{"rendered":"<p>Socijaldemokratska stranka, koja je pro\u0161le nedelje povukla podr\u0161ku liberalnom premijeru i povukla svoje ministre iz kabineta, danas je objavila da, zajedno sa Alijansom za ujedinjenje Rumuna (populisti\u010dkom), podnosi predlog za izglasavanje nepoverenja izvr\u0161noj vlasti Bolo\u017eana. Saop\u0161tenje je dato tokom novih konsultacija \u0161efa dr\u017eave sa liderima proevropskih stranaka, uklju\u010dujuc\u0301i Socijaldemokratsku stranku. Teme razgovora odnosile su se na Nacionalni plan oporavka i otpornosti i program SAFE, u kojima su Socijaldemokratska stranka, Nacionalna liberalna partija, Unija spasimo Rumuniju i Demokratski savez Ma\u0111ara u Rumuniji pokazali spremnost za saradnju uprkos politi\u010dkim neslaganjima. Podsec\u0301amo da su socijaldemokrate optu\u017eile Ilija Bolo\u017eana za uni\u0161tavanje ekonomije i smanjenje kupovne moc\u0301i stanovni\u0161tva i zahtevale njegovu ostavku, izra\u017eavajuc\u0301i spremnost da nastave da vladaju u koaliciji sa Nacionalnom liberalnom strankom, Unijomspasimo Rumuniju i Demokratskim savezom Ma\u0111ara u Rumuniji, ali sa drugim premijerom. Ilije Bolo\u017ean je, me\u0111utim, najavio da c\u0301e nastaviti da vr\u0161i svoj mandat premijera kako bi osigurao stabilnost vlade i precizirao da su odgovornost zs dosada\u0161nje odluke, usmerene na smanjenje veoma velikog bud\u017eetskog deficita, preuzele sve stranke u koaliciji, uklju\u010dujuc\u0301i Socijaldemokrastsku stranku. Nakon ostavki ministara iz Socijaldemokratske stranke, Ilije Bolo\u017ean je izabrao prelazno re\u0161enje, kako bi izbegao blokadu u upravljanju zemljom, prema njegovim izjavama. To je re\u0161enje koje ne zahteva glasanje o potvrdi u parlamentu i omoguc\u0301ava izvr\u0161noj vlasti da ima puna ovla\u0161c\u0301enja 45 dana, ba\u0161 kao i ranije.<\/p>\n<p>Premijer Ilije Bolo\u017ean danas je razgovarao sa vr\u0161iocima du\u017enosti ministrima zdravlja, pravde, rada, poljoprivrede i saobrac\u0301aja o prioritetima za naredni period. Premijer, koji je i vr\u0161ilac du\u017enosti ministra energetike, \u017eeli da se aktivnosti ovih institucija, sa \u010dijeg rukovodstva su socijaldemokrate podnele ostavke, nastave bez problema. Zapravo, tokom dana\u0161njeg dana, ministri Socijaldemokratske stranke u ostavci su predstavili rezultate svojih mandata na konferencijama za novinare. S druge strane, ministri koji c\u0301e preuzeti ove resore vec\u0301 rade na razvoju novog Zakona o naknadama zaposlenih u javnom sektoru, na predlozima za povec\u0301anje starosne granice za penzionisanje vojnih i policijskih slu\u017ebenika i na projektima usmerenim na povec\u0301anje kapaciteta za skladi\u0161tenje i proizvodnju energije, zavr\u0161avanjem vec\u0301 zapo\u010detih investicija.<\/p>\n<p>Bud\u017eet Evropske unije i kriza na Bliskom istoku su glavne teme na dnevnom redu plenarne sednice Evropskog parlamenta, koja po\u010dinje danas. Poslanici Evropskog parlamenta raspravljaju o dugoro\u010dnom bud\u017eetu Evropske unije i \u017eele da zahtevaju povec\u0301anje sredstava za 10% za su\u0161tinske projekte. Evropski parlament \u017eeli vi\u0161e sredstava za bezbednost hrane i energije, odbranu, ali i za za\u0161titu granica. Ostale oblasti na koje se odnose bud\u017eetske raspodele u buduc\u0301em vi\u0161egodi\u0161njem finansijskom okviru su konkurentna ekonomija, koheziona politika i poljoprivreda. Istovremeno, poslanici Evropskog parlamenta poku\u0161avaju da prona\u0111u re\u0161enja za zaustavljanje rasta cena energije, u kontekstu sukoba na Istoku.<\/p>\n<p>Britanski kralj \u010carls zapo\u010deo je planiranu dr\u017eavnu posetu Sjedinjenim Ameri\u010dkim Dr\u017eavama u ponedeljak, nakon \u0161to je utvr\u0111eno da nema pretnje nakon pucnjave u Beloj kuc\u0301i tokom ve\u010dere za dopisnike kojoj je prisustvovao predsednik Donald Tramp. Bakingemska palata je najavila posetu nakon niza razgovora sa ameri\u010dkim zvani\u010dnicima. Prema Rojtersu, \u010detvorodnevna poseta kralja \u010carlsa ima za cilj ja\u010danje odnosa izme\u0111u Sjedinjenih Ameri\u010dkih Dr\u017eava i Britanije, uprkos nekoliko razlika, posebno oko rata na Bliskom istoku.<\/p>\n<p>Rumunija je, preko svojih najvi\u0161ih zvani\u010dnika, najo\u0161trije osudila kr\u0161enje vazdu\u0161nog prostora zemlje ruskim dronom. Dron je u subotu pogodio domac\u0301instvo i elektri\u010dni stub u op\u0161tini Galac, koja se nalazi blizu granice sa Ukrajinom. Ministarka spoljnih poslova Oana Coiu pozvala je ruskog ambasadora u Bukure\u0161tu u sedi\u0161te Ministarstva spoljnih poslova. Rumunska strana je izrazila \u010dvrst protest zbog ovog neprihvatljivog \u010dina, koji predstavlja kr\u0161enje suvereniteta Rumunije.<\/p>\n<p>&nbsp;<\/p>\n","protected":false},"excerpt":{"rendered":"<p>Socijaldemokratska stranka, koja je pro\u0161le nedelje povukla podr\u0161ku liberalnom premijeru i povukla svoje ministre iz kabineta, danas je objavila da, zajedno sa Alijansom za ujedinjenje Rumuna (populisti\u010dkom), podnosi predlog za izglasavanje nepoverenja izvr\u0161noj vlasti Bolo\u017eana. Saop\u0161tenje je dato tokom novih konsultacija \u0161efa dr\u017eave sa liderima proevropskih stranaka, uklju\u010dujuc\u0301i Socijaldemokratsku stranku. Teme razgovora odnosile su se [&hellip;]<\/p>\n","protected":false},"author":101,"featured_media":723484,"comment_status":"closed","ping_status":"closed","sticky":false,"template":"","format":"standard","meta":{"_acf_changed":false,"footnotes":""},"categories":[105434],"tags":[],"coauthors":[113245],"class_list":["post-1010692","post","type-post","status-publish","format-standard","has-post-thumbnail","hentry","category-vesti"],"acf":[],"yoast_head":"<!-- This site is optimized with the Yoast SEO plugin v27.3 - https:\/\/yoast.com\/product\/yoast-seo-wordpress\/ -->\n<title>Vesti \u2013 27.04.2026 - RADIO RUMUNIJA INTERNACIONAL<\/title>\n<meta name=\"robots\" content=\"index, follow, max-snippet:-1, max-image-preview:large, max-video-preview:-1\" \/>\n<link rel=\"canonical\" href=\"https:\/\/www.rri.ro\/sr\/aktuelnosti\/vesti\/vesti-27-04-2026-id1010692.html\" \/>\n<meta property=\"og:locale\" content=\"sr_RS\" \/>\n<meta property=\"og:type\" content=\"article\" \/>\n<meta property=\"og:title\" content=\"Vesti \u2013 27.04.2026 - RADIO RUMUNIJA INTERNACIONAL\" \/>\n<meta property=\"og:description\" content=\"Socijaldemokratska stranka, koja je pro\u0161le nedelje povukla podr\u0161ku liberalnom premijeru i povukla svoje ministre iz kabineta, danas je objavila da, zajedno sa Alijansom za ujedinjenje Rumuna (populisti\u010dkom), podnosi predlog za izglasavanje nepoverenja izvr\u0161noj vlasti Bolo\u017eana. Saop\u0161tenje je dato tokom novih konsultacija \u0161efa dr\u017eave sa liderima proevropskih stranaka, uklju\u010dujuc\u0301i Socijaldemokratsku stranku. Teme razgovora odnosile su se [&hellip;]\" \/>\n<meta property=\"og:url\" content=\"https:\/\/www.rri.ro\/sr\/aktuelnosti\/vesti\/vesti-27-04-2026-id1010692.html\" \/>\n<meta property=\"og:site_name\" content=\"RADIO RUMUNIJA INTERNACIONAL\" \/>\n<meta property=\"article:published_time\" content=\"2026-04-27T15:19:59+00:00\" \/>\n<meta property=\"og:image\" content=\"https:\/\/www.rri.ro\/wp-content\/uploads\/2024\/03\/RRI-960x540-Vesti-1-NOU.jpg\" \/>\n\t<meta property=\"og:image:width\" content=\"960\" \/>\n\t<meta property=\"og:image:height\" content=\"540\" \/>\n\t<meta property=\"og:image:type\" content=\"image\/jpeg\" \/>\n<meta name=\"author\" content=\"Marija Nenadi\u0107-Zurka\" \/>\n<meta name=\"twitter:card\" content=\"summary_large_image\" \/>\n<meta name=\"twitter:label1\" content=\"\u041d\u0430\u043f\u0438\u0441\u0430\u043d\u043e \u043e\u0434\" \/>\n\t<meta name=\"twitter:data1\" content=\"Marija Nenadi\u0107-Zurka\" \/>\n\t<meta name=\"twitter:label2\" content=\"\u041f\u0440\u043e\u0446\u0435\u045a\u0435\u043d\u043e \u0432\u0440\u0435\u043c\u0435 \u0447\u0438\u0442\u0430\u045a\u0430\" \/>\n\t<meta name=\"twitter:data2\" content=\"3 \u043c\u0438\u043d\u0443\u0442\u0430\" \/>\n\t<meta name=\"twitter:label3\" content=\"Written by\" \/>\n\t<meta name=\"twitter:data3\" content=\"Marija Nenadi\u0107-Zurka\" \/>\n<script type=\"application\/ld+json\" class=\"yoast-schema-graph\">{\"@context\":\"https:\\\/\\\/schema.org\",\"@graph\":[{\"@type\":\"Article\",\"@id\":\"https:\\\/\\\/www.rri.ro\\\/sr\\\/aktuelnosti\\\/vesti\\\/vesti-27-04-2026-id1010692.html#article\",\"isPartOf\":{\"@id\":\"https:\\\/\\\/www.rri.ro\\\/sr\\\/aktuelnosti\\\/vesti\\\/vesti-27-04-2026-id1010692.html\"},\"author\":{\"name\":\"Marija Nenadi\u0107-Zurka\",\"@id\":\"https:\\\/\\\/www.rri.ro\\\/#\\\/schema\\\/person\\\/a3f1370886b657670704847e2f795e3e\"},\"headline\":\"Vesti \u2013 27.04.2026\",\"datePublished\":\"2026-04-27T15:19:59+00:00\",\"mainEntityOfPage\":{\"@id\":\"https:\\\/\\\/www.rri.ro\\\/sr\\\/aktuelnosti\\\/vesti\\\/vesti-27-04-2026-id1010692.html\"},\"wordCount\":650,\"image\":{\"@id\":\"https:\\\/\\\/www.rri.ro\\\/sr\\\/aktuelnosti\\\/vesti\\\/vesti-27-04-2026-id1010692.html#primaryimage\"},\"thumbnailUrl\":\"https:\\\/\\\/www.rri.ro\\\/wp-content\\\/uploads\\\/2024\\\/03\\\/RRI-960x540-Vesti-1-NOU.jpg\",\"articleSection\":[\"Vesti\"],\"inLanguage\":\"sr-RS\"},{\"@type\":\"WebPage\",\"@id\":\"https:\\\/\\\/www.rri.ro\\\/sr\\\/aktuelnosti\\\/vesti\\\/vesti-27-04-2026-id1010692.html\",\"url\":\"https:\\\/\\\/www.rri.ro\\\/sr\\\/aktuelnosti\\\/vesti\\\/vesti-27-04-2026-id1010692.html\",\"name\":\"Vesti \u2013 27.04.2026 - RADIO RUMUNIJA INTERNACIONAL\",\"isPartOf\":{\"@id\":\"https:\\\/\\\/www.rri.ro\\\/#website\"},\"primaryImageOfPage\":{\"@id\":\"https:\\\/\\\/www.rri.ro\\\/sr\\\/aktuelnosti\\\/vesti\\\/vesti-27-04-2026-id1010692.html#primaryimage\"},\"image\":{\"@id\":\"https:\\\/\\\/www.rri.ro\\\/sr\\\/aktuelnosti\\\/vesti\\\/vesti-27-04-2026-id1010692.html#primaryimage\"},\"thumbnailUrl\":\"https:\\\/\\\/www.rri.ro\\\/wp-content\\\/uploads\\\/2024\\\/03\\\/RRI-960x540-Vesti-1-NOU.jpg\",\"datePublished\":\"2026-04-27T15:19:59+00:00\",\"author\":{\"@id\":\"https:\\\/\\\/www.rri.ro\\\/#\\\/schema\\\/person\\\/a3f1370886b657670704847e2f795e3e\"},\"breadcrumb\":{\"@id\":\"https:\\\/\\\/www.rri.ro\\\/sr\\\/aktuelnosti\\\/vesti\\\/vesti-27-04-2026-id1010692.html#breadcrumb\"},\"inLanguage\":\"sr-RS\",\"potentialAction\":[{\"@type\":\"ReadAction\",\"target\":[\"https:\\\/\\\/www.rri.ro\\\/sr\\\/aktuelnosti\\\/vesti\\\/vesti-27-04-2026-id1010692.html\"]}]},{\"@type\":\"ImageObject\",\"inLanguage\":\"sr-RS\",\"@id\":\"https:\\\/\\\/www.rri.ro\\\/sr\\\/aktuelnosti\\\/vesti\\\/vesti-27-04-2026-id1010692.html#primaryimage\",\"url\":\"https:\\\/\\\/www.rri.ro\\\/wp-content\\\/uploads\\\/2024\\\/03\\\/RRI-960x540-Vesti-1-NOU.jpg\",\"contentUrl\":\"https:\\\/\\\/www.rri.ro\\\/wp-content\\\/uploads\\\/2024\\\/03\\\/RRI-960x540-Vesti-1-NOU.jpg\",\"width\":960,\"height\":540},{\"@type\":\"BreadcrumbList\",\"@id\":\"https:\\\/\\\/www.rri.ro\\\/sr\\\/aktuelnosti\\\/vesti\\\/vesti-27-04-2026-id1010692.html#breadcrumb\",\"itemListElement\":[{\"@type\":\"ListItem\",\"position\":1,\"name\":\"\u041f\u043e\u0447\u0435\u0442\u043d\u0430 \u0441\u0442\u0440\u0430\u043d\u0438\u0446\u0430\",\"item\":\"https:\\\/\\\/www.rri.ro\\\/sr\"},{\"@type\":\"ListItem\",\"position\":2,\"name\":\"Actualitate\",\"item\":\"https:\\\/\\\/www.rri.ro\\\/actualitate\"},{\"@type\":\"ListItem\",\"position\":3,\"name\":\"Vesti\",\"item\":\"https:\\\/\\\/www.rri.ro\\\/sr\\\/aktuelnosti\\\/vesti\"},{\"@type\":\"ListItem\",\"position\":4,\"name\":\"Vesti \u2013 27.04.2026\"}]},{\"@type\":\"WebSite\",\"@id\":\"https:\\\/\\\/www.rri.ro\\\/#website\",\"url\":\"https:\\\/\\\/www.rri.ro\\\/\",\"name\":\"RADIO RUMUNIJA INTERNACIONAL\",\"description\":\"Totul despre Rom\u00e2nia \u015fi rom\u00e2ni, \u00een 13 limbi\\\/dialecte!\",\"inLanguage\":\"sr-RS\"},{\"@type\":\"Person\",\"@id\":\"https:\\\/\\\/www.rri.ro\\\/#\\\/schema\\\/person\\\/a3f1370886b657670704847e2f795e3e\",\"name\":\"Marija Nenadi\u0107-Zurka\",\"url\":\"https:\\\/\\\/www.rri.ro\\\/sr\\\/author\\\/marija-nenadic\"}]}<\/script>\n<!-- \/ Yoast SEO plugin. -->","yoast_head_json":{"title":"Vesti \u2013 27.04.2026 - RADIO RUMUNIJA INTERNACIONAL","robots":{"index":"index","follow":"follow","max-snippet":"max-snippet:-1","max-image-preview":"max-image-preview:large","max-video-preview":"max-video-preview:-1"},"canonical":"https:\/\/www.rri.ro\/sr\/aktuelnosti\/vesti\/vesti-27-04-2026-id1010692.html","og_locale":"sr_RS","og_type":"article","og_title":"Vesti \u2013 27.04.2026 - RADIO RUMUNIJA INTERNACIONAL","og_description":"Socijaldemokratska stranka, koja je pro\u0161le nedelje povukla podr\u0161ku liberalnom premijeru i povukla svoje ministre iz kabineta, danas je objavila da, zajedno sa Alijansom za ujedinjenje Rumuna (populisti\u010dkom), podnosi predlog za izglasavanje nepoverenja izvr\u0161noj vlasti Bolo\u017eana. Saop\u0161tenje je dato tokom novih konsultacija \u0161efa dr\u017eave sa liderima proevropskih stranaka, uklju\u010dujuc\u0301i Socijaldemokratsku stranku. Teme razgovora odnosile su se [&hellip;]","og_url":"https:\/\/www.rri.ro\/sr\/aktuelnosti\/vesti\/vesti-27-04-2026-id1010692.html","og_site_name":"RADIO RUMUNIJA INTERNACIONAL","article_published_time":"2026-04-27T15:19:59+00:00","og_image":[{"width":960,"height":540,"url":"https:\/\/www.rri.ro\/wp-content\/uploads\/2024\/03\/RRI-960x540-Vesti-1-NOU.jpg","type":"image\/jpeg"}],"author":"Marija Nenadi\u0107-Zurka","twitter_card":"summary_large_image","twitter_misc":{"\u041d\u0430\u043f\u0438\u0441\u0430\u043d\u043e \u043e\u0434":"Marija Nenadi\u0107-Zurka","\u041f\u0440\u043e\u0446\u0435\u045a\u0435\u043d\u043e \u0432\u0440\u0435\u043c\u0435 \u0447\u0438\u0442\u0430\u045a\u0430":"3 \u043c\u0438\u043d\u0443\u0442\u0430","Written by":"Marija Nenadi\u0107-Zurka"},"schema":{"@context":"https:\/\/schema.org","@graph":[{"@type":"Article","@id":"https:\/\/www.rri.ro\/sr\/aktuelnosti\/vesti\/vesti-27-04-2026-id1010692.html#article","isPartOf":{"@id":"https:\/\/www.rri.ro\/sr\/aktuelnosti\/vesti\/vesti-27-04-2026-id1010692.html"},"author":{"name":"Marija Nenadi\u0107-Zurka","@id":"https:\/\/www.rri.ro\/#\/schema\/person\/a3f1370886b657670704847e2f795e3e"},"headline":"Vesti \u2013 27.04.2026","datePublished":"2026-04-27T15:19:59+00:00","mainEntityOfPage":{"@id":"https:\/\/www.rri.ro\/sr\/aktuelnosti\/vesti\/vesti-27-04-2026-id1010692.html"},"wordCount":650,"image":{"@id":"https:\/\/www.rri.ro\/sr\/aktuelnosti\/vesti\/vesti-27-04-2026-id1010692.html#primaryimage"},"thumbnailUrl":"https:\/\/www.rri.ro\/wp-content\/uploads\/2024\/03\/RRI-960x540-Vesti-1-NOU.jpg","articleSection":["Vesti"],"inLanguage":"sr-RS"},{"@type":"WebPage","@id":"https:\/\/www.rri.ro\/sr\/aktuelnosti\/vesti\/vesti-27-04-2026-id1010692.html","url":"https:\/\/www.rri.ro\/sr\/aktuelnosti\/vesti\/vesti-27-04-2026-id1010692.html","name":"Vesti \u2013 27.04.2026 - RADIO RUMUNIJA INTERNACIONAL","isPartOf":{"@id":"https:\/\/www.rri.ro\/#website"},"primaryImageOfPage":{"@id":"https:\/\/www.rri.ro\/sr\/aktuelnosti\/vesti\/vesti-27-04-2026-id1010692.html#primaryimage"},"image":{"@id":"https:\/\/www.rri.ro\/sr\/aktuelnosti\/vesti\/vesti-27-04-2026-id1010692.html#primaryimage"},"thumbnailUrl":"https:\/\/www.rri.ro\/wp-content\/uploads\/2024\/03\/RRI-960x540-Vesti-1-NOU.jpg","datePublished":"2026-04-27T15:19:59+00:00","author":{"@id":"https:\/\/www.rri.ro\/#\/schema\/person\/a3f1370886b657670704847e2f795e3e"},"breadcrumb":{"@id":"https:\/\/www.rri.ro\/sr\/aktuelnosti\/vesti\/vesti-27-04-2026-id1010692.html#breadcrumb"},"inLanguage":"sr-RS","potentialAction":[{"@type":"ReadAction","target":["https:\/\/www.rri.ro\/sr\/aktuelnosti\/vesti\/vesti-27-04-2026-id1010692.html"]}]},{"@type":"ImageObject","inLanguage":"sr-RS","@id":"https:\/\/www.rri.ro\/sr\/aktuelnosti\/vesti\/vesti-27-04-2026-id1010692.html#primaryimage","url":"https:\/\/www.rri.ro\/wp-content\/uploads\/2024\/03\/RRI-960x540-Vesti-1-NOU.jpg","contentUrl":"https:\/\/www.rri.ro\/wp-content\/uploads\/2024\/03\/RRI-960x540-Vesti-1-NOU.jpg","width":960,"height":540},{"@type":"BreadcrumbList","@id":"https:\/\/www.rri.ro\/sr\/aktuelnosti\/vesti\/vesti-27-04-2026-id1010692.html#breadcrumb","itemListElement":[{"@type":"ListItem","position":1,"name":"\u041f\u043e\u0447\u0435\u0442\u043d\u0430 \u0441\u0442\u0440\u0430\u043d\u0438\u0446\u0430","item":"https:\/\/www.rri.ro\/sr"},{"@type":"ListItem","position":2,"name":"Actualitate","item":"https:\/\/www.rri.ro\/actualitate"},{"@type":"ListItem","position":3,"name":"Vesti","item":"https:\/\/www.rri.ro\/sr\/aktuelnosti\/vesti"},{"@type":"ListItem","position":4,"name":"Vesti \u2013 27.04.2026"}]},{"@type":"WebSite","@id":"https:\/\/www.rri.ro\/#website","url":"https:\/\/www.rri.ro\/","name":"RADIO RUMUNIJA INTERNACIONAL","description":"Totul despre Rom\u00e2nia \u015fi rom\u00e2ni, \u00een 13 limbi\/dialecte!","inLanguage":"sr-RS"},{"@type":"Person","@id":"https:\/\/www.rri.ro\/#\/schema\/person\/a3f1370886b657670704847e2f795e3e","name":"Marija Nenadi\u0107-Zurka","url":"https:\/\/www.rri.ro\/sr\/author\/marija-nenadic"}]}},"_links":{"self":[{"href":"https:\/\/www.rri.ro\/sr\/wp-json\/wp\/v2\/posts\/1010692","targetHints":{"allow":["GET"]}}],"collection":[{"href":"https:\/\/www.rri.ro\/sr\/wp-json\/wp\/v2\/posts"}],"about":[{"href":"https:\/\/www.rri.ro\/sr\/wp-json\/wp\/v2\/types\/post"}],"author":[{"embeddable":true,"href":"https:\/\/www.rri.ro\/sr\/wp-json\/wp\/v2\/users\/101"}],"replies":[{"embeddable":true,"href":"https:\/\/www.rri.ro\/sr\/wp-json\/wp\/v2\/comments?post=1010692"}],"version-history":[{"count":1,"href":"https:\/\/www.rri.ro\/sr\/wp-json\/wp\/v2\/posts\/1010692\/revisions"}],"predecessor-version":[{"id":1010693,"href":"https:\/\/www.rri.ro\/sr\/wp-json\/wp\/v2\/posts\/1010692\/revisions\/1010693"}],"wp:featuredmedia":[{"embeddable":true,"href":"https:\/\/www.rri.ro\/sr\/wp-json\/wp\/v2\/media\/723484"}],"wp:attachment":[{"href":"https:\/\/www.rri.ro\/sr\/wp-json\/wp\/v2\/media?parent=1010692"}],"wp:term":[{"taxonomy":"category","embeddable":true,"href":"https:\/\/www.rri.ro\/sr\/wp-json\/wp\/v2\/categories?post=1010692"},{"taxonomy":"post_tag","embeddable":true,"href":"https:\/\/www.rri.ro\/sr\/wp-json\/wp\/v2\/tags?post=1010692"},{"taxonomy":"author","embeddable":true,"href":"https:\/\/www.rri.ro\/sr\/wp-json\/wp\/v2\/coauthors?post=1010692"}],"curies":[{"name":"wp","href":"https:\/\/api.w.org\/{rel}","templated":true}]}}