{"id":1011068,"date":"2026-04-28T12:13:16","date_gmt":"2026-04-28T09:13:16","guid":{"rendered":"https:\/\/www.rri.ro\/?p=1011068"},"modified":"2026-04-28T12:18:58","modified_gmt":"2026-04-28T09:18:58","slug":"saradnja-socijaldemokratske-partije-psd-sa-alijansom-za-ujedinjenje-rumuna-aur-na-rusenju-vlade-rumunije-28-04-2026","status":"publish","type":"post","link":"https:\/\/www.rri.ro\/sr\/aktuelnosti\/aktuelnosti-sr\/saradnja-socijaldemokratske-partije-psd-sa-alijansom-za-ujedinjenje-rumuna-aur-na-rusenju-vlade-rumunije-28-04-2026-id1011068.html","title":{"rendered":"Saradnja Socijaldemokratske partije (PSD) sa Alijansom za ujedinjenje Rumuna (AUR) na ru\u0161enju vlade Rumunije (28.04.2026)"},"content":{"rendered":"<p>Najve\u0107a parlamentarna stranka Rumunije, Socijaldemokratska partija (PSD) i Alijansa za ujedinjenje Rumuna (AUR), najpopularnija stranka medju glasa\u010dima u sonda\u017eama, saop\u0161tile su da \u0107e ujedinjiti snage za ru\u0161enje manjinske vlade Nacionalne liberalne partije (PNL), Unije spasite Rumuniju (USR) i Demokratskog saveza Madjara u Rumuniji (UDMR) predvodjene liberalom Ilijom Bolo\u017eanuom. Socijaldemokrati su do nedavno bili u vladaju\u0107oj koaliciji, formiranoj sa ciljem da se izoluju ultranocionalisti, samozvani suverenistima, iz Alijanse za ujedinjenje Rumuna, ali su koaliciju napustili jer nisu vi\u0161e \u017eeleli Bolo\u017eanua na \u010delu vlade. Saop\u0161tenje da \u0107e socijaldemokrati i Alijansa za ujedinjenje Rumuna podneti inicijativu za nepoverenje vladi iznenadila je javnost jer vest nisu saop\u0161tili predsednici dve stranke, Sorin Grindeanu i Djordje Simion. U ponedeljak pre podne kada je saop\u0161tena ova namera, Grindeanu i Bolo\u017ean su u\u010destvovali na konsultacijama koje je zakazao predsednik dr\u017eave Niku\u0161or Dan sa proevropskim partijama. Kanije je Grindeanu objasnio da se ova zajedni\u010dka inicijativa sa Alijansom za ujedinjenje Rumuna odnosi isklju\u010divo na ru\u0161enje vlade Bolo\u017eanua, a ne na dalju saradnju socijademokrata sa populistima. On je pozvao socijaldemokratske prefekte i dr\u017eavne sekretare da u narednom periodu podnesu ostavke na ovim du\u017enostima, kako su pro\u0161le nedelje postupili svi socijaldemokratski ministri.<\/p>\n<p>Predsednik Alijanse za ujedinjenje Rumuna Djordje Simion je izjavio da je cilj pridru\u017eivanja inicijativi Socijaldemokrtske stranke ru\u0161enje vlade Bolo\u017eanua. Prema svemu sude\u0107i, ovoj inicijativi pridru\u017ei\u0107e se i drugi suverenisti iz Parlamenta. Do sada su Socijaldemokratska stranka i Alijansa za ujedinjenje Rumuna deklarativno isklju\u010dile svaku mogu\u0107nost saradnje. Nacionalna liberalna partija (PNL) reagovala je izjavom da su socijaldemokrati ozvani\u010dili saradnju sa Alijansom za ujedinjenje Rumuna i da su dokazali neodgovornost. Liberali su javili da ako \u0107e socijaldemokrati u\u010destvovati u ru\u0161enju proevropske vlade, dalja saradnja sa ovom strankom je isklju\u010dena. Socijaldemokratska partija, koja je podrivala vlast i prekr\u0161ila sve zajedno donete odluke tra\u017eila je saveznika sa velikim \u0161ansama da sru\u0161i vladu i sa druge strane sprema se za novu alijansu i sada smo de fakto svedoci nove koalicije u osnivanju, izjavio je Ilije Bolo\u017ean. Lider Unije spasite rumuniju (USR) Dominik Fric isklju\u010dio je svaku mogu\u0107nost saradnje sa Socijaldemokratskom strankom ako \u0107e socijaldemokrati glasati za nepoverenje vladi.<\/p>\n<p>Politi\u010dki lideri razmi\u0161ljaju i o eventualnim prevremenim izborima. Alijansa za ujedinjenje Rumuna inistira na prevremenima izbora jo\u0161 od decembra 2024. godine, kada je Ustavni sud poni\u0161tio predsedni\u010dke izbore zbog inostranog me\u0161anja u korist proruskog ekstremiste Kalina Djordjeskua, koji je konstantno u\u017eivao podr\u0161ku ove stranke. Rojters i Blumberg navode da se Socijaldemokratska partija, najve\u0107a stranka rumunskog parlamenta, udru\u017eila sa ekstremnom desnicom da bi sru\u0161ila prozapadnu vladu, ugro\u017eavaju\u0107i pristup zemlje fondovima Evropske unije i suvereni rejting zemlje. Za izglasavanje nepoverenja vladi potrebno je 233 glasa.<\/p>\n","protected":false},"excerpt":{"rendered":"<p>Najve\u0107a parlamentarna stranka Rumunije, Socijaldemokratska partija (PSD) i Alijansa za ujedinjenje Rumuna (AUR), najpopularnija stranka medju glasa\u010dima u sonda\u017eama, saop\u0161tile su da \u0107e ujedinjiti snage za ru\u0161enje manjinske vlade Nacionalne liberalne partije (PNL), Unije spasite Rumuniju (USR) i Demokratskog saveza Madjara u Rumuniji (UDMR) predvodjene liberalom Ilijom Bolo\u017eanuom. Socijaldemokrati su do nedavno bili u vladaju\u0107oj [&hellip;]<\/p>\n","protected":false},"author":110,"featured_media":833012,"comment_status":"closed","ping_status":"closed","sticky":false,"template":"","format":"standard","meta":{"_acf_changed":false,"footnotes":""},"categories":[139553],"tags":[149441,189854,146735],"coauthors":[113257],"class_list":["post-1011068","post","type-post","status-publish","format-standard","has-post-thumbnail","hentry","category-aktuelnosti-sr","tag-djordje-simion","tag-inicijativa-za-glasanje-nepoverenja-vladi","tag-sorin-grindeanu-sr"],"acf":[],"yoast_head":"<!-- This site is optimized with the Yoast SEO plugin v27.5 - https:\/\/yoast.com\/product\/yoast-seo-wordpress\/ -->\n<title>Saradnja Socijaldemokratske partije (PSD) sa Alijansom za ujedinjenje Rumuna (AUR) na ru\u0161enju vlade Rumunije (28.04.2026) - RADIO RUMUNIJA INTERNACIONAL<\/title>\n<meta name=\"robots\" content=\"index, follow, max-snippet:-1, max-image-preview:large, max-video-preview:-1\" \/>\n<link rel=\"canonical\" href=\"https:\/\/www.rri.ro\/sr\/aktuelnosti\/aktuelnosti-sr\/saradnja-socijaldemokratske-partije-psd-sa-alijansom-za-ujedinjenje-rumuna-aur-na-rusenju-vlade-rumunije-28-04-2026-id1011068.html\" \/>\n<meta property=\"og:locale\" content=\"sr_RS\" \/>\n<meta property=\"og:type\" content=\"article\" \/>\n<meta property=\"og:title\" content=\"Saradnja Socijaldemokratske partije (PSD) sa Alijansom za ujedinjenje Rumuna (AUR) na ru\u0161enju vlade Rumunije (28.04.2026) - RADIO RUMUNIJA INTERNACIONAL\" \/>\n<meta property=\"og:description\" content=\"Najve\u0107a parlamentarna stranka Rumunije, Socijaldemokratska partija (PSD) i Alijansa za ujedinjenje Rumuna (AUR), najpopularnija stranka medju glasa\u010dima u sonda\u017eama, saop\u0161tile su da \u0107e ujedinjiti snage za ru\u0161enje manjinske vlade Nacionalne liberalne partije (PNL), Unije spasite Rumuniju (USR) i Demokratskog saveza Madjara u Rumuniji (UDMR) predvodjene liberalom Ilijom Bolo\u017eanuom. Socijaldemokrati su do nedavno bili u vladaju\u0107oj [&hellip;]\" \/>\n<meta property=\"og:url\" content=\"https:\/\/www.rri.ro\/sr\/aktuelnosti\/aktuelnosti-sr\/saradnja-socijaldemokratske-partije-psd-sa-alijansom-za-ujedinjenje-rumuna-aur-na-rusenju-vlade-rumunije-28-04-2026-id1011068.html\" \/>\n<meta property=\"og:site_name\" content=\"RADIO RUMUNIJA INTERNACIONAL\" \/>\n<meta property=\"article:published_time\" content=\"2026-04-28T09:13:16+00:00\" \/>\n<meta property=\"article:modified_time\" content=\"2026-04-28T09:18:58+00:00\" \/>\n<meta property=\"og:image\" content=\"https:\/\/www.rri.ro\/wp-content\/uploads\/2024\/11\/palatul-Victoria-guvern-foto-gov-ro.jpg\" \/>\n\t<meta property=\"og:image:width\" content=\"960\" \/>\n\t<meta property=\"og:image:height\" content=\"540\" \/>\n\t<meta property=\"og:image:type\" content=\"image\/jpeg\" \/>\n<meta name=\"author\" content=\"\u015etefan Stoica\" \/>\n<meta name=\"twitter:card\" content=\"summary_large_image\" \/>\n<meta name=\"twitter:label1\" content=\"\u041d\u0430\u043f\u0438\u0441\u0430\u043d\u043e \u043e\u0434\" \/>\n\t<meta name=\"twitter:data1\" content=\"\u015etefan Stoica\" \/>\n\t<meta name=\"twitter:label2\" content=\"\u041f\u0440\u043e\u0446\u0435\u045a\u0435\u043d\u043e \u0432\u0440\u0435\u043c\u0435 \u0447\u0438\u0442\u0430\u045a\u0430\" \/>\n\t<meta name=\"twitter:data2\" content=\"2 \u043c\u0438\u043d\u0443\u0442\u0430\" \/>\n\t<meta name=\"twitter:label3\" content=\"Written by\" \/>\n\t<meta name=\"twitter:data3\" content=\"\u015etefan Stoica\" \/>\n<script type=\"application\/ld+json\" class=\"yoast-schema-graph\">{\"@context\":\"https:\\\/\\\/schema.org\",\"@graph\":[{\"@type\":\"Article\",\"@id\":\"https:\\\/\\\/www.rri.ro\\\/sr\\\/aktuelnosti\\\/aktuelnosti-sr\\\/saradnja-socijaldemokratske-partije-psd-sa-alijansom-za-ujedinjenje-rumuna-aur-na-rusenju-vlade-rumunije-28-04-2026-id1011068.html#article\",\"isPartOf\":{\"@id\":\"https:\\\/\\\/www.rri.ro\\\/sr\\\/aktuelnosti\\\/aktuelnosti-sr\\\/saradnja-socijaldemokratske-partije-psd-sa-alijansom-za-ujedinjenje-rumuna-aur-na-rusenju-vlade-rumunije-28-04-2026-id1011068.html\"},\"author\":{\"name\":\"\u015etefan Stoica\",\"@id\":\"https:\\\/\\\/www.rri.ro\\\/#\\\/schema\\\/person\\\/2d81d5dc94d44190d13245f64551d334\"},\"headline\":\"Saradnja Socijaldemokratske partije (PSD) sa Alijansom za ujedinjenje Rumuna (AUR) na ru\u0161enju vlade Rumunije (28.04.2026)\",\"datePublished\":\"2026-04-28T09:13:16+00:00\",\"dateModified\":\"2026-04-28T09:18:58+00:00\",\"mainEntityOfPage\":{\"@id\":\"https:\\\/\\\/www.rri.ro\\\/sr\\\/aktuelnosti\\\/aktuelnosti-sr\\\/saradnja-socijaldemokratske-partije-psd-sa-alijansom-za-ujedinjenje-rumuna-aur-na-rusenju-vlade-rumunije-28-04-2026-id1011068.html\"},\"wordCount\":492,\"image\":{\"@id\":\"https:\\\/\\\/www.rri.ro\\\/sr\\\/aktuelnosti\\\/aktuelnosti-sr\\\/saradnja-socijaldemokratske-partije-psd-sa-alijansom-za-ujedinjenje-rumuna-aur-na-rusenju-vlade-rumunije-28-04-2026-id1011068.html#primaryimage\"},\"thumbnailUrl\":\"https:\\\/\\\/www.rri.ro\\\/wp-content\\\/uploads\\\/2024\\\/11\\\/palatul-Victoria-guvern-foto-gov-ro.jpg\",\"keywords\":[\"Djordje Simion\",\"Inicijativa za glasanje nepoverenja vladi\",\"Sorin Grindeanu\"],\"articleSection\":[\"Tema dana\"],\"inLanguage\":\"sr-RS\"},{\"@type\":\"WebPage\",\"@id\":\"https:\\\/\\\/www.rri.ro\\\/sr\\\/aktuelnosti\\\/aktuelnosti-sr\\\/saradnja-socijaldemokratske-partije-psd-sa-alijansom-za-ujedinjenje-rumuna-aur-na-rusenju-vlade-rumunije-28-04-2026-id1011068.html\",\"url\":\"https:\\\/\\\/www.rri.ro\\\/sr\\\/aktuelnosti\\\/aktuelnosti-sr\\\/saradnja-socijaldemokratske-partije-psd-sa-alijansom-za-ujedinjenje-rumuna-aur-na-rusenju-vlade-rumunije-28-04-2026-id1011068.html\",\"name\":\"Saradnja Socijaldemokratske partije (PSD) sa Alijansom za ujedinjenje Rumuna (AUR) na ru\u0161enju vlade Rumunije (28.04.2026) - RADIO RUMUNIJA INTERNACIONAL\",\"isPartOf\":{\"@id\":\"https:\\\/\\\/www.rri.ro\\\/#website\"},\"primaryImageOfPage\":{\"@id\":\"https:\\\/\\\/www.rri.ro\\\/sr\\\/aktuelnosti\\\/aktuelnosti-sr\\\/saradnja-socijaldemokratske-partije-psd-sa-alijansom-za-ujedinjenje-rumuna-aur-na-rusenju-vlade-rumunije-28-04-2026-id1011068.html#primaryimage\"},\"image\":{\"@id\":\"https:\\\/\\\/www.rri.ro\\\/sr\\\/aktuelnosti\\\/aktuelnosti-sr\\\/saradnja-socijaldemokratske-partije-psd-sa-alijansom-za-ujedinjenje-rumuna-aur-na-rusenju-vlade-rumunije-28-04-2026-id1011068.html#primaryimage\"},\"thumbnailUrl\":\"https:\\\/\\\/www.rri.ro\\\/wp-content\\\/uploads\\\/2024\\\/11\\\/palatul-Victoria-guvern-foto-gov-ro.jpg\",\"datePublished\":\"2026-04-28T09:13:16+00:00\",\"dateModified\":\"2026-04-28T09:18:58+00:00\",\"author\":{\"@id\":\"https:\\\/\\\/www.rri.ro\\\/#\\\/schema\\\/person\\\/2d81d5dc94d44190d13245f64551d334\"},\"breadcrumb\":{\"@id\":\"https:\\\/\\\/www.rri.ro\\\/sr\\\/aktuelnosti\\\/aktuelnosti-sr\\\/saradnja-socijaldemokratske-partije-psd-sa-alijansom-za-ujedinjenje-rumuna-aur-na-rusenju-vlade-rumunije-28-04-2026-id1011068.html#breadcrumb\"},\"inLanguage\":\"sr-RS\",\"potentialAction\":[{\"@type\":\"ReadAction\",\"target\":[\"https:\\\/\\\/www.rri.ro\\\/sr\\\/aktuelnosti\\\/aktuelnosti-sr\\\/saradnja-socijaldemokratske-partije-psd-sa-alijansom-za-ujedinjenje-rumuna-aur-na-rusenju-vlade-rumunije-28-04-2026-id1011068.html\"]}]},{\"@type\":\"ImageObject\",\"inLanguage\":\"sr-RS\",\"@id\":\"https:\\\/\\\/www.rri.ro\\\/sr\\\/aktuelnosti\\\/aktuelnosti-sr\\\/saradnja-socijaldemokratske-partije-psd-sa-alijansom-za-ujedinjenje-rumuna-aur-na-rusenju-vlade-rumunije-28-04-2026-id1011068.html#primaryimage\",\"url\":\"https:\\\/\\\/www.rri.ro\\\/wp-content\\\/uploads\\\/2024\\\/11\\\/palatul-Victoria-guvern-foto-gov-ro.jpg\",\"contentUrl\":\"https:\\\/\\\/www.rri.ro\\\/wp-content\\\/uploads\\\/2024\\\/11\\\/palatul-Victoria-guvern-foto-gov-ro.jpg\",\"width\":960,\"height\":540,\"caption\":\"\"},{\"@type\":\"BreadcrumbList\",\"@id\":\"https:\\\/\\\/www.rri.ro\\\/sr\\\/aktuelnosti\\\/aktuelnosti-sr\\\/saradnja-socijaldemokratske-partije-psd-sa-alijansom-za-ujedinjenje-rumuna-aur-na-rusenju-vlade-rumunije-28-04-2026-id1011068.html#breadcrumb\",\"itemListElement\":[{\"@type\":\"ListItem\",\"position\":1,\"name\":\"\u041f\u043e\u0447\u0435\u0442\u043d\u0430 \u0441\u0442\u0440\u0430\u043d\u0438\u0446\u0430\",\"item\":\"https:\\\/\\\/www.rri.ro\\\/sr\"},{\"@type\":\"ListItem\",\"position\":2,\"name\":\"Aktuelnosti\",\"item\":\"https:\\\/\\\/www.rri.ro\\\/sr\\\/aktuelnosti\"},{\"@type\":\"ListItem\",\"position\":3,\"name\":\"Tema dana\",\"item\":\"https:\\\/\\\/www.rri.ro\\\/sr\\\/aktuelnosti\\\/aktuelnosti-sr\"},{\"@type\":\"ListItem\",\"position\":4,\"name\":\"Saradnja Socijaldemokratske partije (PSD) sa Alijansom za ujedinjenje Rumuna (AUR) na ru\u0161enju vlade Rumunije (28.04.2026)\"}]},{\"@type\":\"WebSite\",\"@id\":\"https:\\\/\\\/www.rri.ro\\\/#website\",\"url\":\"https:\\\/\\\/www.rri.ro\\\/\",\"name\":\"RADIO RUMUNIJA INTERNACIONAL\",\"description\":\"Totul despre Rom\u00e2nia \u015fi rom\u00e2ni, \u00een 13 limbi\\\/dialecte!\",\"inLanguage\":\"sr-RS\"},{\"@type\":\"Person\",\"@id\":\"https:\\\/\\\/www.rri.ro\\\/#\\\/schema\\\/person\\\/2d81d5dc94d44190d13245f64551d334\",\"name\":\"\u015etefan Stoica\",\"url\":\"https:\\\/\\\/www.rri.ro\\\/sr\\\/author\\\/stefan-stoica\"}]}<\/script>\n<!-- \/ Yoast SEO plugin. -->","yoast_head_json":{"title":"Saradnja Socijaldemokratske partije (PSD) sa Alijansom za ujedinjenje Rumuna (AUR) na ru\u0161enju vlade Rumunije (28.04.2026) - RADIO RUMUNIJA INTERNACIONAL","robots":{"index":"index","follow":"follow","max-snippet":"max-snippet:-1","max-image-preview":"max-image-preview:large","max-video-preview":"max-video-preview:-1"},"canonical":"https:\/\/www.rri.ro\/sr\/aktuelnosti\/aktuelnosti-sr\/saradnja-socijaldemokratske-partije-psd-sa-alijansom-za-ujedinjenje-rumuna-aur-na-rusenju-vlade-rumunije-28-04-2026-id1011068.html","og_locale":"sr_RS","og_type":"article","og_title":"Saradnja Socijaldemokratske partije (PSD) sa Alijansom za ujedinjenje Rumuna (AUR) na ru\u0161enju vlade Rumunije (28.04.2026) - RADIO RUMUNIJA INTERNACIONAL","og_description":"Najve\u0107a parlamentarna stranka Rumunije, Socijaldemokratska partija (PSD) i Alijansa za ujedinjenje Rumuna (AUR), najpopularnija stranka medju glasa\u010dima u sonda\u017eama, saop\u0161tile su da \u0107e ujedinjiti snage za ru\u0161enje manjinske vlade Nacionalne liberalne partije (PNL), Unije spasite Rumuniju (USR) i Demokratskog saveza Madjara u Rumuniji (UDMR) predvodjene liberalom Ilijom Bolo\u017eanuom. Socijaldemokrati su do nedavno bili u vladaju\u0107oj [&hellip;]","og_url":"https:\/\/www.rri.ro\/sr\/aktuelnosti\/aktuelnosti-sr\/saradnja-socijaldemokratske-partije-psd-sa-alijansom-za-ujedinjenje-rumuna-aur-na-rusenju-vlade-rumunije-28-04-2026-id1011068.html","og_site_name":"RADIO RUMUNIJA INTERNACIONAL","article_published_time":"2026-04-28T09:13:16+00:00","article_modified_time":"2026-04-28T09:18:58+00:00","og_image":[{"width":960,"height":540,"url":"https:\/\/www.rri.ro\/wp-content\/uploads\/2024\/11\/palatul-Victoria-guvern-foto-gov-ro.jpg","type":"image\/jpeg"}],"author":"\u015etefan Stoica","twitter_card":"summary_large_image","twitter_misc":{"\u041d\u0430\u043f\u0438\u0441\u0430\u043d\u043e \u043e\u0434":"\u015etefan Stoica","\u041f\u0440\u043e\u0446\u0435\u045a\u0435\u043d\u043e \u0432\u0440\u0435\u043c\u0435 \u0447\u0438\u0442\u0430\u045a\u0430":"2 \u043c\u0438\u043d\u0443\u0442\u0430","Written by":"\u015etefan Stoica"},"schema":{"@context":"https:\/\/schema.org","@graph":[{"@type":"Article","@id":"https:\/\/www.rri.ro\/sr\/aktuelnosti\/aktuelnosti-sr\/saradnja-socijaldemokratske-partije-psd-sa-alijansom-za-ujedinjenje-rumuna-aur-na-rusenju-vlade-rumunije-28-04-2026-id1011068.html#article","isPartOf":{"@id":"https:\/\/www.rri.ro\/sr\/aktuelnosti\/aktuelnosti-sr\/saradnja-socijaldemokratske-partije-psd-sa-alijansom-za-ujedinjenje-rumuna-aur-na-rusenju-vlade-rumunije-28-04-2026-id1011068.html"},"author":{"name":"\u015etefan Stoica","@id":"https:\/\/www.rri.ro\/#\/schema\/person\/2d81d5dc94d44190d13245f64551d334"},"headline":"Saradnja Socijaldemokratske partije (PSD) sa Alijansom za ujedinjenje Rumuna (AUR) na ru\u0161enju vlade Rumunije (28.04.2026)","datePublished":"2026-04-28T09:13:16+00:00","dateModified":"2026-04-28T09:18:58+00:00","mainEntityOfPage":{"@id":"https:\/\/www.rri.ro\/sr\/aktuelnosti\/aktuelnosti-sr\/saradnja-socijaldemokratske-partije-psd-sa-alijansom-za-ujedinjenje-rumuna-aur-na-rusenju-vlade-rumunije-28-04-2026-id1011068.html"},"wordCount":492,"image":{"@id":"https:\/\/www.rri.ro\/sr\/aktuelnosti\/aktuelnosti-sr\/saradnja-socijaldemokratske-partije-psd-sa-alijansom-za-ujedinjenje-rumuna-aur-na-rusenju-vlade-rumunije-28-04-2026-id1011068.html#primaryimage"},"thumbnailUrl":"https:\/\/www.rri.ro\/wp-content\/uploads\/2024\/11\/palatul-Victoria-guvern-foto-gov-ro.jpg","keywords":["Djordje Simion","Inicijativa za glasanje nepoverenja vladi","Sorin Grindeanu"],"articleSection":["Tema dana"],"inLanguage":"sr-RS"},{"@type":"WebPage","@id":"https:\/\/www.rri.ro\/sr\/aktuelnosti\/aktuelnosti-sr\/saradnja-socijaldemokratske-partije-psd-sa-alijansom-za-ujedinjenje-rumuna-aur-na-rusenju-vlade-rumunije-28-04-2026-id1011068.html","url":"https:\/\/www.rri.ro\/sr\/aktuelnosti\/aktuelnosti-sr\/saradnja-socijaldemokratske-partije-psd-sa-alijansom-za-ujedinjenje-rumuna-aur-na-rusenju-vlade-rumunije-28-04-2026-id1011068.html","name":"Saradnja Socijaldemokratske partije (PSD) sa Alijansom za ujedinjenje Rumuna (AUR) na ru\u0161enju vlade Rumunije (28.04.2026) - RADIO RUMUNIJA INTERNACIONAL","isPartOf":{"@id":"https:\/\/www.rri.ro\/#website"},"primaryImageOfPage":{"@id":"https:\/\/www.rri.ro\/sr\/aktuelnosti\/aktuelnosti-sr\/saradnja-socijaldemokratske-partije-psd-sa-alijansom-za-ujedinjenje-rumuna-aur-na-rusenju-vlade-rumunije-28-04-2026-id1011068.html#primaryimage"},"image":{"@id":"https:\/\/www.rri.ro\/sr\/aktuelnosti\/aktuelnosti-sr\/saradnja-socijaldemokratske-partije-psd-sa-alijansom-za-ujedinjenje-rumuna-aur-na-rusenju-vlade-rumunije-28-04-2026-id1011068.html#primaryimage"},"thumbnailUrl":"https:\/\/www.rri.ro\/wp-content\/uploads\/2024\/11\/palatul-Victoria-guvern-foto-gov-ro.jpg","datePublished":"2026-04-28T09:13:16+00:00","dateModified":"2026-04-28T09:18:58+00:00","author":{"@id":"https:\/\/www.rri.ro\/#\/schema\/person\/2d81d5dc94d44190d13245f64551d334"},"breadcrumb":{"@id":"https:\/\/www.rri.ro\/sr\/aktuelnosti\/aktuelnosti-sr\/saradnja-socijaldemokratske-partije-psd-sa-alijansom-za-ujedinjenje-rumuna-aur-na-rusenju-vlade-rumunije-28-04-2026-id1011068.html#breadcrumb"},"inLanguage":"sr-RS","potentialAction":[{"@type":"ReadAction","target":["https:\/\/www.rri.ro\/sr\/aktuelnosti\/aktuelnosti-sr\/saradnja-socijaldemokratske-partije-psd-sa-alijansom-za-ujedinjenje-rumuna-aur-na-rusenju-vlade-rumunije-28-04-2026-id1011068.html"]}]},{"@type":"ImageObject","inLanguage":"sr-RS","@id":"https:\/\/www.rri.ro\/sr\/aktuelnosti\/aktuelnosti-sr\/saradnja-socijaldemokratske-partije-psd-sa-alijansom-za-ujedinjenje-rumuna-aur-na-rusenju-vlade-rumunije-28-04-2026-id1011068.html#primaryimage","url":"https:\/\/www.rri.ro\/wp-content\/uploads\/2024\/11\/palatul-Victoria-guvern-foto-gov-ro.jpg","contentUrl":"https:\/\/www.rri.ro\/wp-content\/uploads\/2024\/11\/palatul-Victoria-guvern-foto-gov-ro.jpg","width":960,"height":540,"caption":""},{"@type":"BreadcrumbList","@id":"https:\/\/www.rri.ro\/sr\/aktuelnosti\/aktuelnosti-sr\/saradnja-socijaldemokratske-partije-psd-sa-alijansom-za-ujedinjenje-rumuna-aur-na-rusenju-vlade-rumunije-28-04-2026-id1011068.html#breadcrumb","itemListElement":[{"@type":"ListItem","position":1,"name":"\u041f\u043e\u0447\u0435\u0442\u043d\u0430 \u0441\u0442\u0440\u0430\u043d\u0438\u0446\u0430","item":"https:\/\/www.rri.ro\/sr"},{"@type":"ListItem","position":2,"name":"Aktuelnosti","item":"https:\/\/www.rri.ro\/sr\/aktuelnosti"},{"@type":"ListItem","position":3,"name":"Tema dana","item":"https:\/\/www.rri.ro\/sr\/aktuelnosti\/aktuelnosti-sr"},{"@type":"ListItem","position":4,"name":"Saradnja Socijaldemokratske partije (PSD) sa Alijansom za ujedinjenje Rumuna (AUR) na ru\u0161enju vlade Rumunije (28.04.2026)"}]},{"@type":"WebSite","@id":"https:\/\/www.rri.ro\/#website","url":"https:\/\/www.rri.ro\/","name":"RADIO RUMUNIJA INTERNACIONAL","description":"Totul despre Rom\u00e2nia \u015fi rom\u00e2ni, \u00een 13 limbi\/dialecte!","inLanguage":"sr-RS"},{"@type":"Person","@id":"https:\/\/www.rri.ro\/#\/schema\/person\/2d81d5dc94d44190d13245f64551d334","name":"\u015etefan Stoica","url":"https:\/\/www.rri.ro\/sr\/author\/stefan-stoica"}]}},"_links":{"self":[{"href":"https:\/\/www.rri.ro\/sr\/wp-json\/wp\/v2\/posts\/1011068","targetHints":{"allow":["GET"]}}],"collection":[{"href":"https:\/\/www.rri.ro\/sr\/wp-json\/wp\/v2\/posts"}],"about":[{"href":"https:\/\/www.rri.ro\/sr\/wp-json\/wp\/v2\/types\/post"}],"author":[{"embeddable":true,"href":"https:\/\/www.rri.ro\/sr\/wp-json\/wp\/v2\/users\/110"}],"replies":[{"embeddable":true,"href":"https:\/\/www.rri.ro\/sr\/wp-json\/wp\/v2\/comments?post=1011068"}],"version-history":[{"count":0,"href":"https:\/\/www.rri.ro\/sr\/wp-json\/wp\/v2\/posts\/1011068\/revisions"}],"wp:featuredmedia":[{"embeddable":true,"href":"https:\/\/www.rri.ro\/sr\/wp-json\/wp\/v2\/media\/833012"}],"wp:attachment":[{"href":"https:\/\/www.rri.ro\/sr\/wp-json\/wp\/v2\/media?parent=1011068"}],"wp:term":[{"taxonomy":"category","embeddable":true,"href":"https:\/\/www.rri.ro\/sr\/wp-json\/wp\/v2\/categories?post=1011068"},{"taxonomy":"post_tag","embeddable":true,"href":"https:\/\/www.rri.ro\/sr\/wp-json\/wp\/v2\/tags?post=1011068"},{"taxonomy":"author","embeddable":true,"href":"https:\/\/www.rri.ro\/sr\/wp-json\/wp\/v2\/coauthors?post=1011068"}],"curies":[{"name":"wp","href":"https:\/\/api.w.org\/{rel}","templated":true}]}}