{"id":1011074,"date":"2026-04-28T12:30:31","date_gmt":"2026-04-28T09:30:31","guid":{"rendered":"https:\/\/www.rri.ro\/?p=1011074"},"modified":"2026-04-28T12:30:31","modified_gmt":"2026-04-28T09:30:31","slug":"rumunsko-americko-partnerstvo-u-domenu-odbrane","status":"publish","type":"post","link":"https:\/\/www.rri.ro\/sr\/aktuelnosti\/aktuelnosti-sr\/rumunsko-americko-partnerstvo-u-domenu-odbrane-id1011074.html","title":{"rendered":"Rumunsko-ameri\u010dko partnerstvo u domenu odbrane"},"content":{"rendered":"<p>Potrebno je unaprediti strate\u0161ko partnerstvo izme\u0111u Rumunije i Sjedinjenih Ameri\u010dkih Dr\u017eava \u2013 napisao je predsednik Niku\u0161or Dan na mre\u017ei X, nakon sastanka odr\u017eanog u ponedeljak sa sekretarom vojske Sjedinjenih Ameri\u010dkih Dr\u017eava, Danijelom P. Driskolom. Bukure\u0161t je spreman da ula\u017ee vi\u0161e u sopstvenu bezbednost i bezbednost Severnoatlantske alijanse \u2013 istakao je \u0161ef dr\u017eave, koji je precizirao da Rumunija nastavlja da bude najpouzdaniji partner i saveznik Sjedinjenih Ameri\u010dkih Dr\u017eava u Crnom moru, gde izazovi i rizici imaju tendenciju da se povec\u0301avaju, uti\u010duc\u0301i na evroatlantsku bezbednost.<\/p>\n<p>Ministarka spoljnih poslova, Oana Coju, tako\u0111e je, nakon sastanka sa ameri\u010dkim zvani\u010dnikom, naglasila da bilateralno strate\u0161ko partnerstvo ostaje neophodno za bezbednost Rumunije, zala\u017euc\u0301i se za ubrzanje zajedni\u010dkih investicija. \u201eRazgovarali smo o veoma va\u017enim temama za bezbednost Rumunije, od zna\u010daja ameri\u010dkog vojnog prisustva u zemlji radi konsolidacije isto\u010dnog krila, do potrebe za bliskom saradnjom u kontekstu ruske agresije protiv Ukrajine.\u201c &#8211; detaljno je objasnila Oana Coju. Ona je Danijelu P. Driskolu predstavila detalje najnovijeg incidenta &#8211; od kraja pro\u0161le nedelje &#8211; kada je ruski dron naru\u0161io rumunski vazdu\u0161ni prostor i, bez presedana, fragmenti su pali u naseljeno podru\u010dje, \u0161to je zahtevalo intervenciju rumunskih stru\u010dnjaka da detoniraju eksplozivno punjenje.<\/p>\n<p>Pored vojne komponente, tokom sastanka \u0161efice diplomatije u Bukure\u0161tu i sekretara Vojske Sjedinjenih Ameri\u010dkih Dr\u017eava, razgovarano je i o ubrzanju zajedni\u010dkih investicija i rastu ekonomija obe zemlje, uklju\u010dujuc\u0301i i kroz odbrambenu industriju, gde je potencijal za razvoj saradnje zna\u010dajan. Konkretno, ministar odbrane Radu Miruca i sekretar Vojske Sjedinjenih Ameri\u010dkih Dr\u017eava Danijel P. Driskol potpisali su pismo o namerama za saradnju u oblasti dronova i njihovih sistema protivmera. \u201eRumunija postaje druga zemlja na svetu, posle Ujedinjenog Kraljevstva, sa pristupom u realnom vremenu ameri\u010dkoj platformi Counter-UAS Marketplace \u2013 modernom alatu koji nam omoguc\u0301ava brz pristup preko 1.600 re\u0161enja za borbu protiv dronova i zna\u010dajno skrac\u0301uje vreme reakcije i akvizicije. Na isto\u010dnom krilu, vreme \u010dini razliku. A mi biramo da budemo spremni.\u201c \u2013 izjavio je ministar Miruca na svojoj Fejsbuk stranici. \u201ePartnerstvo sa Sjedinjenim Ameri\u010dkim Dr\u017eavama nije samo simbol. To je prava garancija bezbednosti. A Rumunija nije samo korisnik bezbednosti. To je ozbiljan partner koji doprinosi, ispunjava uslove i nudi predvidljivost. Obaveza je obaveza, bez obzira koliko je vremena pro\u0161lo od potpisivanja. I Rumunija po\u0161tuje svoje obaveze\u201c, tako\u0111e je rekao ministar nacionalne odbrane. On je uverio da Rumunija ostaje \u010dvrsta pristalica konsolidacije transatlantskih odnosa.<\/p>\n","protected":false},"excerpt":{"rendered":"<p>Potrebno je unaprediti strate\u0161ko partnerstvo izme\u0111u Rumunije i Sjedinjenih Ameri\u010dkih Dr\u017eava \u2013 napisao je predsednik Niku\u0161or Dan na mre\u017ei X, nakon sastanka odr\u017eanog u ponedeljak sa sekretarom vojske Sjedinjenih Ameri\u010dkih Dr\u017eava, Danijelom P. Driskolom. Bukure\u0161t je spreman da ula\u017ee vi\u0161e u sopstvenu bezbednost i bezbednost Severnoatlantske alijanse \u2013 istakao je \u0161ef dr\u017eave, koji je precizirao [&hellip;]<\/p>\n","protected":false},"author":101,"featured_media":1010933,"comment_status":"closed","ping_status":"closed","sticky":false,"template":"","format":"standard","meta":{"_acf_changed":false,"footnotes":""},"categories":[139553],"tags":[],"coauthors":[113245,115219],"class_list":["post-1011074","post","type-post","status-publish","format-standard","has-post-thumbnail","hentry","category-aktuelnosti-sr"],"acf":[],"yoast_head":"<!-- This site is optimized with the Yoast SEO plugin v27.5 - https:\/\/yoast.com\/product\/yoast-seo-wordpress\/ -->\n<title>Rumunsko-ameri\u010dko partnerstvo u domenu odbrane - RADIO RUMUNIJA INTERNACIONAL<\/title>\n<meta name=\"robots\" content=\"index, follow, max-snippet:-1, max-image-preview:large, max-video-preview:-1\" \/>\n<link rel=\"canonical\" href=\"https:\/\/www.rri.ro\/sr\/aktuelnosti\/aktuelnosti-sr\/rumunsko-americko-partnerstvo-u-domenu-odbrane-id1011074.html\" \/>\n<meta property=\"og:locale\" content=\"sr_RS\" \/>\n<meta property=\"og:type\" content=\"article\" \/>\n<meta property=\"og:title\" content=\"Rumunsko-ameri\u010dko partnerstvo u domenu odbrane - RADIO RUMUNIJA INTERNACIONAL\" \/>\n<meta property=\"og:description\" content=\"Potrebno je unaprediti strate\u0161ko partnerstvo izme\u0111u Rumunije i Sjedinjenih Ameri\u010dkih Dr\u017eava \u2013 napisao je predsednik Niku\u0161or Dan na mre\u017ei X, nakon sastanka odr\u017eanog u ponedeljak sa sekretarom vojske Sjedinjenih Ameri\u010dkih Dr\u017eava, Danijelom P. Driskolom. Bukure\u0161t je spreman da ula\u017ee vi\u0161e u sopstvenu bezbednost i bezbednost Severnoatlantske alijanse \u2013 istakao je \u0161ef dr\u017eave, koji je precizirao [&hellip;]\" \/>\n<meta property=\"og:url\" content=\"https:\/\/www.rri.ro\/sr\/aktuelnosti\/aktuelnosti-sr\/rumunsko-americko-partnerstvo-u-domenu-odbrane-id1011074.html\" \/>\n<meta property=\"og:site_name\" content=\"RADIO RUMUNIJA INTERNACIONAL\" \/>\n<meta property=\"article:published_time\" content=\"2026-04-28T09:30:31+00:00\" \/>\n<meta property=\"og:image\" content=\"https:\/\/www.rri.ro\/wp-content\/uploads\/2026\/04\/Ministrul-Apararii-Radu-Miruta-Secretarul-Fortelor-Terestre-SUA-Daniel-PDriscoll-foto-fb-ministerulaparariinationale.jpg\" \/>\n\t<meta property=\"og:image:width\" content=\"1200\" \/>\n\t<meta property=\"og:image:height\" content=\"799\" \/>\n\t<meta property=\"og:image:type\" content=\"image\/jpeg\" \/>\n<meta name=\"author\" content=\"Marija Nenadi\u0107-Zurka, Roxana Vasile\" \/>\n<meta name=\"twitter:card\" content=\"summary_large_image\" \/>\n<meta name=\"twitter:label1\" content=\"\u041d\u0430\u043f\u0438\u0441\u0430\u043d\u043e \u043e\u0434\" \/>\n\t<meta name=\"twitter:data1\" content=\"Marija Nenadi\u0107-Zurka\" \/>\n\t<meta name=\"twitter:label2\" content=\"\u041f\u0440\u043e\u0446\u0435\u045a\u0435\u043d\u043e \u0432\u0440\u0435\u043c\u0435 \u0447\u0438\u0442\u0430\u045a\u0430\" \/>\n\t<meta name=\"twitter:data2\" content=\"2 \u043c\u0438\u043d\u0443\u0442\u0430\" \/>\n\t<meta name=\"twitter:label3\" content=\"Written by\" \/>\n\t<meta name=\"twitter:data3\" content=\"Marija Nenadi\u0107-Zurka, Roxana Vasile\" \/>\n<script type=\"application\/ld+json\" class=\"yoast-schema-graph\">{\"@context\":\"https:\\\/\\\/schema.org\",\"@graph\":[{\"@type\":\"Article\",\"@id\":\"https:\\\/\\\/www.rri.ro\\\/sr\\\/aktuelnosti\\\/aktuelnosti-sr\\\/rumunsko-americko-partnerstvo-u-domenu-odbrane-id1011074.html#article\",\"isPartOf\":{\"@id\":\"https:\\\/\\\/www.rri.ro\\\/sr\\\/aktuelnosti\\\/aktuelnosti-sr\\\/rumunsko-americko-partnerstvo-u-domenu-odbrane-id1011074.html\"},\"author\":{\"name\":\"Marija Nenadi\u0107-Zurka\",\"@id\":\"https:\\\/\\\/www.rri.ro\\\/#\\\/schema\\\/person\\\/a3f1370886b657670704847e2f795e3e\"},\"headline\":\"Rumunsko-ameri\u010dko partnerstvo u domenu odbrane\",\"datePublished\":\"2026-04-28T09:30:31+00:00\",\"mainEntityOfPage\":{\"@id\":\"https:\\\/\\\/www.rri.ro\\\/sr\\\/aktuelnosti\\\/aktuelnosti-sr\\\/rumunsko-americko-partnerstvo-u-domenu-odbrane-id1011074.html\"},\"wordCount\":436,\"image\":{\"@id\":\"https:\\\/\\\/www.rri.ro\\\/sr\\\/aktuelnosti\\\/aktuelnosti-sr\\\/rumunsko-americko-partnerstvo-u-domenu-odbrane-id1011074.html#primaryimage\"},\"thumbnailUrl\":\"https:\\\/\\\/www.rri.ro\\\/wp-content\\\/uploads\\\/2026\\\/04\\\/Ministrul-Apararii-Radu-Miruta-Secretarul-Fortelor-Terestre-SUA-Daniel-PDriscoll-foto-fb-ministerulaparariinationale.jpg\",\"articleSection\":[\"Tema dana\"],\"inLanguage\":\"sr-RS\"},{\"@type\":\"WebPage\",\"@id\":\"https:\\\/\\\/www.rri.ro\\\/sr\\\/aktuelnosti\\\/aktuelnosti-sr\\\/rumunsko-americko-partnerstvo-u-domenu-odbrane-id1011074.html\",\"url\":\"https:\\\/\\\/www.rri.ro\\\/sr\\\/aktuelnosti\\\/aktuelnosti-sr\\\/rumunsko-americko-partnerstvo-u-domenu-odbrane-id1011074.html\",\"name\":\"Rumunsko-ameri\u010dko partnerstvo u domenu odbrane - RADIO RUMUNIJA INTERNACIONAL\",\"isPartOf\":{\"@id\":\"https:\\\/\\\/www.rri.ro\\\/#website\"},\"primaryImageOfPage\":{\"@id\":\"https:\\\/\\\/www.rri.ro\\\/sr\\\/aktuelnosti\\\/aktuelnosti-sr\\\/rumunsko-americko-partnerstvo-u-domenu-odbrane-id1011074.html#primaryimage\"},\"image\":{\"@id\":\"https:\\\/\\\/www.rri.ro\\\/sr\\\/aktuelnosti\\\/aktuelnosti-sr\\\/rumunsko-americko-partnerstvo-u-domenu-odbrane-id1011074.html#primaryimage\"},\"thumbnailUrl\":\"https:\\\/\\\/www.rri.ro\\\/wp-content\\\/uploads\\\/2026\\\/04\\\/Ministrul-Apararii-Radu-Miruta-Secretarul-Fortelor-Terestre-SUA-Daniel-PDriscoll-foto-fb-ministerulaparariinationale.jpg\",\"datePublished\":\"2026-04-28T09:30:31+00:00\",\"author\":{\"@id\":\"https:\\\/\\\/www.rri.ro\\\/#\\\/schema\\\/person\\\/a3f1370886b657670704847e2f795e3e\"},\"breadcrumb\":{\"@id\":\"https:\\\/\\\/www.rri.ro\\\/sr\\\/aktuelnosti\\\/aktuelnosti-sr\\\/rumunsko-americko-partnerstvo-u-domenu-odbrane-id1011074.html#breadcrumb\"},\"inLanguage\":\"sr-RS\",\"potentialAction\":[{\"@type\":\"ReadAction\",\"target\":[\"https:\\\/\\\/www.rri.ro\\\/sr\\\/aktuelnosti\\\/aktuelnosti-sr\\\/rumunsko-americko-partnerstvo-u-domenu-odbrane-id1011074.html\"]}]},{\"@type\":\"ImageObject\",\"inLanguage\":\"sr-RS\",\"@id\":\"https:\\\/\\\/www.rri.ro\\\/sr\\\/aktuelnosti\\\/aktuelnosti-sr\\\/rumunsko-americko-partnerstvo-u-domenu-odbrane-id1011074.html#primaryimage\",\"url\":\"https:\\\/\\\/www.rri.ro\\\/wp-content\\\/uploads\\\/2026\\\/04\\\/Ministrul-Apararii-Radu-Miruta-Secretarul-Fortelor-Terestre-SUA-Daniel-PDriscoll-foto-fb-ministerulaparariinationale.jpg\",\"contentUrl\":\"https:\\\/\\\/www.rri.ro\\\/wp-content\\\/uploads\\\/2026\\\/04\\\/Ministrul-Apararii-Radu-Miruta-Secretarul-Fortelor-Terestre-SUA-Daniel-PDriscoll-foto-fb-ministerulaparariinationale.jpg\",\"width\":1200,\"height\":799,\"caption\":\"foto facebook.com\\\/ministerulaparariinationale\"},{\"@type\":\"BreadcrumbList\",\"@id\":\"https:\\\/\\\/www.rri.ro\\\/sr\\\/aktuelnosti\\\/aktuelnosti-sr\\\/rumunsko-americko-partnerstvo-u-domenu-odbrane-id1011074.html#breadcrumb\",\"itemListElement\":[{\"@type\":\"ListItem\",\"position\":1,\"name\":\"\u041f\u043e\u0447\u0435\u0442\u043d\u0430 \u0441\u0442\u0440\u0430\u043d\u0438\u0446\u0430\",\"item\":\"https:\\\/\\\/www.rri.ro\\\/sr\"},{\"@type\":\"ListItem\",\"position\":2,\"name\":\"Aktuelnosti\",\"item\":\"https:\\\/\\\/www.rri.ro\\\/sr\\\/aktuelnosti\"},{\"@type\":\"ListItem\",\"position\":3,\"name\":\"Tema dana\",\"item\":\"https:\\\/\\\/www.rri.ro\\\/sr\\\/aktuelnosti\\\/aktuelnosti-sr\"},{\"@type\":\"ListItem\",\"position\":4,\"name\":\"Rumunsko-ameri\u010dko partnerstvo u domenu odbrane\"}]},{\"@type\":\"WebSite\",\"@id\":\"https:\\\/\\\/www.rri.ro\\\/#website\",\"url\":\"https:\\\/\\\/www.rri.ro\\\/\",\"name\":\"RADIO RUMUNIJA INTERNACIONAL\",\"description\":\"Totul despre Rom\u00e2nia \u015fi rom\u00e2ni, \u00een 13 limbi\\\/dialecte!\",\"inLanguage\":\"sr-RS\"},{\"@type\":\"Person\",\"@id\":\"https:\\\/\\\/www.rri.ro\\\/#\\\/schema\\\/person\\\/a3f1370886b657670704847e2f795e3e\",\"name\":\"Marija Nenadi\u0107-Zurka\",\"url\":\"https:\\\/\\\/www.rri.ro\\\/sr\\\/author\\\/marija-nenadic\"}]}<\/script>\n<!-- \/ Yoast SEO plugin. -->","yoast_head_json":{"title":"Rumunsko-ameri\u010dko partnerstvo u domenu odbrane - RADIO RUMUNIJA INTERNACIONAL","robots":{"index":"index","follow":"follow","max-snippet":"max-snippet:-1","max-image-preview":"max-image-preview:large","max-video-preview":"max-video-preview:-1"},"canonical":"https:\/\/www.rri.ro\/sr\/aktuelnosti\/aktuelnosti-sr\/rumunsko-americko-partnerstvo-u-domenu-odbrane-id1011074.html","og_locale":"sr_RS","og_type":"article","og_title":"Rumunsko-ameri\u010dko partnerstvo u domenu odbrane - RADIO RUMUNIJA INTERNACIONAL","og_description":"Potrebno je unaprediti strate\u0161ko partnerstvo izme\u0111u Rumunije i Sjedinjenih Ameri\u010dkih Dr\u017eava \u2013 napisao je predsednik Niku\u0161or Dan na mre\u017ei X, nakon sastanka odr\u017eanog u ponedeljak sa sekretarom vojske Sjedinjenih Ameri\u010dkih Dr\u017eava, Danijelom P. Driskolom. Bukure\u0161t je spreman da ula\u017ee vi\u0161e u sopstvenu bezbednost i bezbednost Severnoatlantske alijanse \u2013 istakao je \u0161ef dr\u017eave, koji je precizirao [&hellip;]","og_url":"https:\/\/www.rri.ro\/sr\/aktuelnosti\/aktuelnosti-sr\/rumunsko-americko-partnerstvo-u-domenu-odbrane-id1011074.html","og_site_name":"RADIO RUMUNIJA INTERNACIONAL","article_published_time":"2026-04-28T09:30:31+00:00","og_image":[{"width":1200,"height":799,"url":"https:\/\/www.rri.ro\/wp-content\/uploads\/2026\/04\/Ministrul-Apararii-Radu-Miruta-Secretarul-Fortelor-Terestre-SUA-Daniel-PDriscoll-foto-fb-ministerulaparariinationale.jpg","type":"image\/jpeg"}],"author":"Marija Nenadi\u0107-Zurka, Roxana Vasile","twitter_card":"summary_large_image","twitter_misc":{"\u041d\u0430\u043f\u0438\u0441\u0430\u043d\u043e \u043e\u0434":"Marija Nenadi\u0107-Zurka","\u041f\u0440\u043e\u0446\u0435\u045a\u0435\u043d\u043e \u0432\u0440\u0435\u043c\u0435 \u0447\u0438\u0442\u0430\u045a\u0430":"2 \u043c\u0438\u043d\u0443\u0442\u0430","Written by":"Marija Nenadi\u0107-Zurka, Roxana Vasile"},"schema":{"@context":"https:\/\/schema.org","@graph":[{"@type":"Article","@id":"https:\/\/www.rri.ro\/sr\/aktuelnosti\/aktuelnosti-sr\/rumunsko-americko-partnerstvo-u-domenu-odbrane-id1011074.html#article","isPartOf":{"@id":"https:\/\/www.rri.ro\/sr\/aktuelnosti\/aktuelnosti-sr\/rumunsko-americko-partnerstvo-u-domenu-odbrane-id1011074.html"},"author":{"name":"Marija Nenadi\u0107-Zurka","@id":"https:\/\/www.rri.ro\/#\/schema\/person\/a3f1370886b657670704847e2f795e3e"},"headline":"Rumunsko-ameri\u010dko partnerstvo u domenu odbrane","datePublished":"2026-04-28T09:30:31+00:00","mainEntityOfPage":{"@id":"https:\/\/www.rri.ro\/sr\/aktuelnosti\/aktuelnosti-sr\/rumunsko-americko-partnerstvo-u-domenu-odbrane-id1011074.html"},"wordCount":436,"image":{"@id":"https:\/\/www.rri.ro\/sr\/aktuelnosti\/aktuelnosti-sr\/rumunsko-americko-partnerstvo-u-domenu-odbrane-id1011074.html#primaryimage"},"thumbnailUrl":"https:\/\/www.rri.ro\/wp-content\/uploads\/2026\/04\/Ministrul-Apararii-Radu-Miruta-Secretarul-Fortelor-Terestre-SUA-Daniel-PDriscoll-foto-fb-ministerulaparariinationale.jpg","articleSection":["Tema dana"],"inLanguage":"sr-RS"},{"@type":"WebPage","@id":"https:\/\/www.rri.ro\/sr\/aktuelnosti\/aktuelnosti-sr\/rumunsko-americko-partnerstvo-u-domenu-odbrane-id1011074.html","url":"https:\/\/www.rri.ro\/sr\/aktuelnosti\/aktuelnosti-sr\/rumunsko-americko-partnerstvo-u-domenu-odbrane-id1011074.html","name":"Rumunsko-ameri\u010dko partnerstvo u domenu odbrane - RADIO RUMUNIJA INTERNACIONAL","isPartOf":{"@id":"https:\/\/www.rri.ro\/#website"},"primaryImageOfPage":{"@id":"https:\/\/www.rri.ro\/sr\/aktuelnosti\/aktuelnosti-sr\/rumunsko-americko-partnerstvo-u-domenu-odbrane-id1011074.html#primaryimage"},"image":{"@id":"https:\/\/www.rri.ro\/sr\/aktuelnosti\/aktuelnosti-sr\/rumunsko-americko-partnerstvo-u-domenu-odbrane-id1011074.html#primaryimage"},"thumbnailUrl":"https:\/\/www.rri.ro\/wp-content\/uploads\/2026\/04\/Ministrul-Apararii-Radu-Miruta-Secretarul-Fortelor-Terestre-SUA-Daniel-PDriscoll-foto-fb-ministerulaparariinationale.jpg","datePublished":"2026-04-28T09:30:31+00:00","author":{"@id":"https:\/\/www.rri.ro\/#\/schema\/person\/a3f1370886b657670704847e2f795e3e"},"breadcrumb":{"@id":"https:\/\/www.rri.ro\/sr\/aktuelnosti\/aktuelnosti-sr\/rumunsko-americko-partnerstvo-u-domenu-odbrane-id1011074.html#breadcrumb"},"inLanguage":"sr-RS","potentialAction":[{"@type":"ReadAction","target":["https:\/\/www.rri.ro\/sr\/aktuelnosti\/aktuelnosti-sr\/rumunsko-americko-partnerstvo-u-domenu-odbrane-id1011074.html"]}]},{"@type":"ImageObject","inLanguage":"sr-RS","@id":"https:\/\/www.rri.ro\/sr\/aktuelnosti\/aktuelnosti-sr\/rumunsko-americko-partnerstvo-u-domenu-odbrane-id1011074.html#primaryimage","url":"https:\/\/www.rri.ro\/wp-content\/uploads\/2026\/04\/Ministrul-Apararii-Radu-Miruta-Secretarul-Fortelor-Terestre-SUA-Daniel-PDriscoll-foto-fb-ministerulaparariinationale.jpg","contentUrl":"https:\/\/www.rri.ro\/wp-content\/uploads\/2026\/04\/Ministrul-Apararii-Radu-Miruta-Secretarul-Fortelor-Terestre-SUA-Daniel-PDriscoll-foto-fb-ministerulaparariinationale.jpg","width":1200,"height":799,"caption":"foto facebook.com\/ministerulaparariinationale"},{"@type":"BreadcrumbList","@id":"https:\/\/www.rri.ro\/sr\/aktuelnosti\/aktuelnosti-sr\/rumunsko-americko-partnerstvo-u-domenu-odbrane-id1011074.html#breadcrumb","itemListElement":[{"@type":"ListItem","position":1,"name":"\u041f\u043e\u0447\u0435\u0442\u043d\u0430 \u0441\u0442\u0440\u0430\u043d\u0438\u0446\u0430","item":"https:\/\/www.rri.ro\/sr"},{"@type":"ListItem","position":2,"name":"Aktuelnosti","item":"https:\/\/www.rri.ro\/sr\/aktuelnosti"},{"@type":"ListItem","position":3,"name":"Tema dana","item":"https:\/\/www.rri.ro\/sr\/aktuelnosti\/aktuelnosti-sr"},{"@type":"ListItem","position":4,"name":"Rumunsko-ameri\u010dko partnerstvo u domenu odbrane"}]},{"@type":"WebSite","@id":"https:\/\/www.rri.ro\/#website","url":"https:\/\/www.rri.ro\/","name":"RADIO RUMUNIJA INTERNACIONAL","description":"Totul despre Rom\u00e2nia \u015fi rom\u00e2ni, \u00een 13 limbi\/dialecte!","inLanguage":"sr-RS"},{"@type":"Person","@id":"https:\/\/www.rri.ro\/#\/schema\/person\/a3f1370886b657670704847e2f795e3e","name":"Marija Nenadi\u0107-Zurka","url":"https:\/\/www.rri.ro\/sr\/author\/marija-nenadic"}]}},"_links":{"self":[{"href":"https:\/\/www.rri.ro\/sr\/wp-json\/wp\/v2\/posts\/1011074","targetHints":{"allow":["GET"]}}],"collection":[{"href":"https:\/\/www.rri.ro\/sr\/wp-json\/wp\/v2\/posts"}],"about":[{"href":"https:\/\/www.rri.ro\/sr\/wp-json\/wp\/v2\/types\/post"}],"author":[{"embeddable":true,"href":"https:\/\/www.rri.ro\/sr\/wp-json\/wp\/v2\/users\/101"}],"replies":[{"embeddable":true,"href":"https:\/\/www.rri.ro\/sr\/wp-json\/wp\/v2\/comments?post=1011074"}],"version-history":[{"count":0,"href":"https:\/\/www.rri.ro\/sr\/wp-json\/wp\/v2\/posts\/1011074\/revisions"}],"wp:featuredmedia":[{"embeddable":true,"href":"https:\/\/www.rri.ro\/sr\/wp-json\/wp\/v2\/media\/1010933"}],"wp:attachment":[{"href":"https:\/\/www.rri.ro\/sr\/wp-json\/wp\/v2\/media?parent=1011074"}],"wp:term":[{"taxonomy":"category","embeddable":true,"href":"https:\/\/www.rri.ro\/sr\/wp-json\/wp\/v2\/categories?post=1011074"},{"taxonomy":"post_tag","embeddable":true,"href":"https:\/\/www.rri.ro\/sr\/wp-json\/wp\/v2\/tags?post=1011074"},{"taxonomy":"author","embeddable":true,"href":"https:\/\/www.rri.ro\/sr\/wp-json\/wp\/v2\/coauthors?post=1011074"}],"curies":[{"name":"wp","href":"https:\/\/api.w.org\/{rel}","templated":true}]}}