{"id":1055274,"date":"2026-08-31T10:40:45","date_gmt":"2026-08-31T07:40:45","guid":{"rendered":"https:\/\/www.rri.ro\/?p=1055274"},"modified":"2026-08-31T10:42:25","modified_gmt":"2026-08-31T07:42:25","slug":"zlato-za-rumunsko-veslanje-31-08-2026","status":"publish","type":"post","link":"https:\/\/www.rri.ro\/sr\/aktuelnosti\/aktuelnosti-sr\/zlato-za-rumunsko-veslanje-31-08-2026-id1055274.html","title":{"rendered":"Zlato za rumunsko veslanje (31.08.2026)"},"content":{"rendered":"<p>Na Svetskom prvenstvu u veslanju u Amsterdamu, rumunski sportisti osvojili su tri zlatne medalje \u2013 od kojih \u010dak dve u nedelju, poslednjeg dana takmi\u010denja, u disciplinama \u017eenskog osmerca sa kormilarom (8+1) i me\u0161ovitog osmerca sa kormilarom.<br \/>\nU trci \u017eenskog osmerca sa kormilarom, posada u sastavu Kristina Druga, D\u017eeanina \u017dunkanariu, Ankuca Bodnar, Marija Leha\u010di, Magdalena Rusu, Amalija Kelaru, Adrijana Adam, Simona Radi\u0161 i Viktorija Petreanu vodila je trku od starta do cilja. Rumunske vesla\u010dice nametnule su ritam od samog po\u010detka, dominirale trkom i prve pro\u0161le kroz cilj, osvojiv\u0161i zlatnu medalju i postaviv\u0161i novi svetski rekord \u2013 5 minuta, 51 sekundu i 88 stotinki.<br \/>\nRumunija se tako izjedna\u010dila sa Sjedinjenim Ameri\u010dkim Dr\u017eavama po broju svetskih titula u najpresti\u017enijoj disciplini \u017eenskog veslanja, sa po 11 osvojenih naslova. U kona\u010dnom plasmanu iza Rumunije na\u0161le su se Velika Britanija (5:52.76) i SAD (5:53.76).<br \/>\nIstog dana, Rumunija je osvojila zlato i u disciplini me\u0161ovitog osmerca sa kormilarom. Posada koju su \u010dinili Kristina Druga, Amalija Kelaru, Adrijana Adam, Florin Leha\u010di, Kozmin Julijan Ple\u0161esku, \u010ciprijan Tudosa, \u0160tefan Berariu, Simona Radi\u0161 i Viktorija Petreanu trijumfovala je vremenom od 5 minuta, 35 sekundi i 75 stotinki. Iza Rumunije plasirale su se Holandija (5:38.42) i SAD (5:38.61), u poslednjoj trci \u0161ampionata.<br \/>\nPo prvi put u istoriji Svetskih prvenstava, Adrijana Adam i Simona Radi\u0161 zavr\u0161ile su \u0161ampionat u Amsterdamu sa tri zlatne medalje, osvojene u disciplinama me\u0161ovitog osmerca sa kormilarom (8+1), \u017eenskog osmerca sa kormilarom (8+1) i \u017eenskog dvojca bez kormilara, u kojem su trijumfovale u petak.<br \/>\nRumunija je tako zauzela \u010detvrto mesto u ukupnom plasmanu po broju medalja na Svetskom prvenstvu u veslanju 2026, sa tri zlatne medalje. Ispred nje plasirale su se Holandija, Nema\u010dka i Sjedinjene Ameri\u010dke Dr\u017eave, dok je iza sebe ostavila reprezentacije poput Velike Britanije, Meksika i Irske.<br \/>\nRumuniju je na Svetskom prvenstvu u veslanju u Amsterdamu, odr\u017eanom od 24. do 30. avgusta, predstavljala delegacija od 14 posada sa ukupno 38 sportista.<br \/>\nPodse\u0107amo da je na pro\u0161logodi\u0161njem Svetskom prvenstvu u \u0160angaju Rumunija osvojila \u0161est medalja \u2013 dve zlatne i \u010detiri srebrne \u2013 i zauzela drugo mesto u ukupnom poretku, iza Holandije, a ispred Velike Britanije.<br \/>\nVr\u0161ilac du\u017enosti premijera Ilije Bolojan uputio je u nedelju uve\u010de \u010destitke rumunskim \u0161ampionkama u veslanju, istakav\u0161i u objavi na dru\u0161tvenim mre\u017eama da iza ovih rezultata stoje godine rada, discipline i odricanja.<br \/>\n\u201eDovele ste Rumuniju na prvo mesto u svetu. I priredile ste nam veliku radost\u201c, napisao je Bolo\u017ean.<\/p>\n","protected":false},"excerpt":{"rendered":"<p>Na Svetskom prvenstvu u veslanju u Amsterdamu, rumunski sportisti osvojili su tri zlatne medalje \u2013 od kojih \u010dak dve u nedelju, poslednjeg dana takmi\u010denja, u disciplinama \u017eenskog osmerca sa kormilarom (8+1) i me\u0161ovitog osmerca sa kormilarom. U trci \u017eenskog osmerca sa kormilarom, posada u sastavu Kristina Druga, D\u017eeanina \u017dunkanariu, Ankuca Bodnar, Marija Leha\u010di, Magdalena Rusu, [&hellip;]<\/p>\n","protected":false},"author":100,"featured_media":1055239,"comment_status":"closed","ping_status":"closed","sticky":false,"template":"","format":"standard","meta":{"_acf_changed":false,"footnotes":""},"categories":[139553],"tags":[],"coauthors":[114932,113282],"class_list":["post-1055274","post","type-post","status-publish","format-standard","has-post-thumbnail","hentry","category-aktuelnosti-sr"],"acf":[],"yoast_head":"<!-- This site is optimized with the Yoast SEO plugin v28.2 - https:\/\/yoast.com\/product\/yoast-seo-wordpress\/ -->\n<title>Zlato za rumunsko veslanje (31.08.2026) - RADIO RUMUNIJA INTERNACIONAL<\/title>\n<meta name=\"robots\" content=\"index, follow, max-snippet:-1, max-image-preview:large, max-video-preview:-1\" \/>\n<link rel=\"canonical\" href=\"https:\/\/www.rri.ro\/sr\/aktuelnosti\/aktuelnosti-sr\/zlato-za-rumunsko-veslanje-31-08-2026-id1055274.html\" \/>\n<meta property=\"og:locale\" content=\"sr_RS\" \/>\n<meta property=\"og:type\" content=\"article\" \/>\n<meta property=\"og:title\" content=\"Zlato za rumunsko veslanje (31.08.2026) - RADIO RUMUNIJA INTERNACIONAL\" \/>\n<meta property=\"og:description\" content=\"Na Svetskom prvenstvu u veslanju u Amsterdamu, rumunski sportisti osvojili su tri zlatne medalje \u2013 od kojih \u010dak dve u nedelju, poslednjeg dana takmi\u010denja, u disciplinama \u017eenskog osmerca sa kormilarom (8+1) i me\u0161ovitog osmerca sa kormilarom. U trci \u017eenskog osmerca sa kormilarom, posada u sastavu Kristina Druga, D\u017eeanina \u017dunkanariu, Ankuca Bodnar, Marija Leha\u010di, Magdalena Rusu, [&hellip;]\" \/>\n<meta property=\"og:url\" content=\"https:\/\/www.rri.ro\/sr\/aktuelnosti\/aktuelnosti-sr\/zlato-za-rumunsko-veslanje-31-08-2026-id1055274.html\" \/>\n<meta property=\"og:site_name\" content=\"RADIO RUMUNIJA INTERNACIONAL\" \/>\n<meta property=\"article:published_time\" content=\"2026-08-31T07:40:45+00:00\" \/>\n<meta property=\"article:modified_time\" content=\"2026-08-31T07:42:25+00:00\" \/>\n<meta property=\"og:image\" content=\"https:\/\/www.rri.ro\/wp-content\/uploads\/2026\/08\/aur-canotaj-romania-la-amsterdam-foto-fb-fr-canotaj_16x9.jpg\" \/>\n\t<meta property=\"og:image:width\" content=\"1200\" \/>\n\t<meta property=\"og:image:height\" content=\"675\" \/>\n\t<meta property=\"og:image:type\" content=\"image\/jpeg\" \/>\n<meta name=\"author\" content=\"Dragana Diamandi, Daniela Budu\" \/>\n<meta name=\"twitter:card\" content=\"summary_large_image\" \/>\n<meta name=\"twitter:label1\" content=\"\u041d\u0430\u043f\u0438\u0441\u0430\u043d\u043e \u043e\u0434\" \/>\n\t<meta name=\"twitter:data1\" content=\"Dragana Diamandi\" \/>\n\t<meta name=\"twitter:label2\" content=\"\u041f\u0440\u043e\u0446\u0435\u045a\u0435\u043d\u043e \u0432\u0440\u0435\u043c\u0435 \u0447\u0438\u0442\u0430\u045a\u0430\" \/>\n\t<meta name=\"twitter:data2\" content=\"2 \u043c\u0438\u043d\u0443\u0442\u0430\" \/>\n\t<meta name=\"twitter:label3\" content=\"Written by\" \/>\n\t<meta name=\"twitter:data3\" content=\"Dragana Diamandi, Daniela Budu\" \/>\n<script type=\"application\/ld+json\" class=\"yoast-schema-graph\">{\"@context\":\"https:\\\/\\\/schema.org\",\"@graph\":[{\"@type\":\"Article\",\"@id\":\"https:\\\/\\\/www.rri.ro\\\/sr\\\/aktuelnosti\\\/aktuelnosti-sr\\\/zlato-za-rumunsko-veslanje-31-08-2026-id1055274.html#article\",\"isPartOf\":{\"@id\":\"https:\\\/\\\/www.rri.ro\\\/sr\\\/aktuelnosti\\\/aktuelnosti-sr\\\/zlato-za-rumunsko-veslanje-31-08-2026-id1055274.html\"},\"author\":{\"name\":\"Dragana Diamandi\",\"@id\":\"https:\\\/\\\/www.rri.ro\\\/#\\\/schema\\\/person\\\/72349bda10edda903f72d4a98aefdf6a\"},\"headline\":\"Zlato za rumunsko veslanje (31.08.2026)\",\"datePublished\":\"2026-08-31T07:40:45+00:00\",\"dateModified\":\"2026-08-31T07:42:25+00:00\",\"mainEntityOfPage\":{\"@id\":\"https:\\\/\\\/www.rri.ro\\\/sr\\\/aktuelnosti\\\/aktuelnosti-sr\\\/zlato-za-rumunsko-veslanje-31-08-2026-id1055274.html\"},\"wordCount\":410,\"image\":{\"@id\":\"https:\\\/\\\/www.rri.ro\\\/sr\\\/aktuelnosti\\\/aktuelnosti-sr\\\/zlato-za-rumunsko-veslanje-31-08-2026-id1055274.html#primaryimage\"},\"thumbnailUrl\":\"https:\\\/\\\/www.rri.ro\\\/wp-content\\\/uploads\\\/2026\\\/08\\\/aur-canotaj-romania-la-amsterdam-foto-fb-fr-canotaj_16x9.jpg\",\"articleSection\":[\"Tema dana\"],\"inLanguage\":\"sr-RS\"},{\"@type\":\"WebPage\",\"@id\":\"https:\\\/\\\/www.rri.ro\\\/sr\\\/aktuelnosti\\\/aktuelnosti-sr\\\/zlato-za-rumunsko-veslanje-31-08-2026-id1055274.html\",\"url\":\"https:\\\/\\\/www.rri.ro\\\/sr\\\/aktuelnosti\\\/aktuelnosti-sr\\\/zlato-za-rumunsko-veslanje-31-08-2026-id1055274.html\",\"name\":\"Zlato za rumunsko veslanje (31.08.2026) - RADIO RUMUNIJA INTERNACIONAL\",\"isPartOf\":{\"@id\":\"https:\\\/\\\/www.rri.ro\\\/#website\"},\"primaryImageOfPage\":{\"@id\":\"https:\\\/\\\/www.rri.ro\\\/sr\\\/aktuelnosti\\\/aktuelnosti-sr\\\/zlato-za-rumunsko-veslanje-31-08-2026-id1055274.html#primaryimage\"},\"image\":{\"@id\":\"https:\\\/\\\/www.rri.ro\\\/sr\\\/aktuelnosti\\\/aktuelnosti-sr\\\/zlato-za-rumunsko-veslanje-31-08-2026-id1055274.html#primaryimage\"},\"thumbnailUrl\":\"https:\\\/\\\/www.rri.ro\\\/wp-content\\\/uploads\\\/2026\\\/08\\\/aur-canotaj-romania-la-amsterdam-foto-fb-fr-canotaj_16x9.jpg\",\"datePublished\":\"2026-08-31T07:40:45+00:00\",\"dateModified\":\"2026-08-31T07:42:25+00:00\",\"author\":{\"@id\":\"https:\\\/\\\/www.rri.ro\\\/#\\\/schema\\\/person\\\/72349bda10edda903f72d4a98aefdf6a\"},\"breadcrumb\":{\"@id\":\"https:\\\/\\\/www.rri.ro\\\/sr\\\/aktuelnosti\\\/aktuelnosti-sr\\\/zlato-za-rumunsko-veslanje-31-08-2026-id1055274.html#breadcrumb\"},\"inLanguage\":\"sr-RS\",\"potentialAction\":[{\"@type\":\"ReadAction\",\"target\":[\"https:\\\/\\\/www.rri.ro\\\/sr\\\/aktuelnosti\\\/aktuelnosti-sr\\\/zlato-za-rumunsko-veslanje-31-08-2026-id1055274.html\"]}]},{\"@type\":\"ImageObject\",\"inLanguage\":\"sr-RS\",\"@id\":\"https:\\\/\\\/www.rri.ro\\\/sr\\\/aktuelnosti\\\/aktuelnosti-sr\\\/zlato-za-rumunsko-veslanje-31-08-2026-id1055274.html#primaryimage\",\"url\":\"https:\\\/\\\/www.rri.ro\\\/wp-content\\\/uploads\\\/2026\\\/08\\\/aur-canotaj-romania-la-amsterdam-foto-fb-fr-canotaj_16x9.jpg\",\"contentUrl\":\"https:\\\/\\\/www.rri.ro\\\/wp-content\\\/uploads\\\/2026\\\/08\\\/aur-canotaj-romania-la-amsterdam-foto-fb-fr-canotaj_16x9.jpg\",\"width\":1200,\"height\":675,\"caption\":\"Oro per il canottaggio romeno (foto: Federatia Romana De Canotaj \\\/ Facebook)\"},{\"@type\":\"BreadcrumbList\",\"@id\":\"https:\\\/\\\/www.rri.ro\\\/sr\\\/aktuelnosti\\\/aktuelnosti-sr\\\/zlato-za-rumunsko-veslanje-31-08-2026-id1055274.html#breadcrumb\",\"itemListElement\":[{\"@type\":\"ListItem\",\"position\":1,\"name\":\"\u041f\u043e\u0447\u0435\u0442\u043d\u0430 \u0441\u0442\u0440\u0430\u043d\u0438\u0446\u0430\",\"item\":\"https:\\\/\\\/www.rri.ro\\\/sr\"},{\"@type\":\"ListItem\",\"position\":2,\"name\":\"Aktuelnosti\",\"item\":\"https:\\\/\\\/www.rri.ro\\\/sr\\\/aktuelnosti\"},{\"@type\":\"ListItem\",\"position\":3,\"name\":\"Tema dana\",\"item\":\"https:\\\/\\\/www.rri.ro\\\/sr\\\/aktuelnosti\\\/aktuelnosti-sr\"},{\"@type\":\"ListItem\",\"position\":4,\"name\":\"Zlato za rumunsko veslanje (31.08.2026)\"}]},{\"@type\":\"WebSite\",\"@id\":\"https:\\\/\\\/www.rri.ro\\\/#website\",\"url\":\"https:\\\/\\\/www.rri.ro\\\/\",\"name\":\"RADIO RUMUNIJA INTERNACIONAL\",\"description\":\"Totul despre Rom\u00e2nia \u015fi rom\u00e2ni, \u00een 13 limbi\\\/dialecte!\",\"inLanguage\":\"sr-RS\"},{\"@type\":\"Person\",\"@id\":\"https:\\\/\\\/www.rri.ro\\\/#\\\/schema\\\/person\\\/72349bda10edda903f72d4a98aefdf6a\",\"name\":\"Dragana Diamandi\",\"url\":\"https:\\\/\\\/www.rri.ro\\\/sr\\\/author\\\/dragana-diamandi\"}]}<\/script>\n<!-- \/ Yoast SEO plugin. -->","yoast_head_json":{"title":"Zlato za rumunsko veslanje (31.08.2026) - RADIO RUMUNIJA INTERNACIONAL","robots":{"index":"index","follow":"follow","max-snippet":"max-snippet:-1","max-image-preview":"max-image-preview:large","max-video-preview":"max-video-preview:-1"},"canonical":"https:\/\/www.rri.ro\/sr\/aktuelnosti\/aktuelnosti-sr\/zlato-za-rumunsko-veslanje-31-08-2026-id1055274.html","og_locale":"sr_RS","og_type":"article","og_title":"Zlato za rumunsko veslanje (31.08.2026) - RADIO RUMUNIJA INTERNACIONAL","og_description":"Na Svetskom prvenstvu u veslanju u Amsterdamu, rumunski sportisti osvojili su tri zlatne medalje \u2013 od kojih \u010dak dve u nedelju, poslednjeg dana takmi\u010denja, u disciplinama \u017eenskog osmerca sa kormilarom (8+1) i me\u0161ovitog osmerca sa kormilarom. U trci \u017eenskog osmerca sa kormilarom, posada u sastavu Kristina Druga, D\u017eeanina \u017dunkanariu, Ankuca Bodnar, Marija Leha\u010di, Magdalena Rusu, [&hellip;]","og_url":"https:\/\/www.rri.ro\/sr\/aktuelnosti\/aktuelnosti-sr\/zlato-za-rumunsko-veslanje-31-08-2026-id1055274.html","og_site_name":"RADIO RUMUNIJA INTERNACIONAL","article_published_time":"2026-08-31T07:40:45+00:00","article_modified_time":"2026-08-31T07:42:25+00:00","og_image":[{"width":1200,"height":675,"url":"https:\/\/www.rri.ro\/wp-content\/uploads\/2026\/08\/aur-canotaj-romania-la-amsterdam-foto-fb-fr-canotaj_16x9.jpg","type":"image\/jpeg"}],"author":"Dragana Diamandi, Daniela Budu","twitter_card":"summary_large_image","twitter_misc":{"\u041d\u0430\u043f\u0438\u0441\u0430\u043d\u043e \u043e\u0434":"Dragana Diamandi","\u041f\u0440\u043e\u0446\u0435\u045a\u0435\u043d\u043e \u0432\u0440\u0435\u043c\u0435 \u0447\u0438\u0442\u0430\u045a\u0430":"2 \u043c\u0438\u043d\u0443\u0442\u0430","Written by":"Dragana Diamandi, Daniela Budu"},"schema":{"@context":"https:\/\/schema.org","@graph":[{"@type":"Article","@id":"https:\/\/www.rri.ro\/sr\/aktuelnosti\/aktuelnosti-sr\/zlato-za-rumunsko-veslanje-31-08-2026-id1055274.html#article","isPartOf":{"@id":"https:\/\/www.rri.ro\/sr\/aktuelnosti\/aktuelnosti-sr\/zlato-za-rumunsko-veslanje-31-08-2026-id1055274.html"},"author":{"name":"Dragana Diamandi","@id":"https:\/\/www.rri.ro\/#\/schema\/person\/72349bda10edda903f72d4a98aefdf6a"},"headline":"Zlato za rumunsko veslanje (31.08.2026)","datePublished":"2026-08-31T07:40:45+00:00","dateModified":"2026-08-31T07:42:25+00:00","mainEntityOfPage":{"@id":"https:\/\/www.rri.ro\/sr\/aktuelnosti\/aktuelnosti-sr\/zlato-za-rumunsko-veslanje-31-08-2026-id1055274.html"},"wordCount":410,"image":{"@id":"https:\/\/www.rri.ro\/sr\/aktuelnosti\/aktuelnosti-sr\/zlato-za-rumunsko-veslanje-31-08-2026-id1055274.html#primaryimage"},"thumbnailUrl":"https:\/\/www.rri.ro\/wp-content\/uploads\/2026\/08\/aur-canotaj-romania-la-amsterdam-foto-fb-fr-canotaj_16x9.jpg","articleSection":["Tema dana"],"inLanguage":"sr-RS"},{"@type":"WebPage","@id":"https:\/\/www.rri.ro\/sr\/aktuelnosti\/aktuelnosti-sr\/zlato-za-rumunsko-veslanje-31-08-2026-id1055274.html","url":"https:\/\/www.rri.ro\/sr\/aktuelnosti\/aktuelnosti-sr\/zlato-za-rumunsko-veslanje-31-08-2026-id1055274.html","name":"Zlato za rumunsko veslanje (31.08.2026) - RADIO RUMUNIJA INTERNACIONAL","isPartOf":{"@id":"https:\/\/www.rri.ro\/#website"},"primaryImageOfPage":{"@id":"https:\/\/www.rri.ro\/sr\/aktuelnosti\/aktuelnosti-sr\/zlato-za-rumunsko-veslanje-31-08-2026-id1055274.html#primaryimage"},"image":{"@id":"https:\/\/www.rri.ro\/sr\/aktuelnosti\/aktuelnosti-sr\/zlato-za-rumunsko-veslanje-31-08-2026-id1055274.html#primaryimage"},"thumbnailUrl":"https:\/\/www.rri.ro\/wp-content\/uploads\/2026\/08\/aur-canotaj-romania-la-amsterdam-foto-fb-fr-canotaj_16x9.jpg","datePublished":"2026-08-31T07:40:45+00:00","dateModified":"2026-08-31T07:42:25+00:00","author":{"@id":"https:\/\/www.rri.ro\/#\/schema\/person\/72349bda10edda903f72d4a98aefdf6a"},"breadcrumb":{"@id":"https:\/\/www.rri.ro\/sr\/aktuelnosti\/aktuelnosti-sr\/zlato-za-rumunsko-veslanje-31-08-2026-id1055274.html#breadcrumb"},"inLanguage":"sr-RS","potentialAction":[{"@type":"ReadAction","target":["https:\/\/www.rri.ro\/sr\/aktuelnosti\/aktuelnosti-sr\/zlato-za-rumunsko-veslanje-31-08-2026-id1055274.html"]}]},{"@type":"ImageObject","inLanguage":"sr-RS","@id":"https:\/\/www.rri.ro\/sr\/aktuelnosti\/aktuelnosti-sr\/zlato-za-rumunsko-veslanje-31-08-2026-id1055274.html#primaryimage","url":"https:\/\/www.rri.ro\/wp-content\/uploads\/2026\/08\/aur-canotaj-romania-la-amsterdam-foto-fb-fr-canotaj_16x9.jpg","contentUrl":"https:\/\/www.rri.ro\/wp-content\/uploads\/2026\/08\/aur-canotaj-romania-la-amsterdam-foto-fb-fr-canotaj_16x9.jpg","width":1200,"height":675,"caption":"Oro per il canottaggio romeno (foto: Federatia Romana De Canotaj \/ Facebook)"},{"@type":"BreadcrumbList","@id":"https:\/\/www.rri.ro\/sr\/aktuelnosti\/aktuelnosti-sr\/zlato-za-rumunsko-veslanje-31-08-2026-id1055274.html#breadcrumb","itemListElement":[{"@type":"ListItem","position":1,"name":"\u041f\u043e\u0447\u0435\u0442\u043d\u0430 \u0441\u0442\u0440\u0430\u043d\u0438\u0446\u0430","item":"https:\/\/www.rri.ro\/sr"},{"@type":"ListItem","position":2,"name":"Aktuelnosti","item":"https:\/\/www.rri.ro\/sr\/aktuelnosti"},{"@type":"ListItem","position":3,"name":"Tema dana","item":"https:\/\/www.rri.ro\/sr\/aktuelnosti\/aktuelnosti-sr"},{"@type":"ListItem","position":4,"name":"Zlato za rumunsko veslanje (31.08.2026)"}]},{"@type":"WebSite","@id":"https:\/\/www.rri.ro\/#website","url":"https:\/\/www.rri.ro\/","name":"RADIO RUMUNIJA INTERNACIONAL","description":"Totul despre Rom\u00e2nia \u015fi rom\u00e2ni, \u00een 13 limbi\/dialecte!","inLanguage":"sr-RS"},{"@type":"Person","@id":"https:\/\/www.rri.ro\/#\/schema\/person\/72349bda10edda903f72d4a98aefdf6a","name":"Dragana Diamandi","url":"https:\/\/www.rri.ro\/sr\/author\/dragana-diamandi"}]}},"_links":{"self":[{"href":"https:\/\/www.rri.ro\/sr\/wp-json\/wp\/v2\/posts\/1055274","targetHints":{"allow":["GET"]}}],"collection":[{"href":"https:\/\/www.rri.ro\/sr\/wp-json\/wp\/v2\/posts"}],"about":[{"href":"https:\/\/www.rri.ro\/sr\/wp-json\/wp\/v2\/types\/post"}],"author":[{"embeddable":true,"href":"https:\/\/www.rri.ro\/sr\/wp-json\/wp\/v2\/users\/100"}],"replies":[{"embeddable":true,"href":"https:\/\/www.rri.ro\/sr\/wp-json\/wp\/v2\/comments?post=1055274"}],"version-history":[{"count":1,"href":"https:\/\/www.rri.ro\/sr\/wp-json\/wp\/v2\/posts\/1055274\/revisions"}],"predecessor-version":[{"id":1055275,"href":"https:\/\/www.rri.ro\/sr\/wp-json\/wp\/v2\/posts\/1055274\/revisions\/1055275"}],"wp:featuredmedia":[{"embeddable":true,"href":"https:\/\/www.rri.ro\/sr\/wp-json\/wp\/v2\/media\/1055239"}],"wp:attachment":[{"href":"https:\/\/www.rri.ro\/sr\/wp-json\/wp\/v2\/media?parent=1055274"}],"wp:term":[{"taxonomy":"category","embeddable":true,"href":"https:\/\/www.rri.ro\/sr\/wp-json\/wp\/v2\/categories?post=1055274"},{"taxonomy":"post_tag","embeddable":true,"href":"https:\/\/www.rri.ro\/sr\/wp-json\/wp\/v2\/tags?post=1055274"},{"taxonomy":"author","embeddable":true,"href":"https:\/\/www.rri.ro\/sr\/wp-json\/wp\/v2\/coauthors?post=1055274"}],"curies":[{"name":"wp","href":"https:\/\/api.w.org\/{rel}","templated":true}]}}