{"id":1055293,"date":"2026-08-31T11:48:15","date_gmt":"2026-08-31T08:48:15","guid":{"rendered":"https:\/\/www.rri.ro\/?p=1055293"},"modified":"2026-08-31T12:41:36","modified_gmt":"2026-08-31T09:41:36","slug":"vesti-31-08-2026","status":"publish","type":"post","link":"https:\/\/www.rri.ro\/sr\/aktuelnosti\/vesti\/vesti-31-08-2026-id1055293.html","title":{"rendered":"Vesti \u2013 31.08.2026"},"content":{"rendered":"<p>Danas se zavr\u0161ava Nacionalni plan oporavka i otpornosti, nacionalni mehanizam za investicije i reforme, finansiran iz posebnog fonda zajednice, stvorenog za podr\u0161ku obnovi Evrope nakon pandemije COVID-19. Od bud\u017eeta od preko 20 milijardi evra dodeljenih kroz ovaj plan, Rumunija je uspela da efikasno prikupi samo pribli\u017eno 13 milijardi evra. Ostatak zavisi od procene Evropske komisije o reformama koje su vlasti u Bukure\u0161tu sprovele u poslednjem trenutku. Pre zatvaranja Nacionalnog plana oporavka i otpornosti, u toku je bilo preko 15 hiljada projekata finansiranih evropskim novcem, a dok pribli\u017eno 4.500 njih jo\u0161 nije zavr\u0161eno i formalno primljeno.<\/p>\n<p>Kulturnim manifestacijama koje se istovremeno odr\u017eavaju u Rumuniji, Republici Moldaviji, kao i u istorijskim rumunskim zajednicama i dijaspori, danas, 31. avgusta, obele\u017eava se Dan rumunskog jezika. Ovaj praznik ustanovio je Parlament u Bukure\u0161tu 2013. godine, a poklapa se sa nacionalnim praznikom u Republici Moldaviji,  Posve\u0107en je pokretu nacionalnog preporoda u susednoj dr\u017eavi, u kojoj ve\u0107inu stanovni\u0161tva \u010dine govornici rumunskog jezika. Dana 31. avgusta 1989. godine, usred sovjetskog re\u017eima, Parlament u Ki\u0161injevu, pred oko 750 hiljada ljudi, odnosno \u0161estine stanovni\u0161tva republike u to vreme, odlu\u010dio je da proglasi rumunski dr\u017eavnim jezikom, kao i da pre\u0111e na latini\u010dno pismo umesto c\u0301irili\u010dnog koje su okupatori nametnuli nakon aneksije 1940. godine.<\/p>\n<p>Nove konsultacije o imenovanju buduc\u0301eg premijera Rumunije odr\u017eac\u0301e se u utorak, 1. septembra, izme\u0111u predsednika Niku\u0161ora Dana i parlamentarnih stranaka. \u0160ef dr\u017eave veruje da c\u0301e ovog puta biti prona\u0111ena vec\u0301ina za formiranje stabilne vlade. On je isklju\u010dio mogu\u0107nost formiranja tehnokratskog kabineta i tvrdi da c\u0301e buduc\u0301u izvr\u0161nu vlast \u010diniti ministri koje predlo\u017ee politi\u010dke stranke. Prema nekim politi\u010dkim izvorima, o\u010dekuje se da c\u0301e buduc\u0301i premijer biti nezavisni kandidat koji c\u0301e predvoditi vec\u0301insku vladu PSD-a, koju podr\u017eavaju parlament i UDMR. Rumunija nema vladu sa punim ovla\u0161c\u0301enjima od 5. maja, kada je manjinski tim PNL-USR-UDMR, predvo\u0111en liberalom Ilijem Bolo\u017eanom, smenjena u parlamentu izglasavanjem nepoverenja. Nakon \u0161to je evroposlanik Eugen Tomac, koji je prvobitno bio predlo\u017een za mandatara, odustao od kandidature, za novog kandidata za premijera nominovan je liberal Adrian Ve\u0161tea, koji, me\u0111utim, u parlamentu nije dobio dovoljan broj glasova za izbor.<\/p>\n<p>Ministarstvo spoljnih poslova (MAE) u Bukure\u0161tu organizuje, 31. avgusta i 1. septembra, Godi\u0161nji sastanak rumunske diplomatije. Sastanak c\u0301e voditi privremena ministarka spoljnih poslova, Oana Coiu, a odr\u017eac\u0301e se u Bukure\u0161koj nacionalnoj operi &#8211; saop\u0161tilo je MAE. Doga\u0111aj, koji se organizuje, po tradiciji, uo\u010di Dana rumunske diplomatije, koji se svake godine obele\u017eava 1. septembra, okupic\u0301e \u0161efove diplomatskih misija i konzularnih predstavni\u0161tava Rumunije u inostranstvu, predstavnike stranog diplomatskog kora akreditovanog u Bukure\u0161tu, kao i \u010dlanove rukovodstva Ministarstva spoljnih poslova i visoke rumunske zvani\u010dnike. Prema navodima MSP-a, ovogodi\u0161nje izdanje posve\u0107eno je efikasnijoj, pragmati\u010dnijoj diplomatiji, bolje uskla\u0111enoj sa interesima Rumunije. Akcenat \u0107e biti stavljen na to kako diplomatsko i konzularno delovanje mo\u017ee vi\u0161e da doprinese ja\u010danju me\u0111unarodnog polo\u017eaja zemlje, promociji bezbednosnih i ekonomskih interesa Rumunije, pru\u017eanju podr\u0161ke rumunskim gra\u0111anima, kao i ja\u010danju uloge zemlje u Evropskoj uniji, u transatlantskim odnosima i u dijalogu sa globalnim partnerima.<\/p>\n<p>Gotovo tri \u010detvrtine stanovnika Bukure\u0161ta \u2013 73 odsto \u2013 smatra da se Rumunija kre\u0107e u pogre\u0161nom pravcu, dok svega 18 odsto ocenjuje da zemlja ide dobrim putem, pokazuje istra\u017eivanje javnog mnjenja koje je agencija CURS sprovela u glavnom gradu.Kada je re\u010d o stanju u Bukure\u0161tu, 63 odsto ispitanika smatra da se i grad kre\u0107e u pogre\u0161nom pravcu. Kao najve\u0107i problem koji bi Gradska uprava trebalo hitno da re\u0161i gra\u0111ani navode saobra\u0107ajne gu\u017eve i zastoji. Na drugom mestu su stanje ulica i puteva, a zatim problem nedostatka parking mesta. Prema rezultatima istra\u017eivanja, kada bi se lokalni izbori odr\u017eali naredne nedelje, Socijaldemokratska partija (PSD) osvojila bi 22 odsto glasova, dok bi Liberalna partija (PNL) bila druga sa 21 odsto. Alijansa za ujedinjenje Rumuna (AUR) imao bi podr\u0161ku 20 odsto bira\u010da, a Unija spasimo Rumuniju (USR) 18 odsto. Istra\u017eivanje je agencija CURS sprovela u periodu od 21. do 28. avgusta na uzorku od vi\u0161e od 1.000 ispitanika, uz maksimalnu marginu gre\u0161ke od \u00b13 odsto.<\/p>\n","protected":false},"excerpt":{"rendered":"<p>Danas se zavr\u0161ava Nacionalni plan oporavka i otpornosti, nacionalni mehanizam za investicije i reforme, finansiran iz posebnog fonda zajednice, stvorenog za podr\u0161ku obnovi Evrope nakon pandemije COVID-19. Od bud\u017eeta od preko 20 milijardi evra dodeljenih kroz ovaj plan, Rumunija je uspela da efikasno prikupi samo pribli\u017eno 13 milijardi evra. Ostatak zavisi od procene Evropske komisije [&hellip;]<\/p>\n","protected":false},"author":100,"featured_media":723484,"comment_status":"closed","ping_status":"closed","sticky":false,"template":"","format":"standard","meta":{"_acf_changed":false,"footnotes":""},"categories":[105434],"tags":[],"coauthors":[114932,116091],"class_list":["post-1055293","post","type-post","status-publish","format-standard","has-post-thumbnail","hentry","category-vesti"],"acf":[],"yoast_head":"<!-- This site is optimized with the Yoast SEO plugin v28.2 - https:\/\/yoast.com\/product\/yoast-seo-wordpress\/ -->\n<title>Vesti \u2013 31.08.2026 - RADIO RUMUNIJA INTERNACIONAL<\/title>\n<meta name=\"robots\" content=\"index, follow, max-snippet:-1, max-image-preview:large, max-video-preview:-1\" \/>\n<link rel=\"canonical\" href=\"https:\/\/www.rri.ro\/sr\/aktuelnosti\/vesti\/vesti-31-08-2026-id1055293.html\" \/>\n<meta property=\"og:locale\" content=\"sr_RS\" \/>\n<meta property=\"og:type\" content=\"article\" \/>\n<meta property=\"og:title\" content=\"Vesti \u2013 31.08.2026 - RADIO RUMUNIJA INTERNACIONAL\" \/>\n<meta property=\"og:description\" content=\"Danas se zavr\u0161ava Nacionalni plan oporavka i otpornosti, nacionalni mehanizam za investicije i reforme, finansiran iz posebnog fonda zajednice, stvorenog za podr\u0161ku obnovi Evrope nakon pandemije COVID-19. Od bud\u017eeta od preko 20 milijardi evra dodeljenih kroz ovaj plan, Rumunija je uspela da efikasno prikupi samo pribli\u017eno 13 milijardi evra. Ostatak zavisi od procene Evropske komisije [&hellip;]\" \/>\n<meta property=\"og:url\" content=\"https:\/\/www.rri.ro\/sr\/aktuelnosti\/vesti\/vesti-31-08-2026-id1055293.html\" \/>\n<meta property=\"og:site_name\" content=\"RADIO RUMUNIJA INTERNACIONAL\" \/>\n<meta property=\"article:published_time\" content=\"2026-08-31T08:48:15+00:00\" \/>\n<meta property=\"article:modified_time\" content=\"2026-08-31T09:41:36+00:00\" \/>\n<meta property=\"og:image\" content=\"https:\/\/www.rri.ro\/wp-content\/uploads\/2024\/03\/RRI-960x540-Vesti-1-NOU.jpg\" \/>\n\t<meta property=\"og:image:width\" content=\"960\" \/>\n\t<meta property=\"og:image:height\" content=\"540\" \/>\n\t<meta property=\"og:image:type\" content=\"image\/jpeg\" \/>\n<meta name=\"author\" content=\"Dragana Diamandi, Newsroom\" \/>\n<meta name=\"twitter:card\" content=\"summary_large_image\" \/>\n<meta name=\"twitter:label1\" content=\"\u041d\u0430\u043f\u0438\u0441\u0430\u043d\u043e \u043e\u0434\" \/>\n\t<meta name=\"twitter:data1\" content=\"Dragana Diamandi\" \/>\n\t<meta name=\"twitter:label2\" content=\"\u041f\u0440\u043e\u0446\u0435\u045a\u0435\u043d\u043e \u0432\u0440\u0435\u043c\u0435 \u0447\u0438\u0442\u0430\u045a\u0430\" \/>\n\t<meta name=\"twitter:data2\" content=\"4 \u043c\u0438\u043d\u0443\u0442\u0430\" \/>\n\t<meta name=\"twitter:label3\" content=\"Written by\" \/>\n\t<meta name=\"twitter:data3\" content=\"Dragana Diamandi, Newsroom\" \/>\n<script type=\"application\/ld+json\" class=\"yoast-schema-graph\">{\"@context\":\"https:\\\/\\\/schema.org\",\"@graph\":[{\"@type\":\"Article\",\"@id\":\"https:\\\/\\\/www.rri.ro\\\/sr\\\/aktuelnosti\\\/vesti\\\/vesti-31-08-2026-id1055293.html#article\",\"isPartOf\":{\"@id\":\"https:\\\/\\\/www.rri.ro\\\/sr\\\/aktuelnosti\\\/vesti\\\/vesti-31-08-2026-id1055293.html\"},\"author\":{\"name\":\"Dragana Diamandi\",\"@id\":\"https:\\\/\\\/www.rri.ro\\\/#\\\/schema\\\/person\\\/72349bda10edda903f72d4a98aefdf6a\"},\"headline\":\"Vesti \u2013 31.08.2026\",\"datePublished\":\"2026-08-31T08:48:15+00:00\",\"dateModified\":\"2026-08-31T09:41:36+00:00\",\"mainEntityOfPage\":{\"@id\":\"https:\\\/\\\/www.rri.ro\\\/sr\\\/aktuelnosti\\\/vesti\\\/vesti-31-08-2026-id1055293.html\"},\"wordCount\":716,\"image\":{\"@id\":\"https:\\\/\\\/www.rri.ro\\\/sr\\\/aktuelnosti\\\/vesti\\\/vesti-31-08-2026-id1055293.html#primaryimage\"},\"thumbnailUrl\":\"https:\\\/\\\/www.rri.ro\\\/wp-content\\\/uploads\\\/2024\\\/03\\\/RRI-960x540-Vesti-1-NOU.jpg\",\"articleSection\":[\"Vesti\"],\"inLanguage\":\"sr-RS\"},{\"@type\":\"WebPage\",\"@id\":\"https:\\\/\\\/www.rri.ro\\\/sr\\\/aktuelnosti\\\/vesti\\\/vesti-31-08-2026-id1055293.html\",\"url\":\"https:\\\/\\\/www.rri.ro\\\/sr\\\/aktuelnosti\\\/vesti\\\/vesti-31-08-2026-id1055293.html\",\"name\":\"Vesti \u2013 31.08.2026 - RADIO RUMUNIJA INTERNACIONAL\",\"isPartOf\":{\"@id\":\"https:\\\/\\\/www.rri.ro\\\/#website\"},\"primaryImageOfPage\":{\"@id\":\"https:\\\/\\\/www.rri.ro\\\/sr\\\/aktuelnosti\\\/vesti\\\/vesti-31-08-2026-id1055293.html#primaryimage\"},\"image\":{\"@id\":\"https:\\\/\\\/www.rri.ro\\\/sr\\\/aktuelnosti\\\/vesti\\\/vesti-31-08-2026-id1055293.html#primaryimage\"},\"thumbnailUrl\":\"https:\\\/\\\/www.rri.ro\\\/wp-content\\\/uploads\\\/2024\\\/03\\\/RRI-960x540-Vesti-1-NOU.jpg\",\"datePublished\":\"2026-08-31T08:48:15+00:00\",\"dateModified\":\"2026-08-31T09:41:36+00:00\",\"author\":{\"@id\":\"https:\\\/\\\/www.rri.ro\\\/#\\\/schema\\\/person\\\/72349bda10edda903f72d4a98aefdf6a\"},\"breadcrumb\":{\"@id\":\"https:\\\/\\\/www.rri.ro\\\/sr\\\/aktuelnosti\\\/vesti\\\/vesti-31-08-2026-id1055293.html#breadcrumb\"},\"inLanguage\":\"sr-RS\",\"potentialAction\":[{\"@type\":\"ReadAction\",\"target\":[\"https:\\\/\\\/www.rri.ro\\\/sr\\\/aktuelnosti\\\/vesti\\\/vesti-31-08-2026-id1055293.html\"]}]},{\"@type\":\"ImageObject\",\"inLanguage\":\"sr-RS\",\"@id\":\"https:\\\/\\\/www.rri.ro\\\/sr\\\/aktuelnosti\\\/vesti\\\/vesti-31-08-2026-id1055293.html#primaryimage\",\"url\":\"https:\\\/\\\/www.rri.ro\\\/wp-content\\\/uploads\\\/2024\\\/03\\\/RRI-960x540-Vesti-1-NOU.jpg\",\"contentUrl\":\"https:\\\/\\\/www.rri.ro\\\/wp-content\\\/uploads\\\/2024\\\/03\\\/RRI-960x540-Vesti-1-NOU.jpg\",\"width\":960,\"height\":540},{\"@type\":\"BreadcrumbList\",\"@id\":\"https:\\\/\\\/www.rri.ro\\\/sr\\\/aktuelnosti\\\/vesti\\\/vesti-31-08-2026-id1055293.html#breadcrumb\",\"itemListElement\":[{\"@type\":\"ListItem\",\"position\":1,\"name\":\"\u041f\u043e\u0447\u0435\u0442\u043d\u0430 \u0441\u0442\u0440\u0430\u043d\u0438\u0446\u0430\",\"item\":\"https:\\\/\\\/www.rri.ro\\\/sr\"},{\"@type\":\"ListItem\",\"position\":2,\"name\":\"Aktuelnosti\",\"item\":\"https:\\\/\\\/www.rri.ro\\\/sr\\\/aktuelnosti\"},{\"@type\":\"ListItem\",\"position\":3,\"name\":\"Vesti\",\"item\":\"https:\\\/\\\/www.rri.ro\\\/sr\\\/aktuelnosti\\\/vesti\"},{\"@type\":\"ListItem\",\"position\":4,\"name\":\"Vesti \u2013 31.08.2026\"}]},{\"@type\":\"WebSite\",\"@id\":\"https:\\\/\\\/www.rri.ro\\\/#website\",\"url\":\"https:\\\/\\\/www.rri.ro\\\/\",\"name\":\"RADIO RUMUNIJA INTERNACIONAL\",\"description\":\"Totul despre Rom\u00e2nia \u015fi rom\u00e2ni, \u00een 13 limbi\\\/dialecte!\",\"inLanguage\":\"sr-RS\"},{\"@type\":\"Person\",\"@id\":\"https:\\\/\\\/www.rri.ro\\\/#\\\/schema\\\/person\\\/72349bda10edda903f72d4a98aefdf6a\",\"name\":\"Dragana Diamandi\",\"url\":\"https:\\\/\\\/www.rri.ro\\\/sr\\\/author\\\/dragana-diamandi\"}]}<\/script>\n<!-- \/ Yoast SEO plugin. -->","yoast_head_json":{"title":"Vesti \u2013 31.08.2026 - RADIO RUMUNIJA INTERNACIONAL","robots":{"index":"index","follow":"follow","max-snippet":"max-snippet:-1","max-image-preview":"max-image-preview:large","max-video-preview":"max-video-preview:-1"},"canonical":"https:\/\/www.rri.ro\/sr\/aktuelnosti\/vesti\/vesti-31-08-2026-id1055293.html","og_locale":"sr_RS","og_type":"article","og_title":"Vesti \u2013 31.08.2026 - RADIO RUMUNIJA INTERNACIONAL","og_description":"Danas se zavr\u0161ava Nacionalni plan oporavka i otpornosti, nacionalni mehanizam za investicije i reforme, finansiran iz posebnog fonda zajednice, stvorenog za podr\u0161ku obnovi Evrope nakon pandemije COVID-19. Od bud\u017eeta od preko 20 milijardi evra dodeljenih kroz ovaj plan, Rumunija je uspela da efikasno prikupi samo pribli\u017eno 13 milijardi evra. Ostatak zavisi od procene Evropske komisije [&hellip;]","og_url":"https:\/\/www.rri.ro\/sr\/aktuelnosti\/vesti\/vesti-31-08-2026-id1055293.html","og_site_name":"RADIO RUMUNIJA INTERNACIONAL","article_published_time":"2026-08-31T08:48:15+00:00","article_modified_time":"2026-08-31T09:41:36+00:00","og_image":[{"width":960,"height":540,"url":"https:\/\/www.rri.ro\/wp-content\/uploads\/2024\/03\/RRI-960x540-Vesti-1-NOU.jpg","type":"image\/jpeg"}],"author":"Dragana Diamandi, Newsroom","twitter_card":"summary_large_image","twitter_misc":{"\u041d\u0430\u043f\u0438\u0441\u0430\u043d\u043e \u043e\u0434":"Dragana Diamandi","\u041f\u0440\u043e\u0446\u0435\u045a\u0435\u043d\u043e \u0432\u0440\u0435\u043c\u0435 \u0447\u0438\u0442\u0430\u045a\u0430":"4 \u043c\u0438\u043d\u0443\u0442\u0430","Written by":"Dragana Diamandi, Newsroom"},"schema":{"@context":"https:\/\/schema.org","@graph":[{"@type":"Article","@id":"https:\/\/www.rri.ro\/sr\/aktuelnosti\/vesti\/vesti-31-08-2026-id1055293.html#article","isPartOf":{"@id":"https:\/\/www.rri.ro\/sr\/aktuelnosti\/vesti\/vesti-31-08-2026-id1055293.html"},"author":{"name":"Dragana Diamandi","@id":"https:\/\/www.rri.ro\/#\/schema\/person\/72349bda10edda903f72d4a98aefdf6a"},"headline":"Vesti \u2013 31.08.2026","datePublished":"2026-08-31T08:48:15+00:00","dateModified":"2026-08-31T09:41:36+00:00","mainEntityOfPage":{"@id":"https:\/\/www.rri.ro\/sr\/aktuelnosti\/vesti\/vesti-31-08-2026-id1055293.html"},"wordCount":716,"image":{"@id":"https:\/\/www.rri.ro\/sr\/aktuelnosti\/vesti\/vesti-31-08-2026-id1055293.html#primaryimage"},"thumbnailUrl":"https:\/\/www.rri.ro\/wp-content\/uploads\/2024\/03\/RRI-960x540-Vesti-1-NOU.jpg","articleSection":["Vesti"],"inLanguage":"sr-RS"},{"@type":"WebPage","@id":"https:\/\/www.rri.ro\/sr\/aktuelnosti\/vesti\/vesti-31-08-2026-id1055293.html","url":"https:\/\/www.rri.ro\/sr\/aktuelnosti\/vesti\/vesti-31-08-2026-id1055293.html","name":"Vesti \u2013 31.08.2026 - RADIO RUMUNIJA INTERNACIONAL","isPartOf":{"@id":"https:\/\/www.rri.ro\/#website"},"primaryImageOfPage":{"@id":"https:\/\/www.rri.ro\/sr\/aktuelnosti\/vesti\/vesti-31-08-2026-id1055293.html#primaryimage"},"image":{"@id":"https:\/\/www.rri.ro\/sr\/aktuelnosti\/vesti\/vesti-31-08-2026-id1055293.html#primaryimage"},"thumbnailUrl":"https:\/\/www.rri.ro\/wp-content\/uploads\/2024\/03\/RRI-960x540-Vesti-1-NOU.jpg","datePublished":"2026-08-31T08:48:15+00:00","dateModified":"2026-08-31T09:41:36+00:00","author":{"@id":"https:\/\/www.rri.ro\/#\/schema\/person\/72349bda10edda903f72d4a98aefdf6a"},"breadcrumb":{"@id":"https:\/\/www.rri.ro\/sr\/aktuelnosti\/vesti\/vesti-31-08-2026-id1055293.html#breadcrumb"},"inLanguage":"sr-RS","potentialAction":[{"@type":"ReadAction","target":["https:\/\/www.rri.ro\/sr\/aktuelnosti\/vesti\/vesti-31-08-2026-id1055293.html"]}]},{"@type":"ImageObject","inLanguage":"sr-RS","@id":"https:\/\/www.rri.ro\/sr\/aktuelnosti\/vesti\/vesti-31-08-2026-id1055293.html#primaryimage","url":"https:\/\/www.rri.ro\/wp-content\/uploads\/2024\/03\/RRI-960x540-Vesti-1-NOU.jpg","contentUrl":"https:\/\/www.rri.ro\/wp-content\/uploads\/2024\/03\/RRI-960x540-Vesti-1-NOU.jpg","width":960,"height":540},{"@type":"BreadcrumbList","@id":"https:\/\/www.rri.ro\/sr\/aktuelnosti\/vesti\/vesti-31-08-2026-id1055293.html#breadcrumb","itemListElement":[{"@type":"ListItem","position":1,"name":"\u041f\u043e\u0447\u0435\u0442\u043d\u0430 \u0441\u0442\u0440\u0430\u043d\u0438\u0446\u0430","item":"https:\/\/www.rri.ro\/sr"},{"@type":"ListItem","position":2,"name":"Aktuelnosti","item":"https:\/\/www.rri.ro\/sr\/aktuelnosti"},{"@type":"ListItem","position":3,"name":"Vesti","item":"https:\/\/www.rri.ro\/sr\/aktuelnosti\/vesti"},{"@type":"ListItem","position":4,"name":"Vesti \u2013 31.08.2026"}]},{"@type":"WebSite","@id":"https:\/\/www.rri.ro\/#website","url":"https:\/\/www.rri.ro\/","name":"RADIO RUMUNIJA INTERNACIONAL","description":"Totul despre Rom\u00e2nia \u015fi rom\u00e2ni, \u00een 13 limbi\/dialecte!","inLanguage":"sr-RS"},{"@type":"Person","@id":"https:\/\/www.rri.ro\/#\/schema\/person\/72349bda10edda903f72d4a98aefdf6a","name":"Dragana Diamandi","url":"https:\/\/www.rri.ro\/sr\/author\/dragana-diamandi"}]}},"_links":{"self":[{"href":"https:\/\/www.rri.ro\/sr\/wp-json\/wp\/v2\/posts\/1055293","targetHints":{"allow":["GET"]}}],"collection":[{"href":"https:\/\/www.rri.ro\/sr\/wp-json\/wp\/v2\/posts"}],"about":[{"href":"https:\/\/www.rri.ro\/sr\/wp-json\/wp\/v2\/types\/post"}],"author":[{"embeddable":true,"href":"https:\/\/www.rri.ro\/sr\/wp-json\/wp\/v2\/users\/100"}],"replies":[{"embeddable":true,"href":"https:\/\/www.rri.ro\/sr\/wp-json\/wp\/v2\/comments?post=1055293"}],"version-history":[{"count":2,"href":"https:\/\/www.rri.ro\/sr\/wp-json\/wp\/v2\/posts\/1055293\/revisions"}],"predecessor-version":[{"id":1055295,"href":"https:\/\/www.rri.ro\/sr\/wp-json\/wp\/v2\/posts\/1055293\/revisions\/1055295"}],"wp:featuredmedia":[{"embeddable":true,"href":"https:\/\/www.rri.ro\/sr\/wp-json\/wp\/v2\/media\/723484"}],"wp:attachment":[{"href":"https:\/\/www.rri.ro\/sr\/wp-json\/wp\/v2\/media?parent=1055293"}],"wp:term":[{"taxonomy":"category","embeddable":true,"href":"https:\/\/www.rri.ro\/sr\/wp-json\/wp\/v2\/categories?post=1055293"},{"taxonomy":"post_tag","embeddable":true,"href":"https:\/\/www.rri.ro\/sr\/wp-json\/wp\/v2\/tags?post=1055293"},{"taxonomy":"author","embeddable":true,"href":"https:\/\/www.rri.ro\/sr\/wp-json\/wp\/v2\/coauthors?post=1055293"}],"curies":[{"name":"wp","href":"https:\/\/api.w.org\/{rel}","templated":true}]}}