{"id":1055781,"date":"2026-09-01T19:50:41","date_gmt":"2026-09-01T16:50:41","guid":{"rendered":"https:\/\/www.rri.ro\/?p=1055781"},"modified":"2026-09-01T19:50:41","modified_gmt":"2026-09-01T16:50:41","slug":"vesti-01-09-2026","status":"publish","type":"post","link":"https:\/\/www.rri.ro\/sr\/aktuelnosti\/vesti\/vesti-01-09-2026-id1055781.html","title":{"rendered":"Vesti (01.09.2026)"},"content":{"rendered":"<p style=\"text-align: justify;\">\u00a0Savez Srba u Rumuniji je i 2026. godine organizovao nagradno putovanje za u\u010denike koji su u\u010destvovali na republi\u010dkom nivou Olimpijade iz srpskog jezika i knji\u017eevnosti iz Kara\u0161-Severina i Timi\u0161a. Olimpijci su, u pratnji svojih profesora, proveli nedelju dana na Sun\u010danoj pla\u017ei u Bugarskoj, gde su, nakon ulo\u017eenog truda i postignutih rezultata, imali priliku da deo letnjeg raspusta provedu u odmoru, dru\u017eenju i dobrom raspolo\u017eenju. Ovo nagradno putovanje predstavljalo je priznanje za njihov trud, znanje i posve\u0107enost, ali i podsticaj da nastave da \u010duvaju, neguju i unapre\u0111uju svoje znanje srpskog jezika, kao va\u017enog dela svog nacionalnog i kulturnog identiteta. Savez je uputio \u010destitke olimpijcima na postignutim rezultatima i zahvalio im se \u0161to svojim znanjem, trudom i ljubavlju prema srpskom jeziku doprinose njegovom o\u010duvanju i promociji. Tako\u0111e, upu\u0107ene su zahvalnosti njihovim profesorima, koji svojim profesionalizmom, posve\u0107eno\u0161\u0107u i predanim radom podr\u017eavaju u\u010denike u razvijanju znanja i ostvarivanju izuzetnih rezultata, navodi se u saop\u0161tenju.<\/p>\n<p style=\"text-align: justify;\">Savez Srba u Rumuniji organizuje 5. septembra jubilarno, 30. izdanje Maratona srpskog narodnog plesa na Trgu Slobode u Temi\u0161varu. Nastupi\u0107e 16 folklornih ansambala, koji \u0107e kroz igru, pesmu i narodnu no\u0161nju predstaviti bogatstvo i raznovrsnost srpskog folklornog nasle\u0111a. U okviru Maratona bi\u0107e odr\u017eana i izlo\u017eba umetnosti i tradicionalnih zanata, koju pripremaju \u017eenska udru\u017eenja u okviru Saveza Srba u Rumuniji. One \u0107e predstaviti ru\u010dno izra\u0111ene predmete, tradicije i elemente karakteristi\u010dne za kulturno nasle\u0111e srpske manjine u Rumuniji.<\/p>\n<p style=\"text-align: justify;\">U Kulturnom centru Saveza Srba u Rumuniji \u201eSveti Sava\u201c u Bazia\u0161u boravili su \u010dlanovi Ansambla \u201eKruna\u201c iz Srpskog S\u00e2nmartina, koji su period proveden u Folklornom kampu 2026. iskoristili za rad, usavr\u0161avanje koreografija i pripremu za predstoje\u0107e nastupe. Folklorni kampovi, koje Savez organizuje ve\u0107 20 godina, nastavljaju svoju misiju okupljanja mladih, stvaranja novih prijateljstava i o\u010duvanja igre, pesme i tradicije.<\/p>\n<p style=\"text-align: justify;\">\u00a0Rumunski kulturni institut podr\u017eava, u okviru programa \u201eCantemir\u201c, projekat \u201eUn-Hidden Connections\u201c, koji \u0107e biti odr\u017ean od 4. do 18. septembra u Beogradu. Inicijativa donosi savremenu reinterpretaciju dela i nasle\u0111a Konstantina Branku\u0161ija kroz urbanu umetnost i interdisciplinarni dijalog izme\u0111u umetnika, istra\u017eiva\u010da i kulturnih menad\u017eera iz Rumunije i Srbije.<\/p>\n<p style=\"text-align: justify;\">Izlo\u017eba predstavlja 14 radova urbane umetnosti nastalih u Rumuniji, \u010diji su autori razli\u010diti umetnici, a koji su inspirisani skulpturama, simbolima i konceptima koje je razvio Konstantin Branku\u0161i. Edukativnu dimenziju projekta upotpunjuju dve kreativne radionice koje vode rumunski umetnici Aleksandru \u010cubotariu (Pisica P\u0103trat\u0103) i LUN\u0102. Oni \u0107e zajedno sa u\u010desnicima istra\u017eivati uticaj Branku\u0161ijevog stvarala\u0161tva na savremenu umetnost, polaze\u0107i od Monumentalnog ansambla u Targu \u017diju. Komponenta projekta posve\u0107ena razmi\u0161ljanju i dijalogu bi\u0107e realizovana kroz dve debate. Na prvoj, \u201eZa\u0161to je Konstantin Branku\u0161i va\u017ean danas: Reinterpretacija kulturnog nasle\u0111a kroz prizmu evropskih praksi uli\u010dne umetnosti\u201c, u\u010destvova\u0107e Kristina Popa, Andrei Rakovic\u0301an, Ljiljana Radosevi\u0107 i Aleksandar Djalek \u0110or\u0111evi\u0107, dok \u0107e moderatorka biti Jelena Popovi\u0107 \u0110or\u0111evi\u0107. Druga debata, \u201ePredstave o Branku\u0161iju i njegovim delima u savremenoj urbanoj umetnosti Evrope\u201c, okupi\u0107e umetnike LUN\u0102, Pisica P\u0103trat\u0103, Janu i TKV. Program obuhvata i dva performansa realizovana u saradnji sa muzi\u010darima iz Srbije.<\/p>\n<p style=\"text-align: justify;\">Bitka kod Moha\u010da i njene posledice u srednjoj Evropi tema su izlo\u017ebe koja je otvorena u Srednjovekovnoj tvr\u0111avi u Sigi\u0161oari, u okviru interkulturnog festivala ProEtnica, koji se odr\u017eava po 25. put. Predstavljaju\u0107i Savez Srba u Rumuniji, lokalna organizacija iz Velikog Seme\u0111u\u0161a i Ansambl \u201eSveti Sava\u201c nastupili su na sceni u Sigi\u0161oari sa tradicionalnim igrama i pesmama.<\/p>\n<p style=\"text-align: justify;\">Fudbalski klub FC Arge\u0161 nedavno je anga\u017eovao golmana Igora Niki\u0107a. Crnogorski reprezentativac dolazi u FC Arge\u0161 nakon iskustva u \u0161panskom fudbalu, u ekipi CD Mirandes iz druge lige. Niki\u0107 je karijeru po\u010deo u Crnoj Gori, u klubovima Bokelj Kotor i Podgorica, a potom je nastupao za Mladost Donja Gorica i Arsenal Tivat. Godine 2023. pre\u0161ao je u FK De\u010di\u0107, sa kojim je ostvario jedan od najboljih perioda u dosada\u0161njoj karijeri. Sa De\u010di\u0107em je osvojio titulu prvaka Crne Gore u sezoni 2023\/24, a godinu dana kasnije osvojio je i Kup Crne Gore. Godine 2025. dobre partije donele su mu prvi transfer van Crne Gore, u \u0161panski CD Mirandes.<\/p>\n<p style=\"text-align: justify;\">Prvoliga\u0161ka odbojka\u0161ka ekipa CSM Lugoj priprema se za novu sezonu. Pripreme se nastavljaju na lokalnom nivou do 10. septembra, kada \u0107e odbojka\u0161ice iz Banata otputovati u Srbiju na treninge i dve kontrolne utakmice protiv Jedinstva iz Stare Pazove. Kup CSM Lugoj zakazan je za period od 25. do 27. septembra. Pored doma\u0107e ekipe, u\u010destvova\u0107e i Corona Bra\u0161ov, Stara Pazova (Srbija) i Beke\u0161\u010daba (Ma\u0111arska).<\/p>\n","protected":false},"excerpt":{"rendered":"<p>\u00a0Savez Srba u Rumuniji je i 2026. godine organizovao nagradno putovanje za u\u010denike koji su u\u010destvovali na republi\u010dkom nivou Olimpijade iz srpskog jezika i knji\u017eevnosti iz Kara\u0161-Severina i Timi\u0161a. Olimpijci su, u pratnji svojih profesora, proveli nedelju dana na Sun\u010danoj pla\u017ei u Bugarskoj, gde su, nakon ulo\u017eenog truda i postignutih rezultata, imali priliku da deo [&hellip;]<\/p>\n","protected":false},"author":101,"featured_media":723484,"comment_status":"closed","ping_status":"closed","sticky":false,"template":"","format":"standard","meta":{"_acf_changed":false,"footnotes":""},"categories":[105434],"tags":[],"coauthors":[113245],"class_list":["post-1055781","post","type-post","status-publish","format-standard","has-post-thumbnail","hentry","category-vesti"],"acf":[],"yoast_head":"<!-- This site is optimized with the Yoast SEO plugin v28.2 - https:\/\/yoast.com\/product\/yoast-seo-wordpress\/ -->\n<title>Vesti (01.09.2026) - RADIO RUMUNIJA INTERNACIONAL<\/title>\n<meta name=\"robots\" content=\"index, follow, max-snippet:-1, max-image-preview:large, max-video-preview:-1\" \/>\n<link rel=\"canonical\" href=\"https:\/\/www.rri.ro\/sr\/aktuelnosti\/vesti\/vesti-01-09-2026-id1055781.html\" \/>\n<meta property=\"og:locale\" content=\"sr_RS\" \/>\n<meta property=\"og:type\" content=\"article\" \/>\n<meta property=\"og:title\" content=\"Vesti (01.09.2026) - RADIO RUMUNIJA INTERNACIONAL\" \/>\n<meta property=\"og:description\" content=\"\u00a0Savez Srba u Rumuniji je i 2026. godine organizovao nagradno putovanje za u\u010denike koji su u\u010destvovali na republi\u010dkom nivou Olimpijade iz srpskog jezika i knji\u017eevnosti iz Kara\u0161-Severina i Timi\u0161a. Olimpijci su, u pratnji svojih profesora, proveli nedelju dana na Sun\u010danoj pla\u017ei u Bugarskoj, gde su, nakon ulo\u017eenog truda i postignutih rezultata, imali priliku da deo [&hellip;]\" \/>\n<meta property=\"og:url\" content=\"https:\/\/www.rri.ro\/sr\/aktuelnosti\/vesti\/vesti-01-09-2026-id1055781.html\" \/>\n<meta property=\"og:site_name\" content=\"RADIO RUMUNIJA INTERNACIONAL\" \/>\n<meta property=\"article:published_time\" content=\"2026-09-01T16:50:41+00:00\" \/>\n<meta property=\"og:image\" content=\"https:\/\/www.rri.ro\/wp-content\/uploads\/2024\/03\/RRI-960x540-Vesti-1-NOU.jpg\" \/>\n\t<meta property=\"og:image:width\" content=\"960\" \/>\n\t<meta property=\"og:image:height\" content=\"540\" \/>\n\t<meta property=\"og:image:type\" content=\"image\/jpeg\" \/>\n<meta name=\"author\" content=\"Marija Nenadi\u0107-Zurka\" \/>\n<meta name=\"twitter:card\" content=\"summary_large_image\" \/>\n<meta name=\"twitter:label1\" content=\"\u041d\u0430\u043f\u0438\u0441\u0430\u043d\u043e \u043e\u0434\" \/>\n\t<meta name=\"twitter:data1\" content=\"Marija Nenadi\u0107-Zurka\" \/>\n\t<meta name=\"twitter:label2\" content=\"\u041f\u0440\u043e\u0446\u0435\u045a\u0435\u043d\u043e \u0432\u0440\u0435\u043c\u0435 \u0447\u0438\u0442\u0430\u045a\u0430\" \/>\n\t<meta name=\"twitter:data2\" content=\"4 \u043c\u0438\u043d\u0443\u0442\u0430\" \/>\n\t<meta name=\"twitter:label3\" content=\"Written by\" \/>\n\t<meta name=\"twitter:data3\" content=\"Marija Nenadi\u0107-Zurka\" \/>\n<script type=\"application\/ld+json\" class=\"yoast-schema-graph\">{\"@context\":\"https:\\\/\\\/schema.org\",\"@graph\":[{\"@type\":\"Article\",\"@id\":\"https:\\\/\\\/www.rri.ro\\\/sr\\\/aktuelnosti\\\/vesti\\\/vesti-01-09-2026-id1055781.html#article\",\"isPartOf\":{\"@id\":\"https:\\\/\\\/www.rri.ro\\\/sr\\\/aktuelnosti\\\/vesti\\\/vesti-01-09-2026-id1055781.html\"},\"author\":{\"name\":\"Marija Nenadi\u0107-Zurka\",\"@id\":\"https:\\\/\\\/www.rri.ro\\\/#\\\/schema\\\/person\\\/a3f1370886b657670704847e2f795e3e\"},\"headline\":\"Vesti (01.09.2026)\",\"datePublished\":\"2026-09-01T16:50:41+00:00\",\"mainEntityOfPage\":{\"@id\":\"https:\\\/\\\/www.rri.ro\\\/sr\\\/aktuelnosti\\\/vesti\\\/vesti-01-09-2026-id1055781.html\"},\"wordCount\":784,\"image\":{\"@id\":\"https:\\\/\\\/www.rri.ro\\\/sr\\\/aktuelnosti\\\/vesti\\\/vesti-01-09-2026-id1055781.html#primaryimage\"},\"thumbnailUrl\":\"https:\\\/\\\/www.rri.ro\\\/wp-content\\\/uploads\\\/2024\\\/03\\\/RRI-960x540-Vesti-1-NOU.jpg\",\"articleSection\":[\"Vesti\"],\"inLanguage\":\"sr-RS\"},{\"@type\":\"WebPage\",\"@id\":\"https:\\\/\\\/www.rri.ro\\\/sr\\\/aktuelnosti\\\/vesti\\\/vesti-01-09-2026-id1055781.html\",\"url\":\"https:\\\/\\\/www.rri.ro\\\/sr\\\/aktuelnosti\\\/vesti\\\/vesti-01-09-2026-id1055781.html\",\"name\":\"Vesti (01.09.2026) - RADIO RUMUNIJA INTERNACIONAL\",\"isPartOf\":{\"@id\":\"https:\\\/\\\/www.rri.ro\\\/#website\"},\"primaryImageOfPage\":{\"@id\":\"https:\\\/\\\/www.rri.ro\\\/sr\\\/aktuelnosti\\\/vesti\\\/vesti-01-09-2026-id1055781.html#primaryimage\"},\"image\":{\"@id\":\"https:\\\/\\\/www.rri.ro\\\/sr\\\/aktuelnosti\\\/vesti\\\/vesti-01-09-2026-id1055781.html#primaryimage\"},\"thumbnailUrl\":\"https:\\\/\\\/www.rri.ro\\\/wp-content\\\/uploads\\\/2024\\\/03\\\/RRI-960x540-Vesti-1-NOU.jpg\",\"datePublished\":\"2026-09-01T16:50:41+00:00\",\"author\":{\"@id\":\"https:\\\/\\\/www.rri.ro\\\/#\\\/schema\\\/person\\\/a3f1370886b657670704847e2f795e3e\"},\"breadcrumb\":{\"@id\":\"https:\\\/\\\/www.rri.ro\\\/sr\\\/aktuelnosti\\\/vesti\\\/vesti-01-09-2026-id1055781.html#breadcrumb\"},\"inLanguage\":\"sr-RS\",\"potentialAction\":[{\"@type\":\"ReadAction\",\"target\":[\"https:\\\/\\\/www.rri.ro\\\/sr\\\/aktuelnosti\\\/vesti\\\/vesti-01-09-2026-id1055781.html\"]}]},{\"@type\":\"ImageObject\",\"inLanguage\":\"sr-RS\",\"@id\":\"https:\\\/\\\/www.rri.ro\\\/sr\\\/aktuelnosti\\\/vesti\\\/vesti-01-09-2026-id1055781.html#primaryimage\",\"url\":\"https:\\\/\\\/www.rri.ro\\\/wp-content\\\/uploads\\\/2024\\\/03\\\/RRI-960x540-Vesti-1-NOU.jpg\",\"contentUrl\":\"https:\\\/\\\/www.rri.ro\\\/wp-content\\\/uploads\\\/2024\\\/03\\\/RRI-960x540-Vesti-1-NOU.jpg\",\"width\":960,\"height\":540},{\"@type\":\"BreadcrumbList\",\"@id\":\"https:\\\/\\\/www.rri.ro\\\/sr\\\/aktuelnosti\\\/vesti\\\/vesti-01-09-2026-id1055781.html#breadcrumb\",\"itemListElement\":[{\"@type\":\"ListItem\",\"position\":1,\"name\":\"\u041f\u043e\u0447\u0435\u0442\u043d\u0430 \u0441\u0442\u0440\u0430\u043d\u0438\u0446\u0430\",\"item\":\"https:\\\/\\\/www.rri.ro\\\/sr\"},{\"@type\":\"ListItem\",\"position\":2,\"name\":\"Aktuelnosti\",\"item\":\"https:\\\/\\\/www.rri.ro\\\/sr\\\/aktuelnosti\"},{\"@type\":\"ListItem\",\"position\":3,\"name\":\"Vesti\",\"item\":\"https:\\\/\\\/www.rri.ro\\\/sr\\\/aktuelnosti\\\/vesti\"},{\"@type\":\"ListItem\",\"position\":4,\"name\":\"Vesti (01.09.2026)\"}]},{\"@type\":\"WebSite\",\"@id\":\"https:\\\/\\\/www.rri.ro\\\/#website\",\"url\":\"https:\\\/\\\/www.rri.ro\\\/\",\"name\":\"RADIO RUMUNIJA INTERNACIONAL\",\"description\":\"Totul despre Rom\u00e2nia \u015fi rom\u00e2ni, \u00een 13 limbi\\\/dialecte!\",\"inLanguage\":\"sr-RS\"},{\"@type\":\"Person\",\"@id\":\"https:\\\/\\\/www.rri.ro\\\/#\\\/schema\\\/person\\\/a3f1370886b657670704847e2f795e3e\",\"name\":\"Marija Nenadi\u0107-Zurka\",\"url\":\"https:\\\/\\\/www.rri.ro\\\/sr\\\/author\\\/marija-nenadic\"}]}<\/script>\n<!-- \/ Yoast SEO plugin. -->","yoast_head_json":{"title":"Vesti (01.09.2026) - RADIO RUMUNIJA INTERNACIONAL","robots":{"index":"index","follow":"follow","max-snippet":"max-snippet:-1","max-image-preview":"max-image-preview:large","max-video-preview":"max-video-preview:-1"},"canonical":"https:\/\/www.rri.ro\/sr\/aktuelnosti\/vesti\/vesti-01-09-2026-id1055781.html","og_locale":"sr_RS","og_type":"article","og_title":"Vesti (01.09.2026) - RADIO RUMUNIJA INTERNACIONAL","og_description":"\u00a0Savez Srba u Rumuniji je i 2026. godine organizovao nagradno putovanje za u\u010denike koji su u\u010destvovali na republi\u010dkom nivou Olimpijade iz srpskog jezika i knji\u017eevnosti iz Kara\u0161-Severina i Timi\u0161a. Olimpijci su, u pratnji svojih profesora, proveli nedelju dana na Sun\u010danoj pla\u017ei u Bugarskoj, gde su, nakon ulo\u017eenog truda i postignutih rezultata, imali priliku da deo [&hellip;]","og_url":"https:\/\/www.rri.ro\/sr\/aktuelnosti\/vesti\/vesti-01-09-2026-id1055781.html","og_site_name":"RADIO RUMUNIJA INTERNACIONAL","article_published_time":"2026-09-01T16:50:41+00:00","og_image":[{"width":960,"height":540,"url":"https:\/\/www.rri.ro\/wp-content\/uploads\/2024\/03\/RRI-960x540-Vesti-1-NOU.jpg","type":"image\/jpeg"}],"author":"Marija Nenadi\u0107-Zurka","twitter_card":"summary_large_image","twitter_misc":{"\u041d\u0430\u043f\u0438\u0441\u0430\u043d\u043e \u043e\u0434":"Marija Nenadi\u0107-Zurka","\u041f\u0440\u043e\u0446\u0435\u045a\u0435\u043d\u043e \u0432\u0440\u0435\u043c\u0435 \u0447\u0438\u0442\u0430\u045a\u0430":"4 \u043c\u0438\u043d\u0443\u0442\u0430","Written by":"Marija Nenadi\u0107-Zurka"},"schema":{"@context":"https:\/\/schema.org","@graph":[{"@type":"Article","@id":"https:\/\/www.rri.ro\/sr\/aktuelnosti\/vesti\/vesti-01-09-2026-id1055781.html#article","isPartOf":{"@id":"https:\/\/www.rri.ro\/sr\/aktuelnosti\/vesti\/vesti-01-09-2026-id1055781.html"},"author":{"name":"Marija Nenadi\u0107-Zurka","@id":"https:\/\/www.rri.ro\/#\/schema\/person\/a3f1370886b657670704847e2f795e3e"},"headline":"Vesti (01.09.2026)","datePublished":"2026-09-01T16:50:41+00:00","mainEntityOfPage":{"@id":"https:\/\/www.rri.ro\/sr\/aktuelnosti\/vesti\/vesti-01-09-2026-id1055781.html"},"wordCount":784,"image":{"@id":"https:\/\/www.rri.ro\/sr\/aktuelnosti\/vesti\/vesti-01-09-2026-id1055781.html#primaryimage"},"thumbnailUrl":"https:\/\/www.rri.ro\/wp-content\/uploads\/2024\/03\/RRI-960x540-Vesti-1-NOU.jpg","articleSection":["Vesti"],"inLanguage":"sr-RS"},{"@type":"WebPage","@id":"https:\/\/www.rri.ro\/sr\/aktuelnosti\/vesti\/vesti-01-09-2026-id1055781.html","url":"https:\/\/www.rri.ro\/sr\/aktuelnosti\/vesti\/vesti-01-09-2026-id1055781.html","name":"Vesti (01.09.2026) - RADIO RUMUNIJA INTERNACIONAL","isPartOf":{"@id":"https:\/\/www.rri.ro\/#website"},"primaryImageOfPage":{"@id":"https:\/\/www.rri.ro\/sr\/aktuelnosti\/vesti\/vesti-01-09-2026-id1055781.html#primaryimage"},"image":{"@id":"https:\/\/www.rri.ro\/sr\/aktuelnosti\/vesti\/vesti-01-09-2026-id1055781.html#primaryimage"},"thumbnailUrl":"https:\/\/www.rri.ro\/wp-content\/uploads\/2024\/03\/RRI-960x540-Vesti-1-NOU.jpg","datePublished":"2026-09-01T16:50:41+00:00","author":{"@id":"https:\/\/www.rri.ro\/#\/schema\/person\/a3f1370886b657670704847e2f795e3e"},"breadcrumb":{"@id":"https:\/\/www.rri.ro\/sr\/aktuelnosti\/vesti\/vesti-01-09-2026-id1055781.html#breadcrumb"},"inLanguage":"sr-RS","potentialAction":[{"@type":"ReadAction","target":["https:\/\/www.rri.ro\/sr\/aktuelnosti\/vesti\/vesti-01-09-2026-id1055781.html"]}]},{"@type":"ImageObject","inLanguage":"sr-RS","@id":"https:\/\/www.rri.ro\/sr\/aktuelnosti\/vesti\/vesti-01-09-2026-id1055781.html#primaryimage","url":"https:\/\/www.rri.ro\/wp-content\/uploads\/2024\/03\/RRI-960x540-Vesti-1-NOU.jpg","contentUrl":"https:\/\/www.rri.ro\/wp-content\/uploads\/2024\/03\/RRI-960x540-Vesti-1-NOU.jpg","width":960,"height":540},{"@type":"BreadcrumbList","@id":"https:\/\/www.rri.ro\/sr\/aktuelnosti\/vesti\/vesti-01-09-2026-id1055781.html#breadcrumb","itemListElement":[{"@type":"ListItem","position":1,"name":"\u041f\u043e\u0447\u0435\u0442\u043d\u0430 \u0441\u0442\u0440\u0430\u043d\u0438\u0446\u0430","item":"https:\/\/www.rri.ro\/sr"},{"@type":"ListItem","position":2,"name":"Aktuelnosti","item":"https:\/\/www.rri.ro\/sr\/aktuelnosti"},{"@type":"ListItem","position":3,"name":"Vesti","item":"https:\/\/www.rri.ro\/sr\/aktuelnosti\/vesti"},{"@type":"ListItem","position":4,"name":"Vesti (01.09.2026)"}]},{"@type":"WebSite","@id":"https:\/\/www.rri.ro\/#website","url":"https:\/\/www.rri.ro\/","name":"RADIO RUMUNIJA INTERNACIONAL","description":"Totul despre Rom\u00e2nia \u015fi rom\u00e2ni, \u00een 13 limbi\/dialecte!","inLanguage":"sr-RS"},{"@type":"Person","@id":"https:\/\/www.rri.ro\/#\/schema\/person\/a3f1370886b657670704847e2f795e3e","name":"Marija Nenadi\u0107-Zurka","url":"https:\/\/www.rri.ro\/sr\/author\/marija-nenadic"}]}},"_links":{"self":[{"href":"https:\/\/www.rri.ro\/sr\/wp-json\/wp\/v2\/posts\/1055781","targetHints":{"allow":["GET"]}}],"collection":[{"href":"https:\/\/www.rri.ro\/sr\/wp-json\/wp\/v2\/posts"}],"about":[{"href":"https:\/\/www.rri.ro\/sr\/wp-json\/wp\/v2\/types\/post"}],"author":[{"embeddable":true,"href":"https:\/\/www.rri.ro\/sr\/wp-json\/wp\/v2\/users\/101"}],"replies":[{"embeddable":true,"href":"https:\/\/www.rri.ro\/sr\/wp-json\/wp\/v2\/comments?post=1055781"}],"version-history":[{"count":1,"href":"https:\/\/www.rri.ro\/sr\/wp-json\/wp\/v2\/posts\/1055781\/revisions"}],"predecessor-version":[{"id":1055782,"href":"https:\/\/www.rri.ro\/sr\/wp-json\/wp\/v2\/posts\/1055781\/revisions\/1055782"}],"wp:featuredmedia":[{"embeddable":true,"href":"https:\/\/www.rri.ro\/sr\/wp-json\/wp\/v2\/media\/723484"}],"wp:attachment":[{"href":"https:\/\/www.rri.ro\/sr\/wp-json\/wp\/v2\/media?parent=1055781"}],"wp:term":[{"taxonomy":"category","embeddable":true,"href":"https:\/\/www.rri.ro\/sr\/wp-json\/wp\/v2\/categories?post=1055781"},{"taxonomy":"post_tag","embeddable":true,"href":"https:\/\/www.rri.ro\/sr\/wp-json\/wp\/v2\/tags?post=1055781"},{"taxonomy":"author","embeddable":true,"href":"https:\/\/www.rri.ro\/sr\/wp-json\/wp\/v2\/coauthors?post=1055781"}],"curies":[{"name":"wp","href":"https:\/\/api.w.org\/{rel}","templated":true}]}}