{"id":1055975,"date":"2026-09-02T17:52:01","date_gmt":"2026-09-02T14:52:01","guid":{"rendered":"https:\/\/www.rri.ro\/?p=1055975"},"modified":"2026-09-02T18:44:45","modified_gmt":"2026-09-02T15:44:45","slug":"vesti-02-09-2026","status":"publish","type":"post","link":"https:\/\/www.rri.ro\/sr\/aktuelnosti\/vesti\/vesti-02-09-2026-id1055975.html","title":{"rendered":"Vesti \u2013 02.09.2026"},"content":{"rendered":"<p>U Rumuniji, lideri parlamentarnih stranaka \u010dekaju da ih predsednik Niku\u0161or Dan ponovo pozove na konsultacije kako bi formirali novu vladu, u kontekstu u kojem je jesenje parlamentarno zasedanje po\u010delo u utorak, bez jasne vec\u0301ine. Prema re\u010dima politi\u010dkih analiti\u010dara, Nacionalna liberalna stranka (PNL) i Unija spasimo Rumuniju (USR), obe desni\u010darske i koje, zajedno sa Demokratskim savezom Ma\u0111ara u Rumuniji (UDMR), \u010dine privremenu vladu u Bukure\u0161tu, kategori\u010dno odbijaju da budu deo izvr\u0161ne vlasti zajedno sa Socijaldemokratskom strankom (PSD, levica), koja je napustila izvr\u0161nu grupu pre nekoliko meseci. Socijaldemokratska stranka (PSD) je najavila da c\u0301e doneti odluku nakon objavljivanja imenovanja premijera. Zauzvrat, nacionalisti\u010dka opozicija, koju predstavlja Alijansa za ujedinjenje Rumuna (AUR), sa velikim rastom u anketama, predla\u017ee organizovanje prevremenih izbora, \u0161to smatra jedinim na\u010dinom za prevazila\u017eenje trenutne politi\u010dke blokade.<\/p>\n<p>Nacionalna liberalna stranka (PNL) i Unija spasimo Rumuniju (USR), stranke koje su deo privremene vlade u Bukure\u0161tu, odbile su danas da u\u010destvuju na plenarnim sednicama Poslani\u010dkog doma, u znak protesta zbog na\u010dina na koji je u utorak odobrena raspodela rukovodec\u0301ih pozicija u Poslani\u010dkom domu. Dve stranke tvrde da je vec\u0301ina PSD-AUR, SOS-Rumunija zloupotrebila vlast kr\u0161enjem politi\u010dkog algoritma i nedostatkom obaveznih pregovora izme\u0111u lidera grupa. Zamenik lidera PNL-a, Gabrijel Andronake, rekao je da postoji jasna sudska praksa u tom pogledu, utvr\u0111ena odlukom Ustavnog suda od 2010. godine. S druge strane, PSD odlu\u010dno odbacuje spekulacije u vezi sa koalicijom sa AUR i SOS-Rumunija. Poslanik socijaldemokrata Mihaj Gi\u0111u rekao je da je odluka u skladu sa stavom vec\u0301ine lidera grupa, \u0161to je standardna parlamentarna administrativna procedura. Predstavnici PNL-a i USR-a najavili su da c\u0301e sledec\u0301e nedelje podneti \u017ealbu Ustavnom sudu u vezi sa raspodelom rukovodec\u0301ih pozicija u Poslani\u010dkom domu.<\/p>\n<p>Vr\u0161ilac du\u017enosti ministra spoljnih poslova Rumunije Oana Coju i danas je u\u010destvovala na neformalnom sastanku ministara spoljnih poslova Evropske unije, u Viklou, u Irskoj. Dnevnim redom diskusija dominirao je odgovor Evropske unije na agresiju Rusije na Ukrajinu i situacija na Bliskom istoku. S druge strane, dan ranije, tako\u0111e u Viklou, zavr\u0161en je sli\u010dan sastanak ministara odbrane zemalja \u010dlanica Evropske unije, na kojem je Rumuniju predstavljao vr\u0161ilac du\u017enosti ministra Radu Miruca. Oba sastanka su organizovana u kontekstu \u0161estomese\u010dnog predsedavanja Irske Savetom Evropske unije.<\/p>\n<p>Romgaz, glavni proizvo\u0111a\u010d i dobavlja\u010d prirodnog gasa u Rumuniji, objavio je da je zavr\u0161io formalnosti za preuzimanje Azomure\u0161a, najvec\u0301eg proizvo\u0111a\u010da mineralnih \u0111ubriva za poljoprivredu u zemlji. Sporazum o prenosu potpisan je krajem pro\u0161log meseca, a sada sledi integracija i priprema neophodnih koraka za nastavak proizvodne aktivnosti postrojenja. Nastavak proizvodnje podrazumeva zavr\u0161etak nekih preliminarnih tehni\u010dkih faza, uklju\u010dujuc\u0301i procenu stanja instalacija, provere i ispitivanja, radove na odr\u017eavanju i sanaciji, gde je to potrebno, kao i verifikaciju bezbednosnih sistema, u cilju postepenog ponovnog pokretanja, u bezbednim uslovima, saop\u0161tili su predstavnici Romgaza. Pro\u0161le nedelje, vr\u0161ilac du\u017enosti premijera Rumunije Ilije Bolo\u017ean izjavio je da c\u0301e Romgaz po\u010dev od ovog meseca preuzeti preko 800 zaposlenih iz Azomure\u0161a i da se o\u010dekuje da c\u0301e proizvodnja biti nastavljena u prvom kvartalu sledec\u0301e godine.<\/p>\n<p>Predsednik Evropskog saveta, Antonio Kosta, sti\u017ee u Bukure\u0161t u \u010detvrtak, gde c\u0301e ga primiti predsednik Rumunije, Niku\u0161or Dan. Prema navodima predsedni\u010dke administracije, njih dvojica c\u0301e imati razgovore u \u010detiri oka, zvani\u010dne razgovore, a na kraju c\u0301e odr\u017eati zajedni\u010dku konferenciju za novinare. Istog dana, Kosta ima zakazane i posete Sofiji i Atini. \u0160ef Evropskog saveta obilazi prestonice dr\u017eava bloka zajednice do 17. septembra. \u017deli da sazna koji su prioriteti i brige svake zemlje. U razgovorima sa evropskim liderima, Kosta se bavi temama kao \u0161to su odbrana, konkurentnost, pro\u0161irenje Evropske unije, podr\u0161ka Ukrajini i buduc\u0301i vi\u0161egodi\u0161nji bud\u017eet Unije za period 2028-2034. Predsednik Evropskog saveta je vec\u0301 bio u Slova\u010dkoj, Estoniji, Letoniji, Litvaniji, \u010ce\u0161koj, Ma\u0111arskoj, Hrvatskoj i Luksemburgu. Njegova poslednja poseta Bukure\u0161tu dogodila se u septembru 2025. godine.<\/p>\n<p>Stalna izborna komisija Rumunije izvestila je da je ukupan broj gra\u0111ana sa pravom glasa registrovanih u bira\u010dkom spisku 31. avgusta 2026. godine 19.034.549. Ta brojka je za oko 3.000 ljudi vec\u0301a nego 31. jula 2026. godine, kada je registrovano 19.031.458 rumunskih bira\u010da. Prema saop\u0161tenju, od ukupnog broja rumunskih bira\u010da registrovanih u bira\u010dkom spisku, skoro 18 miliona ima prebivali\u0161te ili boravi\u0161te u zemlji, a 1.051.973 ima prebivali\u0161te u inostranstvu.<\/p>\n<p>\u201eDiplomatija, sidro sveta koji se menja\u201c bila je tema Godi\u0161njeg sastanka rumunske diplomatije, doga\u0111aja koji je u Bukure\u0161t doveo \u0161efove rumunskih diplomatskih misija i konzularnih predstavni\u0161tava iz celog sveta. U svom govoru, predsednik Niku\u0161or Dan je pokazao da rumunska diplomatija ima tri cilja: ja\u010danje bezbednosti, rumunske zajednice u inostranstvu i ekonomsku diplomatiju. Zauzvrat, vr\u0161ilac du\u017enosti ministra spoljnih poslova, Oana Coju, pokazala je da je dnevni red diskusija bio usmeren na ekonomski rast, bezbednost i ja\u010danje poverenja i odnosa sa dijasporom. Diplomate je primio i vr\u0161ilac du\u017enosti premijera, liberal Ilije Bolo\u017ean. On je naglasio va\u017enu ulogu koju diplomatski timovi, posebno oni u Briselu, imaju u odnosima sa evropskim institucijama i unutar NATO-a za razvoj programa Nacionalnog plana za oporavak i otpornost i SAFE. Ilije Bolo\u017ean je tako\u0111e rekao da ekonomska diplomatija mora predstavljati va\u017enu komponentu spoljne aktivnosti Rumunije, ali njena efikasnost zavisi i od konkurentnosti nacionalne ekonomije.<\/p>\n","protected":false},"excerpt":{"rendered":"<p>U Rumuniji, lideri parlamentarnih stranaka \u010dekaju da ih predsednik Niku\u0161or Dan ponovo pozove na konsultacije kako bi formirali novu vladu, u kontekstu u kojem je jesenje parlamentarno zasedanje po\u010delo u utorak, bez jasne vec\u0301ine. Prema re\u010dima politi\u010dkih analiti\u010dara, Nacionalna liberalna stranka (PNL) i Unija spasimo Rumuniju (USR), obe desni\u010darske i koje, zajedno sa Demokratskim savezom [&hellip;]<\/p>\n","protected":false},"author":101,"featured_media":723484,"comment_status":"closed","ping_status":"closed","sticky":false,"template":"","format":"standard","meta":{"_acf_changed":false,"footnotes":""},"categories":[105434],"tags":[],"coauthors":[113245],"class_list":["post-1055975","post","type-post","status-publish","format-standard","has-post-thumbnail","hentry","category-vesti"],"acf":[],"yoast_head":"<!-- This site is optimized with the Yoast SEO plugin v28.2 - https:\/\/yoast.com\/product\/yoast-seo-wordpress\/ -->\n<title>Vesti \u2013 02.09.2026 - RADIO RUMUNIJA INTERNACIONAL<\/title>\n<meta name=\"robots\" content=\"index, follow, max-snippet:-1, max-image-preview:large, max-video-preview:-1\" \/>\n<link rel=\"canonical\" href=\"https:\/\/www.rri.ro\/sr\/aktuelnosti\/vesti\/vesti-02-09-2026-id1055975.html\" \/>\n<meta property=\"og:locale\" content=\"sr_RS\" \/>\n<meta property=\"og:type\" content=\"article\" \/>\n<meta property=\"og:title\" content=\"Vesti \u2013 02.09.2026 - RADIO RUMUNIJA INTERNACIONAL\" \/>\n<meta property=\"og:description\" content=\"U Rumuniji, lideri parlamentarnih stranaka \u010dekaju da ih predsednik Niku\u0161or Dan ponovo pozove na konsultacije kako bi formirali novu vladu, u kontekstu u kojem je jesenje parlamentarno zasedanje po\u010delo u utorak, bez jasne vec\u0301ine. Prema re\u010dima politi\u010dkih analiti\u010dara, Nacionalna liberalna stranka (PNL) i Unija spasimo Rumuniju (USR), obe desni\u010darske i koje, zajedno sa Demokratskim savezom [&hellip;]\" \/>\n<meta property=\"og:url\" content=\"https:\/\/www.rri.ro\/sr\/aktuelnosti\/vesti\/vesti-02-09-2026-id1055975.html\" \/>\n<meta property=\"og:site_name\" content=\"RADIO RUMUNIJA INTERNACIONAL\" \/>\n<meta property=\"article:published_time\" content=\"2026-09-02T14:52:01+00:00\" \/>\n<meta property=\"article:modified_time\" content=\"2026-09-02T15:44:45+00:00\" \/>\n<meta property=\"og:image\" content=\"https:\/\/www.rri.ro\/wp-content\/uploads\/2024\/03\/RRI-960x540-Vesti-1-NOU.jpg\" \/>\n\t<meta property=\"og:image:width\" content=\"960\" \/>\n\t<meta property=\"og:image:height\" content=\"540\" \/>\n\t<meta property=\"og:image:type\" content=\"image\/jpeg\" \/>\n<meta name=\"author\" content=\"Marija Nenadi\u0107-Zurka\" \/>\n<meta name=\"twitter:card\" content=\"summary_large_image\" \/>\n<meta name=\"twitter:label1\" content=\"\u041d\u0430\u043f\u0438\u0441\u0430\u043d\u043e \u043e\u0434\" \/>\n\t<meta name=\"twitter:data1\" content=\"Marija Nenadi\u0107-Zurka\" \/>\n\t<meta name=\"twitter:label2\" content=\"\u041f\u0440\u043e\u0446\u0435\u045a\u0435\u043d\u043e \u0432\u0440\u0435\u043c\u0435 \u0447\u0438\u0442\u0430\u045a\u0430\" \/>\n\t<meta name=\"twitter:data2\" content=\"5 \u043c\u0438\u043d\u0443\u0442\u0430\" \/>\n\t<meta name=\"twitter:label3\" content=\"Written by\" \/>\n\t<meta name=\"twitter:data3\" content=\"Marija Nenadi\u0107-Zurka\" \/>\n<script type=\"application\/ld+json\" class=\"yoast-schema-graph\">{\"@context\":\"https:\\\/\\\/schema.org\",\"@graph\":[{\"@type\":\"Article\",\"@id\":\"https:\\\/\\\/www.rri.ro\\\/sr\\\/aktuelnosti\\\/vesti\\\/vesti-02-09-2026-id1055975.html#article\",\"isPartOf\":{\"@id\":\"https:\\\/\\\/www.rri.ro\\\/sr\\\/aktuelnosti\\\/vesti\\\/vesti-02-09-2026-id1055975.html\"},\"author\":{\"name\":\"Marija Nenadi\u0107-Zurka\",\"@id\":\"https:\\\/\\\/www.rri.ro\\\/#\\\/schema\\\/person\\\/a3f1370886b657670704847e2f795e3e\"},\"headline\":\"Vesti \u2013 02.09.2026\",\"datePublished\":\"2026-09-02T14:52:01+00:00\",\"dateModified\":\"2026-09-02T15:44:45+00:00\",\"mainEntityOfPage\":{\"@id\":\"https:\\\/\\\/www.rri.ro\\\/sr\\\/aktuelnosti\\\/vesti\\\/vesti-02-09-2026-id1055975.html\"},\"wordCount\":921,\"image\":{\"@id\":\"https:\\\/\\\/www.rri.ro\\\/sr\\\/aktuelnosti\\\/vesti\\\/vesti-02-09-2026-id1055975.html#primaryimage\"},\"thumbnailUrl\":\"https:\\\/\\\/www.rri.ro\\\/wp-content\\\/uploads\\\/2024\\\/03\\\/RRI-960x540-Vesti-1-NOU.jpg\",\"articleSection\":[\"Vesti\"],\"inLanguage\":\"sr-RS\"},{\"@type\":\"WebPage\",\"@id\":\"https:\\\/\\\/www.rri.ro\\\/sr\\\/aktuelnosti\\\/vesti\\\/vesti-02-09-2026-id1055975.html\",\"url\":\"https:\\\/\\\/www.rri.ro\\\/sr\\\/aktuelnosti\\\/vesti\\\/vesti-02-09-2026-id1055975.html\",\"name\":\"Vesti \u2013 02.09.2026 - RADIO RUMUNIJA INTERNACIONAL\",\"isPartOf\":{\"@id\":\"https:\\\/\\\/www.rri.ro\\\/#website\"},\"primaryImageOfPage\":{\"@id\":\"https:\\\/\\\/www.rri.ro\\\/sr\\\/aktuelnosti\\\/vesti\\\/vesti-02-09-2026-id1055975.html#primaryimage\"},\"image\":{\"@id\":\"https:\\\/\\\/www.rri.ro\\\/sr\\\/aktuelnosti\\\/vesti\\\/vesti-02-09-2026-id1055975.html#primaryimage\"},\"thumbnailUrl\":\"https:\\\/\\\/www.rri.ro\\\/wp-content\\\/uploads\\\/2024\\\/03\\\/RRI-960x540-Vesti-1-NOU.jpg\",\"datePublished\":\"2026-09-02T14:52:01+00:00\",\"dateModified\":\"2026-09-02T15:44:45+00:00\",\"author\":{\"@id\":\"https:\\\/\\\/www.rri.ro\\\/#\\\/schema\\\/person\\\/a3f1370886b657670704847e2f795e3e\"},\"breadcrumb\":{\"@id\":\"https:\\\/\\\/www.rri.ro\\\/sr\\\/aktuelnosti\\\/vesti\\\/vesti-02-09-2026-id1055975.html#breadcrumb\"},\"inLanguage\":\"sr-RS\",\"potentialAction\":[{\"@type\":\"ReadAction\",\"target\":[\"https:\\\/\\\/www.rri.ro\\\/sr\\\/aktuelnosti\\\/vesti\\\/vesti-02-09-2026-id1055975.html\"]}]},{\"@type\":\"ImageObject\",\"inLanguage\":\"sr-RS\",\"@id\":\"https:\\\/\\\/www.rri.ro\\\/sr\\\/aktuelnosti\\\/vesti\\\/vesti-02-09-2026-id1055975.html#primaryimage\",\"url\":\"https:\\\/\\\/www.rri.ro\\\/wp-content\\\/uploads\\\/2024\\\/03\\\/RRI-960x540-Vesti-1-NOU.jpg\",\"contentUrl\":\"https:\\\/\\\/www.rri.ro\\\/wp-content\\\/uploads\\\/2024\\\/03\\\/RRI-960x540-Vesti-1-NOU.jpg\",\"width\":960,\"height\":540},{\"@type\":\"BreadcrumbList\",\"@id\":\"https:\\\/\\\/www.rri.ro\\\/sr\\\/aktuelnosti\\\/vesti\\\/vesti-02-09-2026-id1055975.html#breadcrumb\",\"itemListElement\":[{\"@type\":\"ListItem\",\"position\":1,\"name\":\"\u041f\u043e\u0447\u0435\u0442\u043d\u0430 \u0441\u0442\u0440\u0430\u043d\u0438\u0446\u0430\",\"item\":\"https:\\\/\\\/www.rri.ro\\\/sr\"},{\"@type\":\"ListItem\",\"position\":2,\"name\":\"Aktuelnosti\",\"item\":\"https:\\\/\\\/www.rri.ro\\\/sr\\\/aktuelnosti\"},{\"@type\":\"ListItem\",\"position\":3,\"name\":\"Vesti\",\"item\":\"https:\\\/\\\/www.rri.ro\\\/sr\\\/aktuelnosti\\\/vesti\"},{\"@type\":\"ListItem\",\"position\":4,\"name\":\"Vesti \u2013 02.09.2026\"}]},{\"@type\":\"WebSite\",\"@id\":\"https:\\\/\\\/www.rri.ro\\\/#website\",\"url\":\"https:\\\/\\\/www.rri.ro\\\/\",\"name\":\"RADIO RUMUNIJA INTERNACIONAL\",\"description\":\"Totul despre Rom\u00e2nia \u015fi rom\u00e2ni, \u00een 13 limbi\\\/dialecte!\",\"inLanguage\":\"sr-RS\"},{\"@type\":\"Person\",\"@id\":\"https:\\\/\\\/www.rri.ro\\\/#\\\/schema\\\/person\\\/a3f1370886b657670704847e2f795e3e\",\"name\":\"Marija Nenadi\u0107-Zurka\",\"url\":\"https:\\\/\\\/www.rri.ro\\\/sr\\\/author\\\/marija-nenadic\"}]}<\/script>\n<!-- \/ Yoast SEO plugin. -->","yoast_head_json":{"title":"Vesti \u2013 02.09.2026 - RADIO RUMUNIJA INTERNACIONAL","robots":{"index":"index","follow":"follow","max-snippet":"max-snippet:-1","max-image-preview":"max-image-preview:large","max-video-preview":"max-video-preview:-1"},"canonical":"https:\/\/www.rri.ro\/sr\/aktuelnosti\/vesti\/vesti-02-09-2026-id1055975.html","og_locale":"sr_RS","og_type":"article","og_title":"Vesti \u2013 02.09.2026 - RADIO RUMUNIJA INTERNACIONAL","og_description":"U Rumuniji, lideri parlamentarnih stranaka \u010dekaju da ih predsednik Niku\u0161or Dan ponovo pozove na konsultacije kako bi formirali novu vladu, u kontekstu u kojem je jesenje parlamentarno zasedanje po\u010delo u utorak, bez jasne vec\u0301ine. Prema re\u010dima politi\u010dkih analiti\u010dara, Nacionalna liberalna stranka (PNL) i Unija spasimo Rumuniju (USR), obe desni\u010darske i koje, zajedno sa Demokratskim savezom [&hellip;]","og_url":"https:\/\/www.rri.ro\/sr\/aktuelnosti\/vesti\/vesti-02-09-2026-id1055975.html","og_site_name":"RADIO RUMUNIJA INTERNACIONAL","article_published_time":"2026-09-02T14:52:01+00:00","article_modified_time":"2026-09-02T15:44:45+00:00","og_image":[{"width":960,"height":540,"url":"https:\/\/www.rri.ro\/wp-content\/uploads\/2024\/03\/RRI-960x540-Vesti-1-NOU.jpg","type":"image\/jpeg"}],"author":"Marija Nenadi\u0107-Zurka","twitter_card":"summary_large_image","twitter_misc":{"\u041d\u0430\u043f\u0438\u0441\u0430\u043d\u043e \u043e\u0434":"Marija Nenadi\u0107-Zurka","\u041f\u0440\u043e\u0446\u0435\u045a\u0435\u043d\u043e \u0432\u0440\u0435\u043c\u0435 \u0447\u0438\u0442\u0430\u045a\u0430":"5 \u043c\u0438\u043d\u0443\u0442\u0430","Written by":"Marija Nenadi\u0107-Zurka"},"schema":{"@context":"https:\/\/schema.org","@graph":[{"@type":"Article","@id":"https:\/\/www.rri.ro\/sr\/aktuelnosti\/vesti\/vesti-02-09-2026-id1055975.html#article","isPartOf":{"@id":"https:\/\/www.rri.ro\/sr\/aktuelnosti\/vesti\/vesti-02-09-2026-id1055975.html"},"author":{"name":"Marija Nenadi\u0107-Zurka","@id":"https:\/\/www.rri.ro\/#\/schema\/person\/a3f1370886b657670704847e2f795e3e"},"headline":"Vesti \u2013 02.09.2026","datePublished":"2026-09-02T14:52:01+00:00","dateModified":"2026-09-02T15:44:45+00:00","mainEntityOfPage":{"@id":"https:\/\/www.rri.ro\/sr\/aktuelnosti\/vesti\/vesti-02-09-2026-id1055975.html"},"wordCount":921,"image":{"@id":"https:\/\/www.rri.ro\/sr\/aktuelnosti\/vesti\/vesti-02-09-2026-id1055975.html#primaryimage"},"thumbnailUrl":"https:\/\/www.rri.ro\/wp-content\/uploads\/2024\/03\/RRI-960x540-Vesti-1-NOU.jpg","articleSection":["Vesti"],"inLanguage":"sr-RS"},{"@type":"WebPage","@id":"https:\/\/www.rri.ro\/sr\/aktuelnosti\/vesti\/vesti-02-09-2026-id1055975.html","url":"https:\/\/www.rri.ro\/sr\/aktuelnosti\/vesti\/vesti-02-09-2026-id1055975.html","name":"Vesti \u2013 02.09.2026 - RADIO RUMUNIJA INTERNACIONAL","isPartOf":{"@id":"https:\/\/www.rri.ro\/#website"},"primaryImageOfPage":{"@id":"https:\/\/www.rri.ro\/sr\/aktuelnosti\/vesti\/vesti-02-09-2026-id1055975.html#primaryimage"},"image":{"@id":"https:\/\/www.rri.ro\/sr\/aktuelnosti\/vesti\/vesti-02-09-2026-id1055975.html#primaryimage"},"thumbnailUrl":"https:\/\/www.rri.ro\/wp-content\/uploads\/2024\/03\/RRI-960x540-Vesti-1-NOU.jpg","datePublished":"2026-09-02T14:52:01+00:00","dateModified":"2026-09-02T15:44:45+00:00","author":{"@id":"https:\/\/www.rri.ro\/#\/schema\/person\/a3f1370886b657670704847e2f795e3e"},"breadcrumb":{"@id":"https:\/\/www.rri.ro\/sr\/aktuelnosti\/vesti\/vesti-02-09-2026-id1055975.html#breadcrumb"},"inLanguage":"sr-RS","potentialAction":[{"@type":"ReadAction","target":["https:\/\/www.rri.ro\/sr\/aktuelnosti\/vesti\/vesti-02-09-2026-id1055975.html"]}]},{"@type":"ImageObject","inLanguage":"sr-RS","@id":"https:\/\/www.rri.ro\/sr\/aktuelnosti\/vesti\/vesti-02-09-2026-id1055975.html#primaryimage","url":"https:\/\/www.rri.ro\/wp-content\/uploads\/2024\/03\/RRI-960x540-Vesti-1-NOU.jpg","contentUrl":"https:\/\/www.rri.ro\/wp-content\/uploads\/2024\/03\/RRI-960x540-Vesti-1-NOU.jpg","width":960,"height":540},{"@type":"BreadcrumbList","@id":"https:\/\/www.rri.ro\/sr\/aktuelnosti\/vesti\/vesti-02-09-2026-id1055975.html#breadcrumb","itemListElement":[{"@type":"ListItem","position":1,"name":"\u041f\u043e\u0447\u0435\u0442\u043d\u0430 \u0441\u0442\u0440\u0430\u043d\u0438\u0446\u0430","item":"https:\/\/www.rri.ro\/sr"},{"@type":"ListItem","position":2,"name":"Aktuelnosti","item":"https:\/\/www.rri.ro\/sr\/aktuelnosti"},{"@type":"ListItem","position":3,"name":"Vesti","item":"https:\/\/www.rri.ro\/sr\/aktuelnosti\/vesti"},{"@type":"ListItem","position":4,"name":"Vesti \u2013 02.09.2026"}]},{"@type":"WebSite","@id":"https:\/\/www.rri.ro\/#website","url":"https:\/\/www.rri.ro\/","name":"RADIO RUMUNIJA INTERNACIONAL","description":"Totul despre Rom\u00e2nia \u015fi rom\u00e2ni, \u00een 13 limbi\/dialecte!","inLanguage":"sr-RS"},{"@type":"Person","@id":"https:\/\/www.rri.ro\/#\/schema\/person\/a3f1370886b657670704847e2f795e3e","name":"Marija Nenadi\u0107-Zurka","url":"https:\/\/www.rri.ro\/sr\/author\/marija-nenadic"}]}},"_links":{"self":[{"href":"https:\/\/www.rri.ro\/sr\/wp-json\/wp\/v2\/posts\/1055975","targetHints":{"allow":["GET"]}}],"collection":[{"href":"https:\/\/www.rri.ro\/sr\/wp-json\/wp\/v2\/posts"}],"about":[{"href":"https:\/\/www.rri.ro\/sr\/wp-json\/wp\/v2\/types\/post"}],"author":[{"embeddable":true,"href":"https:\/\/www.rri.ro\/sr\/wp-json\/wp\/v2\/users\/101"}],"replies":[{"embeddable":true,"href":"https:\/\/www.rri.ro\/sr\/wp-json\/wp\/v2\/comments?post=1055975"}],"version-history":[{"count":2,"href":"https:\/\/www.rri.ro\/sr\/wp-json\/wp\/v2\/posts\/1055975\/revisions"}],"predecessor-version":[{"id":1055984,"href":"https:\/\/www.rri.ro\/sr\/wp-json\/wp\/v2\/posts\/1055975\/revisions\/1055984"}],"wp:featuredmedia":[{"embeddable":true,"href":"https:\/\/www.rri.ro\/sr\/wp-json\/wp\/v2\/media\/723484"}],"wp:attachment":[{"href":"https:\/\/www.rri.ro\/sr\/wp-json\/wp\/v2\/media?parent=1055975"}],"wp:term":[{"taxonomy":"category","embeddable":true,"href":"https:\/\/www.rri.ro\/sr\/wp-json\/wp\/v2\/categories?post=1055975"},{"taxonomy":"post_tag","embeddable":true,"href":"https:\/\/www.rri.ro\/sr\/wp-json\/wp\/v2\/tags?post=1055975"},{"taxonomy":"author","embeddable":true,"href":"https:\/\/www.rri.ro\/sr\/wp-json\/wp\/v2\/coauthors?post=1055975"}],"curies":[{"name":"wp","href":"https:\/\/api.w.org\/{rel}","templated":true}]}}