{"id":1056180,"date":"2026-09-03T11:30:25","date_gmt":"2026-09-03T08:30:25","guid":{"rendered":"https:\/\/www.rri.ro\/?p=1056180"},"modified":"2026-09-03T11:30:25","modified_gmt":"2026-09-03T08:30:25","slug":"rusija-optuzena-od-strane-drzava-eu-03-09-2026","status":"publish","type":"post","link":"https:\/\/www.rri.ro\/sr\/aktuelnosti\/aktuelnosti-sr\/rusija-optuzena-od-strane-drzava-eu-03-09-2026-id1056180.html","title":{"rendered":"Rusija optu\u017eena od strane dr\u017eava EU (03.09.2026.)"},"content":{"rendered":"<p style=\"text-align: justify;\">Evropska unija i NATO najavili su ja\u010du saradnju i nastavak pritiska na Rusiju, nakon incidenta sa dronom koji se po\u010detkom pro\u0161log meseca dogodio na aerodromu u Lajpcigu. Predsednica Evropske komisije Ursula fon der Lajen i generalni sekretar NATO-a Mark Rute osudili su, na zajedni\u010dkoj konferenciji za novinare, poku\u0161aj napada dronom na aerodrom u Nema\u010dkoj. Vlasti u Berlinu za incident su optu\u017eile Moskvu. Zaposleni na aerodromu su pro\u0161log meseca prona\u0161li dron sa eksplozivom i detonatorom. Aerodrom u Lajpcigu jedan je od va\u017enih logisti\u010dkih centara za civilni i teretni saobra\u0107aj, ali ima zna\u010daj i za NATO. Nema\u010dka je optu\u017eila Rusiju da vodi hibridni rat, \u010diji je cilj da zastra\u0161i i podeli zemlje koje podr\u017eavaju Ukrajinu, jo\u0161 od po\u010detka ruske invazije 2022. godine.Rusija negira ume\u0161anost i optu\u017euje Berlin za, kako navodi, antirusku akciju. Predsednica Evropske komisije Ursula fon der Lajen poru\u010dila je da \u0107e Evropska unija dodatno poja\u010dati pritisak na Rusiju, uklju\u010duju\u0107i i nove sankcije. Istovremeno je pozvala na bolju za\u0161titu evropske infrastrukture. \u201eEvropljani se suo\u010davaju sa surovom istinom da je ovo nova normalnost. Moramo da se mobili\u0161emo i budemo spremni da br\u017ee i bolje odgovorimo na nepromi\u0161ljene poteze Rusije\u201c, izjavila je Ursula fon der Lajen. Generalni sekretar NATO-a Mark Rute podr\u017eao je njene stavove. On je rekao da Rusija postaje \u201esve nepromi\u0161ljenija\u201c dok nastavlja rat velikih razmera protiv Ukrajine. Prema njegovim re\u010dima, ruska pretnja sada se pro\u0161irila i na evropsku teritoriju i prostor NATO-a. Rute je poru\u010dio da podr\u0161ka Ukrajini ne\u0107e oslabiti, kao ni jedinstvo Alijanse. Podsetio je i na dronove i rakete koji su vi\u0161e puta naru\u0161avali vazdu\u0161ni prostor du\u017e isto\u010dnog krila NATO-a, oceniv\u0161i da to predstavlja sve ve\u0107i rizik. \u201eAko Rusija misli da \u0107e nas ova pretnja podeliti ili odvratiti od podr\u0161ke Ukrajini, vara se. Na\u0161e jedinstvo je nepokolebljivo. Na\u0161a podr\u0161ka Ukrajini je jasna\u201c, rekao je Rute. Posle neformalnog sastanka ministara spoljnih poslova Evropske unije u Irskoj, \u0161efica evropske diplomatije Kaja Kalas najavila je i stro\u017eu primenu sankcija protiv Rusije. Istovremeno, Evropska unija \u0107e, kako je rekla, nastaviti da pove\u0107ava pritisak na Moskvu i da ja\u010da podr\u0161ku Ukrajini. \u201eRadimo na novim predlozima za stro\u017eu primenu sankcija i pripremamo nove sankcije. Poku\u0161aji da se Evropa zastra\u0161i ne\u0107e uspeti\u201c, poru\u010dila je Kaja Kalas. Vi\u0161e evropskih zemalja, me\u0111u njima i Rumunija, pozvalo je ruske ambasadore kako bi osudilo incident na aerodromu u Lajpcigu.U Bukure\u0161tu je vr\u0161ilac du\u017enosti ministra spoljnih poslova Oana Coju izrazila solidarnost sa Nema\u010dkom i drugim evropskim zemljama koje su se suo\u010dile sa, kako je navela, hibridnim aktivnostima, me\u0161anjem i nepromi\u0161ljenim potezima Rusije. Prema njenim re\u010dima, sa sli\u010dnim izazovima suo\u010davala se i Rumunija.<\/p>\n","protected":false},"excerpt":{"rendered":"<p>Evropska unija i NATO najavili su ja\u010du saradnju i nastavak pritiska na Rusiju, nakon incidenta sa dronom koji se po\u010detkom pro\u0161log meseca dogodio na aerodromu u Lajpcigu. Predsednica Evropske komisije Ursula fon der Lajen i generalni sekretar NATO-a Mark Rute osudili su, na zajedni\u010dkoj konferenciji za novinare, poku\u0161aj napada dronom na aerodrom u Nema\u010dkoj. Vlasti [&hellip;]<\/p>\n","protected":false},"author":101,"featured_media":0,"comment_status":"closed","ping_status":"closed","sticky":false,"template":"","format":"standard","meta":{"_acf_changed":false,"footnotes":""},"categories":[139553],"tags":[],"coauthors":[113245,113282],"class_list":["post-1056180","post","type-post","status-publish","format-standard","hentry","category-aktuelnosti-sr"],"acf":[],"yoast_head":"<!-- This site is optimized with the Yoast SEO plugin v28.2 - https:\/\/yoast.com\/product\/yoast-seo-wordpress\/ -->\n<title>Rusija optu\u017eena od strane dr\u017eava EU (03.09.2026.) - RADIO RUMUNIJA INTERNACIONAL<\/title>\n<meta name=\"robots\" content=\"index, follow, max-snippet:-1, max-image-preview:large, max-video-preview:-1\" \/>\n<link rel=\"canonical\" href=\"https:\/\/www.rri.ro\/sr\/aktuelnosti\/aktuelnosti-sr\/rusija-optuzena-od-strane-drzava-eu-03-09-2026-id1056180.html\" \/>\n<meta property=\"og:locale\" content=\"sr_RS\" \/>\n<meta property=\"og:type\" content=\"article\" \/>\n<meta property=\"og:title\" content=\"Rusija optu\u017eena od strane dr\u017eava EU (03.09.2026.) - RADIO RUMUNIJA INTERNACIONAL\" \/>\n<meta property=\"og:description\" content=\"Evropska unija i NATO najavili su ja\u010du saradnju i nastavak pritiska na Rusiju, nakon incidenta sa dronom koji se po\u010detkom pro\u0161log meseca dogodio na aerodromu u Lajpcigu. Predsednica Evropske komisije Ursula fon der Lajen i generalni sekretar NATO-a Mark Rute osudili su, na zajedni\u010dkoj konferenciji za novinare, poku\u0161aj napada dronom na aerodrom u Nema\u010dkoj. Vlasti [&hellip;]\" \/>\n<meta property=\"og:url\" content=\"https:\/\/www.rri.ro\/sr\/aktuelnosti\/aktuelnosti-sr\/rusija-optuzena-od-strane-drzava-eu-03-09-2026-id1056180.html\" \/>\n<meta property=\"og:site_name\" content=\"RADIO RUMUNIJA INTERNACIONAL\" \/>\n<meta property=\"article:published_time\" content=\"2026-09-03T08:30:25+00:00\" \/>\n<meta name=\"author\" content=\"Marija Nenadi\u0107-Zurka, Daniela Budu\" \/>\n<meta name=\"twitter:card\" content=\"summary_large_image\" \/>\n<meta name=\"twitter:label1\" content=\"\u041d\u0430\u043f\u0438\u0441\u0430\u043d\u043e \u043e\u0434\" \/>\n\t<meta name=\"twitter:data1\" content=\"Marija Nenadi\u0107-Zurka\" \/>\n\t<meta name=\"twitter:label2\" content=\"\u041f\u0440\u043e\u0446\u0435\u045a\u0435\u043d\u043e \u0432\u0440\u0435\u043c\u0435 \u0447\u0438\u0442\u0430\u045a\u0430\" \/>\n\t<meta name=\"twitter:data2\" content=\"2 \u043c\u0438\u043d\u0443\u0442\u0430\" \/>\n\t<meta name=\"twitter:label3\" content=\"Written by\" \/>\n\t<meta name=\"twitter:data3\" content=\"Marija Nenadi\u0107-Zurka, Daniela Budu\" \/>\n<script type=\"application\/ld+json\" class=\"yoast-schema-graph\">{\"@context\":\"https:\\\/\\\/schema.org\",\"@graph\":[{\"@type\":\"Article\",\"@id\":\"https:\\\/\\\/www.rri.ro\\\/sr\\\/aktuelnosti\\\/aktuelnosti-sr\\\/rusija-optuzena-od-strane-drzava-eu-03-09-2026-id1056180.html#article\",\"isPartOf\":{\"@id\":\"https:\\\/\\\/www.rri.ro\\\/sr\\\/aktuelnosti\\\/aktuelnosti-sr\\\/rusija-optuzena-od-strane-drzava-eu-03-09-2026-id1056180.html\"},\"author\":{\"name\":\"Marija Nenadi\u0107-Zurka\",\"@id\":\"https:\\\/\\\/www.rri.ro\\\/#\\\/schema\\\/person\\\/a3f1370886b657670704847e2f795e3e\"},\"headline\":\"Rusija optu\u017eena od strane dr\u017eava EU (03.09.2026.)\",\"datePublished\":\"2026-09-03T08:30:25+00:00\",\"mainEntityOfPage\":{\"@id\":\"https:\\\/\\\/www.rri.ro\\\/sr\\\/aktuelnosti\\\/aktuelnosti-sr\\\/rusija-optuzena-od-strane-drzava-eu-03-09-2026-id1056180.html\"},\"wordCount\":498,\"articleSection\":[\"Tema dana\"],\"inLanguage\":\"sr-RS\"},{\"@type\":\"WebPage\",\"@id\":\"https:\\\/\\\/www.rri.ro\\\/sr\\\/aktuelnosti\\\/aktuelnosti-sr\\\/rusija-optuzena-od-strane-drzava-eu-03-09-2026-id1056180.html\",\"url\":\"https:\\\/\\\/www.rri.ro\\\/sr\\\/aktuelnosti\\\/aktuelnosti-sr\\\/rusija-optuzena-od-strane-drzava-eu-03-09-2026-id1056180.html\",\"name\":\"Rusija optu\u017eena od strane dr\u017eava EU (03.09.2026.) - RADIO RUMUNIJA INTERNACIONAL\",\"isPartOf\":{\"@id\":\"https:\\\/\\\/www.rri.ro\\\/#website\"},\"datePublished\":\"2026-09-03T08:30:25+00:00\",\"author\":{\"@id\":\"https:\\\/\\\/www.rri.ro\\\/#\\\/schema\\\/person\\\/a3f1370886b657670704847e2f795e3e\"},\"breadcrumb\":{\"@id\":\"https:\\\/\\\/www.rri.ro\\\/sr\\\/aktuelnosti\\\/aktuelnosti-sr\\\/rusija-optuzena-od-strane-drzava-eu-03-09-2026-id1056180.html#breadcrumb\"},\"inLanguage\":\"sr-RS\",\"potentialAction\":[{\"@type\":\"ReadAction\",\"target\":[\"https:\\\/\\\/www.rri.ro\\\/sr\\\/aktuelnosti\\\/aktuelnosti-sr\\\/rusija-optuzena-od-strane-drzava-eu-03-09-2026-id1056180.html\"]}]},{\"@type\":\"BreadcrumbList\",\"@id\":\"https:\\\/\\\/www.rri.ro\\\/sr\\\/aktuelnosti\\\/aktuelnosti-sr\\\/rusija-optuzena-od-strane-drzava-eu-03-09-2026-id1056180.html#breadcrumb\",\"itemListElement\":[{\"@type\":\"ListItem\",\"position\":1,\"name\":\"\u041f\u043e\u0447\u0435\u0442\u043d\u0430 \u0441\u0442\u0440\u0430\u043d\u0438\u0446\u0430\",\"item\":\"https:\\\/\\\/www.rri.ro\\\/sr\"},{\"@type\":\"ListItem\",\"position\":2,\"name\":\"Aktuelnosti\",\"item\":\"https:\\\/\\\/www.rri.ro\\\/sr\\\/aktuelnosti\"},{\"@type\":\"ListItem\",\"position\":3,\"name\":\"Tema dana\",\"item\":\"https:\\\/\\\/www.rri.ro\\\/sr\\\/aktuelnosti\\\/aktuelnosti-sr\"},{\"@type\":\"ListItem\",\"position\":4,\"name\":\"Rusija optu\u017eena od strane dr\u017eava EU (03.09.2026.)\"}]},{\"@type\":\"WebSite\",\"@id\":\"https:\\\/\\\/www.rri.ro\\\/#website\",\"url\":\"https:\\\/\\\/www.rri.ro\\\/\",\"name\":\"RADIO RUMUNIJA INTERNACIONAL\",\"description\":\"Totul despre Rom\u00e2nia \u015fi rom\u00e2ni, \u00een 13 limbi\\\/dialecte!\",\"inLanguage\":\"sr-RS\"},{\"@type\":\"Person\",\"@id\":\"https:\\\/\\\/www.rri.ro\\\/#\\\/schema\\\/person\\\/a3f1370886b657670704847e2f795e3e\",\"name\":\"Marija Nenadi\u0107-Zurka\",\"url\":\"https:\\\/\\\/www.rri.ro\\\/sr\\\/author\\\/marija-nenadic\"}]}<\/script>\n<!-- \/ Yoast SEO plugin. -->","yoast_head_json":{"title":"Rusija optu\u017eena od strane dr\u017eava EU (03.09.2026.) - RADIO RUMUNIJA INTERNACIONAL","robots":{"index":"index","follow":"follow","max-snippet":"max-snippet:-1","max-image-preview":"max-image-preview:large","max-video-preview":"max-video-preview:-1"},"canonical":"https:\/\/www.rri.ro\/sr\/aktuelnosti\/aktuelnosti-sr\/rusija-optuzena-od-strane-drzava-eu-03-09-2026-id1056180.html","og_locale":"sr_RS","og_type":"article","og_title":"Rusija optu\u017eena od strane dr\u017eava EU (03.09.2026.) - RADIO RUMUNIJA INTERNACIONAL","og_description":"Evropska unija i NATO najavili su ja\u010du saradnju i nastavak pritiska na Rusiju, nakon incidenta sa dronom koji se po\u010detkom pro\u0161log meseca dogodio na aerodromu u Lajpcigu. Predsednica Evropske komisije Ursula fon der Lajen i generalni sekretar NATO-a Mark Rute osudili su, na zajedni\u010dkoj konferenciji za novinare, poku\u0161aj napada dronom na aerodrom u Nema\u010dkoj. Vlasti [&hellip;]","og_url":"https:\/\/www.rri.ro\/sr\/aktuelnosti\/aktuelnosti-sr\/rusija-optuzena-od-strane-drzava-eu-03-09-2026-id1056180.html","og_site_name":"RADIO RUMUNIJA INTERNACIONAL","article_published_time":"2026-09-03T08:30:25+00:00","author":"Marija Nenadi\u0107-Zurka, Daniela Budu","twitter_card":"summary_large_image","twitter_misc":{"\u041d\u0430\u043f\u0438\u0441\u0430\u043d\u043e \u043e\u0434":"Marija Nenadi\u0107-Zurka","\u041f\u0440\u043e\u0446\u0435\u045a\u0435\u043d\u043e \u0432\u0440\u0435\u043c\u0435 \u0447\u0438\u0442\u0430\u045a\u0430":"2 \u043c\u0438\u043d\u0443\u0442\u0430","Written by":"Marija Nenadi\u0107-Zurka, Daniela Budu"},"schema":{"@context":"https:\/\/schema.org","@graph":[{"@type":"Article","@id":"https:\/\/www.rri.ro\/sr\/aktuelnosti\/aktuelnosti-sr\/rusija-optuzena-od-strane-drzava-eu-03-09-2026-id1056180.html#article","isPartOf":{"@id":"https:\/\/www.rri.ro\/sr\/aktuelnosti\/aktuelnosti-sr\/rusija-optuzena-od-strane-drzava-eu-03-09-2026-id1056180.html"},"author":{"name":"Marija Nenadi\u0107-Zurka","@id":"https:\/\/www.rri.ro\/#\/schema\/person\/a3f1370886b657670704847e2f795e3e"},"headline":"Rusija optu\u017eena od strane dr\u017eava EU (03.09.2026.)","datePublished":"2026-09-03T08:30:25+00:00","mainEntityOfPage":{"@id":"https:\/\/www.rri.ro\/sr\/aktuelnosti\/aktuelnosti-sr\/rusija-optuzena-od-strane-drzava-eu-03-09-2026-id1056180.html"},"wordCount":498,"articleSection":["Tema dana"],"inLanguage":"sr-RS"},{"@type":"WebPage","@id":"https:\/\/www.rri.ro\/sr\/aktuelnosti\/aktuelnosti-sr\/rusija-optuzena-od-strane-drzava-eu-03-09-2026-id1056180.html","url":"https:\/\/www.rri.ro\/sr\/aktuelnosti\/aktuelnosti-sr\/rusija-optuzena-od-strane-drzava-eu-03-09-2026-id1056180.html","name":"Rusija optu\u017eena od strane dr\u017eava EU (03.09.2026.) - RADIO RUMUNIJA INTERNACIONAL","isPartOf":{"@id":"https:\/\/www.rri.ro\/#website"},"datePublished":"2026-09-03T08:30:25+00:00","author":{"@id":"https:\/\/www.rri.ro\/#\/schema\/person\/a3f1370886b657670704847e2f795e3e"},"breadcrumb":{"@id":"https:\/\/www.rri.ro\/sr\/aktuelnosti\/aktuelnosti-sr\/rusija-optuzena-od-strane-drzava-eu-03-09-2026-id1056180.html#breadcrumb"},"inLanguage":"sr-RS","potentialAction":[{"@type":"ReadAction","target":["https:\/\/www.rri.ro\/sr\/aktuelnosti\/aktuelnosti-sr\/rusija-optuzena-od-strane-drzava-eu-03-09-2026-id1056180.html"]}]},{"@type":"BreadcrumbList","@id":"https:\/\/www.rri.ro\/sr\/aktuelnosti\/aktuelnosti-sr\/rusija-optuzena-od-strane-drzava-eu-03-09-2026-id1056180.html#breadcrumb","itemListElement":[{"@type":"ListItem","position":1,"name":"\u041f\u043e\u0447\u0435\u0442\u043d\u0430 \u0441\u0442\u0440\u0430\u043d\u0438\u0446\u0430","item":"https:\/\/www.rri.ro\/sr"},{"@type":"ListItem","position":2,"name":"Aktuelnosti","item":"https:\/\/www.rri.ro\/sr\/aktuelnosti"},{"@type":"ListItem","position":3,"name":"Tema dana","item":"https:\/\/www.rri.ro\/sr\/aktuelnosti\/aktuelnosti-sr"},{"@type":"ListItem","position":4,"name":"Rusija optu\u017eena od strane dr\u017eava EU (03.09.2026.)"}]},{"@type":"WebSite","@id":"https:\/\/www.rri.ro\/#website","url":"https:\/\/www.rri.ro\/","name":"RADIO RUMUNIJA INTERNACIONAL","description":"Totul despre Rom\u00e2nia \u015fi rom\u00e2ni, \u00een 13 limbi\/dialecte!","inLanguage":"sr-RS"},{"@type":"Person","@id":"https:\/\/www.rri.ro\/#\/schema\/person\/a3f1370886b657670704847e2f795e3e","name":"Marija Nenadi\u0107-Zurka","url":"https:\/\/www.rri.ro\/sr\/author\/marija-nenadic"}]}},"_links":{"self":[{"href":"https:\/\/www.rri.ro\/sr\/wp-json\/wp\/v2\/posts\/1056180","targetHints":{"allow":["GET"]}}],"collection":[{"href":"https:\/\/www.rri.ro\/sr\/wp-json\/wp\/v2\/posts"}],"about":[{"href":"https:\/\/www.rri.ro\/sr\/wp-json\/wp\/v2\/types\/post"}],"author":[{"embeddable":true,"href":"https:\/\/www.rri.ro\/sr\/wp-json\/wp\/v2\/users\/101"}],"replies":[{"embeddable":true,"href":"https:\/\/www.rri.ro\/sr\/wp-json\/wp\/v2\/comments?post=1056180"}],"version-history":[{"count":1,"href":"https:\/\/www.rri.ro\/sr\/wp-json\/wp\/v2\/posts\/1056180\/revisions"}],"predecessor-version":[{"id":1056182,"href":"https:\/\/www.rri.ro\/sr\/wp-json\/wp\/v2\/posts\/1056180\/revisions\/1056182"}],"wp:attachment":[{"href":"https:\/\/www.rri.ro\/sr\/wp-json\/wp\/v2\/media?parent=1056180"}],"wp:term":[{"taxonomy":"category","embeddable":true,"href":"https:\/\/www.rri.ro\/sr\/wp-json\/wp\/v2\/categories?post=1056180"},{"taxonomy":"post_tag","embeddable":true,"href":"https:\/\/www.rri.ro\/sr\/wp-json\/wp\/v2\/tags?post=1056180"},{"taxonomy":"author","embeddable":true,"href":"https:\/\/www.rri.ro\/sr\/wp-json\/wp\/v2\/coauthors?post=1056180"}],"curies":[{"name":"wp","href":"https:\/\/api.w.org\/{rel}","templated":true}]}}