{"id":1056301,"date":"2026-09-03T17:59:57","date_gmt":"2026-09-03T14:59:57","guid":{"rendered":"https:\/\/www.rri.ro\/?p=1056301"},"modified":"2026-09-03T17:59:57","modified_gmt":"2026-09-03T14:59:57","slug":"vesti-03-09-2026","status":"publish","type":"post","link":"https:\/\/www.rri.ro\/sr\/aktuelnosti\/vesti\/vesti-03-09-2026-id1056301.html","title":{"rendered":"Vesti \u2013 03.09.2026"},"content":{"rendered":"<p>Rumunija \u017eeli \u201eambiciozan\u201c buduc\u0301i bud\u017eet Evropske unije, sa zna\u010dajnim iznosima za poglavlja Kohezija i Poljoprivreda, izjavio je predsednik Niku\u0161or Dan tokom zajedni\u010dke konferencije za novinare sa predsednikom Evropskog saveta, Antoniom Ko\u0161tom. Dan je danas u Bukure\u0161tu primio evropskog zvani\u010dnika koji je bio u konsultativnoj poseti o prioritetima i zabrinutostima Rumunije. Rumunski predsednik je rekao da je glavna tema dijaloga bila pregovori o buduc\u0301em bud\u017eetu Evropske unije za period 2028-2034. Precizirao je da se na\u0161a zemlja zala\u017ee za \u201eambiciozan\u201c bud\u017eet, koji bi omoguc\u0301io Rumuniji da smanji jaz u odnosu na druge evropske zemlje. Antonio Ko\u0161ta je, zauzvrat, izjavio da su nedavna kr\u0161enja rumunskog vazdu\u0161nog prostora, kao i incidenti sa pomorskim dronovima, \u201eduboko zabrinjavajuc\u0301i\u201c i da c\u0301e Brisel nastaviti da stoji uz Rumuniju, jer razume da je bezbednost Rumunije bezbednost Evrope u celini. Moramo biti ujedinjeni u naporima za pravedan i trajan mir u Ukrajini, rekao je Ko\u0161ta. Na kraju, ali ne i manje va\u017eno, izrazio je zahvalnost za \u201esna\u017enu podr\u0161ku koju je Rumunija pru\u017eila Republici Moldaviji na njenom putu ka integracijama u Evropsku uniju\u201c. Predsednik Evropskog saveta danas putuje u Bugarsku i Gr\u010dku. Vec\u0301 je bio u Slova\u010dkoj, Estoniji, Letoniji, Litvaniji, \u010ce\u0161koj, Ma\u0111arskoj, Hrvatskoj i Luksemburgu.<\/p>\n<p>Ruski ambasador u Bukure\u0161tu, Vladimir Lipajev, bic\u0301e pozvan u rumunsko Ministarstvo spoljnih poslova u kontekstu napada dronom na aerodrom u Lajpcigu, najavila je vr\u0161ilac du\u017enosti ministra spoljnih poslova Oana Coju. Rumunska zvani\u010dnica je naglasila da vlasti u Bukure\u0161tu izra\u017eavaju solidarnost sa Nema\u010dkom i drugim evropskim dr\u017eavama koje su se suo\u010dile sa hibridnim aktivnostima, me\u0161anjem i bezobzirnim i upornim provokacijama Rusije. \u201eDelujemo sna\u017eno i zajedno, kao dr\u017eave \u010dlanice Evropske unije i saveznici NATO-a\u201c, dodala je vr\u0161ilac du\u017enosti ministra spoljnih poslova. S druge strane, predsednica Evropske komisije Ursula fon der Lajen i generalni sekretar NATO-a Mark Rute uverili su da c\u0301e se pritisak na Rusiju nastaviti, pa \u010dak i povec\u0301ati, nakon hibridnog napada dronom na aerodrom u Lajpcigu, koji se pripisuje Moskvi.<\/p>\n<p>Rumunski predsednik Niku\u0161or Dan posetio je danas Vi\u0161i savet magistrata. To je bila Danova prva poseta ovoj instanci, gde je predsedavao ta\u010dkom dnevnog reda plenarne sednice, onom koja se ti\u010de imenovanja tu\u017eilaca u Posebno odeljenje koje istra\u017euje sudije. Niku\u0161or Dan je napustio sedi\u0161te Vi\u0161i savet magistrata nakon oko 10 minuta, a prilikom odlaska je izjavio da Rumunija ima manjak tu\u017eilaca u pomenutom odeljenju. Izjavio je da je va\u017eno da se ta mesta popune, jer sumnja na ilegalne radnje me\u0111u sudijama uti\u010de na poverenje gra\u0111ana u rumunsku dr\u017eavu.<\/p>\n<p>Partnerka predsednika Rumunije, Mirabela Gradinaru, u\u010destvovala je u \u010detvrtak u Ki\u0161injevu, zajedno sa predsednicom Republike Moldavije, Majom Sandu, na me\u0111unarodnoj konferenciji \u201eBezbednost na mre\u017ei i digitalne determinante mentalnog zdravlja i emocionalnog blagostanja dece i adolescenata\u201c. Razmatrana je i zabrana mobilnih telefona u \u0161kolama i odgovornost onlajn dru\u0161tvenih platformi. Istovremeno, predstavljeni su podaci na evropskom nivou, prema kojima mladi provode izme\u0111u \u010detiri i \u0161est sati dnevno ispred ekrana, a pribli\u017eno 60% dece vec\u0301 ima iskustva sa psihosocijalnim problemima u onlajn okru\u017eenju. Na doga\u0111aju su u\u010destvovali i predstavnici Svetske zdravstvene organizacije, Evropske unije i UNICEF-a. Mirabela Gradinaru je predsedavala na nekoliko doga\u0111aja u Bukure\u0161tu sa relevantnim temama za dru\u0161tvo, uklju\u010dujuc\u0301i bezbednost mladih na mre\u017ei.<\/p>\n","protected":false},"excerpt":{"rendered":"<p>Rumunija \u017eeli \u201eambiciozan\u201c buduc\u0301i bud\u017eet Evropske unije, sa zna\u010dajnim iznosima za poglavlja Kohezija i Poljoprivreda, izjavio je predsednik Niku\u0161or Dan tokom zajedni\u010dke konferencije za novinare sa predsednikom Evropskog saveta, Antoniom Ko\u0161tom. Dan je danas u Bukure\u0161tu primio evropskog zvani\u010dnika koji je bio u konsultativnoj poseti o prioritetima i zabrinutostima Rumunije. Rumunski predsednik je rekao da [&hellip;]<\/p>\n","protected":false},"author":101,"featured_media":723484,"comment_status":"closed","ping_status":"closed","sticky":false,"template":"","format":"standard","meta":{"_acf_changed":false,"footnotes":""},"categories":[105434],"tags":[],"coauthors":[113245],"class_list":["post-1056301","post","type-post","status-publish","format-standard","has-post-thumbnail","hentry","category-vesti"],"acf":[],"yoast_head":"<!-- This site is optimized with the Yoast SEO plugin v28.2 - https:\/\/yoast.com\/product\/yoast-seo-wordpress\/ -->\n<title>Vesti \u2013 03.09.2026 - RADIO RUMUNIJA INTERNACIONAL<\/title>\n<meta name=\"robots\" content=\"index, follow, max-snippet:-1, max-image-preview:large, max-video-preview:-1\" \/>\n<link rel=\"canonical\" href=\"https:\/\/www.rri.ro\/sr\/aktuelnosti\/vesti\/vesti-03-09-2026-id1056301.html\" \/>\n<meta property=\"og:locale\" content=\"sr_RS\" \/>\n<meta property=\"og:type\" content=\"article\" \/>\n<meta property=\"og:title\" content=\"Vesti \u2013 03.09.2026 - RADIO RUMUNIJA INTERNACIONAL\" \/>\n<meta property=\"og:description\" content=\"Rumunija \u017eeli \u201eambiciozan\u201c buduc\u0301i bud\u017eet Evropske unije, sa zna\u010dajnim iznosima za poglavlja Kohezija i Poljoprivreda, izjavio je predsednik Niku\u0161or Dan tokom zajedni\u010dke konferencije za novinare sa predsednikom Evropskog saveta, Antoniom Ko\u0161tom. Dan je danas u Bukure\u0161tu primio evropskog zvani\u010dnika koji je bio u konsultativnoj poseti o prioritetima i zabrinutostima Rumunije. Rumunski predsednik je rekao da [&hellip;]\" \/>\n<meta property=\"og:url\" content=\"https:\/\/www.rri.ro\/sr\/aktuelnosti\/vesti\/vesti-03-09-2026-id1056301.html\" \/>\n<meta property=\"og:site_name\" content=\"RADIO RUMUNIJA INTERNACIONAL\" \/>\n<meta property=\"article:published_time\" content=\"2026-09-03T14:59:57+00:00\" \/>\n<meta property=\"og:image\" content=\"https:\/\/www.rri.ro\/wp-content\/uploads\/2024\/03\/RRI-960x540-Vesti-1-NOU.jpg\" \/>\n\t<meta property=\"og:image:width\" content=\"960\" \/>\n\t<meta property=\"og:image:height\" content=\"540\" \/>\n\t<meta property=\"og:image:type\" content=\"image\/jpeg\" \/>\n<meta name=\"author\" content=\"Marija Nenadi\u0107-Zurka\" \/>\n<meta name=\"twitter:card\" content=\"summary_large_image\" \/>\n<meta name=\"twitter:label1\" content=\"\u041d\u0430\u043f\u0438\u0441\u0430\u043d\u043e \u043e\u0434\" \/>\n\t<meta name=\"twitter:data1\" content=\"Marija Nenadi\u0107-Zurka\" \/>\n\t<meta name=\"twitter:label2\" content=\"\u041f\u0440\u043e\u0446\u0435\u045a\u0435\u043d\u043e \u0432\u0440\u0435\u043c\u0435 \u0447\u0438\u0442\u0430\u045a\u0430\" \/>\n\t<meta name=\"twitter:data2\" content=\"3 \u043c\u0438\u043d\u0443\u0442\u0430\" \/>\n\t<meta name=\"twitter:label3\" content=\"Written by\" \/>\n\t<meta name=\"twitter:data3\" content=\"Marija Nenadi\u0107-Zurka\" \/>\n<script type=\"application\/ld+json\" class=\"yoast-schema-graph\">{\"@context\":\"https:\\\/\\\/schema.org\",\"@graph\":[{\"@type\":\"Article\",\"@id\":\"https:\\\/\\\/www.rri.ro\\\/sr\\\/aktuelnosti\\\/vesti\\\/vesti-03-09-2026-id1056301.html#article\",\"isPartOf\":{\"@id\":\"https:\\\/\\\/www.rri.ro\\\/sr\\\/aktuelnosti\\\/vesti\\\/vesti-03-09-2026-id1056301.html\"},\"author\":{\"name\":\"Marija Nenadi\u0107-Zurka\",\"@id\":\"https:\\\/\\\/www.rri.ro\\\/#\\\/schema\\\/person\\\/a3f1370886b657670704847e2f795e3e\"},\"headline\":\"Vesti \u2013 03.09.2026\",\"datePublished\":\"2026-09-03T14:59:57+00:00\",\"mainEntityOfPage\":{\"@id\":\"https:\\\/\\\/www.rri.ro\\\/sr\\\/aktuelnosti\\\/vesti\\\/vesti-03-09-2026-id1056301.html\"},\"wordCount\":589,\"image\":{\"@id\":\"https:\\\/\\\/www.rri.ro\\\/sr\\\/aktuelnosti\\\/vesti\\\/vesti-03-09-2026-id1056301.html#primaryimage\"},\"thumbnailUrl\":\"https:\\\/\\\/www.rri.ro\\\/wp-content\\\/uploads\\\/2024\\\/03\\\/RRI-960x540-Vesti-1-NOU.jpg\",\"articleSection\":[\"Vesti\"],\"inLanguage\":\"sr-RS\"},{\"@type\":\"WebPage\",\"@id\":\"https:\\\/\\\/www.rri.ro\\\/sr\\\/aktuelnosti\\\/vesti\\\/vesti-03-09-2026-id1056301.html\",\"url\":\"https:\\\/\\\/www.rri.ro\\\/sr\\\/aktuelnosti\\\/vesti\\\/vesti-03-09-2026-id1056301.html\",\"name\":\"Vesti \u2013 03.09.2026 - RADIO RUMUNIJA INTERNACIONAL\",\"isPartOf\":{\"@id\":\"https:\\\/\\\/www.rri.ro\\\/#website\"},\"primaryImageOfPage\":{\"@id\":\"https:\\\/\\\/www.rri.ro\\\/sr\\\/aktuelnosti\\\/vesti\\\/vesti-03-09-2026-id1056301.html#primaryimage\"},\"image\":{\"@id\":\"https:\\\/\\\/www.rri.ro\\\/sr\\\/aktuelnosti\\\/vesti\\\/vesti-03-09-2026-id1056301.html#primaryimage\"},\"thumbnailUrl\":\"https:\\\/\\\/www.rri.ro\\\/wp-content\\\/uploads\\\/2024\\\/03\\\/RRI-960x540-Vesti-1-NOU.jpg\",\"datePublished\":\"2026-09-03T14:59:57+00:00\",\"author\":{\"@id\":\"https:\\\/\\\/www.rri.ro\\\/#\\\/schema\\\/person\\\/a3f1370886b657670704847e2f795e3e\"},\"breadcrumb\":{\"@id\":\"https:\\\/\\\/www.rri.ro\\\/sr\\\/aktuelnosti\\\/vesti\\\/vesti-03-09-2026-id1056301.html#breadcrumb\"},\"inLanguage\":\"sr-RS\",\"potentialAction\":[{\"@type\":\"ReadAction\",\"target\":[\"https:\\\/\\\/www.rri.ro\\\/sr\\\/aktuelnosti\\\/vesti\\\/vesti-03-09-2026-id1056301.html\"]}]},{\"@type\":\"ImageObject\",\"inLanguage\":\"sr-RS\",\"@id\":\"https:\\\/\\\/www.rri.ro\\\/sr\\\/aktuelnosti\\\/vesti\\\/vesti-03-09-2026-id1056301.html#primaryimage\",\"url\":\"https:\\\/\\\/www.rri.ro\\\/wp-content\\\/uploads\\\/2024\\\/03\\\/RRI-960x540-Vesti-1-NOU.jpg\",\"contentUrl\":\"https:\\\/\\\/www.rri.ro\\\/wp-content\\\/uploads\\\/2024\\\/03\\\/RRI-960x540-Vesti-1-NOU.jpg\",\"width\":960,\"height\":540},{\"@type\":\"BreadcrumbList\",\"@id\":\"https:\\\/\\\/www.rri.ro\\\/sr\\\/aktuelnosti\\\/vesti\\\/vesti-03-09-2026-id1056301.html#breadcrumb\",\"itemListElement\":[{\"@type\":\"ListItem\",\"position\":1,\"name\":\"\u041f\u043e\u0447\u0435\u0442\u043d\u0430 \u0441\u0442\u0440\u0430\u043d\u0438\u0446\u0430\",\"item\":\"https:\\\/\\\/www.rri.ro\\\/sr\"},{\"@type\":\"ListItem\",\"position\":2,\"name\":\"Aktuelnosti\",\"item\":\"https:\\\/\\\/www.rri.ro\\\/sr\\\/aktuelnosti\"},{\"@type\":\"ListItem\",\"position\":3,\"name\":\"Vesti\",\"item\":\"https:\\\/\\\/www.rri.ro\\\/sr\\\/aktuelnosti\\\/vesti\"},{\"@type\":\"ListItem\",\"position\":4,\"name\":\"Vesti \u2013 03.09.2026\"}]},{\"@type\":\"WebSite\",\"@id\":\"https:\\\/\\\/www.rri.ro\\\/#website\",\"url\":\"https:\\\/\\\/www.rri.ro\\\/\",\"name\":\"RADIO RUMUNIJA INTERNACIONAL\",\"description\":\"Totul despre Rom\u00e2nia \u015fi rom\u00e2ni, \u00een 13 limbi\\\/dialecte!\",\"inLanguage\":\"sr-RS\"},{\"@type\":\"Person\",\"@id\":\"https:\\\/\\\/www.rri.ro\\\/#\\\/schema\\\/person\\\/a3f1370886b657670704847e2f795e3e\",\"name\":\"Marija Nenadi\u0107-Zurka\",\"url\":\"https:\\\/\\\/www.rri.ro\\\/sr\\\/author\\\/marija-nenadic\"}]}<\/script>\n<!-- \/ Yoast SEO plugin. -->","yoast_head_json":{"title":"Vesti \u2013 03.09.2026 - RADIO RUMUNIJA INTERNACIONAL","robots":{"index":"index","follow":"follow","max-snippet":"max-snippet:-1","max-image-preview":"max-image-preview:large","max-video-preview":"max-video-preview:-1"},"canonical":"https:\/\/www.rri.ro\/sr\/aktuelnosti\/vesti\/vesti-03-09-2026-id1056301.html","og_locale":"sr_RS","og_type":"article","og_title":"Vesti \u2013 03.09.2026 - RADIO RUMUNIJA INTERNACIONAL","og_description":"Rumunija \u017eeli \u201eambiciozan\u201c buduc\u0301i bud\u017eet Evropske unije, sa zna\u010dajnim iznosima za poglavlja Kohezija i Poljoprivreda, izjavio je predsednik Niku\u0161or Dan tokom zajedni\u010dke konferencije za novinare sa predsednikom Evropskog saveta, Antoniom Ko\u0161tom. Dan je danas u Bukure\u0161tu primio evropskog zvani\u010dnika koji je bio u konsultativnoj poseti o prioritetima i zabrinutostima Rumunije. Rumunski predsednik je rekao da [&hellip;]","og_url":"https:\/\/www.rri.ro\/sr\/aktuelnosti\/vesti\/vesti-03-09-2026-id1056301.html","og_site_name":"RADIO RUMUNIJA INTERNACIONAL","article_published_time":"2026-09-03T14:59:57+00:00","og_image":[{"width":960,"height":540,"url":"https:\/\/www.rri.ro\/wp-content\/uploads\/2024\/03\/RRI-960x540-Vesti-1-NOU.jpg","type":"image\/jpeg"}],"author":"Marija Nenadi\u0107-Zurka","twitter_card":"summary_large_image","twitter_misc":{"\u041d\u0430\u043f\u0438\u0441\u0430\u043d\u043e \u043e\u0434":"Marija Nenadi\u0107-Zurka","\u041f\u0440\u043e\u0446\u0435\u045a\u0435\u043d\u043e \u0432\u0440\u0435\u043c\u0435 \u0447\u0438\u0442\u0430\u045a\u0430":"3 \u043c\u0438\u043d\u0443\u0442\u0430","Written by":"Marija Nenadi\u0107-Zurka"},"schema":{"@context":"https:\/\/schema.org","@graph":[{"@type":"Article","@id":"https:\/\/www.rri.ro\/sr\/aktuelnosti\/vesti\/vesti-03-09-2026-id1056301.html#article","isPartOf":{"@id":"https:\/\/www.rri.ro\/sr\/aktuelnosti\/vesti\/vesti-03-09-2026-id1056301.html"},"author":{"name":"Marija Nenadi\u0107-Zurka","@id":"https:\/\/www.rri.ro\/#\/schema\/person\/a3f1370886b657670704847e2f795e3e"},"headline":"Vesti \u2013 03.09.2026","datePublished":"2026-09-03T14:59:57+00:00","mainEntityOfPage":{"@id":"https:\/\/www.rri.ro\/sr\/aktuelnosti\/vesti\/vesti-03-09-2026-id1056301.html"},"wordCount":589,"image":{"@id":"https:\/\/www.rri.ro\/sr\/aktuelnosti\/vesti\/vesti-03-09-2026-id1056301.html#primaryimage"},"thumbnailUrl":"https:\/\/www.rri.ro\/wp-content\/uploads\/2024\/03\/RRI-960x540-Vesti-1-NOU.jpg","articleSection":["Vesti"],"inLanguage":"sr-RS"},{"@type":"WebPage","@id":"https:\/\/www.rri.ro\/sr\/aktuelnosti\/vesti\/vesti-03-09-2026-id1056301.html","url":"https:\/\/www.rri.ro\/sr\/aktuelnosti\/vesti\/vesti-03-09-2026-id1056301.html","name":"Vesti \u2013 03.09.2026 - RADIO RUMUNIJA INTERNACIONAL","isPartOf":{"@id":"https:\/\/www.rri.ro\/#website"},"primaryImageOfPage":{"@id":"https:\/\/www.rri.ro\/sr\/aktuelnosti\/vesti\/vesti-03-09-2026-id1056301.html#primaryimage"},"image":{"@id":"https:\/\/www.rri.ro\/sr\/aktuelnosti\/vesti\/vesti-03-09-2026-id1056301.html#primaryimage"},"thumbnailUrl":"https:\/\/www.rri.ro\/wp-content\/uploads\/2024\/03\/RRI-960x540-Vesti-1-NOU.jpg","datePublished":"2026-09-03T14:59:57+00:00","author":{"@id":"https:\/\/www.rri.ro\/#\/schema\/person\/a3f1370886b657670704847e2f795e3e"},"breadcrumb":{"@id":"https:\/\/www.rri.ro\/sr\/aktuelnosti\/vesti\/vesti-03-09-2026-id1056301.html#breadcrumb"},"inLanguage":"sr-RS","potentialAction":[{"@type":"ReadAction","target":["https:\/\/www.rri.ro\/sr\/aktuelnosti\/vesti\/vesti-03-09-2026-id1056301.html"]}]},{"@type":"ImageObject","inLanguage":"sr-RS","@id":"https:\/\/www.rri.ro\/sr\/aktuelnosti\/vesti\/vesti-03-09-2026-id1056301.html#primaryimage","url":"https:\/\/www.rri.ro\/wp-content\/uploads\/2024\/03\/RRI-960x540-Vesti-1-NOU.jpg","contentUrl":"https:\/\/www.rri.ro\/wp-content\/uploads\/2024\/03\/RRI-960x540-Vesti-1-NOU.jpg","width":960,"height":540},{"@type":"BreadcrumbList","@id":"https:\/\/www.rri.ro\/sr\/aktuelnosti\/vesti\/vesti-03-09-2026-id1056301.html#breadcrumb","itemListElement":[{"@type":"ListItem","position":1,"name":"\u041f\u043e\u0447\u0435\u0442\u043d\u0430 \u0441\u0442\u0440\u0430\u043d\u0438\u0446\u0430","item":"https:\/\/www.rri.ro\/sr"},{"@type":"ListItem","position":2,"name":"Aktuelnosti","item":"https:\/\/www.rri.ro\/sr\/aktuelnosti"},{"@type":"ListItem","position":3,"name":"Vesti","item":"https:\/\/www.rri.ro\/sr\/aktuelnosti\/vesti"},{"@type":"ListItem","position":4,"name":"Vesti \u2013 03.09.2026"}]},{"@type":"WebSite","@id":"https:\/\/www.rri.ro\/#website","url":"https:\/\/www.rri.ro\/","name":"RADIO RUMUNIJA INTERNACIONAL","description":"Totul despre Rom\u00e2nia \u015fi rom\u00e2ni, \u00een 13 limbi\/dialecte!","inLanguage":"sr-RS"},{"@type":"Person","@id":"https:\/\/www.rri.ro\/#\/schema\/person\/a3f1370886b657670704847e2f795e3e","name":"Marija Nenadi\u0107-Zurka","url":"https:\/\/www.rri.ro\/sr\/author\/marija-nenadic"}]}},"_links":{"self":[{"href":"https:\/\/www.rri.ro\/sr\/wp-json\/wp\/v2\/posts\/1056301","targetHints":{"allow":["GET"]}}],"collection":[{"href":"https:\/\/www.rri.ro\/sr\/wp-json\/wp\/v2\/posts"}],"about":[{"href":"https:\/\/www.rri.ro\/sr\/wp-json\/wp\/v2\/types\/post"}],"author":[{"embeddable":true,"href":"https:\/\/www.rri.ro\/sr\/wp-json\/wp\/v2\/users\/101"}],"replies":[{"embeddable":true,"href":"https:\/\/www.rri.ro\/sr\/wp-json\/wp\/v2\/comments?post=1056301"}],"version-history":[{"count":1,"href":"https:\/\/www.rri.ro\/sr\/wp-json\/wp\/v2\/posts\/1056301\/revisions"}],"predecessor-version":[{"id":1056302,"href":"https:\/\/www.rri.ro\/sr\/wp-json\/wp\/v2\/posts\/1056301\/revisions\/1056302"}],"wp:featuredmedia":[{"embeddable":true,"href":"https:\/\/www.rri.ro\/sr\/wp-json\/wp\/v2\/media\/723484"}],"wp:attachment":[{"href":"https:\/\/www.rri.ro\/sr\/wp-json\/wp\/v2\/media?parent=1056301"}],"wp:term":[{"taxonomy":"category","embeddable":true,"href":"https:\/\/www.rri.ro\/sr\/wp-json\/wp\/v2\/categories?post=1056301"},{"taxonomy":"post_tag","embeddable":true,"href":"https:\/\/www.rri.ro\/sr\/wp-json\/wp\/v2\/tags?post=1056301"},{"taxonomy":"author","embeddable":true,"href":"https:\/\/www.rri.ro\/sr\/wp-json\/wp\/v2\/coauthors?post=1056301"}],"curies":[{"name":"wp","href":"https:\/\/api.w.org\/{rel}","templated":true}]}}