{"id":1056444,"date":"2026-09-04T10:40:34","date_gmt":"2026-09-04T07:40:34","guid":{"rendered":"https:\/\/www.rri.ro\/?p=1056444"},"modified":"2026-09-04T10:40:34","modified_gmt":"2026-09-04T07:40:34","slug":"predsednik-evropskog-saveta-u-bukurestu-04-09-2026","status":"publish","type":"post","link":"https:\/\/www.rri.ro\/sr\/aktuelnosti\/aktuelnosti-sr\/predsednik-evropskog-saveta-u-bukurestu-04-09-2026-id1056444.html","title":{"rendered":"Predsednik Evropskog saveta u Bukure\u0161tu (04.09.2026.)"},"content":{"rendered":"<p>Tokom turneje po evropskim prestonicama, predsednik Evropskog saveta Antonio Ko\u0161ta boravio je u \u010detvrtak u Bukure\u0161tu, gde ga je primio predsednik Rumunije Niku\u0161or Dan. Glavna tema razgovora bila je budu\u0107nost bud\u017eeta Evropske unije za period 2028 &#8211; 2034. godina.<br \/>\nEvropski zvani\u010dnik imao je za cilj  da sazna stavove svih dr\u017eava \u010dlanica po ovom pitanju, ali i da razgovara o odbrani, pro\u0161irenju EU i podr\u0161ci Ukrajini.<br \/>\nEvropska komisija predla\u017ee budu\u0107i bud\u017eet od pribli\u017eno 2.000 milijardi evra. Predlogom je predvi\u0111eno i smanjenje od oko 10 odsto sredstava za zajedni\u010dku poljoprivrednu politiku i za kohezionu politiku Unije, \u010demu se protive Rumunija i jo\u0161 16 dr\u017eava \u010dlanica.<br \/>\nRumunija \u017eeli ambiciozan budu\u0107i bud\u017eet EU, sa zna\u010dajnim sredstvima za koheziju i poljoprivredu, izjavio je rumunski predsednik. On je istakao da je Bukure\u0161t uglavnom definisao svoj stav u okviru formata \u201ePrijatelji kohezije\u201c, kojim koordinira Rumunija i koji okuplja 17 evropskih dr\u017eava.<br \/>\nNiku\u0161or Dan:\u2028\u201e\u017delimo zna\u010dajna sredstva za oblast kohezije i poljoprivrede, upravo kako bismo smanjili razlike izme\u0111u gra\u0111ana razli\u010ditih evropskih zemalja. Veoma nam je va\u017ean i stub koji se odnosi na konkurentnost. I ovde govorimo o smanjenju, odnosno o cilju da se smanji jaz izme\u0111u evropskih zemalja. \u017delimo da kompanije iz manje razvijenih evropskih zemalja, poput Rumunije, mogu da imaju pristup fondovima namenjenim konkurentnosti.\u201c<br \/>\nNaredni vi\u0161egodi\u0161nji bud\u017eet EU omogu\u0107i\u0107e Evropi da oja\u010da svoju odbranu i bezbednost, kao i da pove\u0107a konkurentnost, izjavio je predsednik Evropskog saveta. On je naglasio da se pregovori o budu\u0107em bud\u017eetu odvijaju u druga\u010dijem geopoliti\u010dkom kontekstu u odnosu na period kada je usvojen aktuelni vi\u0161egodi\u0161nji finansijski okvir.<br \/>\nEvropski zvani\u010dnik izrazio je zahvalnost Rumuniji zbog \u010dvrste posve\u0107enosti za\u0161titi evropske bezbednosti.<br \/>\nAntonio Ko\u0161ta je tako\u0111e rekao da su nedavna kr\u0161enja rumunskog vazdu\u0161nog prostora, kao i incidenti u koje su bili uklju\u010deni pomorski dronovi, \u201eduboko zabrinjavaju\u0107i\u201c i da \u0107e Brisel nastaviti da bude uz Rumuniju, jer razume da je bezbednost Rumunije istovremeno i bezbednost Evrope u celini. \u201eMoramo biti ujedinjeni u nastojanjima da se u Ukrajini postigne pravedan i trajan mir\u201c, poru\u010dio je evropski zvani\u010dnik.<br \/>\nTokom razgovora, Niku\u0161or Dan govorio je i o procesu pro\u0161irenja EU, u kontekstu priprema za Evropski savet u oktobru. Predsednik Rumunije istakao je da je za Bukure\u0161t va\u017eno da proces pristupanja Republike Moldavije Evropskoj uniji napreduje \u201eodr\u017eivim tempom\u201c.<br \/>\nAntonio Ko\u0161ta zahvalio je Bukure\u0161tu na podr\u0161ci koju pru\u017ea Ki\u0161injevu i istakao da je svako pro\u0161irenje u\u010dinilo Evropu sna\u017enijom, kako u politi\u010dkom, tako i u ekonomskom smislu.<br \/>\n\u201eTo je jedna od najva\u017enijih geopoliti\u010dkih investicija Evrope. To je investicija u na\u0161u bezbednost, stabilnost i prosperitet\u201c, ocenio je Antonio Ko\u0161ta.<\/p>\n","protected":false},"excerpt":{"rendered":"<p>Tokom turneje po evropskim prestonicama, predsednik Evropskog saveta Antonio Ko\u0161ta boravio je u \u010detvrtak u Bukure\u0161tu, gde ga je primio predsednik Rumunije Niku\u0161or Dan. Glavna tema razgovora bila je budu\u0107nost bud\u017eeta Evropske unije za period 2028 &#8211; 2034. godina. Evropski zvani\u010dnik imao je za cilj da sazna stavove svih dr\u017eava \u010dlanica po ovom pitanju, ali [&hellip;]<\/p>\n","protected":false},"author":100,"featured_media":1056425,"comment_status":"closed","ping_status":"closed","sticky":false,"template":"","format":"standard","meta":{"_acf_changed":false,"footnotes":""},"categories":[139553],"tags":[],"coauthors":[114932,113311],"class_list":["post-1056444","post","type-post","status-publish","format-standard","has-post-thumbnail","hentry","category-aktuelnosti-sr"],"acf":[],"yoast_head":"<!-- This site is optimized with the Yoast SEO plugin v28.2 - https:\/\/yoast.com\/product\/yoast-seo-wordpress\/ -->\n<title>Predsednik Evropskog saveta u Bukure\u0161tu (04.09.2026.) - RADIO RUMUNIJA INTERNACIONAL<\/title>\n<meta name=\"robots\" content=\"index, follow, max-snippet:-1, max-image-preview:large, max-video-preview:-1\" \/>\n<link rel=\"canonical\" href=\"https:\/\/www.rri.ro\/sr\/aktuelnosti\/aktuelnosti-sr\/predsednik-evropskog-saveta-u-bukurestu-04-09-2026-id1056444.html\" \/>\n<meta property=\"og:locale\" content=\"sr_RS\" \/>\n<meta property=\"og:type\" content=\"article\" \/>\n<meta property=\"og:title\" content=\"Predsednik Evropskog saveta u Bukure\u0161tu (04.09.2026.) - RADIO RUMUNIJA INTERNACIONAL\" \/>\n<meta property=\"og:description\" content=\"Tokom turneje po evropskim prestonicama, predsednik Evropskog saveta Antonio Ko\u0161ta boravio je u \u010detvrtak u Bukure\u0161tu, gde ga je primio predsednik Rumunije Niku\u0161or Dan. Glavna tema razgovora bila je budu\u0107nost bud\u017eeta Evropske unije za period 2028 &#8211; 2034. godina. Evropski zvani\u010dnik imao je za cilj da sazna stavove svih dr\u017eava \u010dlanica po ovom pitanju, ali [&hellip;]\" \/>\n<meta property=\"og:url\" content=\"https:\/\/www.rri.ro\/sr\/aktuelnosti\/aktuelnosti-sr\/predsednik-evropskog-saveta-u-bukurestu-04-09-2026-id1056444.html\" \/>\n<meta property=\"og:site_name\" content=\"RADIO RUMUNIJA INTERNACIONAL\" \/>\n<meta property=\"article:published_time\" content=\"2026-09-04T07:40:34+00:00\" \/>\n<meta property=\"og:image\" content=\"https:\/\/www.rri.ro\/wp-content\/uploads\/2026\/09\/Antonio-Costa-Nicusor-Dan-sep2026-presidency-ro.jpg\" \/>\n\t<meta property=\"og:image:width\" content=\"1280\" \/>\n\t<meta property=\"og:image:height\" content=\"720\" \/>\n\t<meta property=\"og:image:type\" content=\"image\/jpeg\" \/>\n<meta name=\"author\" content=\"Dragana Diamandi, Mihai Pelin\" \/>\n<meta name=\"twitter:card\" content=\"summary_large_image\" \/>\n<meta name=\"twitter:label1\" content=\"\u041d\u0430\u043f\u0438\u0441\u0430\u043d\u043e \u043e\u0434\" \/>\n\t<meta name=\"twitter:data1\" content=\"Dragana Diamandi\" \/>\n\t<meta name=\"twitter:label2\" content=\"\u041f\u0440\u043e\u0446\u0435\u045a\u0435\u043d\u043e \u0432\u0440\u0435\u043c\u0435 \u0447\u0438\u0442\u0430\u045a\u0430\" \/>\n\t<meta name=\"twitter:data2\" content=\"2 \u043c\u0438\u043d\u0443\u0442\u0430\" \/>\n\t<meta name=\"twitter:label3\" content=\"Written by\" \/>\n\t<meta name=\"twitter:data3\" content=\"Dragana Diamandi, Mihai Pelin\" \/>\n<script type=\"application\/ld+json\" class=\"yoast-schema-graph\">{\"@context\":\"https:\\\/\\\/schema.org\",\"@graph\":[{\"@type\":\"Article\",\"@id\":\"https:\\\/\\\/www.rri.ro\\\/sr\\\/aktuelnosti\\\/aktuelnosti-sr\\\/predsednik-evropskog-saveta-u-bukurestu-04-09-2026-id1056444.html#article\",\"isPartOf\":{\"@id\":\"https:\\\/\\\/www.rri.ro\\\/sr\\\/aktuelnosti\\\/aktuelnosti-sr\\\/predsednik-evropskog-saveta-u-bukurestu-04-09-2026-id1056444.html\"},\"author\":{\"name\":\"Dragana Diamandi\",\"@id\":\"https:\\\/\\\/www.rri.ro\\\/#\\\/schema\\\/person\\\/72349bda10edda903f72d4a98aefdf6a\"},\"headline\":\"Predsednik Evropskog saveta u Bukure\u0161tu (04.09.2026.)\",\"datePublished\":\"2026-09-04T07:40:34+00:00\",\"mainEntityOfPage\":{\"@id\":\"https:\\\/\\\/www.rri.ro\\\/sr\\\/aktuelnosti\\\/aktuelnosti-sr\\\/predsednik-evropskog-saveta-u-bukurestu-04-09-2026-id1056444.html\"},\"wordCount\":485,\"image\":{\"@id\":\"https:\\\/\\\/www.rri.ro\\\/sr\\\/aktuelnosti\\\/aktuelnosti-sr\\\/predsednik-evropskog-saveta-u-bukurestu-04-09-2026-id1056444.html#primaryimage\"},\"thumbnailUrl\":\"https:\\\/\\\/www.rri.ro\\\/wp-content\\\/uploads\\\/2026\\\/09\\\/Antonio-Costa-Nicusor-Dan-sep2026-presidency-ro.jpg\",\"articleSection\":[\"Tema dana\"],\"inLanguage\":\"sr-RS\"},{\"@type\":\"WebPage\",\"@id\":\"https:\\\/\\\/www.rri.ro\\\/sr\\\/aktuelnosti\\\/aktuelnosti-sr\\\/predsednik-evropskog-saveta-u-bukurestu-04-09-2026-id1056444.html\",\"url\":\"https:\\\/\\\/www.rri.ro\\\/sr\\\/aktuelnosti\\\/aktuelnosti-sr\\\/predsednik-evropskog-saveta-u-bukurestu-04-09-2026-id1056444.html\",\"name\":\"Predsednik Evropskog saveta u Bukure\u0161tu (04.09.2026.) - RADIO RUMUNIJA INTERNACIONAL\",\"isPartOf\":{\"@id\":\"https:\\\/\\\/www.rri.ro\\\/#website\"},\"primaryImageOfPage\":{\"@id\":\"https:\\\/\\\/www.rri.ro\\\/sr\\\/aktuelnosti\\\/aktuelnosti-sr\\\/predsednik-evropskog-saveta-u-bukurestu-04-09-2026-id1056444.html#primaryimage\"},\"image\":{\"@id\":\"https:\\\/\\\/www.rri.ro\\\/sr\\\/aktuelnosti\\\/aktuelnosti-sr\\\/predsednik-evropskog-saveta-u-bukurestu-04-09-2026-id1056444.html#primaryimage\"},\"thumbnailUrl\":\"https:\\\/\\\/www.rri.ro\\\/wp-content\\\/uploads\\\/2026\\\/09\\\/Antonio-Costa-Nicusor-Dan-sep2026-presidency-ro.jpg\",\"datePublished\":\"2026-09-04T07:40:34+00:00\",\"author\":{\"@id\":\"https:\\\/\\\/www.rri.ro\\\/#\\\/schema\\\/person\\\/72349bda10edda903f72d4a98aefdf6a\"},\"breadcrumb\":{\"@id\":\"https:\\\/\\\/www.rri.ro\\\/sr\\\/aktuelnosti\\\/aktuelnosti-sr\\\/predsednik-evropskog-saveta-u-bukurestu-04-09-2026-id1056444.html#breadcrumb\"},\"inLanguage\":\"sr-RS\",\"potentialAction\":[{\"@type\":\"ReadAction\",\"target\":[\"https:\\\/\\\/www.rri.ro\\\/sr\\\/aktuelnosti\\\/aktuelnosti-sr\\\/predsednik-evropskog-saveta-u-bukurestu-04-09-2026-id1056444.html\"]}]},{\"@type\":\"ImageObject\",\"inLanguage\":\"sr-RS\",\"@id\":\"https:\\\/\\\/www.rri.ro\\\/sr\\\/aktuelnosti\\\/aktuelnosti-sr\\\/predsednik-evropskog-saveta-u-bukurestu-04-09-2026-id1056444.html#primaryimage\",\"url\":\"https:\\\/\\\/www.rri.ro\\\/wp-content\\\/uploads\\\/2026\\\/09\\\/Antonio-Costa-Nicusor-Dan-sep2026-presidency-ro.jpg\",\"contentUrl\":\"https:\\\/\\\/www.rri.ro\\\/wp-content\\\/uploads\\\/2026\\\/09\\\/Antonio-Costa-Nicusor-Dan-sep2026-presidency-ro.jpg\",\"width\":1280,\"height\":720,\"caption\":\"Antonio Costa , primit de Nicusor Dan la Palatul Cotroceni \\\/ Foto: presidency.ro\"},{\"@type\":\"BreadcrumbList\",\"@id\":\"https:\\\/\\\/www.rri.ro\\\/sr\\\/aktuelnosti\\\/aktuelnosti-sr\\\/predsednik-evropskog-saveta-u-bukurestu-04-09-2026-id1056444.html#breadcrumb\",\"itemListElement\":[{\"@type\":\"ListItem\",\"position\":1,\"name\":\"\u041f\u043e\u0447\u0435\u0442\u043d\u0430 \u0441\u0442\u0440\u0430\u043d\u0438\u0446\u0430\",\"item\":\"https:\\\/\\\/www.rri.ro\\\/sr\"},{\"@type\":\"ListItem\",\"position\":2,\"name\":\"Aktuelnosti\",\"item\":\"https:\\\/\\\/www.rri.ro\\\/sr\\\/aktuelnosti\"},{\"@type\":\"ListItem\",\"position\":3,\"name\":\"Tema dana\",\"item\":\"https:\\\/\\\/www.rri.ro\\\/sr\\\/aktuelnosti\\\/aktuelnosti-sr\"},{\"@type\":\"ListItem\",\"position\":4,\"name\":\"Predsednik Evropskog saveta u Bukure\u0161tu (04.09.2026.)\"}]},{\"@type\":\"WebSite\",\"@id\":\"https:\\\/\\\/www.rri.ro\\\/#website\",\"url\":\"https:\\\/\\\/www.rri.ro\\\/\",\"name\":\"RADIO RUMUNIJA INTERNACIONAL\",\"description\":\"Totul despre Rom\u00e2nia \u015fi rom\u00e2ni, \u00een 13 limbi\\\/dialecte!\",\"inLanguage\":\"sr-RS\"},{\"@type\":\"Person\",\"@id\":\"https:\\\/\\\/www.rri.ro\\\/#\\\/schema\\\/person\\\/72349bda10edda903f72d4a98aefdf6a\",\"name\":\"Dragana Diamandi\",\"url\":\"https:\\\/\\\/www.rri.ro\\\/sr\\\/author\\\/dragana-diamandi\"}]}<\/script>\n<!-- \/ Yoast SEO plugin. -->","yoast_head_json":{"title":"Predsednik Evropskog saveta u Bukure\u0161tu (04.09.2026.) - RADIO RUMUNIJA INTERNACIONAL","robots":{"index":"index","follow":"follow","max-snippet":"max-snippet:-1","max-image-preview":"max-image-preview:large","max-video-preview":"max-video-preview:-1"},"canonical":"https:\/\/www.rri.ro\/sr\/aktuelnosti\/aktuelnosti-sr\/predsednik-evropskog-saveta-u-bukurestu-04-09-2026-id1056444.html","og_locale":"sr_RS","og_type":"article","og_title":"Predsednik Evropskog saveta u Bukure\u0161tu (04.09.2026.) - RADIO RUMUNIJA INTERNACIONAL","og_description":"Tokom turneje po evropskim prestonicama, predsednik Evropskog saveta Antonio Ko\u0161ta boravio je u \u010detvrtak u Bukure\u0161tu, gde ga je primio predsednik Rumunije Niku\u0161or Dan. Glavna tema razgovora bila je budu\u0107nost bud\u017eeta Evropske unije za period 2028 &#8211; 2034. godina. Evropski zvani\u010dnik imao je za cilj da sazna stavove svih dr\u017eava \u010dlanica po ovom pitanju, ali [&hellip;]","og_url":"https:\/\/www.rri.ro\/sr\/aktuelnosti\/aktuelnosti-sr\/predsednik-evropskog-saveta-u-bukurestu-04-09-2026-id1056444.html","og_site_name":"RADIO RUMUNIJA INTERNACIONAL","article_published_time":"2026-09-04T07:40:34+00:00","og_image":[{"width":1280,"height":720,"url":"https:\/\/www.rri.ro\/wp-content\/uploads\/2026\/09\/Antonio-Costa-Nicusor-Dan-sep2026-presidency-ro.jpg","type":"image\/jpeg"}],"author":"Dragana Diamandi, Mihai Pelin","twitter_card":"summary_large_image","twitter_misc":{"\u041d\u0430\u043f\u0438\u0441\u0430\u043d\u043e \u043e\u0434":"Dragana Diamandi","\u041f\u0440\u043e\u0446\u0435\u045a\u0435\u043d\u043e \u0432\u0440\u0435\u043c\u0435 \u0447\u0438\u0442\u0430\u045a\u0430":"2 \u043c\u0438\u043d\u0443\u0442\u0430","Written by":"Dragana Diamandi, Mihai Pelin"},"schema":{"@context":"https:\/\/schema.org","@graph":[{"@type":"Article","@id":"https:\/\/www.rri.ro\/sr\/aktuelnosti\/aktuelnosti-sr\/predsednik-evropskog-saveta-u-bukurestu-04-09-2026-id1056444.html#article","isPartOf":{"@id":"https:\/\/www.rri.ro\/sr\/aktuelnosti\/aktuelnosti-sr\/predsednik-evropskog-saveta-u-bukurestu-04-09-2026-id1056444.html"},"author":{"name":"Dragana Diamandi","@id":"https:\/\/www.rri.ro\/#\/schema\/person\/72349bda10edda903f72d4a98aefdf6a"},"headline":"Predsednik Evropskog saveta u Bukure\u0161tu (04.09.2026.)","datePublished":"2026-09-04T07:40:34+00:00","mainEntityOfPage":{"@id":"https:\/\/www.rri.ro\/sr\/aktuelnosti\/aktuelnosti-sr\/predsednik-evropskog-saveta-u-bukurestu-04-09-2026-id1056444.html"},"wordCount":485,"image":{"@id":"https:\/\/www.rri.ro\/sr\/aktuelnosti\/aktuelnosti-sr\/predsednik-evropskog-saveta-u-bukurestu-04-09-2026-id1056444.html#primaryimage"},"thumbnailUrl":"https:\/\/www.rri.ro\/wp-content\/uploads\/2026\/09\/Antonio-Costa-Nicusor-Dan-sep2026-presidency-ro.jpg","articleSection":["Tema dana"],"inLanguage":"sr-RS"},{"@type":"WebPage","@id":"https:\/\/www.rri.ro\/sr\/aktuelnosti\/aktuelnosti-sr\/predsednik-evropskog-saveta-u-bukurestu-04-09-2026-id1056444.html","url":"https:\/\/www.rri.ro\/sr\/aktuelnosti\/aktuelnosti-sr\/predsednik-evropskog-saveta-u-bukurestu-04-09-2026-id1056444.html","name":"Predsednik Evropskog saveta u Bukure\u0161tu (04.09.2026.) - RADIO RUMUNIJA INTERNACIONAL","isPartOf":{"@id":"https:\/\/www.rri.ro\/#website"},"primaryImageOfPage":{"@id":"https:\/\/www.rri.ro\/sr\/aktuelnosti\/aktuelnosti-sr\/predsednik-evropskog-saveta-u-bukurestu-04-09-2026-id1056444.html#primaryimage"},"image":{"@id":"https:\/\/www.rri.ro\/sr\/aktuelnosti\/aktuelnosti-sr\/predsednik-evropskog-saveta-u-bukurestu-04-09-2026-id1056444.html#primaryimage"},"thumbnailUrl":"https:\/\/www.rri.ro\/wp-content\/uploads\/2026\/09\/Antonio-Costa-Nicusor-Dan-sep2026-presidency-ro.jpg","datePublished":"2026-09-04T07:40:34+00:00","author":{"@id":"https:\/\/www.rri.ro\/#\/schema\/person\/72349bda10edda903f72d4a98aefdf6a"},"breadcrumb":{"@id":"https:\/\/www.rri.ro\/sr\/aktuelnosti\/aktuelnosti-sr\/predsednik-evropskog-saveta-u-bukurestu-04-09-2026-id1056444.html#breadcrumb"},"inLanguage":"sr-RS","potentialAction":[{"@type":"ReadAction","target":["https:\/\/www.rri.ro\/sr\/aktuelnosti\/aktuelnosti-sr\/predsednik-evropskog-saveta-u-bukurestu-04-09-2026-id1056444.html"]}]},{"@type":"ImageObject","inLanguage":"sr-RS","@id":"https:\/\/www.rri.ro\/sr\/aktuelnosti\/aktuelnosti-sr\/predsednik-evropskog-saveta-u-bukurestu-04-09-2026-id1056444.html#primaryimage","url":"https:\/\/www.rri.ro\/wp-content\/uploads\/2026\/09\/Antonio-Costa-Nicusor-Dan-sep2026-presidency-ro.jpg","contentUrl":"https:\/\/www.rri.ro\/wp-content\/uploads\/2026\/09\/Antonio-Costa-Nicusor-Dan-sep2026-presidency-ro.jpg","width":1280,"height":720,"caption":"Antonio Costa , primit de Nicusor Dan la Palatul Cotroceni \/ Foto: presidency.ro"},{"@type":"BreadcrumbList","@id":"https:\/\/www.rri.ro\/sr\/aktuelnosti\/aktuelnosti-sr\/predsednik-evropskog-saveta-u-bukurestu-04-09-2026-id1056444.html#breadcrumb","itemListElement":[{"@type":"ListItem","position":1,"name":"\u041f\u043e\u0447\u0435\u0442\u043d\u0430 \u0441\u0442\u0440\u0430\u043d\u0438\u0446\u0430","item":"https:\/\/www.rri.ro\/sr"},{"@type":"ListItem","position":2,"name":"Aktuelnosti","item":"https:\/\/www.rri.ro\/sr\/aktuelnosti"},{"@type":"ListItem","position":3,"name":"Tema dana","item":"https:\/\/www.rri.ro\/sr\/aktuelnosti\/aktuelnosti-sr"},{"@type":"ListItem","position":4,"name":"Predsednik Evropskog saveta u Bukure\u0161tu (04.09.2026.)"}]},{"@type":"WebSite","@id":"https:\/\/www.rri.ro\/#website","url":"https:\/\/www.rri.ro\/","name":"RADIO RUMUNIJA INTERNACIONAL","description":"Totul despre Rom\u00e2nia \u015fi rom\u00e2ni, \u00een 13 limbi\/dialecte!","inLanguage":"sr-RS"},{"@type":"Person","@id":"https:\/\/www.rri.ro\/#\/schema\/person\/72349bda10edda903f72d4a98aefdf6a","name":"Dragana Diamandi","url":"https:\/\/www.rri.ro\/sr\/author\/dragana-diamandi"}]}},"_links":{"self":[{"href":"https:\/\/www.rri.ro\/sr\/wp-json\/wp\/v2\/posts\/1056444","targetHints":{"allow":["GET"]}}],"collection":[{"href":"https:\/\/www.rri.ro\/sr\/wp-json\/wp\/v2\/posts"}],"about":[{"href":"https:\/\/www.rri.ro\/sr\/wp-json\/wp\/v2\/types\/post"}],"author":[{"embeddable":true,"href":"https:\/\/www.rri.ro\/sr\/wp-json\/wp\/v2\/users\/100"}],"replies":[{"embeddable":true,"href":"https:\/\/www.rri.ro\/sr\/wp-json\/wp\/v2\/comments?post=1056444"}],"version-history":[{"count":1,"href":"https:\/\/www.rri.ro\/sr\/wp-json\/wp\/v2\/posts\/1056444\/revisions"}],"predecessor-version":[{"id":1056445,"href":"https:\/\/www.rri.ro\/sr\/wp-json\/wp\/v2\/posts\/1056444\/revisions\/1056445"}],"wp:featuredmedia":[{"embeddable":true,"href":"https:\/\/www.rri.ro\/sr\/wp-json\/wp\/v2\/media\/1056425"}],"wp:attachment":[{"href":"https:\/\/www.rri.ro\/sr\/wp-json\/wp\/v2\/media?parent=1056444"}],"wp:term":[{"taxonomy":"category","embeddable":true,"href":"https:\/\/www.rri.ro\/sr\/wp-json\/wp\/v2\/categories?post=1056444"},{"taxonomy":"post_tag","embeddable":true,"href":"https:\/\/www.rri.ro\/sr\/wp-json\/wp\/v2\/tags?post=1056444"},{"taxonomy":"author","embeddable":true,"href":"https:\/\/www.rri.ro\/sr\/wp-json\/wp\/v2\/coauthors?post=1056444"}],"curies":[{"name":"wp","href":"https:\/\/api.w.org\/{rel}","templated":true}]}}