{"id":1056585,"date":"2026-09-04T17:57:38","date_gmt":"2026-09-04T14:57:38","guid":{"rendered":"https:\/\/www.rri.ro\/?p=1056585"},"modified":"2026-09-04T17:57:38","modified_gmt":"2026-09-04T14:57:38","slug":"vesti-04-09-2026","status":"publish","type":"post","link":"https:\/\/www.rri.ro\/sr\/aktuelnosti\/vesti\/vesti-04-09-2026-id1056585.html","title":{"rendered":"Vesti \u2013 04.09.2026"},"content":{"rendered":"<p>Rumunski predsednik Niku\u0161or Dan najavio je da c\u0301e narednih dana nominovati kandidata za premijera. \u0160ef dr\u017eave je tako\u0111e rekao da bi, zbog parlamentarne pauze, organizovanje zakonodavne sednice za glasanje o investituri novog kabineta bilo te\u0161ko. Podsec\u0301amo da Rumunija nije imala stabilnu vladu od po\u010detka maja, nakon \u0161to je u parlamentu usvojen predlog nepoverenja kabinetu koji predvodi liberalni premijer Ilije Bolo\u017ean, koji nastavlja da obezbe\u0111uje kontinuitet pozicije.<\/p>\n<p>Vr\u0161ilac du\u017enosti ministra spoljnih poslova Oana Coju sastala se u Londonu sa svojim britanskim kolegom Edom Milibandom. Prema saop\u0161tenju za \u0161tampu rumunskog Ministarstva spoljnih poslova u Bukure\u0161tu, na dnevnom redu razgovora bila su rumunska dijaspora u Ujedinjenom Kraljevstvu, ekonomska saradnja, bezbednost i saradnja u oblasti obrazovanja i kulture. Tom prilikom, Oana Coju je podsetila na izuzetan doprinos preko milion rumunskih gra\u0111ana u Ujedinjenom Kraljevstvu u konsolidaciji bilateralnih odnosa i zahvalila se na poja\u010danoj misiji vazdu\u0161ne policije koju je Kraljevsko ratno vazduhoplovstvo sprovelo na rumunskoj teritoriji, izme\u0111u marta i jula 2026. godine. Dva zvani\u010dnika su tako\u0111e razgovarala o trenutnom stanju bilateralne trgovine i pristupanju Rumunije Organizaciji za ekonomsku saradnju i razvoj, navodi se u saop\u0161tenju rumunskog Ministarstva spoljnih poslova.<\/p>\n<p>Predsednik Rumunije, Niku\u0161or Dan, \u010destitao je u petak \u0110or\u0111i Meloni, nakon \u0161to je Vlada koju je vodila postala najdugove\u010dnija izvr\u0161na vlast u istoriji Italije, isti\u010duc\u0301i da vladina stabilnost obezbe\u0111uje institucionalni kontinuitet. U svojoj poruci na dru\u0161tvenoj mre\u017ei, Niku\u0161or Dan je tako\u0111e istakao bliske odnose izme\u0111u Rumunije i Italije, kao i zna\u010daj rumunske zajednice u ovoj zemlji. \u201eRumuniju i Italiju povezuje strate\u0161ko partnerstvo sa jakim temeljima. Preko milion Rumuna \u017eivi i radi u Italiji, \u0161to je najvec\u0301a dijaspora u ovoj dr\u017eavi, a na\u0161e ekonomije imaju bliske veze. Italija je drugi najvec\u0301i trgovinski partner Rumunije i glavni izvor kompanija sa stranim kapitalom ovde. Obele\u017eavamo ove veze kroz Kulturnu godinu Rumunija-Italija\u201c, rekao je \u0161ef dr\u017eave.<\/p>\n<p>Nacionalni institut za javno zdravlje (INSP) saop\u0161tio je da je u Rumuniji izme\u0111u juna i septembra registrovano ukupno 58 slu\u010dajeva infekcije virusom Zapadnog Nila. Prema komunikatu, tri slu\u010daja su rezultirala smrc\u0301u zara\u017eenih osoba, koje su bile starije osobe sa komorbiditetima. Vlasti preporu\u010duju izbegavanje izlaganja komarcima i upotrebu hemikalija protiv njih.<\/p>\n<p>Na pla\u017ei u Konstanci (jugoisto\u010dna Rumunija), talasi su do obale doneli krilo drona, bez eksplozivnog punjenja. Objekat je sa mesta doga\u0111aja uklonila Obalska stra\u017ea. Ovakvi incidenti su se de\u0161avali nekoliko puta poslednjih meseci na rumunskoj obali, a u jednom od slu\u010dajeva je u pitanju bio fragment sa eksplozivnim punjenjem. Prema saop\u0161tenju, \u201eizme\u0111u 24. i 30. avgusta, Ministarstvo nacionalne odbrane je upravljalo i obave\u0161tavalo javnost o 11 situacija zabele\u017eenih u blizini rumunske granice ili na nacionalnoj teritoriji, u kontekstu napada Ruske Federacije na ukrajinsku infrastrukturu\u201c.<\/p>\n<p>Rumunija \u017eeli \u201eambiciozan\u201c buduc\u0301i bud\u017eet Evropske unije, sa zna\u010dajnim iznosima za poglavlja o koheziji i poljoprivredi, izjavio je predsednik Niku\u0161or Dan tokom zajedni\u010dke konferencije za novinare sa predsednikom Evropskog saveta, Antoniom Ko\u0161tom. Dan je u \u010detvrtak u Bukure\u0161tu primio evropskog zvani\u010dnika koji je bio u konsultativnoj poseti o prioritetima i zabrinutostima Rumunije. Rumunski predsednik je rekao da je glavna tema dijaloga bila pregovori o buduc\u0301em bud\u017eetu Evropske unije za period 2028-2034. Razgovori dvojice zvani\u010dnika bili su usmereni i na proces pro\u0161irenja Evropske unije, bezbednosnu situaciju, ali i na podr\u0161ku Evropske unije Ukrajini. Tako\u0111e u \u010detvrtak, predsednik Evropskog saveta posetio je Bugarsku i Gr\u010dku. Vec\u0301 je bio u Slova\u010dkoj, Estoniji, Letoniji, Litvaniji, \u010ce\u0161koj, Ma\u0111arskoj, Hrvatskoj i Luksemburgu.<\/p>\n<p>Film \u201eFjord\u201c, u re\u017eiji Kristijana Mun\u0111iua, zvani\u010dni je rumunski kandidat za Oskara sledec\u0301e godine, u kategoriji \u201eNajbolji me\u0111unarodni igrani film\u201c, saop\u0161tio je Nacionalni centar za kinematografiju. Kratak spisak nominacija Ameri\u010dka filmska akademija \u0107e objaviti sredinom decembra. Film \u201eFjord\u201c, u kojem glume poznati rumunski glumac Sebastijan Stan i Renate Rajnsve, osvojio je nekoliko nagrada, uklju\u010dujuc\u0301i \u010duvenu Zlatnu palmu u Kanu.<\/p>\n<p>&nbsp;<\/p>\n","protected":false},"excerpt":{"rendered":"<p>Rumunski predsednik Niku\u0161or Dan najavio je da c\u0301e narednih dana nominovati kandidata za premijera. \u0160ef dr\u017eave je tako\u0111e rekao da bi, zbog parlamentarne pauze, organizovanje zakonodavne sednice za glasanje o investituri novog kabineta bilo te\u0161ko. Podsec\u0301amo da Rumunija nije imala stabilnu vladu od po\u010detka maja, nakon \u0161to je u parlamentu usvojen predlog nepoverenja kabinetu koji [&hellip;]<\/p>\n","protected":false},"author":101,"featured_media":723484,"comment_status":"closed","ping_status":"closed","sticky":false,"template":"","format":"standard","meta":{"_acf_changed":false,"footnotes":""},"categories":[105434],"tags":[],"coauthors":[113245],"class_list":["post-1056585","post","type-post","status-publish","format-standard","has-post-thumbnail","hentry","category-vesti"],"acf":[],"yoast_head":"<!-- This site is optimized with the Yoast SEO plugin v28.2 - https:\/\/yoast.com\/product\/yoast-seo-wordpress\/ -->\n<title>Vesti \u2013 04.09.2026 - RADIO RUMUNIJA INTERNACIONAL<\/title>\n<meta name=\"robots\" content=\"index, follow, max-snippet:-1, max-image-preview:large, max-video-preview:-1\" \/>\n<link rel=\"canonical\" href=\"https:\/\/www.rri.ro\/sr\/aktuelnosti\/vesti\/vesti-04-09-2026-id1056585.html\" \/>\n<meta property=\"og:locale\" content=\"sr_RS\" \/>\n<meta property=\"og:type\" content=\"article\" \/>\n<meta property=\"og:title\" content=\"Vesti \u2013 04.09.2026 - RADIO RUMUNIJA INTERNACIONAL\" \/>\n<meta property=\"og:description\" content=\"Rumunski predsednik Niku\u0161or Dan najavio je da c\u0301e narednih dana nominovati kandidata za premijera. \u0160ef dr\u017eave je tako\u0111e rekao da bi, zbog parlamentarne pauze, organizovanje zakonodavne sednice za glasanje o investituri novog kabineta bilo te\u0161ko. Podsec\u0301amo da Rumunija nije imala stabilnu vladu od po\u010detka maja, nakon \u0161to je u parlamentu usvojen predlog nepoverenja kabinetu koji [&hellip;]\" \/>\n<meta property=\"og:url\" content=\"https:\/\/www.rri.ro\/sr\/aktuelnosti\/vesti\/vesti-04-09-2026-id1056585.html\" \/>\n<meta property=\"og:site_name\" content=\"RADIO RUMUNIJA INTERNACIONAL\" \/>\n<meta property=\"article:published_time\" content=\"2026-09-04T14:57:38+00:00\" \/>\n<meta property=\"og:image\" content=\"https:\/\/www.rri.ro\/wp-content\/uploads\/2024\/03\/RRI-960x540-Vesti-1-NOU.jpg\" \/>\n\t<meta property=\"og:image:width\" content=\"960\" \/>\n\t<meta property=\"og:image:height\" content=\"540\" \/>\n\t<meta property=\"og:image:type\" content=\"image\/jpeg\" \/>\n<meta name=\"author\" content=\"Marija Nenadi\u0107-Zurka\" \/>\n<meta name=\"twitter:card\" content=\"summary_large_image\" \/>\n<meta name=\"twitter:label1\" content=\"\u041d\u0430\u043f\u0438\u0441\u0430\u043d\u043e \u043e\u0434\" \/>\n\t<meta name=\"twitter:data1\" content=\"Marija Nenadi\u0107-Zurka\" \/>\n\t<meta name=\"twitter:label2\" content=\"\u041f\u0440\u043e\u0446\u0435\u045a\u0435\u043d\u043e \u0432\u0440\u0435\u043c\u0435 \u0447\u0438\u0442\u0430\u045a\u0430\" \/>\n\t<meta name=\"twitter:data2\" content=\"3 \u043c\u0438\u043d\u0443\u0442\u0430\" \/>\n\t<meta name=\"twitter:label3\" content=\"Written by\" \/>\n\t<meta name=\"twitter:data3\" content=\"Marija Nenadi\u0107-Zurka\" \/>\n<script type=\"application\/ld+json\" class=\"yoast-schema-graph\">{\"@context\":\"https:\\\/\\\/schema.org\",\"@graph\":[{\"@type\":\"Article\",\"@id\":\"https:\\\/\\\/www.rri.ro\\\/sr\\\/aktuelnosti\\\/vesti\\\/vesti-04-09-2026-id1056585.html#article\",\"isPartOf\":{\"@id\":\"https:\\\/\\\/www.rri.ro\\\/sr\\\/aktuelnosti\\\/vesti\\\/vesti-04-09-2026-id1056585.html\"},\"author\":{\"name\":\"Marija Nenadi\u0107-Zurka\",\"@id\":\"https:\\\/\\\/www.rri.ro\\\/#\\\/schema\\\/person\\\/a3f1370886b657670704847e2f795e3e\"},\"headline\":\"Vesti \u2013 04.09.2026\",\"datePublished\":\"2026-09-04T14:57:38+00:00\",\"mainEntityOfPage\":{\"@id\":\"https:\\\/\\\/www.rri.ro\\\/sr\\\/aktuelnosti\\\/vesti\\\/vesti-04-09-2026-id1056585.html\"},\"wordCount\":686,\"image\":{\"@id\":\"https:\\\/\\\/www.rri.ro\\\/sr\\\/aktuelnosti\\\/vesti\\\/vesti-04-09-2026-id1056585.html#primaryimage\"},\"thumbnailUrl\":\"https:\\\/\\\/www.rri.ro\\\/wp-content\\\/uploads\\\/2024\\\/03\\\/RRI-960x540-Vesti-1-NOU.jpg\",\"articleSection\":[\"Vesti\"],\"inLanguage\":\"sr-RS\"},{\"@type\":\"WebPage\",\"@id\":\"https:\\\/\\\/www.rri.ro\\\/sr\\\/aktuelnosti\\\/vesti\\\/vesti-04-09-2026-id1056585.html\",\"url\":\"https:\\\/\\\/www.rri.ro\\\/sr\\\/aktuelnosti\\\/vesti\\\/vesti-04-09-2026-id1056585.html\",\"name\":\"Vesti \u2013 04.09.2026 - RADIO RUMUNIJA INTERNACIONAL\",\"isPartOf\":{\"@id\":\"https:\\\/\\\/www.rri.ro\\\/#website\"},\"primaryImageOfPage\":{\"@id\":\"https:\\\/\\\/www.rri.ro\\\/sr\\\/aktuelnosti\\\/vesti\\\/vesti-04-09-2026-id1056585.html#primaryimage\"},\"image\":{\"@id\":\"https:\\\/\\\/www.rri.ro\\\/sr\\\/aktuelnosti\\\/vesti\\\/vesti-04-09-2026-id1056585.html#primaryimage\"},\"thumbnailUrl\":\"https:\\\/\\\/www.rri.ro\\\/wp-content\\\/uploads\\\/2024\\\/03\\\/RRI-960x540-Vesti-1-NOU.jpg\",\"datePublished\":\"2026-09-04T14:57:38+00:00\",\"author\":{\"@id\":\"https:\\\/\\\/www.rri.ro\\\/#\\\/schema\\\/person\\\/a3f1370886b657670704847e2f795e3e\"},\"breadcrumb\":{\"@id\":\"https:\\\/\\\/www.rri.ro\\\/sr\\\/aktuelnosti\\\/vesti\\\/vesti-04-09-2026-id1056585.html#breadcrumb\"},\"inLanguage\":\"sr-RS\",\"potentialAction\":[{\"@type\":\"ReadAction\",\"target\":[\"https:\\\/\\\/www.rri.ro\\\/sr\\\/aktuelnosti\\\/vesti\\\/vesti-04-09-2026-id1056585.html\"]}]},{\"@type\":\"ImageObject\",\"inLanguage\":\"sr-RS\",\"@id\":\"https:\\\/\\\/www.rri.ro\\\/sr\\\/aktuelnosti\\\/vesti\\\/vesti-04-09-2026-id1056585.html#primaryimage\",\"url\":\"https:\\\/\\\/www.rri.ro\\\/wp-content\\\/uploads\\\/2024\\\/03\\\/RRI-960x540-Vesti-1-NOU.jpg\",\"contentUrl\":\"https:\\\/\\\/www.rri.ro\\\/wp-content\\\/uploads\\\/2024\\\/03\\\/RRI-960x540-Vesti-1-NOU.jpg\",\"width\":960,\"height\":540},{\"@type\":\"BreadcrumbList\",\"@id\":\"https:\\\/\\\/www.rri.ro\\\/sr\\\/aktuelnosti\\\/vesti\\\/vesti-04-09-2026-id1056585.html#breadcrumb\",\"itemListElement\":[{\"@type\":\"ListItem\",\"position\":1,\"name\":\"\u041f\u043e\u0447\u0435\u0442\u043d\u0430 \u0441\u0442\u0440\u0430\u043d\u0438\u0446\u0430\",\"item\":\"https:\\\/\\\/www.rri.ro\\\/sr\"},{\"@type\":\"ListItem\",\"position\":2,\"name\":\"Aktuelnosti\",\"item\":\"https:\\\/\\\/www.rri.ro\\\/sr\\\/aktuelnosti\"},{\"@type\":\"ListItem\",\"position\":3,\"name\":\"Vesti\",\"item\":\"https:\\\/\\\/www.rri.ro\\\/sr\\\/aktuelnosti\\\/vesti\"},{\"@type\":\"ListItem\",\"position\":4,\"name\":\"Vesti \u2013 04.09.2026\"}]},{\"@type\":\"WebSite\",\"@id\":\"https:\\\/\\\/www.rri.ro\\\/#website\",\"url\":\"https:\\\/\\\/www.rri.ro\\\/\",\"name\":\"RADIO RUMUNIJA INTERNACIONAL\",\"description\":\"Totul despre Rom\u00e2nia \u015fi rom\u00e2ni, \u00een 13 limbi\\\/dialecte!\",\"inLanguage\":\"sr-RS\"},{\"@type\":\"Person\",\"@id\":\"https:\\\/\\\/www.rri.ro\\\/#\\\/schema\\\/person\\\/a3f1370886b657670704847e2f795e3e\",\"name\":\"Marija Nenadi\u0107-Zurka\",\"url\":\"https:\\\/\\\/www.rri.ro\\\/sr\\\/author\\\/marija-nenadic\"}]}<\/script>\n<!-- \/ Yoast SEO plugin. -->","yoast_head_json":{"title":"Vesti \u2013 04.09.2026 - RADIO RUMUNIJA INTERNACIONAL","robots":{"index":"index","follow":"follow","max-snippet":"max-snippet:-1","max-image-preview":"max-image-preview:large","max-video-preview":"max-video-preview:-1"},"canonical":"https:\/\/www.rri.ro\/sr\/aktuelnosti\/vesti\/vesti-04-09-2026-id1056585.html","og_locale":"sr_RS","og_type":"article","og_title":"Vesti \u2013 04.09.2026 - RADIO RUMUNIJA INTERNACIONAL","og_description":"Rumunski predsednik Niku\u0161or Dan najavio je da c\u0301e narednih dana nominovati kandidata za premijera. \u0160ef dr\u017eave je tako\u0111e rekao da bi, zbog parlamentarne pauze, organizovanje zakonodavne sednice za glasanje o investituri novog kabineta bilo te\u0161ko. Podsec\u0301amo da Rumunija nije imala stabilnu vladu od po\u010detka maja, nakon \u0161to je u parlamentu usvojen predlog nepoverenja kabinetu koji [&hellip;]","og_url":"https:\/\/www.rri.ro\/sr\/aktuelnosti\/vesti\/vesti-04-09-2026-id1056585.html","og_site_name":"RADIO RUMUNIJA INTERNACIONAL","article_published_time":"2026-09-04T14:57:38+00:00","og_image":[{"width":960,"height":540,"url":"https:\/\/www.rri.ro\/wp-content\/uploads\/2024\/03\/RRI-960x540-Vesti-1-NOU.jpg","type":"image\/jpeg"}],"author":"Marija Nenadi\u0107-Zurka","twitter_card":"summary_large_image","twitter_misc":{"\u041d\u0430\u043f\u0438\u0441\u0430\u043d\u043e \u043e\u0434":"Marija Nenadi\u0107-Zurka","\u041f\u0440\u043e\u0446\u0435\u045a\u0435\u043d\u043e \u0432\u0440\u0435\u043c\u0435 \u0447\u0438\u0442\u0430\u045a\u0430":"3 \u043c\u0438\u043d\u0443\u0442\u0430","Written by":"Marija Nenadi\u0107-Zurka"},"schema":{"@context":"https:\/\/schema.org","@graph":[{"@type":"Article","@id":"https:\/\/www.rri.ro\/sr\/aktuelnosti\/vesti\/vesti-04-09-2026-id1056585.html#article","isPartOf":{"@id":"https:\/\/www.rri.ro\/sr\/aktuelnosti\/vesti\/vesti-04-09-2026-id1056585.html"},"author":{"name":"Marija Nenadi\u0107-Zurka","@id":"https:\/\/www.rri.ro\/#\/schema\/person\/a3f1370886b657670704847e2f795e3e"},"headline":"Vesti \u2013 04.09.2026","datePublished":"2026-09-04T14:57:38+00:00","mainEntityOfPage":{"@id":"https:\/\/www.rri.ro\/sr\/aktuelnosti\/vesti\/vesti-04-09-2026-id1056585.html"},"wordCount":686,"image":{"@id":"https:\/\/www.rri.ro\/sr\/aktuelnosti\/vesti\/vesti-04-09-2026-id1056585.html#primaryimage"},"thumbnailUrl":"https:\/\/www.rri.ro\/wp-content\/uploads\/2024\/03\/RRI-960x540-Vesti-1-NOU.jpg","articleSection":["Vesti"],"inLanguage":"sr-RS"},{"@type":"WebPage","@id":"https:\/\/www.rri.ro\/sr\/aktuelnosti\/vesti\/vesti-04-09-2026-id1056585.html","url":"https:\/\/www.rri.ro\/sr\/aktuelnosti\/vesti\/vesti-04-09-2026-id1056585.html","name":"Vesti \u2013 04.09.2026 - RADIO RUMUNIJA INTERNACIONAL","isPartOf":{"@id":"https:\/\/www.rri.ro\/#website"},"primaryImageOfPage":{"@id":"https:\/\/www.rri.ro\/sr\/aktuelnosti\/vesti\/vesti-04-09-2026-id1056585.html#primaryimage"},"image":{"@id":"https:\/\/www.rri.ro\/sr\/aktuelnosti\/vesti\/vesti-04-09-2026-id1056585.html#primaryimage"},"thumbnailUrl":"https:\/\/www.rri.ro\/wp-content\/uploads\/2024\/03\/RRI-960x540-Vesti-1-NOU.jpg","datePublished":"2026-09-04T14:57:38+00:00","author":{"@id":"https:\/\/www.rri.ro\/#\/schema\/person\/a3f1370886b657670704847e2f795e3e"},"breadcrumb":{"@id":"https:\/\/www.rri.ro\/sr\/aktuelnosti\/vesti\/vesti-04-09-2026-id1056585.html#breadcrumb"},"inLanguage":"sr-RS","potentialAction":[{"@type":"ReadAction","target":["https:\/\/www.rri.ro\/sr\/aktuelnosti\/vesti\/vesti-04-09-2026-id1056585.html"]}]},{"@type":"ImageObject","inLanguage":"sr-RS","@id":"https:\/\/www.rri.ro\/sr\/aktuelnosti\/vesti\/vesti-04-09-2026-id1056585.html#primaryimage","url":"https:\/\/www.rri.ro\/wp-content\/uploads\/2024\/03\/RRI-960x540-Vesti-1-NOU.jpg","contentUrl":"https:\/\/www.rri.ro\/wp-content\/uploads\/2024\/03\/RRI-960x540-Vesti-1-NOU.jpg","width":960,"height":540},{"@type":"BreadcrumbList","@id":"https:\/\/www.rri.ro\/sr\/aktuelnosti\/vesti\/vesti-04-09-2026-id1056585.html#breadcrumb","itemListElement":[{"@type":"ListItem","position":1,"name":"\u041f\u043e\u0447\u0435\u0442\u043d\u0430 \u0441\u0442\u0440\u0430\u043d\u0438\u0446\u0430","item":"https:\/\/www.rri.ro\/sr"},{"@type":"ListItem","position":2,"name":"Aktuelnosti","item":"https:\/\/www.rri.ro\/sr\/aktuelnosti"},{"@type":"ListItem","position":3,"name":"Vesti","item":"https:\/\/www.rri.ro\/sr\/aktuelnosti\/vesti"},{"@type":"ListItem","position":4,"name":"Vesti \u2013 04.09.2026"}]},{"@type":"WebSite","@id":"https:\/\/www.rri.ro\/#website","url":"https:\/\/www.rri.ro\/","name":"RADIO RUMUNIJA INTERNACIONAL","description":"Totul despre Rom\u00e2nia \u015fi rom\u00e2ni, \u00een 13 limbi\/dialecte!","inLanguage":"sr-RS"},{"@type":"Person","@id":"https:\/\/www.rri.ro\/#\/schema\/person\/a3f1370886b657670704847e2f795e3e","name":"Marija Nenadi\u0107-Zurka","url":"https:\/\/www.rri.ro\/sr\/author\/marija-nenadic"}]}},"_links":{"self":[{"href":"https:\/\/www.rri.ro\/sr\/wp-json\/wp\/v2\/posts\/1056585","targetHints":{"allow":["GET"]}}],"collection":[{"href":"https:\/\/www.rri.ro\/sr\/wp-json\/wp\/v2\/posts"}],"about":[{"href":"https:\/\/www.rri.ro\/sr\/wp-json\/wp\/v2\/types\/post"}],"author":[{"embeddable":true,"href":"https:\/\/www.rri.ro\/sr\/wp-json\/wp\/v2\/users\/101"}],"replies":[{"embeddable":true,"href":"https:\/\/www.rri.ro\/sr\/wp-json\/wp\/v2\/comments?post=1056585"}],"version-history":[{"count":1,"href":"https:\/\/www.rri.ro\/sr\/wp-json\/wp\/v2\/posts\/1056585\/revisions"}],"predecessor-version":[{"id":1056586,"href":"https:\/\/www.rri.ro\/sr\/wp-json\/wp\/v2\/posts\/1056585\/revisions\/1056586"}],"wp:featuredmedia":[{"embeddable":true,"href":"https:\/\/www.rri.ro\/sr\/wp-json\/wp\/v2\/media\/723484"}],"wp:attachment":[{"href":"https:\/\/www.rri.ro\/sr\/wp-json\/wp\/v2\/media?parent=1056585"}],"wp:term":[{"taxonomy":"category","embeddable":true,"href":"https:\/\/www.rri.ro\/sr\/wp-json\/wp\/v2\/categories?post=1056585"},{"taxonomy":"post_tag","embeddable":true,"href":"https:\/\/www.rri.ro\/sr\/wp-json\/wp\/v2\/tags?post=1056585"},{"taxonomy":"author","embeddable":true,"href":"https:\/\/www.rri.ro\/sr\/wp-json\/wp\/v2\/coauthors?post=1056585"}],"curies":[{"name":"wp","href":"https:\/\/api.w.org\/{rel}","templated":true}]}}