{"id":516118,"date":"2019-10-19T16:43:00","date_gmt":"2019-10-19T13:43:00","guid":{"rendered":"http:\/\/devrri.freshlemon.ro\/aktuelnosti\/14-10-19-10-2019-id516118.html"},"modified":"2019-10-19T16:43:00","modified_gmt":"2019-10-19T13:43:00","slug":"14-10-19-10-2019","status":"publish","type":"post","link":"https:\/\/www.rri.ro\/sr\/aktuelnosti\/pregled-glavnih-zbivanja-nedelje\/14-10-19-10-2019-id516118.html","title":{"rendered":"14.10-19.10.2019"},"content":{"rendered":"<p>Posle konsultacija sa parlamentarnim strankama i izglasavanja nepoverenja Kabinetu Viorike <span style=font-size: 1em;>Dan\u010dila, predsednik Rumunije Klaus Johanis poverio je lideru Nacionalne liberalne partije (PNL) Ludoviku Orbanu mandat za sastav nove Vlade. Ludovik Orban je vodio razgovore sa reprezentativnim partijama koje su glasale za nepoverenje. Za glasanje poverenja novoj Vladi potrebno je najmanje 233 glasa od ukupno 465. Orban je vodio razgovore sa predstavnicima Alijanse liberala i demokrata (ALDE), Demokratskog saveza Madjara u Rumuniji (UDMR), Pro Rumunije, Partije narodnog pokreta (PMP) i Unije spasite Rumuniju (USR). Poslanici nacionalnih manjina saop\u0161tili su da podr\u017eavaju novi kabinet. Prema svemu sude\u0107i, Rumunija \u0107e imati jednobojnu Vladu sastavljenu isklju\u010divo od predstavnika Liberalne partije. Ludovik Orban ima zadatak da u roku od 10 dana predstavi Parlamentu strukturu i sastav Vlade. Socijaldemokratska partija (PSD) najavila je da ne\u0107e prisustvovati sednici Parlamenta, jer ne \u017eeli da osigura kvorum potreban za formiranje Vlade. 10. oktobra Parlament je izglasao nepoverenje Vladi socijaldemokratske premijerke Viorike Dan\u010dila. Premjerka u ostavci je izjavila da Vlada odlazi sa ispunjenim obavezama i pozvala predsednika dr\u017eave, koga smatra glavnim krivcem za sada\u0161nji <\/span><span style=font-size: 1em;>haos, da bez odlaganja imenuje sposobnu vladu. Nacionalna liberalna partija, inicijator glasanja o nepoverenju, precizira da su Rumuniji potrebni ozbiljni projekti i Vlada koja bi dokazala korektnost. <\/span><span style=font-size: 1em;>Pribli\u017eavanjem predsedni\u010dkih izbora na kojima u\u010destvuju i Klaus Johanis i Viorika Dan\u010dila <\/span><span style=font-size: 1em;>politi\u010dka borba postaje sve o\u0161trija.<\/span><\/p>\n<p>&#13;<br \/>\n&#13;<\/p>\n<p>&#13;<br \/>\n&#13;<\/p>\n<p>Lideri 27 zemalja \u010dlanica Evropske unije usvojili su u \u010detvrtak novi dogovor o Bregzitu i pozvali Evropsku komisiju, Parlament i Savet Evropske unije da preduzmu sve potrebne korake za stupanje dogovora na snagu 1. novembra. Dogovor, izmedju ostalog, predvidja da \u0107e Severna Irska po\u0161tovati odredjene norme jedinstvenog evropskog tr\u017ei\u0161ta, ali da \u0107e se cela carinska zona Velike Britanije odvojiti od komunitarne, kako bi se izbegla mogu\u0107nost ponovnog uspostavljanja <span style=font-size: 1em;>fizi\u010dke granice izmedju Irske i Severne Irske. Britanski premijer Boris D\u017eonson izjavio je da postignuti dogovor predstavlja obostrano koristan sporazum za Evropsku uniju i Ujedinjeno Kraljevstvo i apelovao na britanske parlamentarce da usvoje dogovor. Ako \u0107e britanski Parlament ratifikovati dokument, evropsko zakonodavno telo moglo bi da ga usvoji na plenarnoj sednici <\/span><span style=font-size: 1em;>slede\u0107e nedelje.<\/span><\/p>\n<p>&#13;<br \/>\n&#13;<\/p>\n<p>&#13;<br \/>\n&#13;<\/p>\n<p>Posmrtni ostaci Kraljice majke Elene stigli su u petak u Rumuniju gde \u0107e biti ponovo sahranjeni pored svog sina Kralja Mijhaja, u Kraljevskoj nekropoli u gradu Kurtea de Ardje\u0161. Kraljica Elena, supruga princa Karola II i majka poslednjeg rumunskog suverena, \u017eivela je 34 godine u izgnanstvu u Italiji i \u0160vajcarskoj. Preminula je 1982. godine i sahranjena je u Lozanu. \u010clanica Gr\u010dke Kraljevske porodice, Kraljica Elena udala se za princa Karola od Rumunije 1921. godine, ali sedam godina kasnije se razvela zbog neverstva supruga, budu\u0107eg Kralja Karola II. Kraljica je posebnu <span style=font-size: 1em;>pa\u017enju poklanjala obrazovanju svog sina Mihaja kome je u sedmogodi\u0161njem periodu vladanja bila najbli\u017ea saradnica. Za vreme rata, Kraljica Elena je u vi\u0161e navrata tra\u017eila od generala Jona Antoneskua da olak\u0161a te\u0161ku situaciju jevreja pogodjenih antisemitskom politikom vlade. Memorijal \u201cJad Va\u0161em\u201c dodelio je posmrtno Kraljici Eleni Orden \u201cpravednik medju narodima za posebne zasluge za spasavanje jevreja od eksterminacije. Poslednji suveren Rumunije Kralj Mihaj I <\/span><span style=font-size: 1em;>preminuo je 5. decembra 2017. godine u \u0160vajcarskoj u 96. godini \u017eivota. Bio je poslednji od \u010detvorice suverena iz nema\u010dke porodice Hohencolern- Zinmaringen, koja je na presto Rumunije do\u0161la 1866. godine i dala veliki doprinos formiranju moderne Rumunije.<\/span><\/p>\n<p>&#13;<br \/>\n&#13;<\/p>\n<p>&#13;<br \/>\n&#13;<\/p>\n<p>Konferencija predsednika Evropskog parlamenta sastavljena od lidera parlamentarnih grupa i predsednika Parlamenta potvrdila je biv\u0161u \u0161eficu Nacionalne antikorupcijske direkcije Rumunije (DNA) Lauru Kodrucu Kjove\u0161i na du\u017enost glavnog evropskog tu\u017eioca. Ova odluka je bila <span style=font-size: 1em;>poslednja u formalnom procesu imenovanja, tako da je  Parlament saop\u0161tio da Laura Kjove\u0161i <\/span><span style=font-size: 1em;>mo\u017ee preuzeti sedmogodi\u0161nji mandat \u0161efice Evropskog tu\u017eila\u0161tva. Evropsko tu\u017eilastvo je nezavisno telo odgovorno za istragu i dovodjenje pred sud finansijskih zloupotreba u okviru Evropske unije. <\/span><span style=font-size: 1em;>Uprkos protivljenju socijaldemokratske Vlade Rumunije, Laura Kodruca Kjove\u0161i je postala prva osoba izabrana na ovu dru\u017enost.<\/span><\/p>\n<p>&#13;<br \/>\n&#13;<\/p>\n<p>&#13;<br \/>\n&#13;<\/p>\n<p>Od \u010detvrtka je Mir\u010da D\u017eoana zamenik generalnog sekretara Severoatlanske alijanse, du\u017enost koju je preuzeo od Amerikanke Roz Gotemoler, prve \u017eene imenovane na ovu du\u017enost u 70-togodi\u0161njoj istoriji Alijanse. I mandat Mir\u010de D\u017eoana mo\u017ee se smatrati premijernim, jer je prva osoba iz srednje i isto\u010dne Evrope koja je imenovana za zamenika generalnog sekretara NATO-a. On je osniva\u010d i predsednik Instituta Aspen Rumunija. Prethodno je obavljao du\u017enosti predsednika Senata Rumunije, ministra inostranih poslova i ambasadora Rumunije u Sjedinjenim Ameri\u010dkim Dr\u017eavama.<\/p>\n<p>&#13;<\/p>\n","protected":false},"excerpt":{"rendered":"<p>Posle konsultacija sa parlamentarnim strankama i izglasavanja nepoverenja Kabinetu Viorike Dan\u010dila, predsednik Rumunije Klaus Johanis poverio je lideru Nacionalne liberalne partije (PNL) Ludoviku Orbanu mandat za sastav nove Vlade. Ludovik Orban je vodio razgovore sa reprezentativnim partijama koje su glasale za nepoverenje. Za glasanje poverenja novoj Vladi potrebno je najmanje 233 glasa od ukupno 465. [&hellip;]<\/p>\n","protected":false},"author":46,"featured_media":124654,"comment_status":"closed","ping_status":"closed","sticky":false,"template":"","format":"standard","meta":{"_acf_changed":false,"footnotes":""},"categories":[111680],"tags":[],"coauthors":[],"class_list":["post-516118","post","type-post","status-publish","format-standard","has-post-thumbnail","hentry","category-pregled-glavnih-zbivanja-nedelje"],"acf":[],"yoast_head":"<!-- This site is optimized with the Yoast SEO plugin v27.3 - https:\/\/yoast.com\/product\/yoast-seo-wordpress\/ -->\n<title>14.10-19.10.2019 - RADIO RUMUNIJA INTERNACIONAL<\/title>\n<meta name=\"robots\" content=\"index, follow, max-snippet:-1, max-image-preview:large, max-video-preview:-1\" \/>\n<link rel=\"canonical\" href=\"https:\/\/www.rri.ro\/sr\/aktuelnosti\/pregled-glavnih-zbivanja-nedelje\/14-10-19-10-2019-id516118.html\" \/>\n<meta property=\"og:locale\" content=\"sr_RS\" \/>\n<meta property=\"og:type\" content=\"article\" \/>\n<meta property=\"og:title\" content=\"14.10-19.10.2019 - RADIO RUMUNIJA INTERNACIONAL\" \/>\n<meta property=\"og:description\" content=\"Posle konsultacija sa parlamentarnim strankama i izglasavanja nepoverenja Kabinetu Viorike Dan\u010dila, predsednik Rumunije Klaus Johanis poverio je lideru Nacionalne liberalne partije (PNL) Ludoviku Orbanu mandat za sastav nove Vlade. Ludovik Orban je vodio razgovore sa reprezentativnim partijama koje su glasale za nepoverenje. Za glasanje poverenja novoj Vladi potrebno je najmanje 233 glasa od ukupno 465. [&hellip;]\" \/>\n<meta property=\"og:url\" content=\"https:\/\/www.rri.ro\/sr\/aktuelnosti\/pregled-glavnih-zbivanja-nedelje\/14-10-19-10-2019-id516118.html\" \/>\n<meta property=\"og:site_name\" content=\"RADIO RUMUNIJA INTERNACIONAL\" \/>\n<meta property=\"article:published_time\" content=\"2019-10-19T13:43:00+00:00\" \/>\n<meta property=\"og:image\" content=\"https:\/\/www.rri.ro\/wp-content\/uploads\/2023\/10\/eveniment-top-2019.jpg\" \/>\n\t<meta property=\"og:image:width\" content=\"640\" \/>\n\t<meta property=\"og:image:height\" content=\"480\" \/>\n\t<meta property=\"og:image:type\" content=\"image\/jpeg\" \/>\n<meta name=\"author\" content=\"Leyla Cheamil\" \/>\n<meta name=\"twitter:card\" content=\"summary_large_image\" \/>\n<meta name=\"twitter:label1\" content=\"\u041d\u0430\u043f\u0438\u0441\u0430\u043d\u043e \u043e\u0434\" \/>\n\t<meta name=\"twitter:data1\" content=\"Leyla Cheamil\" \/>\n\t<meta name=\"twitter:label2\" content=\"\u041f\u0440\u043e\u0446\u0435\u045a\u0435\u043d\u043e \u0432\u0440\u0435\u043c\u0435 \u0447\u0438\u0442\u0430\u045a\u0430\" \/>\n\t<meta name=\"twitter:data2\" content=\"4 \u043c\u0438\u043d\u0443\u0442\u0430\" \/>\n\t<meta name=\"twitter:label3\" content=\"Written by\" \/>\n\t<meta name=\"twitter:data3\" content=\"Leyla Cheamil\" \/>\n<script type=\"application\/ld+json\" class=\"yoast-schema-graph\">{\"@context\":\"https:\\\/\\\/schema.org\",\"@graph\":[{\"@type\":\"Article\",\"@id\":\"https:\\\/\\\/www.rri.ro\\\/sr\\\/aktuelnosti\\\/pregled-glavnih-zbivanja-nedelje\\\/14-10-19-10-2019-id516118.html#article\",\"isPartOf\":{\"@id\":\"https:\\\/\\\/www.rri.ro\\\/sr\\\/aktuelnosti\\\/pregled-glavnih-zbivanja-nedelje\\\/14-10-19-10-2019-id516118.html\"},\"author\":{\"name\":\"Leyla Cheamil\",\"@id\":\"https:\\\/\\\/www.rri.ro\\\/#\\\/schema\\\/person\\\/e6364ed2d4b6af207a82ca66000d07e0\"},\"headline\":\"14.10-19.10.2019\",\"datePublished\":\"2019-10-19T13:43:00+00:00\",\"mainEntityOfPage\":{\"@id\":\"https:\\\/\\\/www.rri.ro\\\/sr\\\/aktuelnosti\\\/pregled-glavnih-zbivanja-nedelje\\\/14-10-19-10-2019-id516118.html\"},\"wordCount\":743,\"image\":{\"@id\":\"https:\\\/\\\/www.rri.ro\\\/sr\\\/aktuelnosti\\\/pregled-glavnih-zbivanja-nedelje\\\/14-10-19-10-2019-id516118.html#primaryimage\"},\"thumbnailUrl\":\"https:\\\/\\\/www.rri.ro\\\/wp-content\\\/uploads\\\/2023\\\/10\\\/eveniment-top-2019.jpg\",\"articleSection\":[\"Pregled glavnih zbivanja nedelje\"],\"inLanguage\":\"sr-RS\"},{\"@type\":\"WebPage\",\"@id\":\"https:\\\/\\\/www.rri.ro\\\/sr\\\/aktuelnosti\\\/pregled-glavnih-zbivanja-nedelje\\\/14-10-19-10-2019-id516118.html\",\"url\":\"https:\\\/\\\/www.rri.ro\\\/sr\\\/aktuelnosti\\\/pregled-glavnih-zbivanja-nedelje\\\/14-10-19-10-2019-id516118.html\",\"name\":\"14.10-19.10.2019 - RADIO RUMUNIJA INTERNACIONAL\",\"isPartOf\":{\"@id\":\"https:\\\/\\\/www.rri.ro\\\/#website\"},\"primaryImageOfPage\":{\"@id\":\"https:\\\/\\\/www.rri.ro\\\/sr\\\/aktuelnosti\\\/pregled-glavnih-zbivanja-nedelje\\\/14-10-19-10-2019-id516118.html#primaryimage\"},\"image\":{\"@id\":\"https:\\\/\\\/www.rri.ro\\\/sr\\\/aktuelnosti\\\/pregled-glavnih-zbivanja-nedelje\\\/14-10-19-10-2019-id516118.html#primaryimage\"},\"thumbnailUrl\":\"https:\\\/\\\/www.rri.ro\\\/wp-content\\\/uploads\\\/2023\\\/10\\\/eveniment-top-2019.jpg\",\"datePublished\":\"2019-10-19T13:43:00+00:00\",\"author\":{\"@id\":\"https:\\\/\\\/www.rri.ro\\\/#\\\/schema\\\/person\\\/e6364ed2d4b6af207a82ca66000d07e0\"},\"breadcrumb\":{\"@id\":\"https:\\\/\\\/www.rri.ro\\\/sr\\\/aktuelnosti\\\/pregled-glavnih-zbivanja-nedelje\\\/14-10-19-10-2019-id516118.html#breadcrumb\"},\"inLanguage\":\"sr-RS\",\"potentialAction\":[{\"@type\":\"ReadAction\",\"target\":[\"https:\\\/\\\/www.rri.ro\\\/sr\\\/aktuelnosti\\\/pregled-glavnih-zbivanja-nedelje\\\/14-10-19-10-2019-id516118.html\"]}]},{\"@type\":\"ImageObject\",\"inLanguage\":\"sr-RS\",\"@id\":\"https:\\\/\\\/www.rri.ro\\\/sr\\\/aktuelnosti\\\/pregled-glavnih-zbivanja-nedelje\\\/14-10-19-10-2019-id516118.html#primaryimage\",\"url\":\"https:\\\/\\\/www.rri.ro\\\/wp-content\\\/uploads\\\/2023\\\/10\\\/eveniment-top-2019.jpg\",\"contentUrl\":\"https:\\\/\\\/www.rri.ro\\\/wp-content\\\/uploads\\\/2023\\\/10\\\/eveniment-top-2019.jpg\",\"width\":640,\"height\":480},{\"@type\":\"BreadcrumbList\",\"@id\":\"https:\\\/\\\/www.rri.ro\\\/sr\\\/aktuelnosti\\\/pregled-glavnih-zbivanja-nedelje\\\/14-10-19-10-2019-id516118.html#breadcrumb\",\"itemListElement\":[{\"@type\":\"ListItem\",\"position\":1,\"name\":\"\u041f\u043e\u0447\u0435\u0442\u043d\u0430 \u0441\u0442\u0440\u0430\u043d\u0438\u0446\u0430\",\"item\":\"https:\\\/\\\/www.rri.ro\\\/sr\"},{\"@type\":\"ListItem\",\"position\":2,\"name\":\"Aktuelnosti\",\"item\":\"https:\\\/\\\/www.rri.ro\\\/sr\\\/aktuelnosti\"},{\"@type\":\"ListItem\",\"position\":3,\"name\":\"Pregled glavnih zbivanja nedelje\",\"item\":\"https:\\\/\\\/www.rri.ro\\\/sr\\\/aktuelnosti\\\/pregled-glavnih-zbivanja-nedelje\"},{\"@type\":\"ListItem\",\"position\":4,\"name\":\"14.10-19.10.2019\"}]},{\"@type\":\"WebSite\",\"@id\":\"https:\\\/\\\/www.rri.ro\\\/#website\",\"url\":\"https:\\\/\\\/www.rri.ro\\\/\",\"name\":\"RADIO RUMUNIJA INTERNACIONAL\",\"description\":\"Totul despre Rom\u00e2nia \u015fi rom\u00e2ni, \u00een 13 limbi\\\/dialecte!\",\"inLanguage\":\"sr-RS\"},{\"@type\":\"Person\",\"@id\":\"https:\\\/\\\/www.rri.ro\\\/#\\\/schema\\\/person\\\/e6364ed2d4b6af207a82ca66000d07e0\",\"name\":\"Leyla Cheamil\",\"url\":\"https:\\\/\\\/www.rri.ro\\\/sr\\\/author\\\/leyla-cheamil\"}]}<\/script>\n<!-- \/ Yoast SEO plugin. -->","yoast_head_json":{"title":"14.10-19.10.2019 - RADIO RUMUNIJA INTERNACIONAL","robots":{"index":"index","follow":"follow","max-snippet":"max-snippet:-1","max-image-preview":"max-image-preview:large","max-video-preview":"max-video-preview:-1"},"canonical":"https:\/\/www.rri.ro\/sr\/aktuelnosti\/pregled-glavnih-zbivanja-nedelje\/14-10-19-10-2019-id516118.html","og_locale":"sr_RS","og_type":"article","og_title":"14.10-19.10.2019 - RADIO RUMUNIJA INTERNACIONAL","og_description":"Posle konsultacija sa parlamentarnim strankama i izglasavanja nepoverenja Kabinetu Viorike Dan\u010dila, predsednik Rumunije Klaus Johanis poverio je lideru Nacionalne liberalne partije (PNL) Ludoviku Orbanu mandat za sastav nove Vlade. Ludovik Orban je vodio razgovore sa reprezentativnim partijama koje su glasale za nepoverenje. Za glasanje poverenja novoj Vladi potrebno je najmanje 233 glasa od ukupno 465. [&hellip;]","og_url":"https:\/\/www.rri.ro\/sr\/aktuelnosti\/pregled-glavnih-zbivanja-nedelje\/14-10-19-10-2019-id516118.html","og_site_name":"RADIO RUMUNIJA INTERNACIONAL","article_published_time":"2019-10-19T13:43:00+00:00","og_image":[{"width":640,"height":480,"url":"https:\/\/www.rri.ro\/wp-content\/uploads\/2023\/10\/eveniment-top-2019.jpg","type":"image\/jpeg"}],"author":"Leyla Cheamil","twitter_card":"summary_large_image","twitter_misc":{"\u041d\u0430\u043f\u0438\u0441\u0430\u043d\u043e \u043e\u0434":"Leyla Cheamil","\u041f\u0440\u043e\u0446\u0435\u045a\u0435\u043d\u043e \u0432\u0440\u0435\u043c\u0435 \u0447\u0438\u0442\u0430\u045a\u0430":"4 \u043c\u0438\u043d\u0443\u0442\u0430","Written by":"Leyla Cheamil"},"schema":{"@context":"https:\/\/schema.org","@graph":[{"@type":"Article","@id":"https:\/\/www.rri.ro\/sr\/aktuelnosti\/pregled-glavnih-zbivanja-nedelje\/14-10-19-10-2019-id516118.html#article","isPartOf":{"@id":"https:\/\/www.rri.ro\/sr\/aktuelnosti\/pregled-glavnih-zbivanja-nedelje\/14-10-19-10-2019-id516118.html"},"author":{"name":"Leyla Cheamil","@id":"https:\/\/www.rri.ro\/#\/schema\/person\/e6364ed2d4b6af207a82ca66000d07e0"},"headline":"14.10-19.10.2019","datePublished":"2019-10-19T13:43:00+00:00","mainEntityOfPage":{"@id":"https:\/\/www.rri.ro\/sr\/aktuelnosti\/pregled-glavnih-zbivanja-nedelje\/14-10-19-10-2019-id516118.html"},"wordCount":743,"image":{"@id":"https:\/\/www.rri.ro\/sr\/aktuelnosti\/pregled-glavnih-zbivanja-nedelje\/14-10-19-10-2019-id516118.html#primaryimage"},"thumbnailUrl":"https:\/\/www.rri.ro\/wp-content\/uploads\/2023\/10\/eveniment-top-2019.jpg","articleSection":["Pregled glavnih zbivanja nedelje"],"inLanguage":"sr-RS"},{"@type":"WebPage","@id":"https:\/\/www.rri.ro\/sr\/aktuelnosti\/pregled-glavnih-zbivanja-nedelje\/14-10-19-10-2019-id516118.html","url":"https:\/\/www.rri.ro\/sr\/aktuelnosti\/pregled-glavnih-zbivanja-nedelje\/14-10-19-10-2019-id516118.html","name":"14.10-19.10.2019 - RADIO RUMUNIJA INTERNACIONAL","isPartOf":{"@id":"https:\/\/www.rri.ro\/#website"},"primaryImageOfPage":{"@id":"https:\/\/www.rri.ro\/sr\/aktuelnosti\/pregled-glavnih-zbivanja-nedelje\/14-10-19-10-2019-id516118.html#primaryimage"},"image":{"@id":"https:\/\/www.rri.ro\/sr\/aktuelnosti\/pregled-glavnih-zbivanja-nedelje\/14-10-19-10-2019-id516118.html#primaryimage"},"thumbnailUrl":"https:\/\/www.rri.ro\/wp-content\/uploads\/2023\/10\/eveniment-top-2019.jpg","datePublished":"2019-10-19T13:43:00+00:00","author":{"@id":"https:\/\/www.rri.ro\/#\/schema\/person\/e6364ed2d4b6af207a82ca66000d07e0"},"breadcrumb":{"@id":"https:\/\/www.rri.ro\/sr\/aktuelnosti\/pregled-glavnih-zbivanja-nedelje\/14-10-19-10-2019-id516118.html#breadcrumb"},"inLanguage":"sr-RS","potentialAction":[{"@type":"ReadAction","target":["https:\/\/www.rri.ro\/sr\/aktuelnosti\/pregled-glavnih-zbivanja-nedelje\/14-10-19-10-2019-id516118.html"]}]},{"@type":"ImageObject","inLanguage":"sr-RS","@id":"https:\/\/www.rri.ro\/sr\/aktuelnosti\/pregled-glavnih-zbivanja-nedelje\/14-10-19-10-2019-id516118.html#primaryimage","url":"https:\/\/www.rri.ro\/wp-content\/uploads\/2023\/10\/eveniment-top-2019.jpg","contentUrl":"https:\/\/www.rri.ro\/wp-content\/uploads\/2023\/10\/eveniment-top-2019.jpg","width":640,"height":480},{"@type":"BreadcrumbList","@id":"https:\/\/www.rri.ro\/sr\/aktuelnosti\/pregled-glavnih-zbivanja-nedelje\/14-10-19-10-2019-id516118.html#breadcrumb","itemListElement":[{"@type":"ListItem","position":1,"name":"\u041f\u043e\u0447\u0435\u0442\u043d\u0430 \u0441\u0442\u0440\u0430\u043d\u0438\u0446\u0430","item":"https:\/\/www.rri.ro\/sr"},{"@type":"ListItem","position":2,"name":"Aktuelnosti","item":"https:\/\/www.rri.ro\/sr\/aktuelnosti"},{"@type":"ListItem","position":3,"name":"Pregled glavnih zbivanja nedelje","item":"https:\/\/www.rri.ro\/sr\/aktuelnosti\/pregled-glavnih-zbivanja-nedelje"},{"@type":"ListItem","position":4,"name":"14.10-19.10.2019"}]},{"@type":"WebSite","@id":"https:\/\/www.rri.ro\/#website","url":"https:\/\/www.rri.ro\/","name":"RADIO RUMUNIJA INTERNACIONAL","description":"Totul despre Rom\u00e2nia \u015fi rom\u00e2ni, \u00een 13 limbi\/dialecte!","inLanguage":"sr-RS"},{"@type":"Person","@id":"https:\/\/www.rri.ro\/#\/schema\/person\/e6364ed2d4b6af207a82ca66000d07e0","name":"Leyla Cheamil","url":"https:\/\/www.rri.ro\/sr\/author\/leyla-cheamil"}]}},"_links":{"self":[{"href":"https:\/\/www.rri.ro\/sr\/wp-json\/wp\/v2\/posts\/516118","targetHints":{"allow":["GET"]}}],"collection":[{"href":"https:\/\/www.rri.ro\/sr\/wp-json\/wp\/v2\/posts"}],"about":[{"href":"https:\/\/www.rri.ro\/sr\/wp-json\/wp\/v2\/types\/post"}],"author":[{"embeddable":true,"href":"https:\/\/www.rri.ro\/sr\/wp-json\/wp\/v2\/users\/46"}],"replies":[{"embeddable":true,"href":"https:\/\/www.rri.ro\/sr\/wp-json\/wp\/v2\/comments?post=516118"}],"version-history":[{"count":0,"href":"https:\/\/www.rri.ro\/sr\/wp-json\/wp\/v2\/posts\/516118\/revisions"}],"wp:featuredmedia":[{"embeddable":true,"href":"https:\/\/www.rri.ro\/sr\/wp-json\/wp\/v2\/media\/124654"}],"wp:attachment":[{"href":"https:\/\/www.rri.ro\/sr\/wp-json\/wp\/v2\/media?parent=516118"}],"wp:term":[{"taxonomy":"category","embeddable":true,"href":"https:\/\/www.rri.ro\/sr\/wp-json\/wp\/v2\/categories?post=516118"},{"taxonomy":"post_tag","embeddable":true,"href":"https:\/\/www.rri.ro\/sr\/wp-json\/wp\/v2\/tags?post=516118"},{"taxonomy":"author","embeddable":true,"href":"https:\/\/www.rri.ro\/sr\/wp-json\/wp\/v2\/coauthors?post=516118"}],"curies":[{"name":"wp","href":"https:\/\/api.w.org\/{rel}","templated":true}]}}