{"id":745435,"date":"2024-04-09T12:25:40","date_gmt":"2024-04-09T09:25:40","guid":{"rendered":"https:\/\/www.rri.ro\/?p=745435"},"modified":"2024-04-10T08:38:09","modified_gmt":"2024-04-10T05:38:09","slug":"drzavna-pomoc-rumunskim-kompanijama-koje-su-pogodjene-ratom-u-ukrajini-10-04-2024","status":"publish","type":"post","link":"https:\/\/www.rri.ro\/sr\/aktuelnosti\/aktuelnosti-sr\/drzavna-pomoc-rumunskim-kompanijama-koje-su-pogodjene-ratom-u-ukrajini-10-04-2024-id745435.html","title":{"rendered":"Dr\u017eavna pomo\u0107 rumunskim kompanijama koje su pogodjene ratom u Ukrajini (09.04.2024)"},"content":{"rendered":"<div>Evropska komisija odobrila je novu \u0161emu dr\u017eavne pomo\u0107i rumunskim kompanija koje su pogodjene ratom u Ukrajini u visini od 2,5 miliardi evra. Pozajmice i nepovretni krediti dodeli\u0107e se rumunskim kompanijama do 30. juna. Podr\u0161kom su obuhva\u0107ene razne kompanije. Poljoprivredne kompanija imaju pravo na pomo\u0107 u visini od 280 000 evra, akvakultura i ribarstvo na najvi\u0161e 335 000 evra, a ostale komponaije na preostali iznos do 2,5 miliona evra. U skladu sa analizom Komisije, zahtev Rumunije uklapa se u krizni i tranzicijski okvir. Rumunska dr\u017eava je na zahtev za odobrenje dostavljen Komisiji prvi put 9. septembra 2022. godine dobila pozitivan odgovor 2023. godine. Posle isteka ovog roka, Komisija je odobrila novu \u0161emu dr\u017eavne pomo\u0107i u cilju obezbeddjivanja dovoljne likvidnosti kompanijama na rumunskomm tr\u017ei\u0161tu. Mera se smatra potrebnom i proporcionalnom za re\u0161avanje nastalih problema u nacionalnoj ekonomiji. Pre nekoliko dana premijer Rumunije Mar\u010del \u010colaku je saop\u0161tio da \u0107e Vlada produ\u017eiti i ove godine \u0161emu dr\u017eavne pomoci (IMM INVEST PLUS) za prevazila\u017eenje ekonomskih problema nastalih ruskom vojnom agresiiom na Ukrajinu. Ovaj kreditni program namenjen je radnom i investicionom kapitalu malih i srednjih preduzeca i vellikih kompanija. Oko 120.500 kompanija u\u017eiva\u0107e pravo na ove fondove.<\/div>\n<div><\/div>\n<div>Program je pokrenut u cilju obezbedjivanja finansiranja kompanija koje ne raspola\u017eu potrebnim sredstvima za investicione projekte i nastavljanje aktivnosti, precizira Ministarstvo za finansije. \u017delimo da budemo uz vitalne sektore, poljoprivredu, gradjevinarstvo, proizvodnju i da pru\u017eamo rumunskom inovativnim kompanijama \u0161ansu da dostignu potencijal, izjavio je resorni ministar Mar\u010del Bolo\u0161.<\/div>\n<div><\/div>\n<div>Evropska unija je uvela sankcije bez presedana Rusiji, usvojila seriju programa podr\u0161ke i dozvolila zemljama \u010dlanicama da dodele subvencije za ubla\u017eavanje ekonomskih i komercijalnih posledica ruske invazije na Ukrajinu u februaru 2022. godine. Naknadno, Evropa se suo\u010davala sa eksplozijom cena i turbulencijama na finansijskom tr\u017ei\u0161tu. Rat je do sada izazvao ogromne ekonomske tro\u0161kove. Nisu pogodjene samo ekonomije zemalja u sukobu, vec i cela planeta . Prema procenama ovaj najskuplji rat u istoriji \u010dove\u010danstva dostaigao je dva ipo triliona dolara i ravan bruto dru\u0161tvenom proizvodu Rumunije u sedam ipo godina. U samo dve godine porema\u0161io je vrednost od 50 odsto tro\u0161kova u Drugom svetskom ratu koji je trajao sest godina.<\/div>\n","protected":false},"excerpt":{"rendered":"<p>Evropska komisija odobrila je novu \u0161emu dr\u017eavne pomo\u0107i rumunskim kompanija koje su pogodjene ratom u Ukrajini u visini od 2,5 miliardi evra. Pozajmice i nepovretni krediti dodeli\u0107e se rumunskim kompanijama do 30. juna. Podr\u0161kom su obuhva\u0107ene razne kompanije. Poljoprivredne kompanija imaju pravo na pomo\u0107 u visini od 280 000 evra, akvakultura i ribarstvo na najvi\u0161e [&hellip;]<\/p>\n","protected":false},"author":106,"featured_media":745315,"comment_status":"closed","ping_status":"closed","sticky":false,"template":"","format":"standard","meta":{"_acf_changed":false,"footnotes":""},"categories":[139553],"tags":[145784,145785,145783],"coauthors":[113311,115863],"class_list":["post-745435","post","type-post","status-publish","format-standard","has-post-thumbnail","hentry","category-aktuelnosti-sr","tag-marcel-bolos-sr","tag-marcel-ciolacu-sr","tag-ministarstvo-za-finansije"],"acf":[],"yoast_head":"<!-- This site is optimized with the Yoast SEO plugin v27.3 - https:\/\/yoast.com\/product\/yoast-seo-wordpress\/ -->\n<title>Dr\u017eavna pomo\u0107 rumunskim kompanijama koje su pogodjene ratom u Ukrajini (09.04.2024) - RADIO RUMUNIJA INTERNACIONAL<\/title>\n<meta name=\"robots\" content=\"index, follow, max-snippet:-1, max-image-preview:large, max-video-preview:-1\" \/>\n<link rel=\"canonical\" href=\"https:\/\/www.rri.ro\/sr\/aktuelnosti\/aktuelnosti-sr\/drzavna-pomoc-rumunskim-kompanijama-koje-su-pogodjene-ratom-u-ukrajini-10-04-2024-id745435.html\" \/>\n<meta property=\"og:locale\" content=\"sr_RS\" \/>\n<meta property=\"og:type\" content=\"article\" \/>\n<meta property=\"og:title\" content=\"Dr\u017eavna pomo\u0107 rumunskim kompanijama koje su pogodjene ratom u Ukrajini (09.04.2024) - RADIO RUMUNIJA INTERNACIONAL\" \/>\n<meta property=\"og:description\" content=\"Evropska komisija odobrila je novu \u0161emu dr\u017eavne pomo\u0107i rumunskim kompanija koje su pogodjene ratom u Ukrajini u visini od 2,5 miliardi evra. Pozajmice i nepovretni krediti dodeli\u0107e se rumunskim kompanijama do 30. juna. Podr\u0161kom su obuhva\u0107ene razne kompanije. Poljoprivredne kompanija imaju pravo na pomo\u0107 u visini od 280 000 evra, akvakultura i ribarstvo na najvi\u0161e [&hellip;]\" \/>\n<meta property=\"og:url\" content=\"https:\/\/www.rri.ro\/sr\/aktuelnosti\/aktuelnosti-sr\/drzavna-pomoc-rumunskim-kompanijama-koje-su-pogodjene-ratom-u-ukrajini-10-04-2024-id745435.html\" \/>\n<meta property=\"og:site_name\" content=\"RADIO RUMUNIJA INTERNACIONAL\" \/>\n<meta property=\"article:published_time\" content=\"2024-04-09T09:25:40+00:00\" \/>\n<meta property=\"article:modified_time\" content=\"2024-04-10T05:38:09+00:00\" \/>\n<meta property=\"og:image\" content=\"https:\/\/www.rri.ro\/wp-content\/uploads\/2024\/04\/Comisia-europeana-sursa-foto-pixabay.png\" \/>\n\t<meta property=\"og:image:width\" content=\"1200\" \/>\n\t<meta property=\"og:image:height\" content=\"724\" \/>\n\t<meta property=\"og:image:type\" content=\"image\/png\" \/>\n<meta name=\"author\" content=\"Mihai Pelin, Mircea Mihai\" \/>\n<meta name=\"twitter:card\" content=\"summary_large_image\" \/>\n<meta name=\"twitter:label1\" content=\"\u041d\u0430\u043f\u0438\u0441\u0430\u043d\u043e \u043e\u0434\" \/>\n\t<meta name=\"twitter:data1\" content=\"Mihai Pelin\" \/>\n\t<meta name=\"twitter:label2\" content=\"\u041f\u0440\u043e\u0446\u0435\u045a\u0435\u043d\u043e \u0432\u0440\u0435\u043c\u0435 \u0447\u0438\u0442\u0430\u045a\u0430\" \/>\n\t<meta name=\"twitter:data2\" content=\"2 \u043c\u0438\u043d\u0443\u0442\u0430\" \/>\n\t<meta name=\"twitter:label3\" content=\"Written by\" \/>\n\t<meta name=\"twitter:data3\" content=\"Mihai Pelin, Mircea Mihai\" \/>\n<script type=\"application\/ld+json\" class=\"yoast-schema-graph\">{\"@context\":\"https:\\\/\\\/schema.org\",\"@graph\":[{\"@type\":\"Article\",\"@id\":\"https:\\\/\\\/www.rri.ro\\\/sr\\\/aktuelnosti\\\/aktuelnosti-sr\\\/drzavna-pomoc-rumunskim-kompanijama-koje-su-pogodjene-ratom-u-ukrajini-10-04-2024-id745435.html#article\",\"isPartOf\":{\"@id\":\"https:\\\/\\\/www.rri.ro\\\/sr\\\/aktuelnosti\\\/aktuelnosti-sr\\\/drzavna-pomoc-rumunskim-kompanijama-koje-su-pogodjene-ratom-u-ukrajini-10-04-2024-id745435.html\"},\"author\":{\"name\":\"Mihai Pelin\",\"@id\":\"https:\\\/\\\/www.rri.ro\\\/#\\\/schema\\\/person\\\/c6036c822534c855dc3aad41a484f05d\"},\"headline\":\"Dr\u017eavna pomo\u0107 rumunskim kompanijama koje su pogodjene ratom u Ukrajini (09.04.2024)\",\"datePublished\":\"2024-04-09T09:25:40+00:00\",\"dateModified\":\"2024-04-10T05:38:09+00:00\",\"mainEntityOfPage\":{\"@id\":\"https:\\\/\\\/www.rri.ro\\\/sr\\\/aktuelnosti\\\/aktuelnosti-sr\\\/drzavna-pomoc-rumunskim-kompanijama-koje-su-pogodjene-ratom-u-ukrajini-10-04-2024-id745435.html\"},\"wordCount\":377,\"image\":{\"@id\":\"https:\\\/\\\/www.rri.ro\\\/sr\\\/aktuelnosti\\\/aktuelnosti-sr\\\/drzavna-pomoc-rumunskim-kompanijama-koje-su-pogodjene-ratom-u-ukrajini-10-04-2024-id745435.html#primaryimage\"},\"thumbnailUrl\":\"https:\\\/\\\/www.rri.ro\\\/wp-content\\\/uploads\\\/2024\\\/04\\\/Comisia-europeana-sursa-foto-pixabay.png\",\"keywords\":[\"Marcel Bolos\",\"Marcel Ciolacu\",\"Ministarstvo za finansije\"],\"articleSection\":[\"Tema dana\"],\"inLanguage\":\"sr-RS\"},{\"@type\":\"WebPage\",\"@id\":\"https:\\\/\\\/www.rri.ro\\\/sr\\\/aktuelnosti\\\/aktuelnosti-sr\\\/drzavna-pomoc-rumunskim-kompanijama-koje-su-pogodjene-ratom-u-ukrajini-10-04-2024-id745435.html\",\"url\":\"https:\\\/\\\/www.rri.ro\\\/sr\\\/aktuelnosti\\\/aktuelnosti-sr\\\/drzavna-pomoc-rumunskim-kompanijama-koje-su-pogodjene-ratom-u-ukrajini-10-04-2024-id745435.html\",\"name\":\"Dr\u017eavna pomo\u0107 rumunskim kompanijama koje su pogodjene ratom u Ukrajini (09.04.2024) - RADIO RUMUNIJA INTERNACIONAL\",\"isPartOf\":{\"@id\":\"https:\\\/\\\/www.rri.ro\\\/#website\"},\"primaryImageOfPage\":{\"@id\":\"https:\\\/\\\/www.rri.ro\\\/sr\\\/aktuelnosti\\\/aktuelnosti-sr\\\/drzavna-pomoc-rumunskim-kompanijama-koje-su-pogodjene-ratom-u-ukrajini-10-04-2024-id745435.html#primaryimage\"},\"image\":{\"@id\":\"https:\\\/\\\/www.rri.ro\\\/sr\\\/aktuelnosti\\\/aktuelnosti-sr\\\/drzavna-pomoc-rumunskim-kompanijama-koje-su-pogodjene-ratom-u-ukrajini-10-04-2024-id745435.html#primaryimage\"},\"thumbnailUrl\":\"https:\\\/\\\/www.rri.ro\\\/wp-content\\\/uploads\\\/2024\\\/04\\\/Comisia-europeana-sursa-foto-pixabay.png\",\"datePublished\":\"2024-04-09T09:25:40+00:00\",\"dateModified\":\"2024-04-10T05:38:09+00:00\",\"author\":{\"@id\":\"https:\\\/\\\/www.rri.ro\\\/#\\\/schema\\\/person\\\/c6036c822534c855dc3aad41a484f05d\"},\"breadcrumb\":{\"@id\":\"https:\\\/\\\/www.rri.ro\\\/sr\\\/aktuelnosti\\\/aktuelnosti-sr\\\/drzavna-pomoc-rumunskim-kompanijama-koje-su-pogodjene-ratom-u-ukrajini-10-04-2024-id745435.html#breadcrumb\"},\"inLanguage\":\"sr-RS\",\"potentialAction\":[{\"@type\":\"ReadAction\",\"target\":[\"https:\\\/\\\/www.rri.ro\\\/sr\\\/aktuelnosti\\\/aktuelnosti-sr\\\/drzavna-pomoc-rumunskim-kompanijama-koje-su-pogodjene-ratom-u-ukrajini-10-04-2024-id745435.html\"]}]},{\"@type\":\"ImageObject\",\"inLanguage\":\"sr-RS\",\"@id\":\"https:\\\/\\\/www.rri.ro\\\/sr\\\/aktuelnosti\\\/aktuelnosti-sr\\\/drzavna-pomoc-rumunskim-kompanijama-koje-su-pogodjene-ratom-u-ukrajini-10-04-2024-id745435.html#primaryimage\",\"url\":\"https:\\\/\\\/www.rri.ro\\\/wp-content\\\/uploads\\\/2024\\\/04\\\/Comisia-europeana-sursa-foto-pixabay.png\",\"contentUrl\":\"https:\\\/\\\/www.rri.ro\\\/wp-content\\\/uploads\\\/2024\\\/04\\\/Comisia-europeana-sursa-foto-pixabay.png\",\"width\":1200,\"height\":724,\"caption\":\"Comisia europeana sursa foto pixabay\"},{\"@type\":\"BreadcrumbList\",\"@id\":\"https:\\\/\\\/www.rri.ro\\\/sr\\\/aktuelnosti\\\/aktuelnosti-sr\\\/drzavna-pomoc-rumunskim-kompanijama-koje-su-pogodjene-ratom-u-ukrajini-10-04-2024-id745435.html#breadcrumb\",\"itemListElement\":[{\"@type\":\"ListItem\",\"position\":1,\"name\":\"\u041f\u043e\u0447\u0435\u0442\u043d\u0430 \u0441\u0442\u0440\u0430\u043d\u0438\u0446\u0430\",\"item\":\"https:\\\/\\\/www.rri.ro\\\/sr\"},{\"@type\":\"ListItem\",\"position\":2,\"name\":\"Aktuelnosti\",\"item\":\"https:\\\/\\\/www.rri.ro\\\/sr\\\/aktuelnosti\"},{\"@type\":\"ListItem\",\"position\":3,\"name\":\"Tema dana\",\"item\":\"https:\\\/\\\/www.rri.ro\\\/sr\\\/aktuelnosti\\\/aktuelnosti-sr\"},{\"@type\":\"ListItem\",\"position\":4,\"name\":\"Dr\u017eavna pomo\u0107 rumunskim kompanijama koje su pogodjene ratom u Ukrajini (09.04.2024)\"}]},{\"@type\":\"WebSite\",\"@id\":\"https:\\\/\\\/www.rri.ro\\\/#website\",\"url\":\"https:\\\/\\\/www.rri.ro\\\/\",\"name\":\"RADIO RUMUNIJA INTERNACIONAL\",\"description\":\"Totul despre Rom\u00e2nia \u015fi rom\u00e2ni, \u00een 13 limbi\\\/dialecte!\",\"inLanguage\":\"sr-RS\"},{\"@type\":\"Person\",\"@id\":\"https:\\\/\\\/www.rri.ro\\\/#\\\/schema\\\/person\\\/c6036c822534c855dc3aad41a484f05d\",\"name\":\"Mihai Pelin\",\"url\":\"https:\\\/\\\/www.rri.ro\\\/sr\\\/author\\\/mihai-pelin\"}]}<\/script>\n<!-- \/ Yoast SEO plugin. -->","yoast_head_json":{"title":"Dr\u017eavna pomo\u0107 rumunskim kompanijama koje su pogodjene ratom u Ukrajini (09.04.2024) - RADIO RUMUNIJA INTERNACIONAL","robots":{"index":"index","follow":"follow","max-snippet":"max-snippet:-1","max-image-preview":"max-image-preview:large","max-video-preview":"max-video-preview:-1"},"canonical":"https:\/\/www.rri.ro\/sr\/aktuelnosti\/aktuelnosti-sr\/drzavna-pomoc-rumunskim-kompanijama-koje-su-pogodjene-ratom-u-ukrajini-10-04-2024-id745435.html","og_locale":"sr_RS","og_type":"article","og_title":"Dr\u017eavna pomo\u0107 rumunskim kompanijama koje su pogodjene ratom u Ukrajini (09.04.2024) - RADIO RUMUNIJA INTERNACIONAL","og_description":"Evropska komisija odobrila je novu \u0161emu dr\u017eavne pomo\u0107i rumunskim kompanija koje su pogodjene ratom u Ukrajini u visini od 2,5 miliardi evra. Pozajmice i nepovretni krediti dodeli\u0107e se rumunskim kompanijama do 30. juna. Podr\u0161kom su obuhva\u0107ene razne kompanije. Poljoprivredne kompanija imaju pravo na pomo\u0107 u visini od 280 000 evra, akvakultura i ribarstvo na najvi\u0161e [&hellip;]","og_url":"https:\/\/www.rri.ro\/sr\/aktuelnosti\/aktuelnosti-sr\/drzavna-pomoc-rumunskim-kompanijama-koje-su-pogodjene-ratom-u-ukrajini-10-04-2024-id745435.html","og_site_name":"RADIO RUMUNIJA INTERNACIONAL","article_published_time":"2024-04-09T09:25:40+00:00","article_modified_time":"2024-04-10T05:38:09+00:00","og_image":[{"width":1200,"height":724,"url":"https:\/\/www.rri.ro\/wp-content\/uploads\/2024\/04\/Comisia-europeana-sursa-foto-pixabay.png","type":"image\/png"}],"author":"Mihai Pelin, Mircea Mihai","twitter_card":"summary_large_image","twitter_misc":{"\u041d\u0430\u043f\u0438\u0441\u0430\u043d\u043e \u043e\u0434":"Mihai Pelin","\u041f\u0440\u043e\u0446\u0435\u045a\u0435\u043d\u043e \u0432\u0440\u0435\u043c\u0435 \u0447\u0438\u0442\u0430\u045a\u0430":"2 \u043c\u0438\u043d\u0443\u0442\u0430","Written by":"Mihai Pelin, Mircea Mihai"},"schema":{"@context":"https:\/\/schema.org","@graph":[{"@type":"Article","@id":"https:\/\/www.rri.ro\/sr\/aktuelnosti\/aktuelnosti-sr\/drzavna-pomoc-rumunskim-kompanijama-koje-su-pogodjene-ratom-u-ukrajini-10-04-2024-id745435.html#article","isPartOf":{"@id":"https:\/\/www.rri.ro\/sr\/aktuelnosti\/aktuelnosti-sr\/drzavna-pomoc-rumunskim-kompanijama-koje-su-pogodjene-ratom-u-ukrajini-10-04-2024-id745435.html"},"author":{"name":"Mihai Pelin","@id":"https:\/\/www.rri.ro\/#\/schema\/person\/c6036c822534c855dc3aad41a484f05d"},"headline":"Dr\u017eavna pomo\u0107 rumunskim kompanijama koje su pogodjene ratom u Ukrajini (09.04.2024)","datePublished":"2024-04-09T09:25:40+00:00","dateModified":"2024-04-10T05:38:09+00:00","mainEntityOfPage":{"@id":"https:\/\/www.rri.ro\/sr\/aktuelnosti\/aktuelnosti-sr\/drzavna-pomoc-rumunskim-kompanijama-koje-su-pogodjene-ratom-u-ukrajini-10-04-2024-id745435.html"},"wordCount":377,"image":{"@id":"https:\/\/www.rri.ro\/sr\/aktuelnosti\/aktuelnosti-sr\/drzavna-pomoc-rumunskim-kompanijama-koje-su-pogodjene-ratom-u-ukrajini-10-04-2024-id745435.html#primaryimage"},"thumbnailUrl":"https:\/\/www.rri.ro\/wp-content\/uploads\/2024\/04\/Comisia-europeana-sursa-foto-pixabay.png","keywords":["Marcel Bolos","Marcel Ciolacu","Ministarstvo za finansije"],"articleSection":["Tema dana"],"inLanguage":"sr-RS"},{"@type":"WebPage","@id":"https:\/\/www.rri.ro\/sr\/aktuelnosti\/aktuelnosti-sr\/drzavna-pomoc-rumunskim-kompanijama-koje-su-pogodjene-ratom-u-ukrajini-10-04-2024-id745435.html","url":"https:\/\/www.rri.ro\/sr\/aktuelnosti\/aktuelnosti-sr\/drzavna-pomoc-rumunskim-kompanijama-koje-su-pogodjene-ratom-u-ukrajini-10-04-2024-id745435.html","name":"Dr\u017eavna pomo\u0107 rumunskim kompanijama koje su pogodjene ratom u Ukrajini (09.04.2024) - RADIO RUMUNIJA INTERNACIONAL","isPartOf":{"@id":"https:\/\/www.rri.ro\/#website"},"primaryImageOfPage":{"@id":"https:\/\/www.rri.ro\/sr\/aktuelnosti\/aktuelnosti-sr\/drzavna-pomoc-rumunskim-kompanijama-koje-su-pogodjene-ratom-u-ukrajini-10-04-2024-id745435.html#primaryimage"},"image":{"@id":"https:\/\/www.rri.ro\/sr\/aktuelnosti\/aktuelnosti-sr\/drzavna-pomoc-rumunskim-kompanijama-koje-su-pogodjene-ratom-u-ukrajini-10-04-2024-id745435.html#primaryimage"},"thumbnailUrl":"https:\/\/www.rri.ro\/wp-content\/uploads\/2024\/04\/Comisia-europeana-sursa-foto-pixabay.png","datePublished":"2024-04-09T09:25:40+00:00","dateModified":"2024-04-10T05:38:09+00:00","author":{"@id":"https:\/\/www.rri.ro\/#\/schema\/person\/c6036c822534c855dc3aad41a484f05d"},"breadcrumb":{"@id":"https:\/\/www.rri.ro\/sr\/aktuelnosti\/aktuelnosti-sr\/drzavna-pomoc-rumunskim-kompanijama-koje-su-pogodjene-ratom-u-ukrajini-10-04-2024-id745435.html#breadcrumb"},"inLanguage":"sr-RS","potentialAction":[{"@type":"ReadAction","target":["https:\/\/www.rri.ro\/sr\/aktuelnosti\/aktuelnosti-sr\/drzavna-pomoc-rumunskim-kompanijama-koje-su-pogodjene-ratom-u-ukrajini-10-04-2024-id745435.html"]}]},{"@type":"ImageObject","inLanguage":"sr-RS","@id":"https:\/\/www.rri.ro\/sr\/aktuelnosti\/aktuelnosti-sr\/drzavna-pomoc-rumunskim-kompanijama-koje-su-pogodjene-ratom-u-ukrajini-10-04-2024-id745435.html#primaryimage","url":"https:\/\/www.rri.ro\/wp-content\/uploads\/2024\/04\/Comisia-europeana-sursa-foto-pixabay.png","contentUrl":"https:\/\/www.rri.ro\/wp-content\/uploads\/2024\/04\/Comisia-europeana-sursa-foto-pixabay.png","width":1200,"height":724,"caption":"Comisia europeana sursa foto pixabay"},{"@type":"BreadcrumbList","@id":"https:\/\/www.rri.ro\/sr\/aktuelnosti\/aktuelnosti-sr\/drzavna-pomoc-rumunskim-kompanijama-koje-su-pogodjene-ratom-u-ukrajini-10-04-2024-id745435.html#breadcrumb","itemListElement":[{"@type":"ListItem","position":1,"name":"\u041f\u043e\u0447\u0435\u0442\u043d\u0430 \u0441\u0442\u0440\u0430\u043d\u0438\u0446\u0430","item":"https:\/\/www.rri.ro\/sr"},{"@type":"ListItem","position":2,"name":"Aktuelnosti","item":"https:\/\/www.rri.ro\/sr\/aktuelnosti"},{"@type":"ListItem","position":3,"name":"Tema dana","item":"https:\/\/www.rri.ro\/sr\/aktuelnosti\/aktuelnosti-sr"},{"@type":"ListItem","position":4,"name":"Dr\u017eavna pomo\u0107 rumunskim kompanijama koje su pogodjene ratom u Ukrajini (09.04.2024)"}]},{"@type":"WebSite","@id":"https:\/\/www.rri.ro\/#website","url":"https:\/\/www.rri.ro\/","name":"RADIO RUMUNIJA INTERNACIONAL","description":"Totul despre Rom\u00e2nia \u015fi rom\u00e2ni, \u00een 13 limbi\/dialecte!","inLanguage":"sr-RS"},{"@type":"Person","@id":"https:\/\/www.rri.ro\/#\/schema\/person\/c6036c822534c855dc3aad41a484f05d","name":"Mihai Pelin","url":"https:\/\/www.rri.ro\/sr\/author\/mihai-pelin"}]}},"_links":{"self":[{"href":"https:\/\/www.rri.ro\/sr\/wp-json\/wp\/v2\/posts\/745435","targetHints":{"allow":["GET"]}}],"collection":[{"href":"https:\/\/www.rri.ro\/sr\/wp-json\/wp\/v2\/posts"}],"about":[{"href":"https:\/\/www.rri.ro\/sr\/wp-json\/wp\/v2\/types\/post"}],"author":[{"embeddable":true,"href":"https:\/\/www.rri.ro\/sr\/wp-json\/wp\/v2\/users\/106"}],"replies":[{"embeddable":true,"href":"https:\/\/www.rri.ro\/sr\/wp-json\/wp\/v2\/comments?post=745435"}],"version-history":[{"count":0,"href":"https:\/\/www.rri.ro\/sr\/wp-json\/wp\/v2\/posts\/745435\/revisions"}],"wp:featuredmedia":[{"embeddable":true,"href":"https:\/\/www.rri.ro\/sr\/wp-json\/wp\/v2\/media\/745315"}],"wp:attachment":[{"href":"https:\/\/www.rri.ro\/sr\/wp-json\/wp\/v2\/media?parent=745435"}],"wp:term":[{"taxonomy":"category","embeddable":true,"href":"https:\/\/www.rri.ro\/sr\/wp-json\/wp\/v2\/categories?post=745435"},{"taxonomy":"post_tag","embeddable":true,"href":"https:\/\/www.rri.ro\/sr\/wp-json\/wp\/v2\/tags?post=745435"},{"taxonomy":"author","embeddable":true,"href":"https:\/\/www.rri.ro\/sr\/wp-json\/wp\/v2\/coauthors?post=745435"}],"curies":[{"name":"wp","href":"https:\/\/api.w.org\/{rel}","templated":true}]}}