{"id":781657,"date":"2024-06-19T18:12:41","date_gmt":"2024-06-19T15:12:41","guid":{"rendered":"https:\/\/www.rri.ro\/?p=781657"},"modified":"2024-06-19T19:33:57","modified_gmt":"2024-06-19T16:33:57","slug":"vesti-19-06-2024","status":"publish","type":"post","link":"https:\/\/www.rri.ro\/sr\/aktuelnosti\/vesti\/vesti-19-06-2024-id781657.html","title":{"rendered":"Vesti \u2013 19.06.2024"},"content":{"rendered":"<p>Predsednik Rumunije Klaus Johanis primio je u sredu svog italijanskog kolegu Ser\u0111a Matarelu povodom zvani\u010dne posete Bukure\u0161tu. Imamo duboke veze, izuzetnu ekonomsku dinamiku, a du\u0161a odnosa su rumunske zajednice u Italiji, veoma dobro integrisane, rekao je Johanis. Istovremeno, \u0161ef dr\u017eave je izrazio zahvalnost za solidnu zajednicu italijanskih preduzetnika u Rumuniji. On je precizirao da su dve zemlje pro\u0161le godine imale bilateralnu razmenu od 20 milijardi evra. U pogledu bezbednosti, Klaus Johanis je naveo da c\u0301e Rumunija i Italija nastaviti da rade zajedno na ja\u010danju uloge NATO-a u odvrac\u0301anju na isto\u010dnom frontu, ali i na ju\u017enom. Sa svoje strane, predsednik Matarela je izjavio da su bilateralni odnosi odli\u010dni na svim nivoima. Rumunija je izuzetno va\u017ean bilateralni, evropski i me\u0111unarodni partner Italije i \u017eelimo da ta zemlja u\u0111e u \u0161engenski prostor slobodnog kretanja i sa kopnenm granicama, rekao je italijanski predsednik. Rumunija i Italija 2024. godine obele\u017eavaju 145 godina od uspostavljanja diplomatskih odnosa, kao i 60 godina od podizanja ovog odnosa na nivo ambasade.<\/p>\n<p>Rumunija c\u0301e od jula do decembra 2024. godine preuzeti komandu NATO-ove pomorske grupe za borbu protiv mina, koja c\u0301e obavljati specifi\u010dne misije u mediteranskom basenu, saop\u0161tile su danas rumunske pomorske snage. Rumunija c\u0301e u ovoj grupaciji u\u010destvovati sa brodom \u201eViceadmiral Konstantin Balesku\u201c, koji ima posadu od 85 rumunskih i stranih vojnika. U pomorskoj grupi bic\u0301e i vojni brodovi iz Italije, \u0160panije i Turske. Glavni ciljevi Savezni\u010dke pomorske komande NATO-a kroz ovu misiju su obezbe\u0111ivanje kapaciteta za trenutno reagovanje Severnoatlantske alijanse, povec\u0301anje interoperabilnosti izme\u0111u savezni\u010dkih pomorskih snaga, kao i promovisanje silke NATO-a, navodi se u saop\u0161tenju.<\/p>\n<p>Kona\u010dne rezultate izbora za Evropski parlament objavio je Centralni izborni biro i objavio ih u Slu\u017ebenom glasniku Rumunije. Na prvom mestu je koalicija Socijaldemokratske stranke i Nacionalne liberalne partije (PSD-PNL) sa 48,5% glasova, zatim Alijansa za Ujedinjenje Rumuna (AUR) sa ne\u0161to manje od 15%, Ujedinjena desnica sa 8,7%, Demokratski savez Ma\u0111ara iz Rumunije sa skoro 6,5% i stranka SOS Rumunija sa ne\u0161to preko potrebnog praga od 5%. Za nezavisnog kandidata Nikolaja \u0160tefanuka glasalo je 3,08% Rumuna i uspeo je da dobije jo\u0161 jedan mandat u Evropskom parlamentu. Izlaznost na birali\u0161ta bila je 52,4%. Centralni izborni biro je precizirao da je od 33 poslani\u010dka mandata koja su oti\u0161la Rumuniji, 19 pripalo koaliciji Socijaldemokratske stranke i Nacionalne liberalne partije (PSD-PNL), 6 Alijansi za Ujedinjenje Rumuna (AUR), 3 Ujedinjenoj desnici i po 2 SOS Rumuniji i Demokratskom savezu Ma\u0111ara iz Rumunije.<\/p>\n<p>Senat Bukure\u0161ta usvojio je, kako prvo vec\u0301e, projekat dopune Zakona o dr\u017eavljanstvu, koji je pokrenula Vlada, a kojim se utvr\u0111uje da se rumunsko dr\u017eavljanstvo mo\u017ee, na zahtev, dodeliti strancu koji je u braku i \u017eivi van granica sa dr\u017eavljaninom Rumunije, najmanje 10 godina. Va\u017eec\u0301a zakonska regulativa predvi\u0111a da strani dr\u017eavljanin koji je u braku sa Rumunom za dobijanje dr\u017eavljanstva mora da \u017eivi u Rumuniji najmanje pet godina, \u0161to, po mi\u0161ljenju inicijatora, predstavlja \u201ebarijeru\u201c. Normativni akt tako\u0111e predvi\u0111a neophodne mere za sticanje rumunskog dr\u017eavljanstva i pravila za spre\u010davanje njegovog la\u017enog sticanja. Tako su obezbe\u0111ene biometrijske provere za lica koja podnesu zahtev za dobijanje rumunskog dr\u017eavljanstva. Nacrt zakona c\u0301e uc\u0301i u raspravu u Poslani\u010dki dom, koji ima odlu\u010duju\u0107u ulogu.<\/p>\n<p>Premijer Mar\u010del \u010colaku je u zvani\u010dnoj poseti Minhenu u ponedeljak i utorak razgovarao sa bavarskim kolegom Markusom Soderom o punom pristupanju Rumunije \u0160engenu, o odbrani i bezbednosti i o bilateralnim odnosima. On je pozvao bavarske kompanije da ula\u017eu u Rumuniju i uputio poziv onima koji \u017eele da posete na\u0161u zemlju. Dve strane su u\u010destvovale na zajedni\u010dkom sastanku rumunske i bavarske vlade i imale sastanak sa predstavnicima rumunske zajednice u regionu.<\/p>\n<p>Rumunska ministarka spoljnih poslova Luminica Odobesku boravic\u0301e u radnoj poseti Sjedinjenim Ameri\u010dkim Dr\u017eavama od 20. do 21. juna, saop\u0161teno je danas u Bukure\u0161tu. Ovom prilikom imac\u0301e bilateralne politi\u010dke konsultacije sa ameri\u010dkim dr\u017eavnim sekretarom Antonijem Blinkenom, sastanke sa predstavnicima Saveta za nacionalnu bezbednost, liderima javnog mnjenja i ameri\u010dkim think-tank-ovima. Istovremeno, \u0161efica diplomatije iz Bukure\u0161ta u\u010destvovac\u0301e na otvaranju Ekonomskog foruma Rumunija- Sjedinjene Ameri\u010dke Dr\u017eave, gde c\u0301e, kao govornik na otvaranju, istac\u0301i potencijale za razvoj ekonomskih odnosa Rumunije i Sjedinjenih Ameri\u010dkih Dr\u017eava, uklju\u010dujuc\u0301i i kroz bilateralnu saradnju u oblasti energetike i rekonstrukcije Ukrajine. Organizovana u kontekstu 20. godi\u0161njice pristupanja Rumunije NATO-u, poseta c\u0301e pru\u017eiti priliku da se sagleda napredak postignut u bilateralnim odnosima, u saradnji na ja\u010danju evroatlantske bezbednosti, sa akcentom na region Crnog mora i na utvr\u0111ivanje na\u010dina za ja\u010danje strate\u0161kog partnerstva Rumunije i Sjedinjenih Ameri\u010dkih Dr\u017eava.<\/p>\n<p>Rumunski ministar nacionalne odbrane An\u0111el Tilvar imao je danas u Bukure\u0161tu radni sastanak sa svojim ju\u017enokorejskim kolegom Von-sik \u0160inom, koji boravi u zvani\u010dnoj poseti Rumuniji. Dnevni red bilateralnih razgovora odnosio se na pitanja me\u0111unarodne bezbednosne situacije i perspektive bilateralne saradnje u oblasti odbrane izme\u0111u dve dr\u017eave, a povodom potpisivanja, u aprilu, u Seulu, Sporazuma izme\u0111u Vlade Rumunije i Vlade Republike Koreje o saradnji u oblasti odbrane. Tokom razgovora, rumunski ministar odbrane je predstavio glavne pretnje i rizike iz regiona Crnog mora i Zapadnog Balkana u kontekstu agresorskog rata Ruske Federacije protiv Ukrajine. Istovremeno, rumunski zvani\u010dnik je istakao podr\u0161ku Rumunije Ukrajini. Dvojica ministara odbrane polo\u017eili su vence na Grob Neznanog junaka u Bukure\u0161tu.<\/p>\n<p>Rumunija se suo\u010dava sa velikim makroekonomskim neravnote\u017eama i jedina je dr\u017eava u Evropskoj uniji sa prekomernim i rastuc\u0301im bud\u017eetskim deficitom. A inflacija je najvec\u0301a u Evropskoj uniji. Evropska izvr\u0161na vlast objavila je u sredu preporuke za zemlje \u010dlanice, javlja dopisnik Radija Rumunija iz Brisela. Za Rumuniju, Komisija najavljuje da c\u0301e na jesen pripremiti mapu puta za prilago\u0111avanja. Preporu\u010duje se ja\u010danje fiskalnih politika, smanjenje deficita i ubrzanje implementacije Nacionalnog plana za oporavak i otpornost i planova kohezione politike. \u201eUtvrdio sam da nije preduzeo efikasne mere. Deficit je daleko iznad ciljeva, dok je fiskalni napor bio ispod preporuka, i to uprkos odr\u017eivom ekonomskom rastu\u201c, rekao je potpredsednik Evropske komisije Valdis Dombrovskis. Komisija c\u0301e predlo\u017eiti Savetu otvaranje procedura za prekomerni bud\u017eetski deficit za jo\u0161 sedam dr\u017eava \u010dlanica.<\/p>\n","protected":false},"excerpt":{"rendered":"<p>Predsednik Rumunije Klaus Johanis primio je u sredu svog italijanskog kolegu Ser\u0111a Matarelu povodom zvani\u010dne posete Bukure\u0161tu. Imamo duboke veze, izuzetnu ekonomsku dinamiku, a du\u0161a odnosa su rumunske zajednice u Italiji, veoma dobro integrisane, rekao je Johanis. Istovremeno, \u0161ef dr\u017eave je izrazio zahvalnost za solidnu zajednicu italijanskih preduzetnika u Rumuniji. On je precizirao da su [&hellip;]<\/p>\n","protected":false},"author":101,"featured_media":723484,"comment_status":"closed","ping_status":"closed","sticky":false,"template":"","format":"standard","meta":{"_acf_changed":false,"footnotes":""},"categories":[105434],"tags":[146267,145618,145493,149924,149923],"coauthors":[113245,116091],"class_list":["post-781657","post","type-post","status-publish","format-standard","has-post-thumbnail","hentry","category-vesti","tag-evroparlamentarni-izbori","tag-klaus-johanis","tag-nato-sr","tag-rumunsko-drzavljanstvo","tag-serdo-matarela"],"acf":[],"yoast_head":"<!-- This site is optimized with the Yoast SEO plugin v27.3 - https:\/\/yoast.com\/product\/yoast-seo-wordpress\/ -->\n<title>Vesti \u2013 19.06.2024 - RADIO RUMUNIJA INTERNACIONAL<\/title>\n<meta name=\"robots\" content=\"index, follow, max-snippet:-1, max-image-preview:large, max-video-preview:-1\" \/>\n<link rel=\"canonical\" href=\"https:\/\/www.rri.ro\/sr\/aktuelnosti\/vesti\/vesti-19-06-2024-id781657.html\" \/>\n<meta property=\"og:locale\" content=\"sr_RS\" \/>\n<meta property=\"og:type\" content=\"article\" \/>\n<meta property=\"og:title\" content=\"Vesti \u2013 19.06.2024 - RADIO RUMUNIJA INTERNACIONAL\" \/>\n<meta property=\"og:description\" content=\"Predsednik Rumunije Klaus Johanis primio je u sredu svog italijanskog kolegu Ser\u0111a Matarelu povodom zvani\u010dne posete Bukure\u0161tu. Imamo duboke veze, izuzetnu ekonomsku dinamiku, a du\u0161a odnosa su rumunske zajednice u Italiji, veoma dobro integrisane, rekao je Johanis. Istovremeno, \u0161ef dr\u017eave je izrazio zahvalnost za solidnu zajednicu italijanskih preduzetnika u Rumuniji. On je precizirao da su [&hellip;]\" \/>\n<meta property=\"og:url\" content=\"https:\/\/www.rri.ro\/sr\/aktuelnosti\/vesti\/vesti-19-06-2024-id781657.html\" \/>\n<meta property=\"og:site_name\" content=\"RADIO RUMUNIJA INTERNACIONAL\" \/>\n<meta property=\"article:published_time\" content=\"2024-06-19T15:12:41+00:00\" \/>\n<meta property=\"article:modified_time\" content=\"2024-06-19T16:33:57+00:00\" \/>\n<meta property=\"og:image\" content=\"https:\/\/www.rri.ro\/wp-content\/uploads\/2024\/03\/RRI-960x540-Vesti-1-NOU.jpg\" \/>\n\t<meta property=\"og:image:width\" content=\"960\" \/>\n\t<meta property=\"og:image:height\" content=\"540\" \/>\n\t<meta property=\"og:image:type\" content=\"image\/jpeg\" \/>\n<meta name=\"author\" content=\"Marija Nenadi\u0107-Zurka, Newsroom\" \/>\n<meta name=\"twitter:card\" content=\"summary_large_image\" \/>\n<meta name=\"twitter:label1\" content=\"\u041d\u0430\u043f\u0438\u0441\u0430\u043d\u043e \u043e\u0434\" \/>\n\t<meta name=\"twitter:data1\" content=\"Marija Nenadi\u0107-Zurka\" \/>\n\t<meta name=\"twitter:label2\" content=\"\u041f\u0440\u043e\u0446\u0435\u045a\u0435\u043d\u043e \u0432\u0440\u0435\u043c\u0435 \u0447\u0438\u0442\u0430\u045a\u0430\" \/>\n\t<meta name=\"twitter:data2\" content=\"5 \u043c\u0438\u043d\u0443\u0442\u0430\" \/>\n\t<meta name=\"twitter:label3\" content=\"Written by\" \/>\n\t<meta name=\"twitter:data3\" content=\"Marija Nenadi\u0107-Zurka, Newsroom\" \/>\n<script type=\"application\/ld+json\" class=\"yoast-schema-graph\">{\"@context\":\"https:\\\/\\\/schema.org\",\"@graph\":[{\"@type\":\"Article\",\"@id\":\"https:\\\/\\\/www.rri.ro\\\/sr\\\/aktuelnosti\\\/vesti\\\/vesti-19-06-2024-id781657.html#article\",\"isPartOf\":{\"@id\":\"https:\\\/\\\/www.rri.ro\\\/sr\\\/aktuelnosti\\\/vesti\\\/vesti-19-06-2024-id781657.html\"},\"author\":{\"name\":\"Marija Nenadi\u0107-Zurka\",\"@id\":\"https:\\\/\\\/www.rri.ro\\\/#\\\/schema\\\/person\\\/a3f1370886b657670704847e2f795e3e\"},\"headline\":\"Vesti \u2013 19.06.2024\",\"datePublished\":\"2024-06-19T15:12:41+00:00\",\"dateModified\":\"2024-06-19T16:33:57+00:00\",\"mainEntityOfPage\":{\"@id\":\"https:\\\/\\\/www.rri.ro\\\/sr\\\/aktuelnosti\\\/vesti\\\/vesti-19-06-2024-id781657.html\"},\"wordCount\":1060,\"image\":{\"@id\":\"https:\\\/\\\/www.rri.ro\\\/sr\\\/aktuelnosti\\\/vesti\\\/vesti-19-06-2024-id781657.html#primaryimage\"},\"thumbnailUrl\":\"https:\\\/\\\/www.rri.ro\\\/wp-content\\\/uploads\\\/2024\\\/03\\\/RRI-960x540-Vesti-1-NOU.jpg\",\"keywords\":[\"Evroparlamentarni izbori\",\"Klaus Johanis\",\"NATO\",\"Rumunsko dr\u017eavljanstvo\",\"Ser\u0111o Matarela\"],\"articleSection\":[\"Vesti\"],\"inLanguage\":\"sr-RS\"},{\"@type\":\"WebPage\",\"@id\":\"https:\\\/\\\/www.rri.ro\\\/sr\\\/aktuelnosti\\\/vesti\\\/vesti-19-06-2024-id781657.html\",\"url\":\"https:\\\/\\\/www.rri.ro\\\/sr\\\/aktuelnosti\\\/vesti\\\/vesti-19-06-2024-id781657.html\",\"name\":\"Vesti \u2013 19.06.2024 - RADIO RUMUNIJA INTERNACIONAL\",\"isPartOf\":{\"@id\":\"https:\\\/\\\/www.rri.ro\\\/#website\"},\"primaryImageOfPage\":{\"@id\":\"https:\\\/\\\/www.rri.ro\\\/sr\\\/aktuelnosti\\\/vesti\\\/vesti-19-06-2024-id781657.html#primaryimage\"},\"image\":{\"@id\":\"https:\\\/\\\/www.rri.ro\\\/sr\\\/aktuelnosti\\\/vesti\\\/vesti-19-06-2024-id781657.html#primaryimage\"},\"thumbnailUrl\":\"https:\\\/\\\/www.rri.ro\\\/wp-content\\\/uploads\\\/2024\\\/03\\\/RRI-960x540-Vesti-1-NOU.jpg\",\"datePublished\":\"2024-06-19T15:12:41+00:00\",\"dateModified\":\"2024-06-19T16:33:57+00:00\",\"author\":{\"@id\":\"https:\\\/\\\/www.rri.ro\\\/#\\\/schema\\\/person\\\/a3f1370886b657670704847e2f795e3e\"},\"breadcrumb\":{\"@id\":\"https:\\\/\\\/www.rri.ro\\\/sr\\\/aktuelnosti\\\/vesti\\\/vesti-19-06-2024-id781657.html#breadcrumb\"},\"inLanguage\":\"sr-RS\",\"potentialAction\":[{\"@type\":\"ReadAction\",\"target\":[\"https:\\\/\\\/www.rri.ro\\\/sr\\\/aktuelnosti\\\/vesti\\\/vesti-19-06-2024-id781657.html\"]}]},{\"@type\":\"ImageObject\",\"inLanguage\":\"sr-RS\",\"@id\":\"https:\\\/\\\/www.rri.ro\\\/sr\\\/aktuelnosti\\\/vesti\\\/vesti-19-06-2024-id781657.html#primaryimage\",\"url\":\"https:\\\/\\\/www.rri.ro\\\/wp-content\\\/uploads\\\/2024\\\/03\\\/RRI-960x540-Vesti-1-NOU.jpg\",\"contentUrl\":\"https:\\\/\\\/www.rri.ro\\\/wp-content\\\/uploads\\\/2024\\\/03\\\/RRI-960x540-Vesti-1-NOU.jpg\",\"width\":960,\"height\":540},{\"@type\":\"BreadcrumbList\",\"@id\":\"https:\\\/\\\/www.rri.ro\\\/sr\\\/aktuelnosti\\\/vesti\\\/vesti-19-06-2024-id781657.html#breadcrumb\",\"itemListElement\":[{\"@type\":\"ListItem\",\"position\":1,\"name\":\"\u041f\u043e\u0447\u0435\u0442\u043d\u0430 \u0441\u0442\u0440\u0430\u043d\u0438\u0446\u0430\",\"item\":\"https:\\\/\\\/www.rri.ro\\\/sr\"},{\"@type\":\"ListItem\",\"position\":2,\"name\":\"Aktuelnosti\",\"item\":\"https:\\\/\\\/www.rri.ro\\\/sr\\\/aktuelnosti\"},{\"@type\":\"ListItem\",\"position\":3,\"name\":\"Vesti\",\"item\":\"https:\\\/\\\/www.rri.ro\\\/sr\\\/aktuelnosti\\\/vesti\"},{\"@type\":\"ListItem\",\"position\":4,\"name\":\"Vesti \u2013 19.06.2024\"}]},{\"@type\":\"WebSite\",\"@id\":\"https:\\\/\\\/www.rri.ro\\\/#website\",\"url\":\"https:\\\/\\\/www.rri.ro\\\/\",\"name\":\"RADIO RUMUNIJA INTERNACIONAL\",\"description\":\"Totul despre Rom\u00e2nia \u015fi rom\u00e2ni, \u00een 13 limbi\\\/dialecte!\",\"inLanguage\":\"sr-RS\"},{\"@type\":\"Person\",\"@id\":\"https:\\\/\\\/www.rri.ro\\\/#\\\/schema\\\/person\\\/a3f1370886b657670704847e2f795e3e\",\"name\":\"Marija Nenadi\u0107-Zurka\",\"url\":\"https:\\\/\\\/www.rri.ro\\\/sr\\\/author\\\/marija-nenadic\"}]}<\/script>\n<!-- \/ Yoast SEO plugin. -->","yoast_head_json":{"title":"Vesti \u2013 19.06.2024 - RADIO RUMUNIJA INTERNACIONAL","robots":{"index":"index","follow":"follow","max-snippet":"max-snippet:-1","max-image-preview":"max-image-preview:large","max-video-preview":"max-video-preview:-1"},"canonical":"https:\/\/www.rri.ro\/sr\/aktuelnosti\/vesti\/vesti-19-06-2024-id781657.html","og_locale":"sr_RS","og_type":"article","og_title":"Vesti \u2013 19.06.2024 - RADIO RUMUNIJA INTERNACIONAL","og_description":"Predsednik Rumunije Klaus Johanis primio je u sredu svog italijanskog kolegu Ser\u0111a Matarelu povodom zvani\u010dne posete Bukure\u0161tu. Imamo duboke veze, izuzetnu ekonomsku dinamiku, a du\u0161a odnosa su rumunske zajednice u Italiji, veoma dobro integrisane, rekao je Johanis. Istovremeno, \u0161ef dr\u017eave je izrazio zahvalnost za solidnu zajednicu italijanskih preduzetnika u Rumuniji. On je precizirao da su [&hellip;]","og_url":"https:\/\/www.rri.ro\/sr\/aktuelnosti\/vesti\/vesti-19-06-2024-id781657.html","og_site_name":"RADIO RUMUNIJA INTERNACIONAL","article_published_time":"2024-06-19T15:12:41+00:00","article_modified_time":"2024-06-19T16:33:57+00:00","og_image":[{"width":960,"height":540,"url":"https:\/\/www.rri.ro\/wp-content\/uploads\/2024\/03\/RRI-960x540-Vesti-1-NOU.jpg","type":"image\/jpeg"}],"author":"Marija Nenadi\u0107-Zurka, Newsroom","twitter_card":"summary_large_image","twitter_misc":{"\u041d\u0430\u043f\u0438\u0441\u0430\u043d\u043e \u043e\u0434":"Marija Nenadi\u0107-Zurka","\u041f\u0440\u043e\u0446\u0435\u045a\u0435\u043d\u043e \u0432\u0440\u0435\u043c\u0435 \u0447\u0438\u0442\u0430\u045a\u0430":"5 \u043c\u0438\u043d\u0443\u0442\u0430","Written by":"Marija Nenadi\u0107-Zurka, Newsroom"},"schema":{"@context":"https:\/\/schema.org","@graph":[{"@type":"Article","@id":"https:\/\/www.rri.ro\/sr\/aktuelnosti\/vesti\/vesti-19-06-2024-id781657.html#article","isPartOf":{"@id":"https:\/\/www.rri.ro\/sr\/aktuelnosti\/vesti\/vesti-19-06-2024-id781657.html"},"author":{"name":"Marija Nenadi\u0107-Zurka","@id":"https:\/\/www.rri.ro\/#\/schema\/person\/a3f1370886b657670704847e2f795e3e"},"headline":"Vesti \u2013 19.06.2024","datePublished":"2024-06-19T15:12:41+00:00","dateModified":"2024-06-19T16:33:57+00:00","mainEntityOfPage":{"@id":"https:\/\/www.rri.ro\/sr\/aktuelnosti\/vesti\/vesti-19-06-2024-id781657.html"},"wordCount":1060,"image":{"@id":"https:\/\/www.rri.ro\/sr\/aktuelnosti\/vesti\/vesti-19-06-2024-id781657.html#primaryimage"},"thumbnailUrl":"https:\/\/www.rri.ro\/wp-content\/uploads\/2024\/03\/RRI-960x540-Vesti-1-NOU.jpg","keywords":["Evroparlamentarni izbori","Klaus Johanis","NATO","Rumunsko dr\u017eavljanstvo","Ser\u0111o Matarela"],"articleSection":["Vesti"],"inLanguage":"sr-RS"},{"@type":"WebPage","@id":"https:\/\/www.rri.ro\/sr\/aktuelnosti\/vesti\/vesti-19-06-2024-id781657.html","url":"https:\/\/www.rri.ro\/sr\/aktuelnosti\/vesti\/vesti-19-06-2024-id781657.html","name":"Vesti \u2013 19.06.2024 - RADIO RUMUNIJA INTERNACIONAL","isPartOf":{"@id":"https:\/\/www.rri.ro\/#website"},"primaryImageOfPage":{"@id":"https:\/\/www.rri.ro\/sr\/aktuelnosti\/vesti\/vesti-19-06-2024-id781657.html#primaryimage"},"image":{"@id":"https:\/\/www.rri.ro\/sr\/aktuelnosti\/vesti\/vesti-19-06-2024-id781657.html#primaryimage"},"thumbnailUrl":"https:\/\/www.rri.ro\/wp-content\/uploads\/2024\/03\/RRI-960x540-Vesti-1-NOU.jpg","datePublished":"2024-06-19T15:12:41+00:00","dateModified":"2024-06-19T16:33:57+00:00","author":{"@id":"https:\/\/www.rri.ro\/#\/schema\/person\/a3f1370886b657670704847e2f795e3e"},"breadcrumb":{"@id":"https:\/\/www.rri.ro\/sr\/aktuelnosti\/vesti\/vesti-19-06-2024-id781657.html#breadcrumb"},"inLanguage":"sr-RS","potentialAction":[{"@type":"ReadAction","target":["https:\/\/www.rri.ro\/sr\/aktuelnosti\/vesti\/vesti-19-06-2024-id781657.html"]}]},{"@type":"ImageObject","inLanguage":"sr-RS","@id":"https:\/\/www.rri.ro\/sr\/aktuelnosti\/vesti\/vesti-19-06-2024-id781657.html#primaryimage","url":"https:\/\/www.rri.ro\/wp-content\/uploads\/2024\/03\/RRI-960x540-Vesti-1-NOU.jpg","contentUrl":"https:\/\/www.rri.ro\/wp-content\/uploads\/2024\/03\/RRI-960x540-Vesti-1-NOU.jpg","width":960,"height":540},{"@type":"BreadcrumbList","@id":"https:\/\/www.rri.ro\/sr\/aktuelnosti\/vesti\/vesti-19-06-2024-id781657.html#breadcrumb","itemListElement":[{"@type":"ListItem","position":1,"name":"\u041f\u043e\u0447\u0435\u0442\u043d\u0430 \u0441\u0442\u0440\u0430\u043d\u0438\u0446\u0430","item":"https:\/\/www.rri.ro\/sr"},{"@type":"ListItem","position":2,"name":"Aktuelnosti","item":"https:\/\/www.rri.ro\/sr\/aktuelnosti"},{"@type":"ListItem","position":3,"name":"Vesti","item":"https:\/\/www.rri.ro\/sr\/aktuelnosti\/vesti"},{"@type":"ListItem","position":4,"name":"Vesti \u2013 19.06.2024"}]},{"@type":"WebSite","@id":"https:\/\/www.rri.ro\/#website","url":"https:\/\/www.rri.ro\/","name":"RADIO RUMUNIJA INTERNACIONAL","description":"Totul despre Rom\u00e2nia \u015fi rom\u00e2ni, \u00een 13 limbi\/dialecte!","inLanguage":"sr-RS"},{"@type":"Person","@id":"https:\/\/www.rri.ro\/#\/schema\/person\/a3f1370886b657670704847e2f795e3e","name":"Marija Nenadi\u0107-Zurka","url":"https:\/\/www.rri.ro\/sr\/author\/marija-nenadic"}]}},"_links":{"self":[{"href":"https:\/\/www.rri.ro\/sr\/wp-json\/wp\/v2\/posts\/781657","targetHints":{"allow":["GET"]}}],"collection":[{"href":"https:\/\/www.rri.ro\/sr\/wp-json\/wp\/v2\/posts"}],"about":[{"href":"https:\/\/www.rri.ro\/sr\/wp-json\/wp\/v2\/types\/post"}],"author":[{"embeddable":true,"href":"https:\/\/www.rri.ro\/sr\/wp-json\/wp\/v2\/users\/101"}],"replies":[{"embeddable":true,"href":"https:\/\/www.rri.ro\/sr\/wp-json\/wp\/v2\/comments?post=781657"}],"version-history":[{"count":0,"href":"https:\/\/www.rri.ro\/sr\/wp-json\/wp\/v2\/posts\/781657\/revisions"}],"wp:featuredmedia":[{"embeddable":true,"href":"https:\/\/www.rri.ro\/sr\/wp-json\/wp\/v2\/media\/723484"}],"wp:attachment":[{"href":"https:\/\/www.rri.ro\/sr\/wp-json\/wp\/v2\/media?parent=781657"}],"wp:term":[{"taxonomy":"category","embeddable":true,"href":"https:\/\/www.rri.ro\/sr\/wp-json\/wp\/v2\/categories?post=781657"},{"taxonomy":"post_tag","embeddable":true,"href":"https:\/\/www.rri.ro\/sr\/wp-json\/wp\/v2\/tags?post=781657"},{"taxonomy":"author","embeddable":true,"href":"https:\/\/www.rri.ro\/sr\/wp-json\/wp\/v2\/coauthors?post=781657"}],"curies":[{"name":"wp","href":"https:\/\/api.w.org\/{rel}","templated":true}]}}