{"id":785295,"date":"2024-06-27T17:19:23","date_gmt":"2024-06-27T14:19:23","guid":{"rendered":"https:\/\/www.rri.ro\/?p=785295"},"modified":"2024-06-27T17:20:45","modified_gmt":"2024-06-27T14:20:45","slug":"novi-sef-nato-a","status":"publish","type":"post","link":"https:\/\/www.rri.ro\/sr\/aktuelnosti\/aktuelnosti-sr\/novi-sef-nato-a-id785295.html","title":{"rendered":"Novi \u0161ef NATO-a"},"content":{"rendered":"<p>Holandski premijer Mark Rute bic\u0301e 14. generalni sekretar Severnoatlantskog saveza. On c\u0301e naslediti Norve\u017eanina Jensa Stoltenberga, biv\u0161eg premijera Norve\u0161ke, koji je predvodio Alijansu od 2014. godine. Odluka Severnoatlantskog saveta, glavnog tela NATO-a za dono\u0161enje odluka koje uklju\u010duje predstavnike 32 zemlje \u010dlanice, postala je puka formalnost, nakon \u0161to je poslednji Ruteov protivkandidat, predsednik Rumunije Klaus Johanis najavio povla\u010denje iz trke zbog nedostatka podr\u0161ke. Novi lider Alijanse po\u010dec\u0301e svoj mandat 1. oktobra, ali c\u0301e do tada njegovo imenovanje na \u010delo najva\u017enijeg vojnog saveza na svetu biti ozvani\u010deno na samitu u Va\u0161ingtonu, zakazanom za jul. Ime holandskog premijera kru\u017ei od 2023. godine i brzo je dobilo podr\u0161ku nekoliko saveznika u NATO-u, uklju\u010dujuc\u0301i Sjedinjene Ameri\u010dke Dr\u017eave, Veliku Britaniju, Francusku i Nema\u010dku.<\/p>\n<p>U trci je bila i \u0161efica vlade Estonije Kaja Kalas, podr\u017eana od saveznika sa isto\u010dnog krila, koji su tvrdili da je potrebno da ove dr\u017eave budu bolje zastupljene u organizaciji, u kontekstu rata koji je Rusija zapo\u010dela Ukrajina. Kandidatura Klausa Johanisa i dalje je obavijena velom misterije. Razlozi zbog kojih je rumunski predsednik najavio da \u017eeli ovu funkciju nisu poznati ni sada, s obzirom na to da su Rutea tada vec\u0301 podr\u017eavali va\u017eni saveznici u NATO-u.<\/p>\n<p>Mark Rute je poznat po svom kriti\u010dkom stavu prema Rusiji i po politi\u010dkoj i vojnoj podr\u0161ci Ukrajini. Kraljevina Holandija je jedna od savezni\u010dkih dr\u017eava koja je dostigla cilj od 2% bruto doma\u0107eg proizvoda izdvojenog za odbranu, prema zahtevima organizacije, i snabdevala ukrajinsku vojsku avionima F-16. Sada\u0161nji generalni sekretar Alijanse Jens Stoltenberg pozdravio je imenovanje Marka Rutea za njegovog naslednika. On je rekao da je ovo \u201epravi transatlantik, jak lider i graditelj konsenzusa&#8220;. \u201eZnam da odlazim i ostavljam NATO u dobrim rukama\u201c, istakao je Stoltenberg. Pored rata u Ukrajini, Rute c\u0301e imati zadatak da se obra\u010duna i sa moguc\u0301om buduc\u0301om ameri\u010dkom administracijom na \u010delu sa Donaldom Trampom, sledbenikom politike \u201eAmerika na prvom mestu\u201d, ukoliko se posle predsedni\u010dkih izbora u Sjedinjenim Ameri\u010dkim Dr\u017eavama vrati u Belu kuc\u0301u.<\/p>\n<p>U Kremlju je najava novog \u0161efa NATO-a primljena sa skepsom. Imenovanje Rutea nec\u0301e doneti promene u politici Severnoatlantske alijanse koja ima za cilj \u201estrate\u0161ku represiju\u201d Rusije, izjavio je portparol ruskog predsedni\u0161tva Dmitrij Peskov. On je ponovo optu\u017eio dr\u017eave \u010dlanice da su direktno ume\u0161ane u rat u Ukrajini dajuc\u0301i te\u0161ko oru\u017eje administraciji u Kijevu i upozorio na odmazdu nakon \u0161to je ukrajinska vojska dobila dozvolu da koristi to oru\u017eje protiv ciljeva na ruskom tlu. Istovremeno, Peskov je istakao \u010dinjenicu da Moskva trenutno tretira NATO kao neprijateljski savez.<\/p>\n","protected":false},"excerpt":{"rendered":"<p>Holandski premijer Mark Rute bic\u0301e 14. generalni sekretar Severnoatlantskog saveza. On c\u0301e naslediti Norve\u017eanina Jensa Stoltenberga, biv\u0161eg premijera Norve\u0161ke, koji je predvodio Alijansu od 2014. godine. Odluka Severnoatlantskog saveta, glavnog tela NATO-a za dono\u0161enje odluka koje uklju\u010duje predstavnike 32 zemlje \u010dlanice, postala je puka formalnost, nakon \u0161to je poslednji Ruteov protivkandidat, predsednik Rumunije Klaus Johanis [&hellip;]<\/p>\n","protected":false},"author":101,"featured_media":784837,"comment_status":"closed","ping_status":"closed","sticky":false,"template":"","format":"standard","meta":{"_acf_changed":false,"footnotes":""},"categories":[139553],"tags":[148843,150446,145493],"coauthors":[113245,113323],"class_list":["post-785295","post","type-post","status-publish","format-standard","has-post-thumbnail","hentry","category-aktuelnosti-sr","tag-jens-stoltemberg","tag-mark-rute","tag-nato-sr"],"acf":[],"yoast_head":"<!-- This site is optimized with the Yoast SEO plugin v27.3 - https:\/\/yoast.com\/product\/yoast-seo-wordpress\/ -->\n<title>Novi \u0161ef NATO-a - RADIO RUMUNIJA INTERNACIONAL<\/title>\n<meta name=\"robots\" content=\"index, follow, max-snippet:-1, max-image-preview:large, max-video-preview:-1\" \/>\n<link rel=\"canonical\" href=\"https:\/\/www.rri.ro\/sr\/aktuelnosti\/aktuelnosti-sr\/novi-sef-nato-a-id785295.html\" \/>\n<meta property=\"og:locale\" content=\"sr_RS\" \/>\n<meta property=\"og:type\" content=\"article\" \/>\n<meta property=\"og:title\" content=\"Novi \u0161ef NATO-a - RADIO RUMUNIJA INTERNACIONAL\" \/>\n<meta property=\"og:description\" content=\"Holandski premijer Mark Rute bic\u0301e 14. generalni sekretar Severnoatlantskog saveza. On c\u0301e naslediti Norve\u017eanina Jensa Stoltenberga, biv\u0161eg premijera Norve\u0161ke, koji je predvodio Alijansu od 2014. godine. Odluka Severnoatlantskog saveta, glavnog tela NATO-a za dono\u0161enje odluka koje uklju\u010duje predstavnike 32 zemlje \u010dlanice, postala je puka formalnost, nakon \u0161to je poslednji Ruteov protivkandidat, predsednik Rumunije Klaus Johanis [&hellip;]\" \/>\n<meta property=\"og:url\" content=\"https:\/\/www.rri.ro\/sr\/aktuelnosti\/aktuelnosti-sr\/novi-sef-nato-a-id785295.html\" \/>\n<meta property=\"og:site_name\" content=\"RADIO RUMUNIJA INTERNACIONAL\" \/>\n<meta property=\"article:published_time\" content=\"2024-06-27T14:19:23+00:00\" \/>\n<meta property=\"article:modified_time\" content=\"2024-06-27T14:20:45+00:00\" \/>\n<meta property=\"og:image\" content=\"https:\/\/www.rri.ro\/wp-content\/uploads\/2024\/06\/Mark-Rutte-Jens-Stoltenberg-sursa-foto-nato-int.jpg\" \/>\n\t<meta property=\"og:image:width\" content=\"960\" \/>\n\t<meta property=\"og:image:height\" content=\"546\" \/>\n\t<meta property=\"og:image:type\" content=\"image\/jpeg\" \/>\n<meta name=\"author\" content=\"Marija Nenadi\u0107-Zurka, Sorin Iordan\" \/>\n<meta name=\"twitter:card\" content=\"summary_large_image\" \/>\n<meta name=\"twitter:label1\" content=\"\u041d\u0430\u043f\u0438\u0441\u0430\u043d\u043e \u043e\u0434\" \/>\n\t<meta name=\"twitter:data1\" content=\"Marija Nenadi\u0107-Zurka\" \/>\n\t<meta name=\"twitter:label2\" content=\"\u041f\u0440\u043e\u0446\u0435\u045a\u0435\u043d\u043e \u0432\u0440\u0435\u043c\u0435 \u0447\u0438\u0442\u0430\u045a\u0430\" \/>\n\t<meta name=\"twitter:data2\" content=\"2 \u043c\u0438\u043d\u0443\u0442\u0430\" \/>\n\t<meta name=\"twitter:label3\" content=\"Written by\" \/>\n\t<meta name=\"twitter:data3\" content=\"Marija Nenadi\u0107-Zurka, Sorin Iordan\" \/>\n<script type=\"application\/ld+json\" class=\"yoast-schema-graph\">{\"@context\":\"https:\\\/\\\/schema.org\",\"@graph\":[{\"@type\":\"Article\",\"@id\":\"https:\\\/\\\/www.rri.ro\\\/sr\\\/aktuelnosti\\\/aktuelnosti-sr\\\/novi-sef-nato-a-id785295.html#article\",\"isPartOf\":{\"@id\":\"https:\\\/\\\/www.rri.ro\\\/sr\\\/aktuelnosti\\\/aktuelnosti-sr\\\/novi-sef-nato-a-id785295.html\"},\"author\":{\"name\":\"Marija Nenadi\u0107-Zurka\",\"@id\":\"https:\\\/\\\/www.rri.ro\\\/#\\\/schema\\\/person\\\/a3f1370886b657670704847e2f795e3e\"},\"headline\":\"Novi \u0161ef NATO-a\",\"datePublished\":\"2024-06-27T14:19:23+00:00\",\"dateModified\":\"2024-06-27T14:20:45+00:00\",\"mainEntityOfPage\":{\"@id\":\"https:\\\/\\\/www.rri.ro\\\/sr\\\/aktuelnosti\\\/aktuelnosti-sr\\\/novi-sef-nato-a-id785295.html\"},\"wordCount\":455,\"image\":{\"@id\":\"https:\\\/\\\/www.rri.ro\\\/sr\\\/aktuelnosti\\\/aktuelnosti-sr\\\/novi-sef-nato-a-id785295.html#primaryimage\"},\"thumbnailUrl\":\"https:\\\/\\\/www.rri.ro\\\/wp-content\\\/uploads\\\/2024\\\/06\\\/Mark-Rutte-Jens-Stoltenberg-sursa-foto-nato-int.jpg\",\"keywords\":[\"Jens Stoltemberg\",\"Mark Rute\",\"NATO\"],\"articleSection\":[\"Tema dana\"],\"inLanguage\":\"sr-RS\"},{\"@type\":\"WebPage\",\"@id\":\"https:\\\/\\\/www.rri.ro\\\/sr\\\/aktuelnosti\\\/aktuelnosti-sr\\\/novi-sef-nato-a-id785295.html\",\"url\":\"https:\\\/\\\/www.rri.ro\\\/sr\\\/aktuelnosti\\\/aktuelnosti-sr\\\/novi-sef-nato-a-id785295.html\",\"name\":\"Novi \u0161ef NATO-a - RADIO RUMUNIJA INTERNACIONAL\",\"isPartOf\":{\"@id\":\"https:\\\/\\\/www.rri.ro\\\/#website\"},\"primaryImageOfPage\":{\"@id\":\"https:\\\/\\\/www.rri.ro\\\/sr\\\/aktuelnosti\\\/aktuelnosti-sr\\\/novi-sef-nato-a-id785295.html#primaryimage\"},\"image\":{\"@id\":\"https:\\\/\\\/www.rri.ro\\\/sr\\\/aktuelnosti\\\/aktuelnosti-sr\\\/novi-sef-nato-a-id785295.html#primaryimage\"},\"thumbnailUrl\":\"https:\\\/\\\/www.rri.ro\\\/wp-content\\\/uploads\\\/2024\\\/06\\\/Mark-Rutte-Jens-Stoltenberg-sursa-foto-nato-int.jpg\",\"datePublished\":\"2024-06-27T14:19:23+00:00\",\"dateModified\":\"2024-06-27T14:20:45+00:00\",\"author\":{\"@id\":\"https:\\\/\\\/www.rri.ro\\\/#\\\/schema\\\/person\\\/a3f1370886b657670704847e2f795e3e\"},\"breadcrumb\":{\"@id\":\"https:\\\/\\\/www.rri.ro\\\/sr\\\/aktuelnosti\\\/aktuelnosti-sr\\\/novi-sef-nato-a-id785295.html#breadcrumb\"},\"inLanguage\":\"sr-RS\",\"potentialAction\":[{\"@type\":\"ReadAction\",\"target\":[\"https:\\\/\\\/www.rri.ro\\\/sr\\\/aktuelnosti\\\/aktuelnosti-sr\\\/novi-sef-nato-a-id785295.html\"]}]},{\"@type\":\"ImageObject\",\"inLanguage\":\"sr-RS\",\"@id\":\"https:\\\/\\\/www.rri.ro\\\/sr\\\/aktuelnosti\\\/aktuelnosti-sr\\\/novi-sef-nato-a-id785295.html#primaryimage\",\"url\":\"https:\\\/\\\/www.rri.ro\\\/wp-content\\\/uploads\\\/2024\\\/06\\\/Mark-Rutte-Jens-Stoltenberg-sursa-foto-nato-int.jpg\",\"contentUrl\":\"https:\\\/\\\/www.rri.ro\\\/wp-content\\\/uploads\\\/2024\\\/06\\\/Mark-Rutte-Jens-Stoltenberg-sursa-foto-nato-int.jpg\",\"width\":960,\"height\":546,\"caption\":\"NATO Secretary General Jens Stoltenberg meets with the Prime Minister of the Netherlands, Mark Rutte\"},{\"@type\":\"BreadcrumbList\",\"@id\":\"https:\\\/\\\/www.rri.ro\\\/sr\\\/aktuelnosti\\\/aktuelnosti-sr\\\/novi-sef-nato-a-id785295.html#breadcrumb\",\"itemListElement\":[{\"@type\":\"ListItem\",\"position\":1,\"name\":\"\u041f\u043e\u0447\u0435\u0442\u043d\u0430 \u0441\u0442\u0440\u0430\u043d\u0438\u0446\u0430\",\"item\":\"https:\\\/\\\/www.rri.ro\\\/sr\"},{\"@type\":\"ListItem\",\"position\":2,\"name\":\"Aktuelnosti\",\"item\":\"https:\\\/\\\/www.rri.ro\\\/sr\\\/aktuelnosti\"},{\"@type\":\"ListItem\",\"position\":3,\"name\":\"Tema dana\",\"item\":\"https:\\\/\\\/www.rri.ro\\\/sr\\\/aktuelnosti\\\/aktuelnosti-sr\"},{\"@type\":\"ListItem\",\"position\":4,\"name\":\"Novi \u0161ef NATO-a\"}]},{\"@type\":\"WebSite\",\"@id\":\"https:\\\/\\\/www.rri.ro\\\/#website\",\"url\":\"https:\\\/\\\/www.rri.ro\\\/\",\"name\":\"RADIO RUMUNIJA INTERNACIONAL\",\"description\":\"Totul despre Rom\u00e2nia \u015fi rom\u00e2ni, \u00een 13 limbi\\\/dialecte!\",\"inLanguage\":\"sr-RS\"},{\"@type\":\"Person\",\"@id\":\"https:\\\/\\\/www.rri.ro\\\/#\\\/schema\\\/person\\\/a3f1370886b657670704847e2f795e3e\",\"name\":\"Marija Nenadi\u0107-Zurka\",\"url\":\"https:\\\/\\\/www.rri.ro\\\/sr\\\/author\\\/marija-nenadic\"}]}<\/script>\n<!-- \/ Yoast SEO plugin. -->","yoast_head_json":{"title":"Novi \u0161ef NATO-a - RADIO RUMUNIJA INTERNACIONAL","robots":{"index":"index","follow":"follow","max-snippet":"max-snippet:-1","max-image-preview":"max-image-preview:large","max-video-preview":"max-video-preview:-1"},"canonical":"https:\/\/www.rri.ro\/sr\/aktuelnosti\/aktuelnosti-sr\/novi-sef-nato-a-id785295.html","og_locale":"sr_RS","og_type":"article","og_title":"Novi \u0161ef NATO-a - RADIO RUMUNIJA INTERNACIONAL","og_description":"Holandski premijer Mark Rute bic\u0301e 14. generalni sekretar Severnoatlantskog saveza. On c\u0301e naslediti Norve\u017eanina Jensa Stoltenberga, biv\u0161eg premijera Norve\u0161ke, koji je predvodio Alijansu od 2014. godine. Odluka Severnoatlantskog saveta, glavnog tela NATO-a za dono\u0161enje odluka koje uklju\u010duje predstavnike 32 zemlje \u010dlanice, postala je puka formalnost, nakon \u0161to je poslednji Ruteov protivkandidat, predsednik Rumunije Klaus Johanis [&hellip;]","og_url":"https:\/\/www.rri.ro\/sr\/aktuelnosti\/aktuelnosti-sr\/novi-sef-nato-a-id785295.html","og_site_name":"RADIO RUMUNIJA INTERNACIONAL","article_published_time":"2024-06-27T14:19:23+00:00","article_modified_time":"2024-06-27T14:20:45+00:00","og_image":[{"width":960,"height":546,"url":"https:\/\/www.rri.ro\/wp-content\/uploads\/2024\/06\/Mark-Rutte-Jens-Stoltenberg-sursa-foto-nato-int.jpg","type":"image\/jpeg"}],"author":"Marija Nenadi\u0107-Zurka, Sorin Iordan","twitter_card":"summary_large_image","twitter_misc":{"\u041d\u0430\u043f\u0438\u0441\u0430\u043d\u043e \u043e\u0434":"Marija Nenadi\u0107-Zurka","\u041f\u0440\u043e\u0446\u0435\u045a\u0435\u043d\u043e \u0432\u0440\u0435\u043c\u0435 \u0447\u0438\u0442\u0430\u045a\u0430":"2 \u043c\u0438\u043d\u0443\u0442\u0430","Written by":"Marija Nenadi\u0107-Zurka, Sorin Iordan"},"schema":{"@context":"https:\/\/schema.org","@graph":[{"@type":"Article","@id":"https:\/\/www.rri.ro\/sr\/aktuelnosti\/aktuelnosti-sr\/novi-sef-nato-a-id785295.html#article","isPartOf":{"@id":"https:\/\/www.rri.ro\/sr\/aktuelnosti\/aktuelnosti-sr\/novi-sef-nato-a-id785295.html"},"author":{"name":"Marija Nenadi\u0107-Zurka","@id":"https:\/\/www.rri.ro\/#\/schema\/person\/a3f1370886b657670704847e2f795e3e"},"headline":"Novi \u0161ef NATO-a","datePublished":"2024-06-27T14:19:23+00:00","dateModified":"2024-06-27T14:20:45+00:00","mainEntityOfPage":{"@id":"https:\/\/www.rri.ro\/sr\/aktuelnosti\/aktuelnosti-sr\/novi-sef-nato-a-id785295.html"},"wordCount":455,"image":{"@id":"https:\/\/www.rri.ro\/sr\/aktuelnosti\/aktuelnosti-sr\/novi-sef-nato-a-id785295.html#primaryimage"},"thumbnailUrl":"https:\/\/www.rri.ro\/wp-content\/uploads\/2024\/06\/Mark-Rutte-Jens-Stoltenberg-sursa-foto-nato-int.jpg","keywords":["Jens Stoltemberg","Mark Rute","NATO"],"articleSection":["Tema dana"],"inLanguage":"sr-RS"},{"@type":"WebPage","@id":"https:\/\/www.rri.ro\/sr\/aktuelnosti\/aktuelnosti-sr\/novi-sef-nato-a-id785295.html","url":"https:\/\/www.rri.ro\/sr\/aktuelnosti\/aktuelnosti-sr\/novi-sef-nato-a-id785295.html","name":"Novi \u0161ef NATO-a - RADIO RUMUNIJA INTERNACIONAL","isPartOf":{"@id":"https:\/\/www.rri.ro\/#website"},"primaryImageOfPage":{"@id":"https:\/\/www.rri.ro\/sr\/aktuelnosti\/aktuelnosti-sr\/novi-sef-nato-a-id785295.html#primaryimage"},"image":{"@id":"https:\/\/www.rri.ro\/sr\/aktuelnosti\/aktuelnosti-sr\/novi-sef-nato-a-id785295.html#primaryimage"},"thumbnailUrl":"https:\/\/www.rri.ro\/wp-content\/uploads\/2024\/06\/Mark-Rutte-Jens-Stoltenberg-sursa-foto-nato-int.jpg","datePublished":"2024-06-27T14:19:23+00:00","dateModified":"2024-06-27T14:20:45+00:00","author":{"@id":"https:\/\/www.rri.ro\/#\/schema\/person\/a3f1370886b657670704847e2f795e3e"},"breadcrumb":{"@id":"https:\/\/www.rri.ro\/sr\/aktuelnosti\/aktuelnosti-sr\/novi-sef-nato-a-id785295.html#breadcrumb"},"inLanguage":"sr-RS","potentialAction":[{"@type":"ReadAction","target":["https:\/\/www.rri.ro\/sr\/aktuelnosti\/aktuelnosti-sr\/novi-sef-nato-a-id785295.html"]}]},{"@type":"ImageObject","inLanguage":"sr-RS","@id":"https:\/\/www.rri.ro\/sr\/aktuelnosti\/aktuelnosti-sr\/novi-sef-nato-a-id785295.html#primaryimage","url":"https:\/\/www.rri.ro\/wp-content\/uploads\/2024\/06\/Mark-Rutte-Jens-Stoltenberg-sursa-foto-nato-int.jpg","contentUrl":"https:\/\/www.rri.ro\/wp-content\/uploads\/2024\/06\/Mark-Rutte-Jens-Stoltenberg-sursa-foto-nato-int.jpg","width":960,"height":546,"caption":"NATO Secretary General Jens Stoltenberg meets with the Prime Minister of the Netherlands, Mark Rutte"},{"@type":"BreadcrumbList","@id":"https:\/\/www.rri.ro\/sr\/aktuelnosti\/aktuelnosti-sr\/novi-sef-nato-a-id785295.html#breadcrumb","itemListElement":[{"@type":"ListItem","position":1,"name":"\u041f\u043e\u0447\u0435\u0442\u043d\u0430 \u0441\u0442\u0440\u0430\u043d\u0438\u0446\u0430","item":"https:\/\/www.rri.ro\/sr"},{"@type":"ListItem","position":2,"name":"Aktuelnosti","item":"https:\/\/www.rri.ro\/sr\/aktuelnosti"},{"@type":"ListItem","position":3,"name":"Tema dana","item":"https:\/\/www.rri.ro\/sr\/aktuelnosti\/aktuelnosti-sr"},{"@type":"ListItem","position":4,"name":"Novi \u0161ef NATO-a"}]},{"@type":"WebSite","@id":"https:\/\/www.rri.ro\/#website","url":"https:\/\/www.rri.ro\/","name":"RADIO RUMUNIJA INTERNACIONAL","description":"Totul despre Rom\u00e2nia \u015fi rom\u00e2ni, \u00een 13 limbi\/dialecte!","inLanguage":"sr-RS"},{"@type":"Person","@id":"https:\/\/www.rri.ro\/#\/schema\/person\/a3f1370886b657670704847e2f795e3e","name":"Marija Nenadi\u0107-Zurka","url":"https:\/\/www.rri.ro\/sr\/author\/marija-nenadic"}]}},"_links":{"self":[{"href":"https:\/\/www.rri.ro\/sr\/wp-json\/wp\/v2\/posts\/785295","targetHints":{"allow":["GET"]}}],"collection":[{"href":"https:\/\/www.rri.ro\/sr\/wp-json\/wp\/v2\/posts"}],"about":[{"href":"https:\/\/www.rri.ro\/sr\/wp-json\/wp\/v2\/types\/post"}],"author":[{"embeddable":true,"href":"https:\/\/www.rri.ro\/sr\/wp-json\/wp\/v2\/users\/101"}],"replies":[{"embeddable":true,"href":"https:\/\/www.rri.ro\/sr\/wp-json\/wp\/v2\/comments?post=785295"}],"version-history":[{"count":0,"href":"https:\/\/www.rri.ro\/sr\/wp-json\/wp\/v2\/posts\/785295\/revisions"}],"wp:featuredmedia":[{"embeddable":true,"href":"https:\/\/www.rri.ro\/sr\/wp-json\/wp\/v2\/media\/784837"}],"wp:attachment":[{"href":"https:\/\/www.rri.ro\/sr\/wp-json\/wp\/v2\/media?parent=785295"}],"wp:term":[{"taxonomy":"category","embeddable":true,"href":"https:\/\/www.rri.ro\/sr\/wp-json\/wp\/v2\/categories?post=785295"},{"taxonomy":"post_tag","embeddable":true,"href":"https:\/\/www.rri.ro\/sr\/wp-json\/wp\/v2\/tags?post=785295"},{"taxonomy":"author","embeddable":true,"href":"https:\/\/www.rri.ro\/sr\/wp-json\/wp\/v2\/coauthors?post=785295"}],"curies":[{"name":"wp","href":"https:\/\/api.w.org\/{rel}","templated":true}]}}