{"id":785319,"date":"2024-06-27T18:00:26","date_gmt":"2024-06-27T15:00:26","guid":{"rendered":"https:\/\/www.rri.ro\/?p=785319"},"modified":"2024-06-27T18:58:06","modified_gmt":"2024-06-27T15:58:06","slug":"vesti-27-06-2024","status":"publish","type":"post","link":"https:\/\/www.rri.ro\/sr\/aktuelnosti\/vesti\/vesti-27-06-2024-id785319.html","title":{"rendered":"Vesti \u2013 27.06.2024"},"content":{"rendered":"<p>Sjedinjene Ameri\u010dke Dr\u017eave cene nedavnu odluku Bukure\u0161ta da Ukrajini ustupi Patriot sistem i lidersku ulogu Rumunije na isto\u010dnom krilu NATO-a &#8211; navodi se u Zajedni\u010dkoj deklaraciji usvojenoj posle sastanka strate\u0161kog dijaloga izme\u0111u dve zemlje. Sastanak je odr\u017ean 21. juna i otvoren je konsultacijama rumunskog ministra spoljnih poslova Luminice Odobesku i ameri\u010dkog dr\u017eavnog sekretara Antonija Blinkena. Prema dokumentu koji je u \u010detvrtak objavilo Ministarstvo spoljnih poslova iz Bukure\u0161ta, Sjedinjene Ameri\u010dke Dr\u017eave su \u201eposvec\u0301ene podr\u0161ci modernizaciji odbrane u Rumuniji, ja\u010danju protivvazdu\u0161ne odbrane i interoperabilnosti\u201c. Tako\u0111e, Sjedinjene Ameri\u010dke Dr\u017eave \u010destitaju Rumuniji, jer su ove godine uspe\u0161no otvorile prvi evropski regionalni centar za obuku pilota F-16. Istovremeno, Sjedinjene Ameri\u010dke Dr\u017eave i Rumunija su u dokumentu naglasile da je kontinuirana agresija Rusije izazvala ozbiljne pretnje u Crnomorskom regionu. \u201eRumunija i Sjedinjene Ameri\u010dke Dr\u017eave su duboko posvec\u0301ene ja\u010danju svojih napora da obezbede stabilan i bezbedan crnomorski region\u201c, tako\u0111e se isti\u010de u Zajedni\u010dkoj deklaraciji.<\/p>\n<p>Lideri dr\u017eava EU zapo\u010deli su u \u010detvrtak dvodnevni samit u Briselu, fokusiran na imenovanja u klju\u010dnim institucijama bloka Zajednice i usvajanje njegove strate\u0161ke agende za mandat koji proisti\u010de iz izbora za Evropski parlament. 27 lidera, pi\u0161e agencija EFE, stiglo je u Evropski savet sa vec\u0301 dogovorenim mestima \u201evi\u0161ih menad\u017eera\u201c izme\u0111u tri proevropske politi\u010dke grupe, pogodne za produbljivanje evropskih integracija i konsolidaciju prerogativa Brisela, odnosno Narodna partija (EPP), Socijaldemokrate (S&amp;D) i liberali (Renew). Prema dogovoru izme\u0111u tri grupe, Ursula fon der Lajen iz EPP-a c\u0301e zadr\u017eati svoju funkciju predsednice Evropske komisije, predsedni\u0161tvo Evropskim savetom c\u0301e pripasti biv\u0161em portugalskom socijaldemokratskom premijeru Antoniju Kosta, a \u0161ef estonske vlade, liberalka Kaja Kalas, bic\u0301e visoki predstavnik za spoljnu akciju i bezbednosnu politiku. Kona\u010dno, mesto predsednika Evropskog parlamenta podelili bi EPP i socijalisti, a prve dve i po godine mandata pripa\u0161c\u0301e aktuelnoj predsednici Roberti Mecoli, iz EPP-a. Druga ta\u010dka dnevnog reda Saveta je vojna pomoc\u0301 Ukrajini. Samit ozna\u010dava i kraj belgijskog predsedavanja Unijom, koje c\u0301e narednih \u0161est meseci preuzeti Ma\u0111arska. Rumuniju predstavlja predsednik Klaus Johanis.<\/p>\n<p>\u0160efica diplomatije iz Bukure\u0161ta Luminica Odobesku odr\u017eala je u sredu u Var\u0161avi bilateralne konsultacije sa poljskim kolegom Radoslavom Sikorskim, na marginama u\u010de\u0161c\u0301a na Trilaterali Rumunija \u2013 Poljska \u2013 Turska. Ministarka Luminica Odobesku je pozdravila dinami\u010dnu i slo\u017eenu prirodu rumunsko-poljskog dijaloga, obuhvac\u0301enog bilateralnim Strate\u0161kim partnerstvom i koji se ogleda u bogatoj agendi politi\u010dko-diplomatskih kontakata i odli\u010dnoj saradnji u pogledu bezbednosti, ekonomije i u sektorima. Tako\u0111e je izrazila interesovanje za dalje kapitalizovanje investicionih moguc\u0301nosti koje nude obe dr\u017eave, kao i za produbljivanje saradnje u oblastima od zajedni\u010dkog interesa, sa akcentom na infrastrukturu, energetiku, poljoprivredu i obrazovanje. Rumunska ministarka je pozdravila efikasnu koordinaciju na nivou Evropske unije i NATO-a, kao i u okviru regionalnih formata, a u vezi sa agresijom Rusije na Ukrajinu ponovila je potrebu da se nastavi vi\u0161edimenzionalna podr\u0161ka Ukrajini, uklju\u010dujuc\u0301i vojnu, i va\u017enost obnove civilne infrastrukture ozbiljno pogo\u0111ene ruskim napadima. Kako se navodi u saop\u0161tenju Ministarstva spoljnih poslova, Luminica Odobesku je tako\u0111e istakla va\u017enost nastavka pru\u017eanja pomoc\u0301i Republici Moldaviji za ja\u010danje institucionalnih kapaciteta, upravljanje sajber pretnjama i borbu protiv dezinformacija.<\/p>\n<p>Fudbalska reprezentacija Rumunije plasirala se u osminu finala Evropskog prvenstva u Nema\u010dkoj, posle remija 1:1 sa Slova\u010dkom u sredu uve\u010de u Frankfurtu. Gol Rumunije postigao je Razvan Marin, iz penala, a njegov uspeh je doveo do plasmana reprezentacije koju vodi Edvard Jordanesku. U osmini finala, 2. jula, Rumunija c\u0301e do\u010dekati Holandiju, na \u010duvenoj Alijanc areni u Minhenu. Posle me\u010da, hiljade Rumuna iza\u0161lo je na ulice, u velikim gradovima zemlje, da izrazi radost zbog kvalifikacija.<\/p>\n<p>Holandski premijer Mark Rute je zvani\u010dno buduc\u0301i generalni sekretar NATO-a. Ovaj 57-godi\u0161nji politi\u010dar dobio je podr\u0161ku svih 32 predstavnika u Severnoatlantskom savetu, glavnom telu za dono\u0161enje odluka Alijanse, a svoj mandat c\u0301e preuzeti 1. oktobra. Rute c\u0301e naslediti Norve\u017eanina Jensa Stoltenberga i poznat je po kriti\u010dkom stavu prema Rusiji i po podr\u0161ci Ukrajini, kako za ulazak u NATO, tako i za ulazak u Evropsku uniju. Holandija tako\u0111e vojno podr\u017eava Ukrajinu, uklju\u010dujuc\u0301i i avione F-16 koji imaju dozvolu da ga\u0111aju ruske ciljeve. Pored rata u Ukrajini i napetog me\u0111unarodnog politi\u010dkog konteksta, Rute c\u0301e imati zadatak da se obra\u010duna sa moguc\u0301om buduc\u0301om ameri\u010dkom administracijom na \u010delu sa Donaldom Trampom, ukoliko se republikanac vrati u Belu kuc\u0301u posle izbora na kojima c\u0301e se ponovo suo\u010diti sa aktuelnim demokratskim predsednikom D\u017eoom Bajdenom .<\/p>\n<p>U Rumuniji, kazne za ropstvo i trgovinu ljudima podvrgnute takvim tretmanima podre\u0111enosti vi\u0161e ne mogu biti suspendovane, prema zakonu koji je promulgirao predsednik Klaus Johanis. Dokument predvi\u0111a i povec\u0301anje kazni za ova krivi\u010dna dela, koje mogu dostic\u0301i i do 15 godina zatvora i zabranu odre\u0111enih prava. Ako radnje u koje su ume\u0161ane maloletne osobe izvr\u0161i javni funkcioner, \u010dlan porodice ili lice zadu\u017eeno za vaspitanje deteta, zaprec\u0301ene su kazne do 20 godina zatvora. Zakon ka\u017enjava li\u0161enjem slobode od tri do deset godina i proizvodnju, \u010duvanje, izlaganje, promociju, distribuciju i stavljanje na bilo koji na\u010din dostupnosti pornografskog materijala maloletnicima. \u0160tavi\u0161e, gledanje ovakvih slika bic\u0301e ka\u017enjeno kaznom zatvora od pet godina i od jedne do tri godine neovla\u0161c\u0301en pristup pornografskim materijalima sa maloletnicima putem kompjuterskih sistema ili drugih sredstava elektronske komunikacije. Kako se navodi u dokumentu, ka\u017enjavaju se i poku\u0161aji izvr\u0161enja krivi\u010dnih dela ropstva i trgovine ljudima, a pristanak \u017ertava ne predstavlja izuze\u0107e.<\/p>\n<p>U poslednje dve decenije, Rumunija je postigla izuzetan napredak u o\u010duvanju lekcija iz pro\u0161losti u kolektivnom sec\u0301anju i u borbi protiv antisemitizma, rasizma, ksenofobije i mr\u017enje, rekao je predsednik Klaus Johanis, u kontekstu obele\u017eavanja 83 godine od Pogroma u Ja\u0161iju (severoistok) od 28. do 30. juna 1941. godine, u kome je stradalo vi\u0161e od 13 hiljada rumunskih Jevreja. Istovremeno, \u0161ef dr\u017eave je istakao da obrazovanje ostaje najefikasnije sredstvo kojim se mogu osujetiti poku\u0161aji negiranja istorije Holokausta i obeshrabriti moguc\u0301i akti motivisani mr\u017enjom. Klaus Johanis je tako\u0111e pomenuo trenutni me\u0111unarodni kontekst, gde toksi\u010dni, antisemitski i rasisti\u010dki uticaji ponovo poku\u0161avaju da izopa\u010de \u010dove\u010danstvo. Po mi\u0161ljenju predsednika, ovi poku\u0161aji se mogu odbaciti \u010dvrstim sankcionisanjem svih ispada i promovisanjem po\u0161tovanja me\u0111unarodnog humanitarnog prava.<\/p>\n","protected":false},"excerpt":{"rendered":"<p>Sjedinjene Ameri\u010dke Dr\u017eave cene nedavnu odluku Bukure\u0161ta da Ukrajini ustupi Patriot sistem i lidersku ulogu Rumunije na isto\u010dnom krilu NATO-a &#8211; navodi se u Zajedni\u010dkoj deklaraciji usvojenoj posle sastanka strate\u0161kog dijaloga izme\u0111u dve zemlje. Sastanak je odr\u017ean 21. juna i otvoren je konsultacijama rumunskog ministra spoljnih poslova Luminice Odobesku i ameri\u010dkog dr\u017eavnog sekretara Antonija Blinkena. [&hellip;]<\/p>\n","protected":false},"author":101,"featured_media":723484,"comment_status":"closed","ping_status":"closed","sticky":false,"template":"","format":"standard","meta":{"_acf_changed":false,"footnotes":""},"categories":[105434],"tags":[147516,149533,145618,150135,145493],"coauthors":[113245,116091],"class_list":["post-785319","post","type-post","status-publish","format-standard","has-post-thumbnail","hentry","category-vesti","tag-evropska-unija","tag-evropsko-prvenstvo-u-fudbalu","tag-klaus-johanis","tag-luminica-odobesku","tag-nato-sr"],"acf":[],"yoast_head":"<!-- This site is optimized with the Yoast SEO plugin v27.3 - https:\/\/yoast.com\/product\/yoast-seo-wordpress\/ -->\n<title>Vesti \u2013 27.06.2024 - RADIO RUMUNIJA INTERNACIONAL<\/title>\n<meta name=\"robots\" content=\"index, follow, max-snippet:-1, max-image-preview:large, max-video-preview:-1\" \/>\n<link rel=\"canonical\" href=\"https:\/\/www.rri.ro\/sr\/aktuelnosti\/vesti\/vesti-27-06-2024-id785319.html\" \/>\n<meta property=\"og:locale\" content=\"sr_RS\" \/>\n<meta property=\"og:type\" content=\"article\" \/>\n<meta property=\"og:title\" content=\"Vesti \u2013 27.06.2024 - RADIO RUMUNIJA INTERNACIONAL\" \/>\n<meta property=\"og:description\" content=\"Sjedinjene Ameri\u010dke Dr\u017eave cene nedavnu odluku Bukure\u0161ta da Ukrajini ustupi Patriot sistem i lidersku ulogu Rumunije na isto\u010dnom krilu NATO-a &#8211; navodi se u Zajedni\u010dkoj deklaraciji usvojenoj posle sastanka strate\u0161kog dijaloga izme\u0111u dve zemlje. Sastanak je odr\u017ean 21. juna i otvoren je konsultacijama rumunskog ministra spoljnih poslova Luminice Odobesku i ameri\u010dkog dr\u017eavnog sekretara Antonija Blinkena. [&hellip;]\" \/>\n<meta property=\"og:url\" content=\"https:\/\/www.rri.ro\/sr\/aktuelnosti\/vesti\/vesti-27-06-2024-id785319.html\" \/>\n<meta property=\"og:site_name\" content=\"RADIO RUMUNIJA INTERNACIONAL\" \/>\n<meta property=\"article:published_time\" content=\"2024-06-27T15:00:26+00:00\" \/>\n<meta property=\"article:modified_time\" content=\"2024-06-27T15:58:06+00:00\" \/>\n<meta property=\"og:image\" content=\"https:\/\/www.rri.ro\/wp-content\/uploads\/2024\/03\/RRI-960x540-Vesti-1-NOU.jpg\" \/>\n\t<meta property=\"og:image:width\" content=\"960\" \/>\n\t<meta property=\"og:image:height\" content=\"540\" \/>\n\t<meta property=\"og:image:type\" content=\"image\/jpeg\" \/>\n<meta name=\"author\" content=\"Marija Nenadi\u0107-Zurka, Newsroom\" \/>\n<meta name=\"twitter:card\" content=\"summary_large_image\" \/>\n<meta name=\"twitter:label1\" content=\"\u041d\u0430\u043f\u0438\u0441\u0430\u043d\u043e \u043e\u0434\" \/>\n\t<meta name=\"twitter:data1\" content=\"Marija Nenadi\u0107-Zurka\" \/>\n\t<meta name=\"twitter:label2\" content=\"\u041f\u0440\u043e\u0446\u0435\u045a\u0435\u043d\u043e \u0432\u0440\u0435\u043c\u0435 \u0447\u0438\u0442\u0430\u045a\u0430\" \/>\n\t<meta name=\"twitter:data2\" content=\"6 \u043c\u0438\u043d\u0443\u0442\u0430\" \/>\n\t<meta name=\"twitter:label3\" content=\"Written by\" \/>\n\t<meta name=\"twitter:data3\" content=\"Marija Nenadi\u0107-Zurka, Newsroom\" \/>\n<script type=\"application\/ld+json\" class=\"yoast-schema-graph\">{\"@context\":\"https:\\\/\\\/schema.org\",\"@graph\":[{\"@type\":\"Article\",\"@id\":\"https:\\\/\\\/www.rri.ro\\\/sr\\\/aktuelnosti\\\/vesti\\\/vesti-27-06-2024-id785319.html#article\",\"isPartOf\":{\"@id\":\"https:\\\/\\\/www.rri.ro\\\/sr\\\/aktuelnosti\\\/vesti\\\/vesti-27-06-2024-id785319.html\"},\"author\":{\"name\":\"Marija Nenadi\u0107-Zurka\",\"@id\":\"https:\\\/\\\/www.rri.ro\\\/#\\\/schema\\\/person\\\/a3f1370886b657670704847e2f795e3e\"},\"headline\":\"Vesti \u2013 27.06.2024\",\"datePublished\":\"2024-06-27T15:00:26+00:00\",\"dateModified\":\"2024-06-27T15:58:06+00:00\",\"mainEntityOfPage\":{\"@id\":\"https:\\\/\\\/www.rri.ro\\\/sr\\\/aktuelnosti\\\/vesti\\\/vesti-27-06-2024-id785319.html\"},\"wordCount\":1107,\"image\":{\"@id\":\"https:\\\/\\\/www.rri.ro\\\/sr\\\/aktuelnosti\\\/vesti\\\/vesti-27-06-2024-id785319.html#primaryimage\"},\"thumbnailUrl\":\"https:\\\/\\\/www.rri.ro\\\/wp-content\\\/uploads\\\/2024\\\/03\\\/RRI-960x540-Vesti-1-NOU.jpg\",\"keywords\":[\"Evropska unija\",\"Evropsko prvenstvo u fudbalu\",\"Klaus Johanis\",\"Luminica Odobesku\",\"NATO\"],\"articleSection\":[\"Vesti\"],\"inLanguage\":\"sr-RS\"},{\"@type\":\"WebPage\",\"@id\":\"https:\\\/\\\/www.rri.ro\\\/sr\\\/aktuelnosti\\\/vesti\\\/vesti-27-06-2024-id785319.html\",\"url\":\"https:\\\/\\\/www.rri.ro\\\/sr\\\/aktuelnosti\\\/vesti\\\/vesti-27-06-2024-id785319.html\",\"name\":\"Vesti \u2013 27.06.2024 - RADIO RUMUNIJA INTERNACIONAL\",\"isPartOf\":{\"@id\":\"https:\\\/\\\/www.rri.ro\\\/#website\"},\"primaryImageOfPage\":{\"@id\":\"https:\\\/\\\/www.rri.ro\\\/sr\\\/aktuelnosti\\\/vesti\\\/vesti-27-06-2024-id785319.html#primaryimage\"},\"image\":{\"@id\":\"https:\\\/\\\/www.rri.ro\\\/sr\\\/aktuelnosti\\\/vesti\\\/vesti-27-06-2024-id785319.html#primaryimage\"},\"thumbnailUrl\":\"https:\\\/\\\/www.rri.ro\\\/wp-content\\\/uploads\\\/2024\\\/03\\\/RRI-960x540-Vesti-1-NOU.jpg\",\"datePublished\":\"2024-06-27T15:00:26+00:00\",\"dateModified\":\"2024-06-27T15:58:06+00:00\",\"author\":{\"@id\":\"https:\\\/\\\/www.rri.ro\\\/#\\\/schema\\\/person\\\/a3f1370886b657670704847e2f795e3e\"},\"breadcrumb\":{\"@id\":\"https:\\\/\\\/www.rri.ro\\\/sr\\\/aktuelnosti\\\/vesti\\\/vesti-27-06-2024-id785319.html#breadcrumb\"},\"inLanguage\":\"sr-RS\",\"potentialAction\":[{\"@type\":\"ReadAction\",\"target\":[\"https:\\\/\\\/www.rri.ro\\\/sr\\\/aktuelnosti\\\/vesti\\\/vesti-27-06-2024-id785319.html\"]}]},{\"@type\":\"ImageObject\",\"inLanguage\":\"sr-RS\",\"@id\":\"https:\\\/\\\/www.rri.ro\\\/sr\\\/aktuelnosti\\\/vesti\\\/vesti-27-06-2024-id785319.html#primaryimage\",\"url\":\"https:\\\/\\\/www.rri.ro\\\/wp-content\\\/uploads\\\/2024\\\/03\\\/RRI-960x540-Vesti-1-NOU.jpg\",\"contentUrl\":\"https:\\\/\\\/www.rri.ro\\\/wp-content\\\/uploads\\\/2024\\\/03\\\/RRI-960x540-Vesti-1-NOU.jpg\",\"width\":960,\"height\":540},{\"@type\":\"BreadcrumbList\",\"@id\":\"https:\\\/\\\/www.rri.ro\\\/sr\\\/aktuelnosti\\\/vesti\\\/vesti-27-06-2024-id785319.html#breadcrumb\",\"itemListElement\":[{\"@type\":\"ListItem\",\"position\":1,\"name\":\"\u041f\u043e\u0447\u0435\u0442\u043d\u0430 \u0441\u0442\u0440\u0430\u043d\u0438\u0446\u0430\",\"item\":\"https:\\\/\\\/www.rri.ro\\\/sr\"},{\"@type\":\"ListItem\",\"position\":2,\"name\":\"Aktuelnosti\",\"item\":\"https:\\\/\\\/www.rri.ro\\\/sr\\\/aktuelnosti\"},{\"@type\":\"ListItem\",\"position\":3,\"name\":\"Vesti\",\"item\":\"https:\\\/\\\/www.rri.ro\\\/sr\\\/aktuelnosti\\\/vesti\"},{\"@type\":\"ListItem\",\"position\":4,\"name\":\"Vesti \u2013 27.06.2024\"}]},{\"@type\":\"WebSite\",\"@id\":\"https:\\\/\\\/www.rri.ro\\\/#website\",\"url\":\"https:\\\/\\\/www.rri.ro\\\/\",\"name\":\"RADIO RUMUNIJA INTERNACIONAL\",\"description\":\"Totul despre Rom\u00e2nia \u015fi rom\u00e2ni, \u00een 13 limbi\\\/dialecte!\",\"inLanguage\":\"sr-RS\"},{\"@type\":\"Person\",\"@id\":\"https:\\\/\\\/www.rri.ro\\\/#\\\/schema\\\/person\\\/a3f1370886b657670704847e2f795e3e\",\"name\":\"Marija Nenadi\u0107-Zurka\",\"url\":\"https:\\\/\\\/www.rri.ro\\\/sr\\\/author\\\/marija-nenadic\"}]}<\/script>\n<!-- \/ Yoast SEO plugin. -->","yoast_head_json":{"title":"Vesti \u2013 27.06.2024 - RADIO RUMUNIJA INTERNACIONAL","robots":{"index":"index","follow":"follow","max-snippet":"max-snippet:-1","max-image-preview":"max-image-preview:large","max-video-preview":"max-video-preview:-1"},"canonical":"https:\/\/www.rri.ro\/sr\/aktuelnosti\/vesti\/vesti-27-06-2024-id785319.html","og_locale":"sr_RS","og_type":"article","og_title":"Vesti \u2013 27.06.2024 - RADIO RUMUNIJA INTERNACIONAL","og_description":"Sjedinjene Ameri\u010dke Dr\u017eave cene nedavnu odluku Bukure\u0161ta da Ukrajini ustupi Patriot sistem i lidersku ulogu Rumunije na isto\u010dnom krilu NATO-a &#8211; navodi se u Zajedni\u010dkoj deklaraciji usvojenoj posle sastanka strate\u0161kog dijaloga izme\u0111u dve zemlje. Sastanak je odr\u017ean 21. juna i otvoren je konsultacijama rumunskog ministra spoljnih poslova Luminice Odobesku i ameri\u010dkog dr\u017eavnog sekretara Antonija Blinkena. [&hellip;]","og_url":"https:\/\/www.rri.ro\/sr\/aktuelnosti\/vesti\/vesti-27-06-2024-id785319.html","og_site_name":"RADIO RUMUNIJA INTERNACIONAL","article_published_time":"2024-06-27T15:00:26+00:00","article_modified_time":"2024-06-27T15:58:06+00:00","og_image":[{"width":960,"height":540,"url":"https:\/\/www.rri.ro\/wp-content\/uploads\/2024\/03\/RRI-960x540-Vesti-1-NOU.jpg","type":"image\/jpeg"}],"author":"Marija Nenadi\u0107-Zurka, Newsroom","twitter_card":"summary_large_image","twitter_misc":{"\u041d\u0430\u043f\u0438\u0441\u0430\u043d\u043e \u043e\u0434":"Marija Nenadi\u0107-Zurka","\u041f\u0440\u043e\u0446\u0435\u045a\u0435\u043d\u043e \u0432\u0440\u0435\u043c\u0435 \u0447\u0438\u0442\u0430\u045a\u0430":"6 \u043c\u0438\u043d\u0443\u0442\u0430","Written by":"Marija Nenadi\u0107-Zurka, Newsroom"},"schema":{"@context":"https:\/\/schema.org","@graph":[{"@type":"Article","@id":"https:\/\/www.rri.ro\/sr\/aktuelnosti\/vesti\/vesti-27-06-2024-id785319.html#article","isPartOf":{"@id":"https:\/\/www.rri.ro\/sr\/aktuelnosti\/vesti\/vesti-27-06-2024-id785319.html"},"author":{"name":"Marija Nenadi\u0107-Zurka","@id":"https:\/\/www.rri.ro\/#\/schema\/person\/a3f1370886b657670704847e2f795e3e"},"headline":"Vesti \u2013 27.06.2024","datePublished":"2024-06-27T15:00:26+00:00","dateModified":"2024-06-27T15:58:06+00:00","mainEntityOfPage":{"@id":"https:\/\/www.rri.ro\/sr\/aktuelnosti\/vesti\/vesti-27-06-2024-id785319.html"},"wordCount":1107,"image":{"@id":"https:\/\/www.rri.ro\/sr\/aktuelnosti\/vesti\/vesti-27-06-2024-id785319.html#primaryimage"},"thumbnailUrl":"https:\/\/www.rri.ro\/wp-content\/uploads\/2024\/03\/RRI-960x540-Vesti-1-NOU.jpg","keywords":["Evropska unija","Evropsko prvenstvo u fudbalu","Klaus Johanis","Luminica Odobesku","NATO"],"articleSection":["Vesti"],"inLanguage":"sr-RS"},{"@type":"WebPage","@id":"https:\/\/www.rri.ro\/sr\/aktuelnosti\/vesti\/vesti-27-06-2024-id785319.html","url":"https:\/\/www.rri.ro\/sr\/aktuelnosti\/vesti\/vesti-27-06-2024-id785319.html","name":"Vesti \u2013 27.06.2024 - RADIO RUMUNIJA INTERNACIONAL","isPartOf":{"@id":"https:\/\/www.rri.ro\/#website"},"primaryImageOfPage":{"@id":"https:\/\/www.rri.ro\/sr\/aktuelnosti\/vesti\/vesti-27-06-2024-id785319.html#primaryimage"},"image":{"@id":"https:\/\/www.rri.ro\/sr\/aktuelnosti\/vesti\/vesti-27-06-2024-id785319.html#primaryimage"},"thumbnailUrl":"https:\/\/www.rri.ro\/wp-content\/uploads\/2024\/03\/RRI-960x540-Vesti-1-NOU.jpg","datePublished":"2024-06-27T15:00:26+00:00","dateModified":"2024-06-27T15:58:06+00:00","author":{"@id":"https:\/\/www.rri.ro\/#\/schema\/person\/a3f1370886b657670704847e2f795e3e"},"breadcrumb":{"@id":"https:\/\/www.rri.ro\/sr\/aktuelnosti\/vesti\/vesti-27-06-2024-id785319.html#breadcrumb"},"inLanguage":"sr-RS","potentialAction":[{"@type":"ReadAction","target":["https:\/\/www.rri.ro\/sr\/aktuelnosti\/vesti\/vesti-27-06-2024-id785319.html"]}]},{"@type":"ImageObject","inLanguage":"sr-RS","@id":"https:\/\/www.rri.ro\/sr\/aktuelnosti\/vesti\/vesti-27-06-2024-id785319.html#primaryimage","url":"https:\/\/www.rri.ro\/wp-content\/uploads\/2024\/03\/RRI-960x540-Vesti-1-NOU.jpg","contentUrl":"https:\/\/www.rri.ro\/wp-content\/uploads\/2024\/03\/RRI-960x540-Vesti-1-NOU.jpg","width":960,"height":540},{"@type":"BreadcrumbList","@id":"https:\/\/www.rri.ro\/sr\/aktuelnosti\/vesti\/vesti-27-06-2024-id785319.html#breadcrumb","itemListElement":[{"@type":"ListItem","position":1,"name":"\u041f\u043e\u0447\u0435\u0442\u043d\u0430 \u0441\u0442\u0440\u0430\u043d\u0438\u0446\u0430","item":"https:\/\/www.rri.ro\/sr"},{"@type":"ListItem","position":2,"name":"Aktuelnosti","item":"https:\/\/www.rri.ro\/sr\/aktuelnosti"},{"@type":"ListItem","position":3,"name":"Vesti","item":"https:\/\/www.rri.ro\/sr\/aktuelnosti\/vesti"},{"@type":"ListItem","position":4,"name":"Vesti \u2013 27.06.2024"}]},{"@type":"WebSite","@id":"https:\/\/www.rri.ro\/#website","url":"https:\/\/www.rri.ro\/","name":"RADIO RUMUNIJA INTERNACIONAL","description":"Totul despre Rom\u00e2nia \u015fi rom\u00e2ni, \u00een 13 limbi\/dialecte!","inLanguage":"sr-RS"},{"@type":"Person","@id":"https:\/\/www.rri.ro\/#\/schema\/person\/a3f1370886b657670704847e2f795e3e","name":"Marija Nenadi\u0107-Zurka","url":"https:\/\/www.rri.ro\/sr\/author\/marija-nenadic"}]}},"_links":{"self":[{"href":"https:\/\/www.rri.ro\/sr\/wp-json\/wp\/v2\/posts\/785319","targetHints":{"allow":["GET"]}}],"collection":[{"href":"https:\/\/www.rri.ro\/sr\/wp-json\/wp\/v2\/posts"}],"about":[{"href":"https:\/\/www.rri.ro\/sr\/wp-json\/wp\/v2\/types\/post"}],"author":[{"embeddable":true,"href":"https:\/\/www.rri.ro\/sr\/wp-json\/wp\/v2\/users\/101"}],"replies":[{"embeddable":true,"href":"https:\/\/www.rri.ro\/sr\/wp-json\/wp\/v2\/comments?post=785319"}],"version-history":[{"count":0,"href":"https:\/\/www.rri.ro\/sr\/wp-json\/wp\/v2\/posts\/785319\/revisions"}],"wp:featuredmedia":[{"embeddable":true,"href":"https:\/\/www.rri.ro\/sr\/wp-json\/wp\/v2\/media\/723484"}],"wp:attachment":[{"href":"https:\/\/www.rri.ro\/sr\/wp-json\/wp\/v2\/media?parent=785319"}],"wp:term":[{"taxonomy":"category","embeddable":true,"href":"https:\/\/www.rri.ro\/sr\/wp-json\/wp\/v2\/categories?post=785319"},{"taxonomy":"post_tag","embeddable":true,"href":"https:\/\/www.rri.ro\/sr\/wp-json\/wp\/v2\/tags?post=785319"},{"taxonomy":"author","embeddable":true,"href":"https:\/\/www.rri.ro\/sr\/wp-json\/wp\/v2\/coauthors?post=785319"}],"curies":[{"name":"wp","href":"https:\/\/api.w.org\/{rel}","templated":true}]}}