{"id":789871,"date":"2024-07-11T18:13:42","date_gmt":"2024-07-11T15:13:42","guid":{"rendered":"https:\/\/www.rri.ro\/?p=789871"},"modified":"2024-07-11T18:34:36","modified_gmt":"2024-07-11T15:34:36","slug":"vesti-11-07-2024","status":"publish","type":"post","link":"https:\/\/www.rri.ro\/sr\/aktuelnosti\/vesti\/vesti-11-07-2024-id789871.html","title":{"rendered":"Vesti \u2013 11.07.2024"},"content":{"rendered":"<p>Predsednik Rumunije Klaus Johanis i predsednik Ukrajine Volodimir Zelesnki potpisali su u \u010detvrtak u Va\u0161ingtonu bilateralni bezbednosni sporazum, na marginama samita NATO-a kojim se obele\u017eava 75 godina od osnivanja te organizacije. Tako ukupan broj bilateralnih sporazuma koje je Ukrajina potpisala sa svojim partnerima dosti\u017ee 23. Sporazum predvi\u0111a prenos sistema Patriot u susednu Ukrajinu i kontinuiranu podr\u0161ku Rumunije ovoj dr\u017eavi. Rumunija c\u0301e omoguc\u0301iti brz tranzit neophodne opreme preko svoje teritorije i podr\u017eac\u0301e demineralizaciju Crnog mora. Sporazum obuhvata i saradnju u oblasti obave\u0161tajnih slu\u017ebi, kontraobave\u0161tajne, sajber bezbednosti i informacione bezbednosti. Istovremeno, Rumunija c\u0301e podr\u017eati ukrajinsku odbrambenu industriju i pomoc\u0301i obnovu zemlje. Sporazum je deo implementacije Zajedni\u010dke deklaracije G7 o podr\u0161ci Ukrajini iz jula 2023. godine.<\/p>\n<p>Rumunski ministar nacionalne odbrane An\u0111el Tilvar potpisao je u sredu, na marginama samita u Va\u0161ingtonu, Pismo o namerama za stvaranje koridora vojne mobilnosti izme\u0111u Rumunije, Bugarske i Gr\u010dke, prenelo je Ministarstvo nacionalne odbrane u \u010detvrtak. Prema citiranom izvoru, \u201eova inicijativa ozna\u010dava zna\u010dajan napredak u ja\u010danju odbrambenih kapaciteta NATO-a i odvrac\u0301anja u regionu\u201c. Projekat ima za cilj da optimizuje transportne koridore kako bi ispunili zahteve vojne mobilnosti, stvaranjem puteva snabdevanja (drumskih i \u017eelezni\u010dkih) izme\u0111u dr\u017eava u\u010desnica, smanjenjem birokratije u mirnodopskim uslovima i maksimiziranjem efikasnosti u vanrednim i kriznim situacijama.<\/p>\n<p>Pismo o namerama koje su potpisale Gr\u010dka, Bugarska i Rumunija usko je u skladu sa prioritetima NATO-a za obezbe\u0111ivanje kolektivne odbrane, pobolj\u0161anje sposobnosti brzog reagovanja i povec\u0301anje interoperabilnosti izme\u0111u zemalja \u010dlanica, doprinosec\u0301i pravednoj raspodeli odgovornosti izme\u0111u saveznika. \u201eBliska saradnja sa Bugarskom i Gr\u010dkom omoguc\u0301ic\u0301e nam da efikasnije odgovorimo na sada\u0161nje i buduc\u0301e bezbednosne izazove. Nastavic\u0301emo razgovore i ostac\u0301emo otvoreni za druge sli\u010dne inicijative, koje c\u0301e dovesti do konsolidacije uloge Rumunije u okviru Severnoatlantskog saveza\u201c, istakao je rumunski ministar odbrane, navodi se u saop\u0161tenju Ministarstva nacionalne odbrane upuc\u0301enom AGERPRES-u. Projekat c\u0301e imati koristi od postojec\u0301ih inicijativa na nivou Evropske unije, sa ciljem koordinisanog pristupa izme\u0111u NATO-a i EU u oblasti vojne mobilnosti. Implementacija projekta na nacionalnom nivou zahtevac\u0301e usagla\u0161ene napore izme\u0111u razli\u010ditih institucija, uklju\u010dujuc\u0301i \u010ditav spektar vlada. U kontekstu samita NATO-a u Viljnusu 2023. godine, dogovoreno je o potrebi ja\u010danja odvrac\u0301anja i odbrane Alijanse usvajanjem novih odbrambenih planova i ubrzavanjem vojne adaptacije. Ova adaptacija uklju\u010duje moguc\u0301nost da se dopune snage i oprema i da se obezbedi logisti\u010dka podr\u0161ka, olak\u0161avanjem prekograni\u010dnog tranzita snaga i sposobnosti, \u010dak i u mirnodopskim uslovima, objasnilo je Ministarstvo nacionalne odbrane.<\/p>\n<p>U Bukure\u0161tu je otvoren Institut za migracionu politiku, koji ima za cilj da pove\u017ee studije i javne politike razvijene na nacionalnom nivou sa me\u0111unarodnim de\u0161avanjima u oblasti migracija. Prema podacima Generalnog inspektorata za imigraciju, krajem pro\u0161le godine skoro 75.000 stranih dr\u017eavljana imalo je pravo da boravi u Rumuniji radi rada. 70% onih koji su do\u0161li poslednjih godina \u017eeli da dobije rumunsko dr\u017eavljanstvo. Integracija migracija je jedan od uslova koje Rumunija mora da ispuni da bi se pridru\u017eila Organizaciji za ekonomsku saradnju i razvoj.<\/p>\n<p>Godi\u0161nja stopa inflacije u Rumuniji pala je na 4,9% u junu sa 5,1% u maju, pokazuju podaci koje je u \u010detvrtak objavio Nacionalni institut za statistiku. U analiziranom periodu prehrambeni proizvodi poskupeli su za 1%, neprehrambeni za ne\u0161to vi\u0161e od 6%, a usluge za skoro 9%. U odnosu na jun 2023. godine, godi\u0161nja stopa inflacije u junu 2024. godine, izra\u010dunata na osnovu harmonizovanog indeksa potro\u0161a\u010dkih cena, iznosila je 5,3%. Narodna banka Rumunije revidirala je prognozu inflacije za kraj ove godine na 4,9% sa prethodnih 4,7%, i predvi\u0111a da c\u0301e taj pokazatelj na kraju 2025. godine dostic\u0301i 3,5%.<\/p>\n<p>Rumunija trenutno registruje, na tr\u017ei\u0161tu, cene struje iznad proseka evropskih zemalja, ali one nemaju negativan uticaj na ra\u010dune, u kontekstu u kome su tarife ograni\u010dene do 31. marta sledec\u0301e godine \u2013 ka\u017ee ministar energetike Sebastijan Burdu\u017ea na svojim dru\u0161tvenim mre\u017eama. On podsec\u0301a da je Evrostat u poslednjem izve\u0161taju potvrdio da je cena koju stanovni\u0161tvo Rumunije plac\u0301a za energiju peta najni\u017ea u Evropskoj uniji, a iz analiza koje su sprovedene u ministarstvu, na osnovu informacija dobijenih od glavnih dobavlja\u010da, fakturisane cene poslednjih meseci tako\u0111e su 15% ni\u017ee od maksimalnog plafona.<\/p>\n<p>Ministarstvo spoljnih poslova iz Bukure\u0161ta pozdravilo je obele\u017eavanje Dana prijateljstva izme\u0111u Rumunije i Sjedinjenih Ameri\u010dkih Dr\u017eava, koji se obele\u017eava 11. jula. Nedavni sastanci na visokom nivou, uklju\u010dujuc\u0301i posete predsednika Rumunije Klausa Johanisa Va\u0161ingtonu, u maju i julu 2024. godine, potvrdili su re\u0161enost obe dr\u017eave da razvijaju partnerstvo izgra\u0111eno na zajedni\u010dkim demokratskim vrednostima, bliskoj saradnji u oblasti bezbednosti i odbrane, diversifikovanih ekonomskih i trgovinskih odnosa. 11. jula 1997. godine dogodio se zna\u010dajan doga\u0111aj u evoluciji odnosa izme\u0111u Rumunije i Sjedinjenih Ameri\u010dkih Dr\u017eava, a to je poseta predsednika Klintona Bukure\u0161tu i govor odr\u017ean tom prilikom, kojim su utvr\u0111ene glavne prekretnice u razvoju odnosa izme\u0111u dve dr\u017eave i najavio nameru da uspostavi Strate\u0161ko partnerstvo Rumunija- Sjedinjene Ameri\u010dke Dr\u017eave.<\/p>\n","protected":false},"excerpt":{"rendered":"<p>Predsednik Rumunije Klaus Johanis i predsednik Ukrajine Volodimir Zelesnki potpisali su u \u010detvrtak u Va\u0161ingtonu bilateralni bezbednosni sporazum, na marginama samita NATO-a kojim se obele\u017eava 75 godina od osnivanja te organizacije. Tako ukupan broj bilateralnih sporazuma koje je Ukrajina potpisala sa svojim partnerima dosti\u017ee 23. Sporazum predvi\u0111a prenos sistema Patriot u susednu Ukrajinu i kontinuiranu [&hellip;]<\/p>\n","protected":false},"author":101,"featured_media":723484,"comment_status":"closed","ping_status":"closed","sticky":false,"template":"","format":"standard","meta":{"_acf_changed":false,"footnotes":""},"categories":[105434],"tags":[151175,151174,145493,146221],"coauthors":[113245,116091],"class_list":["post-789871","post","type-post","status-publish","format-standard","has-post-thumbnail","hentry","category-vesti","tag-cena-struje","tag-institut-za-migracionu-politiku","tag-nato-sr","tag-stopa-inflacije"],"acf":[],"yoast_head":"<!-- This site is optimized with the Yoast SEO plugin v27.3 - https:\/\/yoast.com\/product\/yoast-seo-wordpress\/ -->\n<title>Vesti \u2013 11.07.2024 - RADIO RUMUNIJA INTERNACIONAL<\/title>\n<meta name=\"robots\" content=\"index, follow, max-snippet:-1, max-image-preview:large, max-video-preview:-1\" \/>\n<link rel=\"canonical\" href=\"https:\/\/www.rri.ro\/sr\/aktuelnosti\/vesti\/vesti-11-07-2024-id789871.html\" \/>\n<meta property=\"og:locale\" content=\"sr_RS\" \/>\n<meta property=\"og:type\" content=\"article\" \/>\n<meta property=\"og:title\" content=\"Vesti \u2013 11.07.2024 - RADIO RUMUNIJA INTERNACIONAL\" \/>\n<meta property=\"og:description\" content=\"Predsednik Rumunije Klaus Johanis i predsednik Ukrajine Volodimir Zelesnki potpisali su u \u010detvrtak u Va\u0161ingtonu bilateralni bezbednosni sporazum, na marginama samita NATO-a kojim se obele\u017eava 75 godina od osnivanja te organizacije. Tako ukupan broj bilateralnih sporazuma koje je Ukrajina potpisala sa svojim partnerima dosti\u017ee 23. Sporazum predvi\u0111a prenos sistema Patriot u susednu Ukrajinu i kontinuiranu [&hellip;]\" \/>\n<meta property=\"og:url\" content=\"https:\/\/www.rri.ro\/sr\/aktuelnosti\/vesti\/vesti-11-07-2024-id789871.html\" \/>\n<meta property=\"og:site_name\" content=\"RADIO RUMUNIJA INTERNACIONAL\" \/>\n<meta property=\"article:published_time\" content=\"2024-07-11T15:13:42+00:00\" \/>\n<meta property=\"article:modified_time\" content=\"2024-07-11T15:34:36+00:00\" \/>\n<meta property=\"og:image\" content=\"https:\/\/www.rri.ro\/wp-content\/uploads\/2024\/03\/RRI-960x540-Vesti-1-NOU.jpg\" \/>\n\t<meta property=\"og:image:width\" content=\"960\" \/>\n\t<meta property=\"og:image:height\" content=\"540\" \/>\n\t<meta property=\"og:image:type\" content=\"image\/jpeg\" \/>\n<meta name=\"author\" content=\"Marija Nenadi\u0107-Zurka, Newsroom\" \/>\n<meta name=\"twitter:card\" content=\"summary_large_image\" \/>\n<meta name=\"twitter:label1\" content=\"\u041d\u0430\u043f\u0438\u0441\u0430\u043d\u043e \u043e\u0434\" \/>\n\t<meta name=\"twitter:data1\" content=\"Marija Nenadi\u0107-Zurka\" \/>\n\t<meta name=\"twitter:label2\" content=\"\u041f\u0440\u043e\u0446\u0435\u045a\u0435\u043d\u043e \u0432\u0440\u0435\u043c\u0435 \u0447\u0438\u0442\u0430\u045a\u0430\" \/>\n\t<meta name=\"twitter:data2\" content=\"4 \u043c\u0438\u043d\u0443\u0442\u0430\" \/>\n\t<meta name=\"twitter:label3\" content=\"Written by\" \/>\n\t<meta name=\"twitter:data3\" content=\"Marija Nenadi\u0107-Zurka, Newsroom\" \/>\n<script type=\"application\/ld+json\" class=\"yoast-schema-graph\">{\"@context\":\"https:\\\/\\\/schema.org\",\"@graph\":[{\"@type\":\"Article\",\"@id\":\"https:\\\/\\\/www.rri.ro\\\/sr\\\/aktuelnosti\\\/vesti\\\/vesti-11-07-2024-id789871.html#article\",\"isPartOf\":{\"@id\":\"https:\\\/\\\/www.rri.ro\\\/sr\\\/aktuelnosti\\\/vesti\\\/vesti-11-07-2024-id789871.html\"},\"author\":{\"name\":\"Marija Nenadi\u0107-Zurka\",\"@id\":\"https:\\\/\\\/www.rri.ro\\\/#\\\/schema\\\/person\\\/a3f1370886b657670704847e2f795e3e\"},\"headline\":\"Vesti \u2013 11.07.2024\",\"datePublished\":\"2024-07-11T15:13:42+00:00\",\"dateModified\":\"2024-07-11T15:34:36+00:00\",\"mainEntityOfPage\":{\"@id\":\"https:\\\/\\\/www.rri.ro\\\/sr\\\/aktuelnosti\\\/vesti\\\/vesti-11-07-2024-id789871.html\"},\"wordCount\":871,\"image\":{\"@id\":\"https:\\\/\\\/www.rri.ro\\\/sr\\\/aktuelnosti\\\/vesti\\\/vesti-11-07-2024-id789871.html#primaryimage\"},\"thumbnailUrl\":\"https:\\\/\\\/www.rri.ro\\\/wp-content\\\/uploads\\\/2024\\\/03\\\/RRI-960x540-Vesti-1-NOU.jpg\",\"keywords\":[\"cena struje\",\"Institut za migracionu politiku\",\"NATO\",\"stopa inflacije\"],\"articleSection\":[\"Vesti\"],\"inLanguage\":\"sr-RS\"},{\"@type\":\"WebPage\",\"@id\":\"https:\\\/\\\/www.rri.ro\\\/sr\\\/aktuelnosti\\\/vesti\\\/vesti-11-07-2024-id789871.html\",\"url\":\"https:\\\/\\\/www.rri.ro\\\/sr\\\/aktuelnosti\\\/vesti\\\/vesti-11-07-2024-id789871.html\",\"name\":\"Vesti \u2013 11.07.2024 - RADIO RUMUNIJA INTERNACIONAL\",\"isPartOf\":{\"@id\":\"https:\\\/\\\/www.rri.ro\\\/#website\"},\"primaryImageOfPage\":{\"@id\":\"https:\\\/\\\/www.rri.ro\\\/sr\\\/aktuelnosti\\\/vesti\\\/vesti-11-07-2024-id789871.html#primaryimage\"},\"image\":{\"@id\":\"https:\\\/\\\/www.rri.ro\\\/sr\\\/aktuelnosti\\\/vesti\\\/vesti-11-07-2024-id789871.html#primaryimage\"},\"thumbnailUrl\":\"https:\\\/\\\/www.rri.ro\\\/wp-content\\\/uploads\\\/2024\\\/03\\\/RRI-960x540-Vesti-1-NOU.jpg\",\"datePublished\":\"2024-07-11T15:13:42+00:00\",\"dateModified\":\"2024-07-11T15:34:36+00:00\",\"author\":{\"@id\":\"https:\\\/\\\/www.rri.ro\\\/#\\\/schema\\\/person\\\/a3f1370886b657670704847e2f795e3e\"},\"breadcrumb\":{\"@id\":\"https:\\\/\\\/www.rri.ro\\\/sr\\\/aktuelnosti\\\/vesti\\\/vesti-11-07-2024-id789871.html#breadcrumb\"},\"inLanguage\":\"sr-RS\",\"potentialAction\":[{\"@type\":\"ReadAction\",\"target\":[\"https:\\\/\\\/www.rri.ro\\\/sr\\\/aktuelnosti\\\/vesti\\\/vesti-11-07-2024-id789871.html\"]}]},{\"@type\":\"ImageObject\",\"inLanguage\":\"sr-RS\",\"@id\":\"https:\\\/\\\/www.rri.ro\\\/sr\\\/aktuelnosti\\\/vesti\\\/vesti-11-07-2024-id789871.html#primaryimage\",\"url\":\"https:\\\/\\\/www.rri.ro\\\/wp-content\\\/uploads\\\/2024\\\/03\\\/RRI-960x540-Vesti-1-NOU.jpg\",\"contentUrl\":\"https:\\\/\\\/www.rri.ro\\\/wp-content\\\/uploads\\\/2024\\\/03\\\/RRI-960x540-Vesti-1-NOU.jpg\",\"width\":960,\"height\":540},{\"@type\":\"BreadcrumbList\",\"@id\":\"https:\\\/\\\/www.rri.ro\\\/sr\\\/aktuelnosti\\\/vesti\\\/vesti-11-07-2024-id789871.html#breadcrumb\",\"itemListElement\":[{\"@type\":\"ListItem\",\"position\":1,\"name\":\"\u041f\u043e\u0447\u0435\u0442\u043d\u0430 \u0441\u0442\u0440\u0430\u043d\u0438\u0446\u0430\",\"item\":\"https:\\\/\\\/www.rri.ro\\\/sr\"},{\"@type\":\"ListItem\",\"position\":2,\"name\":\"Aktuelnosti\",\"item\":\"https:\\\/\\\/www.rri.ro\\\/sr\\\/aktuelnosti\"},{\"@type\":\"ListItem\",\"position\":3,\"name\":\"Vesti\",\"item\":\"https:\\\/\\\/www.rri.ro\\\/sr\\\/aktuelnosti\\\/vesti\"},{\"@type\":\"ListItem\",\"position\":4,\"name\":\"Vesti \u2013 11.07.2024\"}]},{\"@type\":\"WebSite\",\"@id\":\"https:\\\/\\\/www.rri.ro\\\/#website\",\"url\":\"https:\\\/\\\/www.rri.ro\\\/\",\"name\":\"RADIO RUMUNIJA INTERNACIONAL\",\"description\":\"Totul despre Rom\u00e2nia \u015fi rom\u00e2ni, \u00een 13 limbi\\\/dialecte!\",\"inLanguage\":\"sr-RS\"},{\"@type\":\"Person\",\"@id\":\"https:\\\/\\\/www.rri.ro\\\/#\\\/schema\\\/person\\\/a3f1370886b657670704847e2f795e3e\",\"name\":\"Marija Nenadi\u0107-Zurka\",\"url\":\"https:\\\/\\\/www.rri.ro\\\/sr\\\/author\\\/marija-nenadic\"}]}<\/script>\n<!-- \/ Yoast SEO plugin. -->","yoast_head_json":{"title":"Vesti \u2013 11.07.2024 - RADIO RUMUNIJA INTERNACIONAL","robots":{"index":"index","follow":"follow","max-snippet":"max-snippet:-1","max-image-preview":"max-image-preview:large","max-video-preview":"max-video-preview:-1"},"canonical":"https:\/\/www.rri.ro\/sr\/aktuelnosti\/vesti\/vesti-11-07-2024-id789871.html","og_locale":"sr_RS","og_type":"article","og_title":"Vesti \u2013 11.07.2024 - RADIO RUMUNIJA INTERNACIONAL","og_description":"Predsednik Rumunije Klaus Johanis i predsednik Ukrajine Volodimir Zelesnki potpisali su u \u010detvrtak u Va\u0161ingtonu bilateralni bezbednosni sporazum, na marginama samita NATO-a kojim se obele\u017eava 75 godina od osnivanja te organizacije. Tako ukupan broj bilateralnih sporazuma koje je Ukrajina potpisala sa svojim partnerima dosti\u017ee 23. Sporazum predvi\u0111a prenos sistema Patriot u susednu Ukrajinu i kontinuiranu [&hellip;]","og_url":"https:\/\/www.rri.ro\/sr\/aktuelnosti\/vesti\/vesti-11-07-2024-id789871.html","og_site_name":"RADIO RUMUNIJA INTERNACIONAL","article_published_time":"2024-07-11T15:13:42+00:00","article_modified_time":"2024-07-11T15:34:36+00:00","og_image":[{"width":960,"height":540,"url":"https:\/\/www.rri.ro\/wp-content\/uploads\/2024\/03\/RRI-960x540-Vesti-1-NOU.jpg","type":"image\/jpeg"}],"author":"Marija Nenadi\u0107-Zurka, Newsroom","twitter_card":"summary_large_image","twitter_misc":{"\u041d\u0430\u043f\u0438\u0441\u0430\u043d\u043e \u043e\u0434":"Marija Nenadi\u0107-Zurka","\u041f\u0440\u043e\u0446\u0435\u045a\u0435\u043d\u043e \u0432\u0440\u0435\u043c\u0435 \u0447\u0438\u0442\u0430\u045a\u0430":"4 \u043c\u0438\u043d\u0443\u0442\u0430","Written by":"Marija Nenadi\u0107-Zurka, Newsroom"},"schema":{"@context":"https:\/\/schema.org","@graph":[{"@type":"Article","@id":"https:\/\/www.rri.ro\/sr\/aktuelnosti\/vesti\/vesti-11-07-2024-id789871.html#article","isPartOf":{"@id":"https:\/\/www.rri.ro\/sr\/aktuelnosti\/vesti\/vesti-11-07-2024-id789871.html"},"author":{"name":"Marija Nenadi\u0107-Zurka","@id":"https:\/\/www.rri.ro\/#\/schema\/person\/a3f1370886b657670704847e2f795e3e"},"headline":"Vesti \u2013 11.07.2024","datePublished":"2024-07-11T15:13:42+00:00","dateModified":"2024-07-11T15:34:36+00:00","mainEntityOfPage":{"@id":"https:\/\/www.rri.ro\/sr\/aktuelnosti\/vesti\/vesti-11-07-2024-id789871.html"},"wordCount":871,"image":{"@id":"https:\/\/www.rri.ro\/sr\/aktuelnosti\/vesti\/vesti-11-07-2024-id789871.html#primaryimage"},"thumbnailUrl":"https:\/\/www.rri.ro\/wp-content\/uploads\/2024\/03\/RRI-960x540-Vesti-1-NOU.jpg","keywords":["cena struje","Institut za migracionu politiku","NATO","stopa inflacije"],"articleSection":["Vesti"],"inLanguage":"sr-RS"},{"@type":"WebPage","@id":"https:\/\/www.rri.ro\/sr\/aktuelnosti\/vesti\/vesti-11-07-2024-id789871.html","url":"https:\/\/www.rri.ro\/sr\/aktuelnosti\/vesti\/vesti-11-07-2024-id789871.html","name":"Vesti \u2013 11.07.2024 - RADIO RUMUNIJA INTERNACIONAL","isPartOf":{"@id":"https:\/\/www.rri.ro\/#website"},"primaryImageOfPage":{"@id":"https:\/\/www.rri.ro\/sr\/aktuelnosti\/vesti\/vesti-11-07-2024-id789871.html#primaryimage"},"image":{"@id":"https:\/\/www.rri.ro\/sr\/aktuelnosti\/vesti\/vesti-11-07-2024-id789871.html#primaryimage"},"thumbnailUrl":"https:\/\/www.rri.ro\/wp-content\/uploads\/2024\/03\/RRI-960x540-Vesti-1-NOU.jpg","datePublished":"2024-07-11T15:13:42+00:00","dateModified":"2024-07-11T15:34:36+00:00","author":{"@id":"https:\/\/www.rri.ro\/#\/schema\/person\/a3f1370886b657670704847e2f795e3e"},"breadcrumb":{"@id":"https:\/\/www.rri.ro\/sr\/aktuelnosti\/vesti\/vesti-11-07-2024-id789871.html#breadcrumb"},"inLanguage":"sr-RS","potentialAction":[{"@type":"ReadAction","target":["https:\/\/www.rri.ro\/sr\/aktuelnosti\/vesti\/vesti-11-07-2024-id789871.html"]}]},{"@type":"ImageObject","inLanguage":"sr-RS","@id":"https:\/\/www.rri.ro\/sr\/aktuelnosti\/vesti\/vesti-11-07-2024-id789871.html#primaryimage","url":"https:\/\/www.rri.ro\/wp-content\/uploads\/2024\/03\/RRI-960x540-Vesti-1-NOU.jpg","contentUrl":"https:\/\/www.rri.ro\/wp-content\/uploads\/2024\/03\/RRI-960x540-Vesti-1-NOU.jpg","width":960,"height":540},{"@type":"BreadcrumbList","@id":"https:\/\/www.rri.ro\/sr\/aktuelnosti\/vesti\/vesti-11-07-2024-id789871.html#breadcrumb","itemListElement":[{"@type":"ListItem","position":1,"name":"\u041f\u043e\u0447\u0435\u0442\u043d\u0430 \u0441\u0442\u0440\u0430\u043d\u0438\u0446\u0430","item":"https:\/\/www.rri.ro\/sr"},{"@type":"ListItem","position":2,"name":"Aktuelnosti","item":"https:\/\/www.rri.ro\/sr\/aktuelnosti"},{"@type":"ListItem","position":3,"name":"Vesti","item":"https:\/\/www.rri.ro\/sr\/aktuelnosti\/vesti"},{"@type":"ListItem","position":4,"name":"Vesti \u2013 11.07.2024"}]},{"@type":"WebSite","@id":"https:\/\/www.rri.ro\/#website","url":"https:\/\/www.rri.ro\/","name":"RADIO RUMUNIJA INTERNACIONAL","description":"Totul despre Rom\u00e2nia \u015fi rom\u00e2ni, \u00een 13 limbi\/dialecte!","inLanguage":"sr-RS"},{"@type":"Person","@id":"https:\/\/www.rri.ro\/#\/schema\/person\/a3f1370886b657670704847e2f795e3e","name":"Marija Nenadi\u0107-Zurka","url":"https:\/\/www.rri.ro\/sr\/author\/marija-nenadic"}]}},"_links":{"self":[{"href":"https:\/\/www.rri.ro\/sr\/wp-json\/wp\/v2\/posts\/789871","targetHints":{"allow":["GET"]}}],"collection":[{"href":"https:\/\/www.rri.ro\/sr\/wp-json\/wp\/v2\/posts"}],"about":[{"href":"https:\/\/www.rri.ro\/sr\/wp-json\/wp\/v2\/types\/post"}],"author":[{"embeddable":true,"href":"https:\/\/www.rri.ro\/sr\/wp-json\/wp\/v2\/users\/101"}],"replies":[{"embeddable":true,"href":"https:\/\/www.rri.ro\/sr\/wp-json\/wp\/v2\/comments?post=789871"}],"version-history":[{"count":0,"href":"https:\/\/www.rri.ro\/sr\/wp-json\/wp\/v2\/posts\/789871\/revisions"}],"wp:featuredmedia":[{"embeddable":true,"href":"https:\/\/www.rri.ro\/sr\/wp-json\/wp\/v2\/media\/723484"}],"wp:attachment":[{"href":"https:\/\/www.rri.ro\/sr\/wp-json\/wp\/v2\/media?parent=789871"}],"wp:term":[{"taxonomy":"category","embeddable":true,"href":"https:\/\/www.rri.ro\/sr\/wp-json\/wp\/v2\/categories?post=789871"},{"taxonomy":"post_tag","embeddable":true,"href":"https:\/\/www.rri.ro\/sr\/wp-json\/wp\/v2\/tags?post=789871"},{"taxonomy":"author","embeddable":true,"href":"https:\/\/www.rri.ro\/sr\/wp-json\/wp\/v2\/coauthors?post=789871"}],"curies":[{"name":"wp","href":"https:\/\/api.w.org\/{rel}","templated":true}]}}