{"id":805730,"date":"2024-09-11T16:46:31","date_gmt":"2024-09-11T13:46:31","guid":{"rendered":"https:\/\/www.rri.ro\/?p=805730"},"modified":"2024-09-11T16:49:16","modified_gmt":"2024-09-11T13:49:16","slug":"vesti-11-09-2024-2","status":"publish","type":"post","link":"https:\/\/www.rri.ro\/sr\/aktuelnosti\/vesti\/vesti-11-09-2024-2-id805730.html","title":{"rendered":"Vesti &#8211; 11.09.2024"},"content":{"rendered":"<p>Potreba da se dopuni zakonska regulativa koja se odnosi na moguc\u0301nost reagovanja na prodor neprijateljskih ili neovla\u0161c\u0301enih dronova u vazdu\u0161ni prostor Rumunije &#8211; zaklju\u010dak je sastanka \u010dlanova Senatske komisije odbrane sa predstavnicima Ministarstva odbrane, najavila je predsednica Komisija, Nikoleta Pauliuk. Prema njenim re\u010dima, razgovarano je o hitnosti usvajanja nacrta zakona koji bi omoguc\u0301ili onima iz Ministarstva spoljnih poslova da ostvare svoje misije.  \u201eNe postoji opasnost ako mo\u017eemo da ispunimo svoje misije, vazdu\u0161ni prostor koji se brani, jer smo deo NATO-a\u201c, rekla je Nikoleta Pauliuk. Podse\u0107amo u noc\u0301i izmedju subote i nedelje stanovnici okruga Tul\u010da i Konstanca (jugoistok) dobili su poruke upozorenja tkz RO-Alert poruke na opasnost od moguc\u0301eg pada predmeta, odnosno delova drona iz vazdu\u0161nog prostora. Kasnije je vojska identifikovala fragmente drona ruskog porekla u nenaseljenim podru\u010djima u blizini sela Periprava. Ministarstvo odbrane Rumunije najo\u0161trije je osudilo ruske napada na ukrajinske objekte i elemente civilne infrastrukture, koji su neopravdani iu ozbiljnoj suprotnosti sa normama me\u0111unarodnog prava. Diplomatija iz Bukure\u0161ta je, sa svoje strane, ponovila svoj \u010dvrst protest zbog ponovnog naru\u0161avanja rumunskog vazdu\u0161nog prostora i kategori\u010dki zatra\u017eila prekid ponovljenih napada na ukrajinsko stanovni\u0161tvo i civilnu infrastrukturu.<\/p>\n<p>Prema podacima koje je u sredu objavio Nacionalni institut za statistiku godi\u0161nja stopa inflacije u Rumuniji pala je u avgustu na 5,1%, sa 5,42% u julu, u uslovima u kojima su prehrambeni proizvodi poskupeli za 4,25%, neprehrambeni za 4,35%, a usluge za 8,60%. (INS). Narodna banka Rumunije (BNR) revidirala je prognozu inflacije za kraj 2024. godine na 4%, sa 4,9% i predvi\u0111a da c\u0301e ona dostic\u0301i stopu od 3,4% na kraju 2025. godine, prema podacima koje je u avgustu izneo guverner Mugur Isarescu<\/p>\n<p>Rumunske sportiste koji su osvojili medalje na Olimpijskim i Paraolimpijskim igrama u Parizu odlikovao je predsednik Klaus Johanis, navodi se u saop\u0161tenju na Fejsbuk stranici Rumunskog olimpijskog i sportskog komiteta (COSR).<br \/>\nNa Olimpijskim i Paraolimpijskim igrama u Parizu, Rumunija je osvojila ukupno \u010detiri zlatne, \u010detiri srebrne i tri bronzane medalje.<br \/>\nFlorin-Aleksandru Bologa, 28 godina, osvojio je zlatnu medalju u d\u017eudou za slepe, u kategoriji 73 kg.<br \/>\nParastonoteniserka Kamelija C\u0301iripana osvojila je bronzu Na Olimpijskim igrama, rumunski sportisti osvojili su tri zlatne, \u010detiri srebrne i dve bronzane medalje.  Zlato su osvojili pliva\u010d David Popovi\u010d na 200 metara slobodno, vesla\u010di Andrej Kornea i Marijan Enake u mu\u0161kom dubl skulu, \u017eenski osmerac sa kormilarom u sastavu Marija Magdalena Rusu, Roksana Angel, Ankuca Bodnar, Marija Leha\u010d, Adrijana Adam, Amalija Bere\u0161, Joana Vrin\u010danu, Simona Radi\u0161 i Viktorija \u0160tefanija Petreanu. Srebrne medalje osvojile su Ankuca Bodnar i Simona Radi\u0161 u dubl skulu, Joana Vran\u010danu i Roksana Angel u vesla\u010dkom dvojcu, Djanina van Groningen i Jonela Kozmjuk u dubl skulu lake kategorije i diza\u010dica tegova Mihaela Valentina Kambej u kategoriji 49 kg. Bronze medalje osvojili su David Popovi\u0107 na 100 metara slobodnim stilom i gimnasti\u010darka Ana Marija Barbosu u ve\u017ebi na parteru.<\/p>\n<p>Prema kalendaru koji je odobrila Vlada Bukure\u0161ta predizborni kampanja za predsedni\u010dke izbore u Rumuniji po\u010dinje u \u010detvrtak, osnivanjem Centralnog izbornog biroa. \u010clanovi Centralnog izbornog biroa bic\u0301e imenovani \u017erebom, a dan kasnije tajnim glasanjem bic\u0301e izabran i predsednik ove institucije. Krajnji rok za podno\u0161enje kandidatura na predsedni\u010dkim izborima je 5. oktobar. a izborna kampanja po\u010dinje 25. oktobra. Dr\u017eavljani Rumunije sa prebivali\u0161tem u inostranstvu mogu glasati putem po\u0161te, a rok za podno\u0161enje zahteva je do 24. septembar. Prvi krug izbora za najvi\u0161u funkciju u rumunskoj dr\u017eavi odr\u017eac\u0301e se 24. novembra, a drugi 8. decembra. Tako\u0111e, Rumuni c\u0301e biti pozvani na birali\u0161ta 1. decembra, na Dan dr\u017eavnosti, kada su raspisani op\u0161ti izbori, za imenovanje poslanika u bukure\u0161tanskom parlamentu. <\/p>\n<p>Senat u Bukure\u0161tu usvojio je predlog zakona o izmenama i dopunama Krivi\u010dnog zakonika, koji predvi\u0111a sli\u010dnu pravnu praksu za trgovinu ljudima i podvo\u0111enje pod prinudom. Trenutno, makroi mogu da izbegnu zatvorsku kaznu ako, na primer, \u017ertve izjave da nisu bile primorane na seksualne radnje  za sume novca. Sve poslani\u010dke grupe podr\u017eale su inicijativu. Takodje ova izmena Krivi\u010dnog zakonika mora da dobije pozitivan glas u Poslani\u010dkom domu da bi postala zakon. S druge strane, nedavno je a\u017eurirana tabela zabranjenih psihoaktivnih supstanci u Rumuniji. Na spisak narkotika dodato je 14 novih imena. 13 spada u kategoriju veoma rizi\u010dnih lekova, a jedan &#8211; u kategoriju lekova visokog rizika.<\/p>\n<p>Senat u Bukure\u0161tu je  usvojio zakonski predlog koji je inicirala grupa parlamentaraca USR-a, kojim se predvi\u0111a progresivno godi\u0161nje povec\u0301anje stope doprinosa za pilon II. Dokument predvidja da se, po\u010dev od dana objavljivanja zakona u Slu\u017ebenom listu Rumunije, stopa doprinosa za penzijski fond povec\u0301ava godi\u0161nje za 1% po\u010dev od 1. januara svake godine, do dostizanja procenta od 10%. Penzijski sistem pilon II treba posmatrati kao investiciju koja kratkoro\u010dno povec\u0301ava javnu potro\u0161nju, ali c\u0301e dugoro\u010dno pojeftiniti \u2013 navodi se u obrazlo\u017eenju, a mera c\u0301e imati zna\u010dajan pozitivan uticaj na nivo prihoda stanovni\u0161tva koje dosti\u017ee starosnu granicu za penzionisanje, olak\u0161avajuc\u0301i teret dr\u017eave sa kojim c\u0301e se suo\u010davati sve starija populacija. O zakonskom predlogu c\u0301e se reraspravljati u Poslani\u010dkom domu , organ koji odlu\u010duje u ovom slu\u010daju.<\/p>\n","protected":false},"excerpt":{"rendered":"<p>Potreba da se dopuni zakonska regulativa koja se odnosi na moguc\u0301nost reagovanja na prodor neprijateljskih ili neovla\u0161c\u0301enih dronova u vazdu\u0161ni prostor Rumunije &#8211; zaklju\u010dak je sastanka \u010dlanova Senatske komisije odbrane sa predstavnicima Ministarstva odbrane, najavila je predsednica Komisija, Nikoleta Pauliuk. Prema njenim re\u010dima, razgovarano je o hitnosti usvajanja nacrta zakona koji bi omoguc\u0301ili onima iz [&hellip;]<\/p>\n","protected":false},"author":100,"featured_media":723484,"comment_status":"closed","ping_status":"closed","sticky":false,"template":"","format":"standard","meta":{"_acf_changed":false,"footnotes":""},"categories":[105434],"tags":[],"coauthors":[114932,116091],"class_list":["post-805730","post","type-post","status-publish","format-standard","has-post-thumbnail","hentry","category-vesti"],"acf":[],"yoast_head":"<!-- This site is optimized with the Yoast SEO plugin v27.3 - https:\/\/yoast.com\/product\/yoast-seo-wordpress\/ -->\n<title>Vesti - 11.09.2024 - RADIO RUMUNIJA INTERNACIONAL<\/title>\n<meta name=\"robots\" content=\"index, follow, max-snippet:-1, max-image-preview:large, max-video-preview:-1\" \/>\n<link rel=\"canonical\" href=\"https:\/\/www.rri.ro\/sr\/aktuelnosti\/vesti\/vesti-11-09-2024-2-id805730.html\" \/>\n<meta property=\"og:locale\" content=\"sr_RS\" \/>\n<meta property=\"og:type\" content=\"article\" \/>\n<meta property=\"og:title\" content=\"Vesti - 11.09.2024 - RADIO RUMUNIJA INTERNACIONAL\" \/>\n<meta property=\"og:description\" content=\"Potreba da se dopuni zakonska regulativa koja se odnosi na moguc\u0301nost reagovanja na prodor neprijateljskih ili neovla\u0161c\u0301enih dronova u vazdu\u0161ni prostor Rumunije &#8211; zaklju\u010dak je sastanka \u010dlanova Senatske komisije odbrane sa predstavnicima Ministarstva odbrane, najavila je predsednica Komisija, Nikoleta Pauliuk. Prema njenim re\u010dima, razgovarano je o hitnosti usvajanja nacrta zakona koji bi omoguc\u0301ili onima iz [&hellip;]\" \/>\n<meta property=\"og:url\" content=\"https:\/\/www.rri.ro\/sr\/aktuelnosti\/vesti\/vesti-11-09-2024-2-id805730.html\" \/>\n<meta property=\"og:site_name\" content=\"RADIO RUMUNIJA INTERNACIONAL\" \/>\n<meta property=\"article:published_time\" content=\"2024-09-11T13:46:31+00:00\" \/>\n<meta property=\"article:modified_time\" content=\"2024-09-11T13:49:16+00:00\" \/>\n<meta property=\"og:image\" content=\"https:\/\/www.rri.ro\/wp-content\/uploads\/2024\/03\/RRI-960x540-Vesti-1-NOU.jpg\" \/>\n\t<meta property=\"og:image:width\" content=\"960\" \/>\n\t<meta property=\"og:image:height\" content=\"540\" \/>\n\t<meta property=\"og:image:type\" content=\"image\/jpeg\" \/>\n<meta name=\"author\" content=\"Dragana Diamandi, Newsroom\" \/>\n<meta name=\"twitter:card\" content=\"summary_large_image\" \/>\n<meta name=\"twitter:label1\" content=\"\u041d\u0430\u043f\u0438\u0441\u0430\u043d\u043e \u043e\u0434\" \/>\n\t<meta name=\"twitter:data1\" content=\"Dragana Diamandi\" \/>\n\t<meta name=\"twitter:label2\" content=\"\u041f\u0440\u043e\u0446\u0435\u045a\u0435\u043d\u043e \u0432\u0440\u0435\u043c\u0435 \u0447\u0438\u0442\u0430\u045a\u0430\" \/>\n\t<meta name=\"twitter:data2\" content=\"4 \u043c\u0438\u043d\u0443\u0442\u0430\" \/>\n\t<meta name=\"twitter:label3\" content=\"Written by\" \/>\n\t<meta name=\"twitter:data3\" content=\"Dragana Diamandi, Newsroom\" \/>\n<script type=\"application\/ld+json\" class=\"yoast-schema-graph\">{\"@context\":\"https:\\\/\\\/schema.org\",\"@graph\":[{\"@type\":\"Article\",\"@id\":\"https:\\\/\\\/www.rri.ro\\\/sr\\\/aktuelnosti\\\/vesti\\\/vesti-11-09-2024-2-id805730.html#article\",\"isPartOf\":{\"@id\":\"https:\\\/\\\/www.rri.ro\\\/sr\\\/aktuelnosti\\\/vesti\\\/vesti-11-09-2024-2-id805730.html\"},\"author\":{\"name\":\"Dragana Diamandi\",\"@id\":\"https:\\\/\\\/www.rri.ro\\\/#\\\/schema\\\/person\\\/72349bda10edda903f72d4a98aefdf6a\"},\"headline\":\"Vesti &#8211; 11.09.2024\",\"datePublished\":\"2024-09-11T13:46:31+00:00\",\"dateModified\":\"2024-09-11T13:49:16+00:00\",\"mainEntityOfPage\":{\"@id\":\"https:\\\/\\\/www.rri.ro\\\/sr\\\/aktuelnosti\\\/vesti\\\/vesti-11-09-2024-2-id805730.html\"},\"wordCount\":879,\"image\":{\"@id\":\"https:\\\/\\\/www.rri.ro\\\/sr\\\/aktuelnosti\\\/vesti\\\/vesti-11-09-2024-2-id805730.html#primaryimage\"},\"thumbnailUrl\":\"https:\\\/\\\/www.rri.ro\\\/wp-content\\\/uploads\\\/2024\\\/03\\\/RRI-960x540-Vesti-1-NOU.jpg\",\"articleSection\":[\"Vesti\"],\"inLanguage\":\"sr-RS\"},{\"@type\":\"WebPage\",\"@id\":\"https:\\\/\\\/www.rri.ro\\\/sr\\\/aktuelnosti\\\/vesti\\\/vesti-11-09-2024-2-id805730.html\",\"url\":\"https:\\\/\\\/www.rri.ro\\\/sr\\\/aktuelnosti\\\/vesti\\\/vesti-11-09-2024-2-id805730.html\",\"name\":\"Vesti - 11.09.2024 - RADIO RUMUNIJA INTERNACIONAL\",\"isPartOf\":{\"@id\":\"https:\\\/\\\/www.rri.ro\\\/#website\"},\"primaryImageOfPage\":{\"@id\":\"https:\\\/\\\/www.rri.ro\\\/sr\\\/aktuelnosti\\\/vesti\\\/vesti-11-09-2024-2-id805730.html#primaryimage\"},\"image\":{\"@id\":\"https:\\\/\\\/www.rri.ro\\\/sr\\\/aktuelnosti\\\/vesti\\\/vesti-11-09-2024-2-id805730.html#primaryimage\"},\"thumbnailUrl\":\"https:\\\/\\\/www.rri.ro\\\/wp-content\\\/uploads\\\/2024\\\/03\\\/RRI-960x540-Vesti-1-NOU.jpg\",\"datePublished\":\"2024-09-11T13:46:31+00:00\",\"dateModified\":\"2024-09-11T13:49:16+00:00\",\"author\":{\"@id\":\"https:\\\/\\\/www.rri.ro\\\/#\\\/schema\\\/person\\\/72349bda10edda903f72d4a98aefdf6a\"},\"breadcrumb\":{\"@id\":\"https:\\\/\\\/www.rri.ro\\\/sr\\\/aktuelnosti\\\/vesti\\\/vesti-11-09-2024-2-id805730.html#breadcrumb\"},\"inLanguage\":\"sr-RS\",\"potentialAction\":[{\"@type\":\"ReadAction\",\"target\":[\"https:\\\/\\\/www.rri.ro\\\/sr\\\/aktuelnosti\\\/vesti\\\/vesti-11-09-2024-2-id805730.html\"]}]},{\"@type\":\"ImageObject\",\"inLanguage\":\"sr-RS\",\"@id\":\"https:\\\/\\\/www.rri.ro\\\/sr\\\/aktuelnosti\\\/vesti\\\/vesti-11-09-2024-2-id805730.html#primaryimage\",\"url\":\"https:\\\/\\\/www.rri.ro\\\/wp-content\\\/uploads\\\/2024\\\/03\\\/RRI-960x540-Vesti-1-NOU.jpg\",\"contentUrl\":\"https:\\\/\\\/www.rri.ro\\\/wp-content\\\/uploads\\\/2024\\\/03\\\/RRI-960x540-Vesti-1-NOU.jpg\",\"width\":960,\"height\":540},{\"@type\":\"BreadcrumbList\",\"@id\":\"https:\\\/\\\/www.rri.ro\\\/sr\\\/aktuelnosti\\\/vesti\\\/vesti-11-09-2024-2-id805730.html#breadcrumb\",\"itemListElement\":[{\"@type\":\"ListItem\",\"position\":1,\"name\":\"\u041f\u043e\u0447\u0435\u0442\u043d\u0430 \u0441\u0442\u0440\u0430\u043d\u0438\u0446\u0430\",\"item\":\"https:\\\/\\\/www.rri.ro\\\/sr\"},{\"@type\":\"ListItem\",\"position\":2,\"name\":\"Aktuelnosti\",\"item\":\"https:\\\/\\\/www.rri.ro\\\/sr\\\/aktuelnosti\"},{\"@type\":\"ListItem\",\"position\":3,\"name\":\"Vesti\",\"item\":\"https:\\\/\\\/www.rri.ro\\\/sr\\\/aktuelnosti\\\/vesti\"},{\"@type\":\"ListItem\",\"position\":4,\"name\":\"Vesti &#8211; 11.09.2024\"}]},{\"@type\":\"WebSite\",\"@id\":\"https:\\\/\\\/www.rri.ro\\\/#website\",\"url\":\"https:\\\/\\\/www.rri.ro\\\/\",\"name\":\"RADIO RUMUNIJA INTERNACIONAL\",\"description\":\"Totul despre Rom\u00e2nia \u015fi rom\u00e2ni, \u00een 13 limbi\\\/dialecte!\",\"inLanguage\":\"sr-RS\"},{\"@type\":\"Person\",\"@id\":\"https:\\\/\\\/www.rri.ro\\\/#\\\/schema\\\/person\\\/72349bda10edda903f72d4a98aefdf6a\",\"name\":\"Dragana Diamandi\",\"url\":\"https:\\\/\\\/www.rri.ro\\\/sr\\\/author\\\/dragana-diamandi\"}]}<\/script>\n<!-- \/ Yoast SEO plugin. -->","yoast_head_json":{"title":"Vesti - 11.09.2024 - RADIO RUMUNIJA INTERNACIONAL","robots":{"index":"index","follow":"follow","max-snippet":"max-snippet:-1","max-image-preview":"max-image-preview:large","max-video-preview":"max-video-preview:-1"},"canonical":"https:\/\/www.rri.ro\/sr\/aktuelnosti\/vesti\/vesti-11-09-2024-2-id805730.html","og_locale":"sr_RS","og_type":"article","og_title":"Vesti - 11.09.2024 - RADIO RUMUNIJA INTERNACIONAL","og_description":"Potreba da se dopuni zakonska regulativa koja se odnosi na moguc\u0301nost reagovanja na prodor neprijateljskih ili neovla\u0161c\u0301enih dronova u vazdu\u0161ni prostor Rumunije &#8211; zaklju\u010dak je sastanka \u010dlanova Senatske komisije odbrane sa predstavnicima Ministarstva odbrane, najavila je predsednica Komisija, Nikoleta Pauliuk. Prema njenim re\u010dima, razgovarano je o hitnosti usvajanja nacrta zakona koji bi omoguc\u0301ili onima iz [&hellip;]","og_url":"https:\/\/www.rri.ro\/sr\/aktuelnosti\/vesti\/vesti-11-09-2024-2-id805730.html","og_site_name":"RADIO RUMUNIJA INTERNACIONAL","article_published_time":"2024-09-11T13:46:31+00:00","article_modified_time":"2024-09-11T13:49:16+00:00","og_image":[{"width":960,"height":540,"url":"https:\/\/www.rri.ro\/wp-content\/uploads\/2024\/03\/RRI-960x540-Vesti-1-NOU.jpg","type":"image\/jpeg"}],"author":"Dragana Diamandi, Newsroom","twitter_card":"summary_large_image","twitter_misc":{"\u041d\u0430\u043f\u0438\u0441\u0430\u043d\u043e \u043e\u0434":"Dragana Diamandi","\u041f\u0440\u043e\u0446\u0435\u045a\u0435\u043d\u043e \u0432\u0440\u0435\u043c\u0435 \u0447\u0438\u0442\u0430\u045a\u0430":"4 \u043c\u0438\u043d\u0443\u0442\u0430","Written by":"Dragana Diamandi, Newsroom"},"schema":{"@context":"https:\/\/schema.org","@graph":[{"@type":"Article","@id":"https:\/\/www.rri.ro\/sr\/aktuelnosti\/vesti\/vesti-11-09-2024-2-id805730.html#article","isPartOf":{"@id":"https:\/\/www.rri.ro\/sr\/aktuelnosti\/vesti\/vesti-11-09-2024-2-id805730.html"},"author":{"name":"Dragana Diamandi","@id":"https:\/\/www.rri.ro\/#\/schema\/person\/72349bda10edda903f72d4a98aefdf6a"},"headline":"Vesti &#8211; 11.09.2024","datePublished":"2024-09-11T13:46:31+00:00","dateModified":"2024-09-11T13:49:16+00:00","mainEntityOfPage":{"@id":"https:\/\/www.rri.ro\/sr\/aktuelnosti\/vesti\/vesti-11-09-2024-2-id805730.html"},"wordCount":879,"image":{"@id":"https:\/\/www.rri.ro\/sr\/aktuelnosti\/vesti\/vesti-11-09-2024-2-id805730.html#primaryimage"},"thumbnailUrl":"https:\/\/www.rri.ro\/wp-content\/uploads\/2024\/03\/RRI-960x540-Vesti-1-NOU.jpg","articleSection":["Vesti"],"inLanguage":"sr-RS"},{"@type":"WebPage","@id":"https:\/\/www.rri.ro\/sr\/aktuelnosti\/vesti\/vesti-11-09-2024-2-id805730.html","url":"https:\/\/www.rri.ro\/sr\/aktuelnosti\/vesti\/vesti-11-09-2024-2-id805730.html","name":"Vesti - 11.09.2024 - RADIO RUMUNIJA INTERNACIONAL","isPartOf":{"@id":"https:\/\/www.rri.ro\/#website"},"primaryImageOfPage":{"@id":"https:\/\/www.rri.ro\/sr\/aktuelnosti\/vesti\/vesti-11-09-2024-2-id805730.html#primaryimage"},"image":{"@id":"https:\/\/www.rri.ro\/sr\/aktuelnosti\/vesti\/vesti-11-09-2024-2-id805730.html#primaryimage"},"thumbnailUrl":"https:\/\/www.rri.ro\/wp-content\/uploads\/2024\/03\/RRI-960x540-Vesti-1-NOU.jpg","datePublished":"2024-09-11T13:46:31+00:00","dateModified":"2024-09-11T13:49:16+00:00","author":{"@id":"https:\/\/www.rri.ro\/#\/schema\/person\/72349bda10edda903f72d4a98aefdf6a"},"breadcrumb":{"@id":"https:\/\/www.rri.ro\/sr\/aktuelnosti\/vesti\/vesti-11-09-2024-2-id805730.html#breadcrumb"},"inLanguage":"sr-RS","potentialAction":[{"@type":"ReadAction","target":["https:\/\/www.rri.ro\/sr\/aktuelnosti\/vesti\/vesti-11-09-2024-2-id805730.html"]}]},{"@type":"ImageObject","inLanguage":"sr-RS","@id":"https:\/\/www.rri.ro\/sr\/aktuelnosti\/vesti\/vesti-11-09-2024-2-id805730.html#primaryimage","url":"https:\/\/www.rri.ro\/wp-content\/uploads\/2024\/03\/RRI-960x540-Vesti-1-NOU.jpg","contentUrl":"https:\/\/www.rri.ro\/wp-content\/uploads\/2024\/03\/RRI-960x540-Vesti-1-NOU.jpg","width":960,"height":540},{"@type":"BreadcrumbList","@id":"https:\/\/www.rri.ro\/sr\/aktuelnosti\/vesti\/vesti-11-09-2024-2-id805730.html#breadcrumb","itemListElement":[{"@type":"ListItem","position":1,"name":"\u041f\u043e\u0447\u0435\u0442\u043d\u0430 \u0441\u0442\u0440\u0430\u043d\u0438\u0446\u0430","item":"https:\/\/www.rri.ro\/sr"},{"@type":"ListItem","position":2,"name":"Aktuelnosti","item":"https:\/\/www.rri.ro\/sr\/aktuelnosti"},{"@type":"ListItem","position":3,"name":"Vesti","item":"https:\/\/www.rri.ro\/sr\/aktuelnosti\/vesti"},{"@type":"ListItem","position":4,"name":"Vesti &#8211; 11.09.2024"}]},{"@type":"WebSite","@id":"https:\/\/www.rri.ro\/#website","url":"https:\/\/www.rri.ro\/","name":"RADIO RUMUNIJA INTERNACIONAL","description":"Totul despre Rom\u00e2nia \u015fi rom\u00e2ni, \u00een 13 limbi\/dialecte!","inLanguage":"sr-RS"},{"@type":"Person","@id":"https:\/\/www.rri.ro\/#\/schema\/person\/72349bda10edda903f72d4a98aefdf6a","name":"Dragana Diamandi","url":"https:\/\/www.rri.ro\/sr\/author\/dragana-diamandi"}]}},"_links":{"self":[{"href":"https:\/\/www.rri.ro\/sr\/wp-json\/wp\/v2\/posts\/805730","targetHints":{"allow":["GET"]}}],"collection":[{"href":"https:\/\/www.rri.ro\/sr\/wp-json\/wp\/v2\/posts"}],"about":[{"href":"https:\/\/www.rri.ro\/sr\/wp-json\/wp\/v2\/types\/post"}],"author":[{"embeddable":true,"href":"https:\/\/www.rri.ro\/sr\/wp-json\/wp\/v2\/users\/100"}],"replies":[{"embeddable":true,"href":"https:\/\/www.rri.ro\/sr\/wp-json\/wp\/v2\/comments?post=805730"}],"version-history":[{"count":0,"href":"https:\/\/www.rri.ro\/sr\/wp-json\/wp\/v2\/posts\/805730\/revisions"}],"wp:featuredmedia":[{"embeddable":true,"href":"https:\/\/www.rri.ro\/sr\/wp-json\/wp\/v2\/media\/723484"}],"wp:attachment":[{"href":"https:\/\/www.rri.ro\/sr\/wp-json\/wp\/v2\/media?parent=805730"}],"wp:term":[{"taxonomy":"category","embeddable":true,"href":"https:\/\/www.rri.ro\/sr\/wp-json\/wp\/v2\/categories?post=805730"},{"taxonomy":"post_tag","embeddable":true,"href":"https:\/\/www.rri.ro\/sr\/wp-json\/wp\/v2\/tags?post=805730"},{"taxonomy":"author","embeddable":true,"href":"https:\/\/www.rri.ro\/sr\/wp-json\/wp\/v2\/coauthors?post=805730"}],"curies":[{"name":"wp","href":"https:\/\/api.w.org\/{rel}","templated":true}]}}