{"id":815839,"date":"2024-10-09T18:48:59","date_gmt":"2024-10-09T15:48:59","guid":{"rendered":"https:\/\/www.rri.ro\/?p=815839"},"modified":"2024-10-09T16:52:20","modified_gmt":"2024-10-09T13:52:20","slug":"vesti-09-10-2024","status":"publish","type":"post","link":"https:\/\/www.rri.ro\/sr\/aktuelnosti\/vesti\/vesti-09-10-2024-id815839.html","title":{"rendered":"Vesti \u2013 09.10.2024"},"content":{"rendered":"<p>Rumunska ministarka spoljnih poslova Luminica Odobesku sastala se danas sa ministrom za planiranje, ekonomski razvoj i me\u0111unarodnu saradnju Egipta Raniom Al-Ma\u0161atom. Dvoje ministara su potvrdila zajedni\u010dki interes za ja\u010danje rumunsko-egipatskog dijaloga i saradnje, kako u pogledu bilateralnih odnosa, tako i u pogledu regionalnih i me\u0111unarodnih de\u0161avanja. Ministarka Luminica Odobesku prenela je zahvalnost Rumunije za napore Egipta da obezbedi mir i stabilnost na Bliskom istoku i u Africi. Ona je zahvalila na podr\u0161ci koju su egipatske vlasti pru\u017eile za repatrijaciju rumunskih dr\u017eavljana iz pojasa Gaze. Istovremeno, ona je ponovila podr\u0161ku Rumunije produbljivanju strate\u0161kog i sveobuhvatnog partnerstva Evropska Unija-Egipat. Egipatski ministar, koji vr\u0161i kopredsedavanje u okviru Zajedni\u010dkog komiteta za ekonomsku, tehni\u010dku i nau\u010dnu saradnju Rumunije i Egipta, izrazio je interesovanje svoje zemlje za razvoj ekonomskih i sektorskih odnosa sa Rumunijom. On se osvrnuo i na obimne napore Vlade u Kairu za razvoj me\u0111unarodnog ekonomskog partnerstva i efikasno upravljanje ekonomskim efektima regionalnih kriza.<\/p>\n<p>Rumunija je spremna da ispo\u0161tuje svoje obaveze odr\u017eavanja bezbednosti, izjavio je u utorak ministar nacionalne odbrane An\u0111el Tilvar u Pri\u0161tini, gde se sastao sa komandnim timom NATO mirovne operacije KFOR, gde Rumunija ima va\u017ean doprinos, i sa rumunskim vojnicima u misiji. Ministar je u poseti Zapadnom Balkanu, na po\u010detku nove rotacije zna\u010dajnog dela vojnih odreda raspore\u0111enih u Pri\u0161tini, na Kosovu i u Sarajevu, u Bosni i Hercegovini. Kao \u010dlanica NATO-a i Evropske unije, Rumunija je spremna da po\u0161tuje svoje obaveze i podr\u017ei savezni\u010dke napore u odr\u017eavanju bezbednosti i unapre\u0111enju mira u regionu Zapadnog Balkana, rekao je rumunski ministar. An\u0111el Tilvar je u sredu boravio u Sarajevu, u Bosni i Hercegovini, gde se sastao sa svojim kolegom iz ove zemlje Zukanom Helezom, sa komandantom snaga EU &#8211; EUFOR ALTHEA, sa komandantom NATO komande u Sarajevu i sa rumunskim vojnicima raspore\u0111enim u ovoj bazi.<\/p>\n<p>Nobelova nagrada za hemiju dodeljena je u sredu ameri\u010dkom istra\u017eiva\u010du Dejvidu Bejkeru sa Univerziteta u Va\u0161ingtonu za kompjuterski dizajn proteina i Britancima Demisu Hasabisu i D\u017eonu D\u017eamperu, istra\u017eiva\u010dima Google Deepminda, za predvi\u0111anje struktura proteina \u2013 \u200b\u200bprema saop\u0161tenju Nobelovog komiteta u Stokholmu. Nagrada je 2023. dodeljena istra\u017eiva\u010dima Moungiju G. Bavendiju, Luisu E. Brusu i Alekseju I. Ekimovu za \u201eotkric\u0301e i sintezu kvantnih ta\u010daka\u201c. Nagrade c\u0301e laureatima biti uru\u010dene na posebnoj sve\u010danosti koja c\u0301e biti organizovana 10. decembra, na dan smrti Alfreda Nobela (1833-1896), pronalaza\u010da dinamita. Kraljevska \u0161vedska akademija nauka objavila je, do sada, Nobelove nagrade za medicinu i fiziku.<\/p>\n<p>Rumunija c\u0301e kupiti \u010detiri radara velike snage od Sjedinjenih Dr\u017eava. Sistem Sentinel je u stanju da otkrije \u0161irok spektar vazdu\u0161nih objekata i zna\u010dajno c\u0301e povec\u0301ati kapacitet Rumunije za odvrac\u0301anje i odbranu od potencijalnih pretnji. Ovi najsavremeniji radari c\u0301e upotpuniti rumunske moguc\u0301nosti protivvazdu\u0161ne odbrane, posebno u pogledu ranog otkrivanja bespilotnih letelica, u kontekstu rata u Ukrajini, rekao je ministar An\u0111el Tilvar.<\/p>\n<p>Evropski parlament usvojio je u sredu velikom vec\u0301inom rezoluciju o ja\u010danju otpornosti Republike Moldavije pred predstojec\u0301e predsedni\u010dke izbore i referendum o pristupanju Evropskoj uniji 20. oktobra. Rezolucijom se osu\u0111uju zlonamerne aktivnosti, me\u0161anje i hibridne operacije Ruske Federacije, proruskih oligarha i lokalnih aktera koje sponzori\u0161e Rusija, \u010diji je cilj podrivanje izbornog procesa, bezbednosti, suvereniteta i demokratskih osnova Republike Moldavije. U isto vreme, poslanici Evropskog Parlamenta optu\u017euju Rusiju da podsti\u010de podele u moldavskom dru\u0161tvu i da poku\u0161ava da izbaci iz koloseka proevropsku putanju dr\u017eave.<\/p>\n<p>Poslani\u010dki dom u Bukure\u0161tu usvojio je nacrt zakona prema kojem c\u0301e oni koji odre\u0111uju ili olak\u0161avaju bavljenje prostitucijom ili sticanje imovinske koristi od bavljenja prostitucijom od strane jednog ili vi\u0161e maloletnika izdr\u017eavati kaznu od 7 do 15 godina zatvora, a odre\u0111ena prava mogu biti ograni\u010dena. Za ovo delo bic\u0301e zaprec\u0301ena kazna zatvora od 10 do 20 godina ako ga je izvr\u0161ilo lice koje je ranije po\u010dinilo krivi\u010dno delo protiv polne slobode i integriteta, krivi\u010dno delo de\u010dije pornografije, krivi\u010dno delo trgovine ljudima, trgovine maloletnicima ili svoditeljstva. Istovremeno, poslanici su odlu\u010dili da rumunska dr\u017eava dodeli besplatnu pravnu pomoc\u0301 i nov\u010danu od\u0161tetu \u017ertvama trgovine ljudima, krivi\u010dnih dela u porodici ili krivi\u010dnog dela te\u0161kog nasilja.<\/p>\n<p>Predsednik Rumunije Klaus Johanis uputio je u sredu poruku povodom Nacionalnog dana sec\u0301anja na \u017ertve Holokausta, u kojoj navodi da terorizam, mr\u017enja, nasilje, dezinformacije i govor mr\u017enje ponovo uzimaju maha, a odgovornost je dana\u0161njih generacija da ih spre\u010de. \u0160ef dr\u017eave je potvrdio privr\u017eenost rumunske dr\u017eave demokratskim vrednostima i uva\u017eavanju ljudskog dostojanstva. I premijer Mar\u010del \u010colaku je preneo da je antisemitizam \u201etragi\u010dno\u201d realnost sada\u0161njosti, ali da je na\u0161a du\u017enost da ne bude i realnost buduc\u0301nosti.<\/p>\n","protected":false},"excerpt":{"rendered":"<p>Rumunska ministarka spoljnih poslova Luminica Odobesku sastala se danas sa ministrom za planiranje, ekonomski razvoj i me\u0111unarodnu saradnju Egipta Raniom Al-Ma\u0161atom. Dvoje ministara su potvrdila zajedni\u010dki interes za ja\u010danje rumunsko-egipatskog dijaloga i saradnje, kako u pogledu bilateralnih odnosa, tako i u pogledu regionalnih i me\u0111unarodnih de\u0161avanja. Ministarka Luminica Odobesku prenela je zahvalnost Rumunije za napore [&hellip;]<\/p>\n","protected":false},"author":101,"featured_media":723484,"comment_status":"closed","ping_status":"closed","sticky":false,"template":"","format":"standard","meta":{"_acf_changed":false,"footnotes":""},"categories":[105434],"tags":[156244,156243,145493,156242,156245],"coauthors":[113245,116091],"class_list":["post-815839","post","type-post","status-publish","format-standard","has-post-thumbnail","hentry","category-vesti","tag-kfor-sr","tag-nacionalni-dan-secanja-na-zrtve-holokausta","tag-nato-sr","tag-nobelova-nagrada","tag-sentinel-sr"],"acf":[],"yoast_head":"<!-- This site is optimized with the Yoast SEO plugin v27.3 - https:\/\/yoast.com\/product\/yoast-seo-wordpress\/ -->\n<title>Vesti \u2013 09.10.2024 - RADIO RUMUNIJA INTERNACIONAL<\/title>\n<meta name=\"robots\" content=\"index, follow, max-snippet:-1, max-image-preview:large, max-video-preview:-1\" \/>\n<link rel=\"canonical\" href=\"https:\/\/www.rri.ro\/sr\/aktuelnosti\/vesti\/vesti-09-10-2024-id815839.html\" \/>\n<meta property=\"og:locale\" content=\"sr_RS\" \/>\n<meta property=\"og:type\" content=\"article\" \/>\n<meta property=\"og:title\" content=\"Vesti \u2013 09.10.2024 - RADIO RUMUNIJA INTERNACIONAL\" \/>\n<meta property=\"og:description\" content=\"Rumunska ministarka spoljnih poslova Luminica Odobesku sastala se danas sa ministrom za planiranje, ekonomski razvoj i me\u0111unarodnu saradnju Egipta Raniom Al-Ma\u0161atom. Dvoje ministara su potvrdila zajedni\u010dki interes za ja\u010danje rumunsko-egipatskog dijaloga i saradnje, kako u pogledu bilateralnih odnosa, tako i u pogledu regionalnih i me\u0111unarodnih de\u0161avanja. Ministarka Luminica Odobesku prenela je zahvalnost Rumunije za napore [&hellip;]\" \/>\n<meta property=\"og:url\" content=\"https:\/\/www.rri.ro\/sr\/aktuelnosti\/vesti\/vesti-09-10-2024-id815839.html\" \/>\n<meta property=\"og:site_name\" content=\"RADIO RUMUNIJA INTERNACIONAL\" \/>\n<meta property=\"article:published_time\" content=\"2024-10-09T15:48:59+00:00\" \/>\n<meta property=\"og:image\" content=\"https:\/\/www.rri.ro\/wp-content\/uploads\/2024\/03\/RRI-960x540-Vesti-1-NOU.jpg\" \/>\n\t<meta property=\"og:image:width\" content=\"960\" \/>\n\t<meta property=\"og:image:height\" content=\"540\" \/>\n\t<meta property=\"og:image:type\" content=\"image\/jpeg\" \/>\n<meta name=\"author\" content=\"Marija Nenadi\u0107-Zurka, Newsroom\" \/>\n<meta name=\"twitter:card\" content=\"summary_large_image\" \/>\n<meta name=\"twitter:label1\" content=\"\u041d\u0430\u043f\u0438\u0441\u0430\u043d\u043e \u043e\u0434\" \/>\n\t<meta name=\"twitter:data1\" content=\"Marija Nenadi\u0107-Zurka\" \/>\n\t<meta name=\"twitter:label2\" content=\"\u041f\u0440\u043e\u0446\u0435\u045a\u0435\u043d\u043e \u0432\u0440\u0435\u043c\u0435 \u0447\u0438\u0442\u0430\u045a\u0430\" \/>\n\t<meta name=\"twitter:data2\" content=\"4 \u043c\u0438\u043d\u0443\u0442\u0430\" \/>\n\t<meta name=\"twitter:label3\" content=\"Written by\" \/>\n\t<meta name=\"twitter:data3\" content=\"Marija Nenadi\u0107-Zurka, Newsroom\" \/>\n<script type=\"application\/ld+json\" class=\"yoast-schema-graph\">{\"@context\":\"https:\\\/\\\/schema.org\",\"@graph\":[{\"@type\":\"Article\",\"@id\":\"https:\\\/\\\/www.rri.ro\\\/sr\\\/aktuelnosti\\\/vesti\\\/vesti-09-10-2024-id815839.html#article\",\"isPartOf\":{\"@id\":\"https:\\\/\\\/www.rri.ro\\\/sr\\\/aktuelnosti\\\/vesti\\\/vesti-09-10-2024-id815839.html\"},\"author\":{\"name\":\"Marija Nenadi\u0107-Zurka\",\"@id\":\"https:\\\/\\\/www.rri.ro\\\/#\\\/schema\\\/person\\\/a3f1370886b657670704847e2f795e3e\"},\"headline\":\"Vesti \u2013 09.10.2024\",\"datePublished\":\"2024-10-09T15:48:59+00:00\",\"mainEntityOfPage\":{\"@id\":\"https:\\\/\\\/www.rri.ro\\\/sr\\\/aktuelnosti\\\/vesti\\\/vesti-09-10-2024-id815839.html\"},\"wordCount\":823,\"image\":{\"@id\":\"https:\\\/\\\/www.rri.ro\\\/sr\\\/aktuelnosti\\\/vesti\\\/vesti-09-10-2024-id815839.html#primaryimage\"},\"thumbnailUrl\":\"https:\\\/\\\/www.rri.ro\\\/wp-content\\\/uploads\\\/2024\\\/03\\\/RRI-960x540-Vesti-1-NOU.jpg\",\"keywords\":[\"KFOR\",\"Nacionalni dan se\u0107anja na \u017ertve Holokausta\",\"NATO\",\"Nobelova nagrada\",\"Sentinel\"],\"articleSection\":[\"Vesti\"],\"inLanguage\":\"sr-RS\"},{\"@type\":\"WebPage\",\"@id\":\"https:\\\/\\\/www.rri.ro\\\/sr\\\/aktuelnosti\\\/vesti\\\/vesti-09-10-2024-id815839.html\",\"url\":\"https:\\\/\\\/www.rri.ro\\\/sr\\\/aktuelnosti\\\/vesti\\\/vesti-09-10-2024-id815839.html\",\"name\":\"Vesti \u2013 09.10.2024 - RADIO RUMUNIJA INTERNACIONAL\",\"isPartOf\":{\"@id\":\"https:\\\/\\\/www.rri.ro\\\/#website\"},\"primaryImageOfPage\":{\"@id\":\"https:\\\/\\\/www.rri.ro\\\/sr\\\/aktuelnosti\\\/vesti\\\/vesti-09-10-2024-id815839.html#primaryimage\"},\"image\":{\"@id\":\"https:\\\/\\\/www.rri.ro\\\/sr\\\/aktuelnosti\\\/vesti\\\/vesti-09-10-2024-id815839.html#primaryimage\"},\"thumbnailUrl\":\"https:\\\/\\\/www.rri.ro\\\/wp-content\\\/uploads\\\/2024\\\/03\\\/RRI-960x540-Vesti-1-NOU.jpg\",\"datePublished\":\"2024-10-09T15:48:59+00:00\",\"author\":{\"@id\":\"https:\\\/\\\/www.rri.ro\\\/#\\\/schema\\\/person\\\/a3f1370886b657670704847e2f795e3e\"},\"breadcrumb\":{\"@id\":\"https:\\\/\\\/www.rri.ro\\\/sr\\\/aktuelnosti\\\/vesti\\\/vesti-09-10-2024-id815839.html#breadcrumb\"},\"inLanguage\":\"sr-RS\",\"potentialAction\":[{\"@type\":\"ReadAction\",\"target\":[\"https:\\\/\\\/www.rri.ro\\\/sr\\\/aktuelnosti\\\/vesti\\\/vesti-09-10-2024-id815839.html\"]}]},{\"@type\":\"ImageObject\",\"inLanguage\":\"sr-RS\",\"@id\":\"https:\\\/\\\/www.rri.ro\\\/sr\\\/aktuelnosti\\\/vesti\\\/vesti-09-10-2024-id815839.html#primaryimage\",\"url\":\"https:\\\/\\\/www.rri.ro\\\/wp-content\\\/uploads\\\/2024\\\/03\\\/RRI-960x540-Vesti-1-NOU.jpg\",\"contentUrl\":\"https:\\\/\\\/www.rri.ro\\\/wp-content\\\/uploads\\\/2024\\\/03\\\/RRI-960x540-Vesti-1-NOU.jpg\",\"width\":960,\"height\":540},{\"@type\":\"BreadcrumbList\",\"@id\":\"https:\\\/\\\/www.rri.ro\\\/sr\\\/aktuelnosti\\\/vesti\\\/vesti-09-10-2024-id815839.html#breadcrumb\",\"itemListElement\":[{\"@type\":\"ListItem\",\"position\":1,\"name\":\"\u041f\u043e\u0447\u0435\u0442\u043d\u0430 \u0441\u0442\u0440\u0430\u043d\u0438\u0446\u0430\",\"item\":\"https:\\\/\\\/www.rri.ro\\\/sr\"},{\"@type\":\"ListItem\",\"position\":2,\"name\":\"Aktuelnosti\",\"item\":\"https:\\\/\\\/www.rri.ro\\\/sr\\\/aktuelnosti\"},{\"@type\":\"ListItem\",\"position\":3,\"name\":\"Vesti\",\"item\":\"https:\\\/\\\/www.rri.ro\\\/sr\\\/aktuelnosti\\\/vesti\"},{\"@type\":\"ListItem\",\"position\":4,\"name\":\"Vesti \u2013 09.10.2024\"}]},{\"@type\":\"WebSite\",\"@id\":\"https:\\\/\\\/www.rri.ro\\\/#website\",\"url\":\"https:\\\/\\\/www.rri.ro\\\/\",\"name\":\"RADIO RUMUNIJA INTERNACIONAL\",\"description\":\"Totul despre Rom\u00e2nia \u015fi rom\u00e2ni, \u00een 13 limbi\\\/dialecte!\",\"inLanguage\":\"sr-RS\"},{\"@type\":\"Person\",\"@id\":\"https:\\\/\\\/www.rri.ro\\\/#\\\/schema\\\/person\\\/a3f1370886b657670704847e2f795e3e\",\"name\":\"Marija Nenadi\u0107-Zurka\",\"url\":\"https:\\\/\\\/www.rri.ro\\\/sr\\\/author\\\/marija-nenadic\"}]}<\/script>\n<!-- \/ Yoast SEO plugin. -->","yoast_head_json":{"title":"Vesti \u2013 09.10.2024 - RADIO RUMUNIJA INTERNACIONAL","robots":{"index":"index","follow":"follow","max-snippet":"max-snippet:-1","max-image-preview":"max-image-preview:large","max-video-preview":"max-video-preview:-1"},"canonical":"https:\/\/www.rri.ro\/sr\/aktuelnosti\/vesti\/vesti-09-10-2024-id815839.html","og_locale":"sr_RS","og_type":"article","og_title":"Vesti \u2013 09.10.2024 - RADIO RUMUNIJA INTERNACIONAL","og_description":"Rumunska ministarka spoljnih poslova Luminica Odobesku sastala se danas sa ministrom za planiranje, ekonomski razvoj i me\u0111unarodnu saradnju Egipta Raniom Al-Ma\u0161atom. Dvoje ministara su potvrdila zajedni\u010dki interes za ja\u010danje rumunsko-egipatskog dijaloga i saradnje, kako u pogledu bilateralnih odnosa, tako i u pogledu regionalnih i me\u0111unarodnih de\u0161avanja. Ministarka Luminica Odobesku prenela je zahvalnost Rumunije za napore [&hellip;]","og_url":"https:\/\/www.rri.ro\/sr\/aktuelnosti\/vesti\/vesti-09-10-2024-id815839.html","og_site_name":"RADIO RUMUNIJA INTERNACIONAL","article_published_time":"2024-10-09T15:48:59+00:00","og_image":[{"width":960,"height":540,"url":"https:\/\/www.rri.ro\/wp-content\/uploads\/2024\/03\/RRI-960x540-Vesti-1-NOU.jpg","type":"image\/jpeg"}],"author":"Marija Nenadi\u0107-Zurka, Newsroom","twitter_card":"summary_large_image","twitter_misc":{"\u041d\u0430\u043f\u0438\u0441\u0430\u043d\u043e \u043e\u0434":"Marija Nenadi\u0107-Zurka","\u041f\u0440\u043e\u0446\u0435\u045a\u0435\u043d\u043e \u0432\u0440\u0435\u043c\u0435 \u0447\u0438\u0442\u0430\u045a\u0430":"4 \u043c\u0438\u043d\u0443\u0442\u0430","Written by":"Marija Nenadi\u0107-Zurka, Newsroom"},"schema":{"@context":"https:\/\/schema.org","@graph":[{"@type":"Article","@id":"https:\/\/www.rri.ro\/sr\/aktuelnosti\/vesti\/vesti-09-10-2024-id815839.html#article","isPartOf":{"@id":"https:\/\/www.rri.ro\/sr\/aktuelnosti\/vesti\/vesti-09-10-2024-id815839.html"},"author":{"name":"Marija Nenadi\u0107-Zurka","@id":"https:\/\/www.rri.ro\/#\/schema\/person\/a3f1370886b657670704847e2f795e3e"},"headline":"Vesti \u2013 09.10.2024","datePublished":"2024-10-09T15:48:59+00:00","mainEntityOfPage":{"@id":"https:\/\/www.rri.ro\/sr\/aktuelnosti\/vesti\/vesti-09-10-2024-id815839.html"},"wordCount":823,"image":{"@id":"https:\/\/www.rri.ro\/sr\/aktuelnosti\/vesti\/vesti-09-10-2024-id815839.html#primaryimage"},"thumbnailUrl":"https:\/\/www.rri.ro\/wp-content\/uploads\/2024\/03\/RRI-960x540-Vesti-1-NOU.jpg","keywords":["KFOR","Nacionalni dan se\u0107anja na \u017ertve Holokausta","NATO","Nobelova nagrada","Sentinel"],"articleSection":["Vesti"],"inLanguage":"sr-RS"},{"@type":"WebPage","@id":"https:\/\/www.rri.ro\/sr\/aktuelnosti\/vesti\/vesti-09-10-2024-id815839.html","url":"https:\/\/www.rri.ro\/sr\/aktuelnosti\/vesti\/vesti-09-10-2024-id815839.html","name":"Vesti \u2013 09.10.2024 - RADIO RUMUNIJA INTERNACIONAL","isPartOf":{"@id":"https:\/\/www.rri.ro\/#website"},"primaryImageOfPage":{"@id":"https:\/\/www.rri.ro\/sr\/aktuelnosti\/vesti\/vesti-09-10-2024-id815839.html#primaryimage"},"image":{"@id":"https:\/\/www.rri.ro\/sr\/aktuelnosti\/vesti\/vesti-09-10-2024-id815839.html#primaryimage"},"thumbnailUrl":"https:\/\/www.rri.ro\/wp-content\/uploads\/2024\/03\/RRI-960x540-Vesti-1-NOU.jpg","datePublished":"2024-10-09T15:48:59+00:00","author":{"@id":"https:\/\/www.rri.ro\/#\/schema\/person\/a3f1370886b657670704847e2f795e3e"},"breadcrumb":{"@id":"https:\/\/www.rri.ro\/sr\/aktuelnosti\/vesti\/vesti-09-10-2024-id815839.html#breadcrumb"},"inLanguage":"sr-RS","potentialAction":[{"@type":"ReadAction","target":["https:\/\/www.rri.ro\/sr\/aktuelnosti\/vesti\/vesti-09-10-2024-id815839.html"]}]},{"@type":"ImageObject","inLanguage":"sr-RS","@id":"https:\/\/www.rri.ro\/sr\/aktuelnosti\/vesti\/vesti-09-10-2024-id815839.html#primaryimage","url":"https:\/\/www.rri.ro\/wp-content\/uploads\/2024\/03\/RRI-960x540-Vesti-1-NOU.jpg","contentUrl":"https:\/\/www.rri.ro\/wp-content\/uploads\/2024\/03\/RRI-960x540-Vesti-1-NOU.jpg","width":960,"height":540},{"@type":"BreadcrumbList","@id":"https:\/\/www.rri.ro\/sr\/aktuelnosti\/vesti\/vesti-09-10-2024-id815839.html#breadcrumb","itemListElement":[{"@type":"ListItem","position":1,"name":"\u041f\u043e\u0447\u0435\u0442\u043d\u0430 \u0441\u0442\u0440\u0430\u043d\u0438\u0446\u0430","item":"https:\/\/www.rri.ro\/sr"},{"@type":"ListItem","position":2,"name":"Aktuelnosti","item":"https:\/\/www.rri.ro\/sr\/aktuelnosti"},{"@type":"ListItem","position":3,"name":"Vesti","item":"https:\/\/www.rri.ro\/sr\/aktuelnosti\/vesti"},{"@type":"ListItem","position":4,"name":"Vesti \u2013 09.10.2024"}]},{"@type":"WebSite","@id":"https:\/\/www.rri.ro\/#website","url":"https:\/\/www.rri.ro\/","name":"RADIO RUMUNIJA INTERNACIONAL","description":"Totul despre Rom\u00e2nia \u015fi rom\u00e2ni, \u00een 13 limbi\/dialecte!","inLanguage":"sr-RS"},{"@type":"Person","@id":"https:\/\/www.rri.ro\/#\/schema\/person\/a3f1370886b657670704847e2f795e3e","name":"Marija Nenadi\u0107-Zurka","url":"https:\/\/www.rri.ro\/sr\/author\/marija-nenadic"}]}},"_links":{"self":[{"href":"https:\/\/www.rri.ro\/sr\/wp-json\/wp\/v2\/posts\/815839","targetHints":{"allow":["GET"]}}],"collection":[{"href":"https:\/\/www.rri.ro\/sr\/wp-json\/wp\/v2\/posts"}],"about":[{"href":"https:\/\/www.rri.ro\/sr\/wp-json\/wp\/v2\/types\/post"}],"author":[{"embeddable":true,"href":"https:\/\/www.rri.ro\/sr\/wp-json\/wp\/v2\/users\/101"}],"replies":[{"embeddable":true,"href":"https:\/\/www.rri.ro\/sr\/wp-json\/wp\/v2\/comments?post=815839"}],"version-history":[{"count":0,"href":"https:\/\/www.rri.ro\/sr\/wp-json\/wp\/v2\/posts\/815839\/revisions"}],"wp:featuredmedia":[{"embeddable":true,"href":"https:\/\/www.rri.ro\/sr\/wp-json\/wp\/v2\/media\/723484"}],"wp:attachment":[{"href":"https:\/\/www.rri.ro\/sr\/wp-json\/wp\/v2\/media?parent=815839"}],"wp:term":[{"taxonomy":"category","embeddable":true,"href":"https:\/\/www.rri.ro\/sr\/wp-json\/wp\/v2\/categories?post=815839"},{"taxonomy":"post_tag","embeddable":true,"href":"https:\/\/www.rri.ro\/sr\/wp-json\/wp\/v2\/tags?post=815839"},{"taxonomy":"author","embeddable":true,"href":"https:\/\/www.rri.ro\/sr\/wp-json\/wp\/v2\/coauthors?post=815839"}],"curies":[{"name":"wp","href":"https:\/\/api.w.org\/{rel}","templated":true}]}}