{"id":819280,"date":"2024-10-18T18:32:33","date_gmt":"2024-10-18T15:32:33","guid":{"rendered":"https:\/\/www.rri.ro\/?p=819280"},"modified":"2024-10-18T17:35:05","modified_gmt":"2024-10-18T14:35:05","slug":"vesti-18-10-2024","status":"publish","type":"post","link":"https:\/\/www.rri.ro\/sr\/aktuelnosti\/vesti\/vesti-18-10-2024-id819280.html","title":{"rendered":"Vesti \u2013 18.10.2024"},"content":{"rendered":"<p>17. oktobar je bio poslednji dan kada su liste kandidata mogle da se predaju za izbor 466 senatora i poslanika u rumunskom parlamentu. U izbornu trku o kojoj c\u0301e se odlu\u010divati na birali\u0161tima, na Dan dr\u017eavnosti Rumunije, 1. decembra, u\u0161la je 21 partija i politi\u010dka formacija. Da bi garantovale svoje prisustvo u buduc\u0301em zakonodavnom telu, politi\u010dke partije moraju da dobiju procenat od 5% od ukupno datih va\u017eec\u0301ih glasova.<\/p>\n<p>Predsednik Klaus Johanis se na jesenjem Evropskom savetu zalo\u017eio za \u010dvrstu poruku Evropske unije da podr\u017ei Republiku Moldaviju (biv\u0161u sovjetsku dr\u017eavu) u procesu evropskih integracija, posebno u aktuelnom izbornom kontekstu, osu\u0111ujuc\u0301i me\u0161anje i poku\u0161aje destabilizacije iz Moskve. Glavne teme na dnevnom redu dvodnevnog samita bile su i situacija u Ukrajini, de\u0161avanja na Bliskom istoku, konkurentnost Evropske unije i upravljanje migracijama, ali i razgovori o Gruziji, podr\u0161ka multilateralnom sistemu i me\u0111unarodnom poretku zasnovanom na pravilima ili cene u oblasti energetike. \u0160ef rumunske dr\u017eave istakao je zna\u010daj pristupa\u010dnih cena energije, potrebu da se stimuli\u0161e povezanost i otklone strukturne blokade na nivou energetskih prenosnih mre\u017ea.<\/p>\n<p>Ministar odbrane An\u0111el Tilvar potpisao je u petak u Briselu dokument o pristupanju Rumunije pismu namera u vezi sa VIII panevropskim vojnim koridorom mobilnosti, pored Albanije, Bugarske, Italije i Severne Makedonije. Svrha dokumenta je da se pojednostavi i ubrza kretanje vojnih snaga i opreme, kako u mirnodopskim, tako i u kriznim ili konfliktnim situacijama. Kako se navodi u saop\u0161tenju Ministarstva odbrane, pridru\u017eivanjem Rumunije ovom koridoru vojne mobilnosti, pored dva projekta razvijena u okviru NATO-a, \u010diji je ona vec\u0301 \u010dlanica, zajedno sa Bugarskom i Gr\u010dkom, odnosno sa Turskom i Bugarskom, bic\u0301e intenzivirani napori na obezbe\u0111ivanju tranzita trupa i vojne opreme i ja\u010danju kapaciteta za reagovanje u regionu Crnog mora, kako bi se obezbedila stabilnost i bezbednost. An\u0111el Tilvar je u \u010detvrtak, na sastanku ministara odbrane zemalja \u010dlanica NATO-a, istakao povezanost bezbednosnih pitanja na globalnom nivou i ocenio podr\u0161ku koja je data Ukrajini. \u201ePonovio sam (&#8230;) posvec\u0301enost Rumunije da podr\u017ei Ukrajinu kako kroz bilateralne inicijative tako i kroz zajedni\u010dke napore, i naglasio va\u017enost efikasne koordinacije izme\u0111u NATO-a i Evropske unije, kako bi se obezbedila komplementarnost akcija podr\u0161ke\u201c, istakao je ministar, pokazuje se u komunikatu.<\/p>\n<p>Novi generalni sekretar NATO-a Mark Rute \u010destitao je Rumuniji i savezni\u010dkim snagama na brzoj reakciji na incident u \u010detvrtak, kada je sumnjiva bespilotna letelica u\u0161la 14 km u vazdu\u0161ni prostor Rumunije. Prisutan u Savetu ministara odbrane iz dr\u017eava \u010dlanica Alijanse, Mark Rute je dao uveravanja da c\u0301e NATO nastaviti da poja\u010dava nadzor u toj oblasti i da saveznici planiraju nova ulaganja u sisteme protivvazdu\u0161ne odbrane i moderne borbene avione, uglavnom F-35, generacije 5. Pored toga, ka\u017ee zvani\u010dnik, Alijansa je zna\u010dajno povec\u0301ala svoje prisustvo na isto\u010dnom krilu i oja\u010dala misiju vazdu\u0161ne policije NATO-a.<\/p>\n<p>Policijski timovi iz Rumunije, Srbije, Estonije i Finske razbili su bandu trgovaca drogom odgovornih za \u0161verc miliona tableta u nordijske zemlje, saop\u0161tio je u petak Eurojust. Prema podacima Jedinice Evropske unije za pravosudnu saradnju, sa sedi\u0161tem u Hagu, tokom operacije koju je policija preduzela u \u010detiri evropske zemlje uhap\u0161eno je 47 osumnji\u010denih i zaplenjeno vi\u0161e od \u0161est miliona tableta. Prodajna vrednost zaplenjenih tableta procenjena je, navodi Eurojust, na oko 12,5 miliona evra.<\/p>\n<p>Na birali\u0161tima u nedelju, 20. oktobra, o\u010dekuje se 3,3 miliona bira\u010da iz Republike Moldavije, uglavnom govornici rumunskog jezika, za istorijske izbore: izbor predsednika republike i referendum o evropskoj buduc\u0301nosti dr\u017eave. Prema podacima Centralne izborne komisije u Ki\u0161injevu, organizovano je 2.219 bira\u010dkih mesta, a po prvi put su glasa\u010dki listic\u0301i \u0161tampani ne samo na rumunskom, vec\u0301 i na 5 jezika etni\u010dkih manjina: ukrajinskom, bugarskom, gagauskom, ruskom i romskom. Za Moldavce u inostranstvu bic\u0301e otvoreno 231 izborno mesto u 37 zemalja. Najvi\u0161e c\u0301e biti u Italiji \u2013 60, u Nema\u010dkoj \u2013 26, u Francuskoj \u2013 20 i u Velikoj Britaniji \u2013 17. U Rumuniji c\u0301e biti otvoreno 16 bira\u010dkih mesta, isto koliko i u Sjedinjenim Ameri\u010dkim Dr\u017eavama, dok c\u0301e u Rusiji iz bezbednosnih razloga biti u funkciji samo 2 deonice, obe u Moskvi. U Ukrajini c\u0301e biti otvorena i 2 bira\u010dka mesta, u Kijevu i Odesi. Aktuelna \u0161efica dr\u017eave Maja Sandu je favorit prema istra\u017eivanjima i za nju bi glasalo 29,5% ispitanika. Biv\u0161a funkcionerka Svetske banke, Maja Sandu, izabrana je za predsednicu u novembru 2020. godine, na talasu popularnosti kao antikorupcijski reformator sa proevropskim programom. Ankete pokazuju i da bi vi\u0161e od 54% gra\u0111ana Republike Moldavije glasalo za uvo\u0111enje pristupanja Evropskoj uniji u Ustav zemlje. Od raspada Sovjetskog Saveza, biv\u0161a sovjetska republika gravitirala je izme\u0111u prozapadne i proruske orijentacije.<\/p>\n<p>U petak je u Bukure\u0161tu po\u010deo Festival nacionalnog pozori\u0161ta &#8211; kulturni doga\u0111aj u svom 34. izdanju, \u010dija je ovogodi\u0161nja tema &#8222;Dramaturgije moguc\u0301eg&#8220;. Ljubitelji pozori\u0161ta od danas pa do 28. oktobra imaju priliku da prisustvuju predstavama \u010diji izbor na festivalu treba, ka\u017eu organizatori, da iska\u017eu \u201emoguc\u0301nosti\u201d.\u00a0 U zvani\u010dnom izboru izdanja nalazi se preko 30 predstava, iz Bukure\u0161ta i zemlje. Navodimo &#8216;Antologije nestanka&#8217; &#8211; scenario i re\u017eija Radu Afrim; &#8216;Dvanaesta noc\u0301&#8217; Vilijama \u0160ekspira, u re\u017eiji Andreja \u0160erbana; &#8216;Heda Gabler&#8217; Henrika Ibsena, u re\u017eiji Tomasa Ostermajera, izme\u0111u mnogih drugih. Na ovogodi\u0161njem izdanju gostovac\u0301e pet predstava iz inostranstva \u2013 iz Nema\u010dke, Irske, Poljske i Belgije. Doga\u0111aj je u produkciji Udru\u017eenja UNITER &#8211; Rumunskog pozori\u0161nog udru\u017eenja. FNT je kulturni projekat koji finansira Ministarstvo kulture.<\/p>\n<p>Rimski filmski festival, manifestacija koja traje do 28. oktobra, uklju\u010duje me\u0111u projekcije rumunsku produkciju: &#8222;Nasty&#8220; &#8211; dokumentarac reditelja Tudora \u0110ur\u0111ua, u saradnji sa Kristijanom Paskarijuom i Tudorom D. Popeskuom, o \u017eivotu i karijeri tenisera Ilija Nastasea. Rimski filmski festival, sada u svom 19. izdanju, ima za cilj da proslavi najnovije me\u0111unarodne produkcije i mlade glasove evropske kinematografije. Ove godine me\u0111u gostima su ameri\u010dki reditelj Frensis Ford Kopola, glumci D\u017eoni Dep i Vigo Mortensen. Re\u017eiseri Tudor \u0110ur\u0111u i Kristian Paskariu odletec\u0301e u Rim na doga\u0111aj i sastac\u0301e se sa publikom 21. i 22. oktobra na dve projekcije filma. Njima c\u0301e se pridru\u017eiti legendarni ATP menad\u017eer i teniski promoter Vitorio Selmi, kao i jedan od najzna\u010dajnijih sportskih novinara Italije Ubaldo Skanagata. Obojica se pojavljuju u filmnu, gde govore o godinama slave rumunskog tenisera.<\/p>\n","protected":false},"excerpt":{"rendered":"<p>17. oktobar je bio poslednji dan kada su liste kandidata mogle da se predaju za izbor 466 senatora i poslanika u rumunskom parlamentu. U izbornu trku o kojoj c\u0301e se odlu\u010divati na birali\u0161tima, na Dan dr\u017eavnosti Rumunije, 1. decembra, u\u0161la je 21 partija i politi\u010dka formacija. Da bi garantovale svoje prisustvo u buduc\u0301em zakonodavnom telu, [&hellip;]<\/p>\n","protected":false},"author":101,"featured_media":723484,"comment_status":"closed","ping_status":"closed","sticky":false,"template":"","format":"standard","meta":{"_acf_changed":false,"footnotes":""},"categories":[105434],"tags":[156832,149749,156830,145493,146398,156831],"coauthors":[113245,116091],"class_list":["post-819280","post","type-post","status-publish","format-standard","has-post-thumbnail","hentry","category-vesti","tag-eurojust-sr","tag-evropski-savet","tag-fnt-bukurest","tag-nato-sr","tag-parlamentarni-izbori","tag-rimski-filmski-festival"],"acf":[],"yoast_head":"<!-- This site is optimized with the Yoast SEO plugin v27.3 - https:\/\/yoast.com\/product\/yoast-seo-wordpress\/ -->\n<title>Vesti \u2013 18.10.2024 - RADIO RUMUNIJA INTERNACIONAL<\/title>\n<meta name=\"robots\" content=\"index, follow, max-snippet:-1, max-image-preview:large, max-video-preview:-1\" \/>\n<link rel=\"canonical\" href=\"https:\/\/www.rri.ro\/sr\/aktuelnosti\/vesti\/vesti-18-10-2024-id819280.html\" \/>\n<meta property=\"og:locale\" content=\"sr_RS\" \/>\n<meta property=\"og:type\" content=\"article\" \/>\n<meta property=\"og:title\" content=\"Vesti \u2013 18.10.2024 - RADIO RUMUNIJA INTERNACIONAL\" \/>\n<meta property=\"og:description\" content=\"17. oktobar je bio poslednji dan kada su liste kandidata mogle da se predaju za izbor 466 senatora i poslanika u rumunskom parlamentu. U izbornu trku o kojoj c\u0301e se odlu\u010divati na birali\u0161tima, na Dan dr\u017eavnosti Rumunije, 1. decembra, u\u0161la je 21 partija i politi\u010dka formacija. Da bi garantovale svoje prisustvo u buduc\u0301em zakonodavnom telu, [&hellip;]\" \/>\n<meta property=\"og:url\" content=\"https:\/\/www.rri.ro\/sr\/aktuelnosti\/vesti\/vesti-18-10-2024-id819280.html\" \/>\n<meta property=\"og:site_name\" content=\"RADIO RUMUNIJA INTERNACIONAL\" \/>\n<meta property=\"article:published_time\" content=\"2024-10-18T15:32:33+00:00\" \/>\n<meta property=\"og:image\" content=\"https:\/\/www.rri.ro\/wp-content\/uploads\/2024\/03\/RRI-960x540-Vesti-1-NOU.jpg\" \/>\n\t<meta property=\"og:image:width\" content=\"960\" \/>\n\t<meta property=\"og:image:height\" content=\"540\" \/>\n\t<meta property=\"og:image:type\" content=\"image\/jpeg\" \/>\n<meta name=\"author\" content=\"Marija Nenadi\u0107-Zurka, Newsroom\" \/>\n<meta name=\"twitter:card\" content=\"summary_large_image\" \/>\n<meta name=\"twitter:label1\" content=\"\u041d\u0430\u043f\u0438\u0441\u0430\u043d\u043e \u043e\u0434\" \/>\n\t<meta name=\"twitter:data1\" content=\"Marija Nenadi\u0107-Zurka\" \/>\n\t<meta name=\"twitter:label2\" content=\"\u041f\u0440\u043e\u0446\u0435\u045a\u0435\u043d\u043e \u0432\u0440\u0435\u043c\u0435 \u0447\u0438\u0442\u0430\u045a\u0430\" \/>\n\t<meta name=\"twitter:data2\" content=\"5 \u043c\u0438\u043d\u0443\u0442\u0430\" \/>\n\t<meta name=\"twitter:label3\" content=\"Written by\" \/>\n\t<meta name=\"twitter:data3\" content=\"Marija Nenadi\u0107-Zurka, Newsroom\" \/>\n<script type=\"application\/ld+json\" class=\"yoast-schema-graph\">{\"@context\":\"https:\\\/\\\/schema.org\",\"@graph\":[{\"@type\":\"Article\",\"@id\":\"https:\\\/\\\/www.rri.ro\\\/sr\\\/aktuelnosti\\\/vesti\\\/vesti-18-10-2024-id819280.html#article\",\"isPartOf\":{\"@id\":\"https:\\\/\\\/www.rri.ro\\\/sr\\\/aktuelnosti\\\/vesti\\\/vesti-18-10-2024-id819280.html\"},\"author\":{\"name\":\"Marija Nenadi\u0107-Zurka\",\"@id\":\"https:\\\/\\\/www.rri.ro\\\/#\\\/schema\\\/person\\\/a3f1370886b657670704847e2f795e3e\"},\"headline\":\"Vesti \u2013 18.10.2024\",\"datePublished\":\"2024-10-18T15:32:33+00:00\",\"mainEntityOfPage\":{\"@id\":\"https:\\\/\\\/www.rri.ro\\\/sr\\\/aktuelnosti\\\/vesti\\\/vesti-18-10-2024-id819280.html\"},\"wordCount\":1074,\"image\":{\"@id\":\"https:\\\/\\\/www.rri.ro\\\/sr\\\/aktuelnosti\\\/vesti\\\/vesti-18-10-2024-id819280.html#primaryimage\"},\"thumbnailUrl\":\"https:\\\/\\\/www.rri.ro\\\/wp-content\\\/uploads\\\/2024\\\/03\\\/RRI-960x540-Vesti-1-NOU.jpg\",\"keywords\":[\"Eurojust\",\"Evropski savet\",\"FNT Bukure\u0161t\",\"NATO\",\"Parlamentarni izbori\",\"Rimski filmski festival\"],\"articleSection\":[\"Vesti\"],\"inLanguage\":\"sr-RS\"},{\"@type\":\"WebPage\",\"@id\":\"https:\\\/\\\/www.rri.ro\\\/sr\\\/aktuelnosti\\\/vesti\\\/vesti-18-10-2024-id819280.html\",\"url\":\"https:\\\/\\\/www.rri.ro\\\/sr\\\/aktuelnosti\\\/vesti\\\/vesti-18-10-2024-id819280.html\",\"name\":\"Vesti \u2013 18.10.2024 - RADIO RUMUNIJA INTERNACIONAL\",\"isPartOf\":{\"@id\":\"https:\\\/\\\/www.rri.ro\\\/#website\"},\"primaryImageOfPage\":{\"@id\":\"https:\\\/\\\/www.rri.ro\\\/sr\\\/aktuelnosti\\\/vesti\\\/vesti-18-10-2024-id819280.html#primaryimage\"},\"image\":{\"@id\":\"https:\\\/\\\/www.rri.ro\\\/sr\\\/aktuelnosti\\\/vesti\\\/vesti-18-10-2024-id819280.html#primaryimage\"},\"thumbnailUrl\":\"https:\\\/\\\/www.rri.ro\\\/wp-content\\\/uploads\\\/2024\\\/03\\\/RRI-960x540-Vesti-1-NOU.jpg\",\"datePublished\":\"2024-10-18T15:32:33+00:00\",\"author\":{\"@id\":\"https:\\\/\\\/www.rri.ro\\\/#\\\/schema\\\/person\\\/a3f1370886b657670704847e2f795e3e\"},\"breadcrumb\":{\"@id\":\"https:\\\/\\\/www.rri.ro\\\/sr\\\/aktuelnosti\\\/vesti\\\/vesti-18-10-2024-id819280.html#breadcrumb\"},\"inLanguage\":\"sr-RS\",\"potentialAction\":[{\"@type\":\"ReadAction\",\"target\":[\"https:\\\/\\\/www.rri.ro\\\/sr\\\/aktuelnosti\\\/vesti\\\/vesti-18-10-2024-id819280.html\"]}]},{\"@type\":\"ImageObject\",\"inLanguage\":\"sr-RS\",\"@id\":\"https:\\\/\\\/www.rri.ro\\\/sr\\\/aktuelnosti\\\/vesti\\\/vesti-18-10-2024-id819280.html#primaryimage\",\"url\":\"https:\\\/\\\/www.rri.ro\\\/wp-content\\\/uploads\\\/2024\\\/03\\\/RRI-960x540-Vesti-1-NOU.jpg\",\"contentUrl\":\"https:\\\/\\\/www.rri.ro\\\/wp-content\\\/uploads\\\/2024\\\/03\\\/RRI-960x540-Vesti-1-NOU.jpg\",\"width\":960,\"height\":540},{\"@type\":\"BreadcrumbList\",\"@id\":\"https:\\\/\\\/www.rri.ro\\\/sr\\\/aktuelnosti\\\/vesti\\\/vesti-18-10-2024-id819280.html#breadcrumb\",\"itemListElement\":[{\"@type\":\"ListItem\",\"position\":1,\"name\":\"\u041f\u043e\u0447\u0435\u0442\u043d\u0430 \u0441\u0442\u0440\u0430\u043d\u0438\u0446\u0430\",\"item\":\"https:\\\/\\\/www.rri.ro\\\/sr\"},{\"@type\":\"ListItem\",\"position\":2,\"name\":\"Aktuelnosti\",\"item\":\"https:\\\/\\\/www.rri.ro\\\/sr\\\/aktuelnosti\"},{\"@type\":\"ListItem\",\"position\":3,\"name\":\"Vesti\",\"item\":\"https:\\\/\\\/www.rri.ro\\\/sr\\\/aktuelnosti\\\/vesti\"},{\"@type\":\"ListItem\",\"position\":4,\"name\":\"Vesti \u2013 18.10.2024\"}]},{\"@type\":\"WebSite\",\"@id\":\"https:\\\/\\\/www.rri.ro\\\/#website\",\"url\":\"https:\\\/\\\/www.rri.ro\\\/\",\"name\":\"RADIO RUMUNIJA INTERNACIONAL\",\"description\":\"Totul despre Rom\u00e2nia \u015fi rom\u00e2ni, \u00een 13 limbi\\\/dialecte!\",\"inLanguage\":\"sr-RS\"},{\"@type\":\"Person\",\"@id\":\"https:\\\/\\\/www.rri.ro\\\/#\\\/schema\\\/person\\\/a3f1370886b657670704847e2f795e3e\",\"name\":\"Marija Nenadi\u0107-Zurka\",\"url\":\"https:\\\/\\\/www.rri.ro\\\/sr\\\/author\\\/marija-nenadic\"}]}<\/script>\n<!-- \/ Yoast SEO plugin. -->","yoast_head_json":{"title":"Vesti \u2013 18.10.2024 - RADIO RUMUNIJA INTERNACIONAL","robots":{"index":"index","follow":"follow","max-snippet":"max-snippet:-1","max-image-preview":"max-image-preview:large","max-video-preview":"max-video-preview:-1"},"canonical":"https:\/\/www.rri.ro\/sr\/aktuelnosti\/vesti\/vesti-18-10-2024-id819280.html","og_locale":"sr_RS","og_type":"article","og_title":"Vesti \u2013 18.10.2024 - RADIO RUMUNIJA INTERNACIONAL","og_description":"17. oktobar je bio poslednji dan kada su liste kandidata mogle da se predaju za izbor 466 senatora i poslanika u rumunskom parlamentu. U izbornu trku o kojoj c\u0301e se odlu\u010divati na birali\u0161tima, na Dan dr\u017eavnosti Rumunije, 1. decembra, u\u0161la je 21 partija i politi\u010dka formacija. Da bi garantovale svoje prisustvo u buduc\u0301em zakonodavnom telu, [&hellip;]","og_url":"https:\/\/www.rri.ro\/sr\/aktuelnosti\/vesti\/vesti-18-10-2024-id819280.html","og_site_name":"RADIO RUMUNIJA INTERNACIONAL","article_published_time":"2024-10-18T15:32:33+00:00","og_image":[{"width":960,"height":540,"url":"https:\/\/www.rri.ro\/wp-content\/uploads\/2024\/03\/RRI-960x540-Vesti-1-NOU.jpg","type":"image\/jpeg"}],"author":"Marija Nenadi\u0107-Zurka, Newsroom","twitter_card":"summary_large_image","twitter_misc":{"\u041d\u0430\u043f\u0438\u0441\u0430\u043d\u043e \u043e\u0434":"Marija Nenadi\u0107-Zurka","\u041f\u0440\u043e\u0446\u0435\u045a\u0435\u043d\u043e \u0432\u0440\u0435\u043c\u0435 \u0447\u0438\u0442\u0430\u045a\u0430":"5 \u043c\u0438\u043d\u0443\u0442\u0430","Written by":"Marija Nenadi\u0107-Zurka, Newsroom"},"schema":{"@context":"https:\/\/schema.org","@graph":[{"@type":"Article","@id":"https:\/\/www.rri.ro\/sr\/aktuelnosti\/vesti\/vesti-18-10-2024-id819280.html#article","isPartOf":{"@id":"https:\/\/www.rri.ro\/sr\/aktuelnosti\/vesti\/vesti-18-10-2024-id819280.html"},"author":{"name":"Marija Nenadi\u0107-Zurka","@id":"https:\/\/www.rri.ro\/#\/schema\/person\/a3f1370886b657670704847e2f795e3e"},"headline":"Vesti \u2013 18.10.2024","datePublished":"2024-10-18T15:32:33+00:00","mainEntityOfPage":{"@id":"https:\/\/www.rri.ro\/sr\/aktuelnosti\/vesti\/vesti-18-10-2024-id819280.html"},"wordCount":1074,"image":{"@id":"https:\/\/www.rri.ro\/sr\/aktuelnosti\/vesti\/vesti-18-10-2024-id819280.html#primaryimage"},"thumbnailUrl":"https:\/\/www.rri.ro\/wp-content\/uploads\/2024\/03\/RRI-960x540-Vesti-1-NOU.jpg","keywords":["Eurojust","Evropski savet","FNT Bukure\u0161t","NATO","Parlamentarni izbori","Rimski filmski festival"],"articleSection":["Vesti"],"inLanguage":"sr-RS"},{"@type":"WebPage","@id":"https:\/\/www.rri.ro\/sr\/aktuelnosti\/vesti\/vesti-18-10-2024-id819280.html","url":"https:\/\/www.rri.ro\/sr\/aktuelnosti\/vesti\/vesti-18-10-2024-id819280.html","name":"Vesti \u2013 18.10.2024 - RADIO RUMUNIJA INTERNACIONAL","isPartOf":{"@id":"https:\/\/www.rri.ro\/#website"},"primaryImageOfPage":{"@id":"https:\/\/www.rri.ro\/sr\/aktuelnosti\/vesti\/vesti-18-10-2024-id819280.html#primaryimage"},"image":{"@id":"https:\/\/www.rri.ro\/sr\/aktuelnosti\/vesti\/vesti-18-10-2024-id819280.html#primaryimage"},"thumbnailUrl":"https:\/\/www.rri.ro\/wp-content\/uploads\/2024\/03\/RRI-960x540-Vesti-1-NOU.jpg","datePublished":"2024-10-18T15:32:33+00:00","author":{"@id":"https:\/\/www.rri.ro\/#\/schema\/person\/a3f1370886b657670704847e2f795e3e"},"breadcrumb":{"@id":"https:\/\/www.rri.ro\/sr\/aktuelnosti\/vesti\/vesti-18-10-2024-id819280.html#breadcrumb"},"inLanguage":"sr-RS","potentialAction":[{"@type":"ReadAction","target":["https:\/\/www.rri.ro\/sr\/aktuelnosti\/vesti\/vesti-18-10-2024-id819280.html"]}]},{"@type":"ImageObject","inLanguage":"sr-RS","@id":"https:\/\/www.rri.ro\/sr\/aktuelnosti\/vesti\/vesti-18-10-2024-id819280.html#primaryimage","url":"https:\/\/www.rri.ro\/wp-content\/uploads\/2024\/03\/RRI-960x540-Vesti-1-NOU.jpg","contentUrl":"https:\/\/www.rri.ro\/wp-content\/uploads\/2024\/03\/RRI-960x540-Vesti-1-NOU.jpg","width":960,"height":540},{"@type":"BreadcrumbList","@id":"https:\/\/www.rri.ro\/sr\/aktuelnosti\/vesti\/vesti-18-10-2024-id819280.html#breadcrumb","itemListElement":[{"@type":"ListItem","position":1,"name":"\u041f\u043e\u0447\u0435\u0442\u043d\u0430 \u0441\u0442\u0440\u0430\u043d\u0438\u0446\u0430","item":"https:\/\/www.rri.ro\/sr"},{"@type":"ListItem","position":2,"name":"Aktuelnosti","item":"https:\/\/www.rri.ro\/sr\/aktuelnosti"},{"@type":"ListItem","position":3,"name":"Vesti","item":"https:\/\/www.rri.ro\/sr\/aktuelnosti\/vesti"},{"@type":"ListItem","position":4,"name":"Vesti \u2013 18.10.2024"}]},{"@type":"WebSite","@id":"https:\/\/www.rri.ro\/#website","url":"https:\/\/www.rri.ro\/","name":"RADIO RUMUNIJA INTERNACIONAL","description":"Totul despre Rom\u00e2nia \u015fi rom\u00e2ni, \u00een 13 limbi\/dialecte!","inLanguage":"sr-RS"},{"@type":"Person","@id":"https:\/\/www.rri.ro\/#\/schema\/person\/a3f1370886b657670704847e2f795e3e","name":"Marija Nenadi\u0107-Zurka","url":"https:\/\/www.rri.ro\/sr\/author\/marija-nenadic"}]}},"_links":{"self":[{"href":"https:\/\/www.rri.ro\/sr\/wp-json\/wp\/v2\/posts\/819280","targetHints":{"allow":["GET"]}}],"collection":[{"href":"https:\/\/www.rri.ro\/sr\/wp-json\/wp\/v2\/posts"}],"about":[{"href":"https:\/\/www.rri.ro\/sr\/wp-json\/wp\/v2\/types\/post"}],"author":[{"embeddable":true,"href":"https:\/\/www.rri.ro\/sr\/wp-json\/wp\/v2\/users\/101"}],"replies":[{"embeddable":true,"href":"https:\/\/www.rri.ro\/sr\/wp-json\/wp\/v2\/comments?post=819280"}],"version-history":[{"count":0,"href":"https:\/\/www.rri.ro\/sr\/wp-json\/wp\/v2\/posts\/819280\/revisions"}],"wp:featuredmedia":[{"embeddable":true,"href":"https:\/\/www.rri.ro\/sr\/wp-json\/wp\/v2\/media\/723484"}],"wp:attachment":[{"href":"https:\/\/www.rri.ro\/sr\/wp-json\/wp\/v2\/media?parent=819280"}],"wp:term":[{"taxonomy":"category","embeddable":true,"href":"https:\/\/www.rri.ro\/sr\/wp-json\/wp\/v2\/categories?post=819280"},{"taxonomy":"post_tag","embeddable":true,"href":"https:\/\/www.rri.ro\/sr\/wp-json\/wp\/v2\/tags?post=819280"},{"taxonomy":"author","embeddable":true,"href":"https:\/\/www.rri.ro\/sr\/wp-json\/wp\/v2\/coauthors?post=819280"}],"curies":[{"name":"wp","href":"https:\/\/api.w.org\/{rel}","templated":true}]}}