{"id":842034,"date":"2024-12-11T16:45:34","date_gmt":"2024-12-11T14:45:34","guid":{"rendered":"https:\/\/www.rri.ro\/?p=842034"},"modified":"2024-12-11T16:45:34","modified_gmt":"2024-12-11T14:45:34","slug":"vesti-11-12-2024","status":"publish","type":"post","link":"https:\/\/www.rri.ro\/sr\/aktuelnosti\/vesti\/vesti-11-12-2024-id842034.html","title":{"rendered":"Vesti \u2013 11.12.2024"},"content":{"rendered":"<p>Punopravno \u010dlanstvo Rumunije i Bugarske u \u0160engenskoj zoni slobodnog kretanja od 1. januara  bic\u0301e na dnevnom redu u \u010detvrtak na sastanku Saveta za pravosu\u0111e i unutra\u0161nje poslove Evropske unije. Austrija je nedavno najavila da c\u0301e ukinuti veto koje je blokiralo pristupanje dve zemlje i sa kopnenim granica zoni slobodnog kretanja. Argument je bio da je insistiranje austrijskih vlasti na suzbijanju ilegalne imigracije dovelo do smanjenja broja migranata presretnutih u blizini granice Austrije sa Ma\u0111arskom, \u0161to je naj\u010de\u0161c\u0301i put ulaska u zemlju. Jedina neizvestna stvar je odr\u017eavanje, posle 1. januara, kontrola na kopnenoj granici izme\u0111u Ma\u0111arske i Rumunije i izme\u0111u Rumunije i Bugarske u periodu od najmanje \u0161est meseci. Ove kontrole bi bile neophodne da bi se ubla\u017eila moguc\u0301a promena migratornih ruta i spre\u010dila ozbiljna pretnja javnom redu ili unutra\u0161njoj bezbednosti. Rumunija i Bugarska su se krajem marta delimi\u010dno pridru\u017eile \u0160engenu sa vazdu\u0161nim i pomorskim granicama.<\/p>\n<p>Godi\u0161nja stopa inflacije porasla je, u novembru, na 5,11%, sa 4,67% u oktobru, po\u0161to su prehrambeni i neprehrambeni proizvodi poskupeli za preko 5 odsto, a usluge preko 7 odsto \u2013 pokazuju podaci Nacionalnog Zavoda za statistiku. Nacionalna banka Rumunije je revidirala navi\u0161e, na 4,9%, sa 4% ranije, prognozu inflacije za kraj 2024.  Tako\u0111e, Nacionalna banka predvi\u0111a da c\u0301e inflacija dostic\u0301i 3,5% na kraju 2025. godine.<\/p>\n<p>Bukure\u0161tanska berza zatvorila je sednicu u utorak uz rast svih indeksa trec\u0301i dan zaredom. Glavni indeks BET &#8211; Indeks trgovanja, koji obuhvata 20 najtrgovanijih kompanija na berzi, apresirao je za skoro 1%. Bukure\u0161tanska berza je objavila da razmatra moguc\u0301nosti osnivanja berze u Ki\u0161injevu, kako bi se izgradilo sna\u017eno tr\u017ei\u0161te kapitala u susednoj dr\u017eavi. Dakle, cilj je da se stimuli\u0161e bilateralna saradnja i \u0161iri pristup finansiranju za kompanije iz Republike Moldavije, koje c\u0301e, zajedno sa onima iz Rumunije, vremenom postati regionalni lideri.<\/p>\n<p>U Rumuniji, Socijaldemokratska stranka (PSD) i Nacionalno liberalna partija (PNL) (sada\u0161nja vladajuc\u0301a koalicija), Unija spasimo Rumuniju (USR), Demokratski savez Madjara u Rumuniji (UDMR) i grupa nacionalnih manjina dogovorili su se da zajedni\u010dki formiraju vladu i proevropsku parlamentarnu vec\u0301inu. \u010cetiri stranke i nacionalne manjine, koje zajedno zauzimaju oko dve trec\u0301ine zakonodavnog tela, radic\u0301e na zajedni\u010dkom vladinom programu upravljanja zasnovanom na razvoju i reformama koje imaju za cilj smanjenje javnih tro\u0161kova i birokratije u administraciji. Tako\u0111e su se slo\u017eili da povec\u0301aju trenutni tempo investicija i reformi iz Nacionalnog plana za oporavak i otpornost. \u0160to se ti\u010de predsedni\u010dkih izbora, proevropske formacije su se obavezale da c\u0301e podr\u017eati moguc\u0301eg zajedni\u010dkog kandidata.<\/p>\n<p>Rumunija ostaje \u010dvrsto privr\u017eena evroatlantskom putu, a odluka da pru\u017eimo sopstveni doprinos ja\u010danju bezbednosti u regionu ostaje \u010dvrsta &#8211; potvrdio je ministar odbrane Republike Rumunije Angel Tilvar. Zajedno sa ambasadorkom Sjedinjenih Dr\u017eava u Rumuniji Ketlin Kavalek posetio je vazdu\u0161nu bazu Mihail Kogalni\u0107eanu (jugoistok), gde se sastao sa delegacijom koju \u010dine ata\u0161ei za odbranu zemalja \u010dlanica NATO, akreditovanih u Bukure\u0161tu, i sa savezni\u010dkim vojnicima koji tamo obavljaju svoju du\u017enost.<\/p>\n<p>Partnerstvo za mir izme\u0111u Republike Moldavije i NATO-a \u201edoprinelo je bezbednijem okru\u017eenju za gra\u0111ane, ja\u010danju odbrambenih sposobnosti vojske i otpornosti na\u0161eg dru\u0161tva u celini\u201c, izjavila je u utorak predsednica Republike Moldavije, Maja Sandu, tokom posete sedi\u0161tu Severnoatlantske alijanse. Kako se navodi u saop\u0161tenju predsedni\u0161tva u Ki\u0161injevu, \u0161efica dr\u017eave je tokom posete imala sastanak sa generalnim sekretarom NATO-a Markom Ruteom, sa kojim je razgovarala o regionalnoj bezbednosti, hibridnim pretnjama, kao i o potrebi zajedni\u010dkih akcija u cilju za\u0161tite demokratije u regionu. Obrac\u0301ajuc\u0301i se Severnoatlantskom savetu, Maja Sandu je istakla napore Republike Moldavije da odr\u017ei mir i stabilnost i otpornost na hibridne pretnje \u2013 navodi se u saop\u0161tenju za javnost. Maja Sandu se u Briselu sastala i sa predsednicom Evropske komisije Ursulom fon der Lajen, koja je nakon sastanka najavila podr\u0161ku od 60 miliona evra Republici Moldaviji, za reformu pravosudnog sistema i ekonomsku stabilnost.<\/p>\n<p>U utorak je u Stokholmu i Oslu odr\u017eana ceremonija dodele Nobelove  za 2024 godinu. Nagrade za hemiju, fiziku, medicinu, ekonomiju i knji\u017eevnost dodeljene su u glavnog gradu \u0160vedske, a nagrada za mir u sve\u010danoj sali glavnog grada Norve\u0161ke. Manifestacije posvec\u0301ene odavanju po\u010dasti pobednicima mira &#8211; pre\u017eivelima u atomskom bombardovanju na Hiro\u0161ime i Nagasakija &#8211; bic\u0301e nastavljene danas na Univerzitetu u Oslu. Kako je javio dopisnik Radio Rumunije sa tog doga\u0111aja, tema Nobelovog foruma, koji se organizuje dan posle ceremonije dodele Nobelove nagrade za mir, je \u201eNuklearno oru\u017eje \u2013 kako mu se suprotstaviti\u201d. Svoje u\u010de\u0161c\u0301e najavili su tri dobitnika Nobelove nagrade za mir iz 1995, 2005. i 2017. godine, dvoje pre\u017eivelih od atomskih udara na Japan Nagasakija i stru\u010dnjaci za globalnu nuklearnu politiku najavili su svoje.<\/p>\n<p>Novi sirijski premijer Mohamed al-Ba\u0161ir pozvao je na stabilnost i smirenost nakon 13 godina gra\u0111anskog rata u svojoj zemlji. Al-Ba\u0161ir, \u010dlan Organizacije za oslobo\u0111enje Levanta, glavnog aktera nedavnog svrgavanja re\u017eima koji je predvodio Ba\u0161ar al-Asad, treba da obezbedi tranziciju u Siriji do marta sledec\u0301e godine, usred strahovanja da bi grupe koje su se borile protiv biv\u0161eg predsednik mogle u\u0107i u sukob, ali i da napadnu verske manjine koje \u0161titi Asadov re\u017eim ili etni\u010dke. U me\u0111uvremenu, Sjedinjene Dr\u017eave su pozvale me\u0111unarodnu zajednicu da podr\u017ei inkluzivan politi\u010dki proces u Siriji i da se uzdr\u017ei od bilo kakvog me\u0161anja.<\/p>\n","protected":false},"excerpt":{"rendered":"<p>Punopravno \u010dlanstvo Rumunije i Bugarske u \u0160engenskoj zoni slobodnog kretanja od 1. januara bic\u0301e na dnevnom redu u \u010detvrtak na sastanku Saveta za pravosu\u0111e i unutra\u0161nje poslove Evropske unije. Austrija je nedavno najavila da c\u0301e ukinuti veto koje je blokiralo pristupanje dve zemlje i sa kopnenim granica zoni slobodnog kretanja. Argument je bio da je [&hellip;]<\/p>\n","protected":false},"author":100,"featured_media":723484,"comment_status":"closed","ping_status":"closed","sticky":false,"template":"","format":"standard","meta":{"_acf_changed":false,"footnotes":""},"categories":[105434],"tags":[159961,147712,145493,156242,145620,153876],"coauthors":[114932,116091],"class_list":["post-842034","post","type-post","status-publish","format-standard","has-post-thumbnail","hentry","category-vesti","tag-abgel-tilvar","tag-inflacija","tag-nato-sr","tag-nobelova-nagrada","tag-sengen","tag-vlada-rumunije"],"acf":[],"yoast_head":"<!-- This site is optimized with the Yoast SEO plugin v27.3 - https:\/\/yoast.com\/product\/yoast-seo-wordpress\/ -->\n<title>Vesti \u2013 11.12.2024 - RADIO RUMUNIJA INTERNACIONAL<\/title>\n<meta name=\"robots\" content=\"index, follow, max-snippet:-1, max-image-preview:large, max-video-preview:-1\" \/>\n<link rel=\"canonical\" href=\"https:\/\/www.rri.ro\/sr\/aktuelnosti\/vesti\/vesti-11-12-2024-id842034.html\" \/>\n<meta property=\"og:locale\" content=\"sr_RS\" \/>\n<meta property=\"og:type\" content=\"article\" \/>\n<meta property=\"og:title\" content=\"Vesti \u2013 11.12.2024 - RADIO RUMUNIJA INTERNACIONAL\" \/>\n<meta property=\"og:description\" content=\"Punopravno \u010dlanstvo Rumunije i Bugarske u \u0160engenskoj zoni slobodnog kretanja od 1. januara bic\u0301e na dnevnom redu u \u010detvrtak na sastanku Saveta za pravosu\u0111e i unutra\u0161nje poslove Evropske unije. Austrija je nedavno najavila da c\u0301e ukinuti veto koje je blokiralo pristupanje dve zemlje i sa kopnenim granica zoni slobodnog kretanja. Argument je bio da je [&hellip;]\" \/>\n<meta property=\"og:url\" content=\"https:\/\/www.rri.ro\/sr\/aktuelnosti\/vesti\/vesti-11-12-2024-id842034.html\" \/>\n<meta property=\"og:site_name\" content=\"RADIO RUMUNIJA INTERNACIONAL\" \/>\n<meta property=\"article:published_time\" content=\"2024-12-11T14:45:34+00:00\" \/>\n<meta property=\"og:image\" content=\"https:\/\/www.rri.ro\/wp-content\/uploads\/2024\/03\/RRI-960x540-Vesti-1-NOU.jpg\" \/>\n\t<meta property=\"og:image:width\" content=\"960\" \/>\n\t<meta property=\"og:image:height\" content=\"540\" \/>\n\t<meta property=\"og:image:type\" content=\"image\/jpeg\" \/>\n<meta name=\"author\" content=\"Dragana Diamandi, Newsroom\" \/>\n<meta name=\"twitter:card\" content=\"summary_large_image\" \/>\n<meta name=\"twitter:label1\" content=\"\u041d\u0430\u043f\u0438\u0441\u0430\u043d\u043e \u043e\u0434\" \/>\n\t<meta name=\"twitter:data1\" content=\"Dragana Diamandi\" \/>\n\t<meta name=\"twitter:label2\" content=\"\u041f\u0440\u043e\u0446\u0435\u045a\u0435\u043d\u043e \u0432\u0440\u0435\u043c\u0435 \u0447\u0438\u0442\u0430\u045a\u0430\" \/>\n\t<meta name=\"twitter:data2\" content=\"5 \u043c\u0438\u043d\u0443\u0442\u0430\" \/>\n\t<meta name=\"twitter:label3\" content=\"Written by\" \/>\n\t<meta name=\"twitter:data3\" content=\"Dragana Diamandi, Newsroom\" \/>\n<script type=\"application\/ld+json\" class=\"yoast-schema-graph\">{\"@context\":\"https:\\\/\\\/schema.org\",\"@graph\":[{\"@type\":\"Article\",\"@id\":\"https:\\\/\\\/www.rri.ro\\\/sr\\\/aktuelnosti\\\/vesti\\\/vesti-11-12-2024-id842034.html#article\",\"isPartOf\":{\"@id\":\"https:\\\/\\\/www.rri.ro\\\/sr\\\/aktuelnosti\\\/vesti\\\/vesti-11-12-2024-id842034.html\"},\"author\":{\"name\":\"Dragana Diamandi\",\"@id\":\"https:\\\/\\\/www.rri.ro\\\/#\\\/schema\\\/person\\\/72349bda10edda903f72d4a98aefdf6a\"},\"headline\":\"Vesti \u2013 11.12.2024\",\"datePublished\":\"2024-12-11T14:45:34+00:00\",\"mainEntityOfPage\":{\"@id\":\"https:\\\/\\\/www.rri.ro\\\/sr\\\/aktuelnosti\\\/vesti\\\/vesti-11-12-2024-id842034.html\"},\"wordCount\":924,\"image\":{\"@id\":\"https:\\\/\\\/www.rri.ro\\\/sr\\\/aktuelnosti\\\/vesti\\\/vesti-11-12-2024-id842034.html#primaryimage\"},\"thumbnailUrl\":\"https:\\\/\\\/www.rri.ro\\\/wp-content\\\/uploads\\\/2024\\\/03\\\/RRI-960x540-Vesti-1-NOU.jpg\",\"keywords\":[\"Abgel Tilvar\",\"Inflacija\",\"NATO\",\"Nobelova nagrada\",\"\u0160engen\",\"Vlada Rumunije\"],\"articleSection\":[\"Vesti\"],\"inLanguage\":\"sr-RS\"},{\"@type\":\"WebPage\",\"@id\":\"https:\\\/\\\/www.rri.ro\\\/sr\\\/aktuelnosti\\\/vesti\\\/vesti-11-12-2024-id842034.html\",\"url\":\"https:\\\/\\\/www.rri.ro\\\/sr\\\/aktuelnosti\\\/vesti\\\/vesti-11-12-2024-id842034.html\",\"name\":\"Vesti \u2013 11.12.2024 - RADIO RUMUNIJA INTERNACIONAL\",\"isPartOf\":{\"@id\":\"https:\\\/\\\/www.rri.ro\\\/#website\"},\"primaryImageOfPage\":{\"@id\":\"https:\\\/\\\/www.rri.ro\\\/sr\\\/aktuelnosti\\\/vesti\\\/vesti-11-12-2024-id842034.html#primaryimage\"},\"image\":{\"@id\":\"https:\\\/\\\/www.rri.ro\\\/sr\\\/aktuelnosti\\\/vesti\\\/vesti-11-12-2024-id842034.html#primaryimage\"},\"thumbnailUrl\":\"https:\\\/\\\/www.rri.ro\\\/wp-content\\\/uploads\\\/2024\\\/03\\\/RRI-960x540-Vesti-1-NOU.jpg\",\"datePublished\":\"2024-12-11T14:45:34+00:00\",\"author\":{\"@id\":\"https:\\\/\\\/www.rri.ro\\\/#\\\/schema\\\/person\\\/72349bda10edda903f72d4a98aefdf6a\"},\"breadcrumb\":{\"@id\":\"https:\\\/\\\/www.rri.ro\\\/sr\\\/aktuelnosti\\\/vesti\\\/vesti-11-12-2024-id842034.html#breadcrumb\"},\"inLanguage\":\"sr-RS\",\"potentialAction\":[{\"@type\":\"ReadAction\",\"target\":[\"https:\\\/\\\/www.rri.ro\\\/sr\\\/aktuelnosti\\\/vesti\\\/vesti-11-12-2024-id842034.html\"]}]},{\"@type\":\"ImageObject\",\"inLanguage\":\"sr-RS\",\"@id\":\"https:\\\/\\\/www.rri.ro\\\/sr\\\/aktuelnosti\\\/vesti\\\/vesti-11-12-2024-id842034.html#primaryimage\",\"url\":\"https:\\\/\\\/www.rri.ro\\\/wp-content\\\/uploads\\\/2024\\\/03\\\/RRI-960x540-Vesti-1-NOU.jpg\",\"contentUrl\":\"https:\\\/\\\/www.rri.ro\\\/wp-content\\\/uploads\\\/2024\\\/03\\\/RRI-960x540-Vesti-1-NOU.jpg\",\"width\":960,\"height\":540},{\"@type\":\"BreadcrumbList\",\"@id\":\"https:\\\/\\\/www.rri.ro\\\/sr\\\/aktuelnosti\\\/vesti\\\/vesti-11-12-2024-id842034.html#breadcrumb\",\"itemListElement\":[{\"@type\":\"ListItem\",\"position\":1,\"name\":\"\u041f\u043e\u0447\u0435\u0442\u043d\u0430 \u0441\u0442\u0440\u0430\u043d\u0438\u0446\u0430\",\"item\":\"https:\\\/\\\/www.rri.ro\\\/sr\"},{\"@type\":\"ListItem\",\"position\":2,\"name\":\"Aktuelnosti\",\"item\":\"https:\\\/\\\/www.rri.ro\\\/sr\\\/aktuelnosti\"},{\"@type\":\"ListItem\",\"position\":3,\"name\":\"Vesti\",\"item\":\"https:\\\/\\\/www.rri.ro\\\/sr\\\/aktuelnosti\\\/vesti\"},{\"@type\":\"ListItem\",\"position\":4,\"name\":\"Vesti \u2013 11.12.2024\"}]},{\"@type\":\"WebSite\",\"@id\":\"https:\\\/\\\/www.rri.ro\\\/#website\",\"url\":\"https:\\\/\\\/www.rri.ro\\\/\",\"name\":\"RADIO RUMUNIJA INTERNACIONAL\",\"description\":\"Totul despre Rom\u00e2nia \u015fi rom\u00e2ni, \u00een 13 limbi\\\/dialecte!\",\"inLanguage\":\"sr-RS\"},{\"@type\":\"Person\",\"@id\":\"https:\\\/\\\/www.rri.ro\\\/#\\\/schema\\\/person\\\/72349bda10edda903f72d4a98aefdf6a\",\"name\":\"Dragana Diamandi\",\"url\":\"https:\\\/\\\/www.rri.ro\\\/sr\\\/author\\\/dragana-diamandi\"}]}<\/script>\n<!-- \/ Yoast SEO plugin. -->","yoast_head_json":{"title":"Vesti \u2013 11.12.2024 - RADIO RUMUNIJA INTERNACIONAL","robots":{"index":"index","follow":"follow","max-snippet":"max-snippet:-1","max-image-preview":"max-image-preview:large","max-video-preview":"max-video-preview:-1"},"canonical":"https:\/\/www.rri.ro\/sr\/aktuelnosti\/vesti\/vesti-11-12-2024-id842034.html","og_locale":"sr_RS","og_type":"article","og_title":"Vesti \u2013 11.12.2024 - RADIO RUMUNIJA INTERNACIONAL","og_description":"Punopravno \u010dlanstvo Rumunije i Bugarske u \u0160engenskoj zoni slobodnog kretanja od 1. januara bic\u0301e na dnevnom redu u \u010detvrtak na sastanku Saveta za pravosu\u0111e i unutra\u0161nje poslove Evropske unije. Austrija je nedavno najavila da c\u0301e ukinuti veto koje je blokiralo pristupanje dve zemlje i sa kopnenim granica zoni slobodnog kretanja. Argument je bio da je [&hellip;]","og_url":"https:\/\/www.rri.ro\/sr\/aktuelnosti\/vesti\/vesti-11-12-2024-id842034.html","og_site_name":"RADIO RUMUNIJA INTERNACIONAL","article_published_time":"2024-12-11T14:45:34+00:00","og_image":[{"width":960,"height":540,"url":"https:\/\/www.rri.ro\/wp-content\/uploads\/2024\/03\/RRI-960x540-Vesti-1-NOU.jpg","type":"image\/jpeg"}],"author":"Dragana Diamandi, Newsroom","twitter_card":"summary_large_image","twitter_misc":{"\u041d\u0430\u043f\u0438\u0441\u0430\u043d\u043e \u043e\u0434":"Dragana Diamandi","\u041f\u0440\u043e\u0446\u0435\u045a\u0435\u043d\u043e \u0432\u0440\u0435\u043c\u0435 \u0447\u0438\u0442\u0430\u045a\u0430":"5 \u043c\u0438\u043d\u0443\u0442\u0430","Written by":"Dragana Diamandi, Newsroom"},"schema":{"@context":"https:\/\/schema.org","@graph":[{"@type":"Article","@id":"https:\/\/www.rri.ro\/sr\/aktuelnosti\/vesti\/vesti-11-12-2024-id842034.html#article","isPartOf":{"@id":"https:\/\/www.rri.ro\/sr\/aktuelnosti\/vesti\/vesti-11-12-2024-id842034.html"},"author":{"name":"Dragana Diamandi","@id":"https:\/\/www.rri.ro\/#\/schema\/person\/72349bda10edda903f72d4a98aefdf6a"},"headline":"Vesti \u2013 11.12.2024","datePublished":"2024-12-11T14:45:34+00:00","mainEntityOfPage":{"@id":"https:\/\/www.rri.ro\/sr\/aktuelnosti\/vesti\/vesti-11-12-2024-id842034.html"},"wordCount":924,"image":{"@id":"https:\/\/www.rri.ro\/sr\/aktuelnosti\/vesti\/vesti-11-12-2024-id842034.html#primaryimage"},"thumbnailUrl":"https:\/\/www.rri.ro\/wp-content\/uploads\/2024\/03\/RRI-960x540-Vesti-1-NOU.jpg","keywords":["Abgel Tilvar","Inflacija","NATO","Nobelova nagrada","\u0160engen","Vlada Rumunije"],"articleSection":["Vesti"],"inLanguage":"sr-RS"},{"@type":"WebPage","@id":"https:\/\/www.rri.ro\/sr\/aktuelnosti\/vesti\/vesti-11-12-2024-id842034.html","url":"https:\/\/www.rri.ro\/sr\/aktuelnosti\/vesti\/vesti-11-12-2024-id842034.html","name":"Vesti \u2013 11.12.2024 - RADIO RUMUNIJA INTERNACIONAL","isPartOf":{"@id":"https:\/\/www.rri.ro\/#website"},"primaryImageOfPage":{"@id":"https:\/\/www.rri.ro\/sr\/aktuelnosti\/vesti\/vesti-11-12-2024-id842034.html#primaryimage"},"image":{"@id":"https:\/\/www.rri.ro\/sr\/aktuelnosti\/vesti\/vesti-11-12-2024-id842034.html#primaryimage"},"thumbnailUrl":"https:\/\/www.rri.ro\/wp-content\/uploads\/2024\/03\/RRI-960x540-Vesti-1-NOU.jpg","datePublished":"2024-12-11T14:45:34+00:00","author":{"@id":"https:\/\/www.rri.ro\/#\/schema\/person\/72349bda10edda903f72d4a98aefdf6a"},"breadcrumb":{"@id":"https:\/\/www.rri.ro\/sr\/aktuelnosti\/vesti\/vesti-11-12-2024-id842034.html#breadcrumb"},"inLanguage":"sr-RS","potentialAction":[{"@type":"ReadAction","target":["https:\/\/www.rri.ro\/sr\/aktuelnosti\/vesti\/vesti-11-12-2024-id842034.html"]}]},{"@type":"ImageObject","inLanguage":"sr-RS","@id":"https:\/\/www.rri.ro\/sr\/aktuelnosti\/vesti\/vesti-11-12-2024-id842034.html#primaryimage","url":"https:\/\/www.rri.ro\/wp-content\/uploads\/2024\/03\/RRI-960x540-Vesti-1-NOU.jpg","contentUrl":"https:\/\/www.rri.ro\/wp-content\/uploads\/2024\/03\/RRI-960x540-Vesti-1-NOU.jpg","width":960,"height":540},{"@type":"BreadcrumbList","@id":"https:\/\/www.rri.ro\/sr\/aktuelnosti\/vesti\/vesti-11-12-2024-id842034.html#breadcrumb","itemListElement":[{"@type":"ListItem","position":1,"name":"\u041f\u043e\u0447\u0435\u0442\u043d\u0430 \u0441\u0442\u0440\u0430\u043d\u0438\u0446\u0430","item":"https:\/\/www.rri.ro\/sr"},{"@type":"ListItem","position":2,"name":"Aktuelnosti","item":"https:\/\/www.rri.ro\/sr\/aktuelnosti"},{"@type":"ListItem","position":3,"name":"Vesti","item":"https:\/\/www.rri.ro\/sr\/aktuelnosti\/vesti"},{"@type":"ListItem","position":4,"name":"Vesti \u2013 11.12.2024"}]},{"@type":"WebSite","@id":"https:\/\/www.rri.ro\/#website","url":"https:\/\/www.rri.ro\/","name":"RADIO RUMUNIJA INTERNACIONAL","description":"Totul despre Rom\u00e2nia \u015fi rom\u00e2ni, \u00een 13 limbi\/dialecte!","inLanguage":"sr-RS"},{"@type":"Person","@id":"https:\/\/www.rri.ro\/#\/schema\/person\/72349bda10edda903f72d4a98aefdf6a","name":"Dragana Diamandi","url":"https:\/\/www.rri.ro\/sr\/author\/dragana-diamandi"}]}},"_links":{"self":[{"href":"https:\/\/www.rri.ro\/sr\/wp-json\/wp\/v2\/posts\/842034","targetHints":{"allow":["GET"]}}],"collection":[{"href":"https:\/\/www.rri.ro\/sr\/wp-json\/wp\/v2\/posts"}],"about":[{"href":"https:\/\/www.rri.ro\/sr\/wp-json\/wp\/v2\/types\/post"}],"author":[{"embeddable":true,"href":"https:\/\/www.rri.ro\/sr\/wp-json\/wp\/v2\/users\/100"}],"replies":[{"embeddable":true,"href":"https:\/\/www.rri.ro\/sr\/wp-json\/wp\/v2\/comments?post=842034"}],"version-history":[{"count":0,"href":"https:\/\/www.rri.ro\/sr\/wp-json\/wp\/v2\/posts\/842034\/revisions"}],"wp:featuredmedia":[{"embeddable":true,"href":"https:\/\/www.rri.ro\/sr\/wp-json\/wp\/v2\/media\/723484"}],"wp:attachment":[{"href":"https:\/\/www.rri.ro\/sr\/wp-json\/wp\/v2\/media?parent=842034"}],"wp:term":[{"taxonomy":"category","embeddable":true,"href":"https:\/\/www.rri.ro\/sr\/wp-json\/wp\/v2\/categories?post=842034"},{"taxonomy":"post_tag","embeddable":true,"href":"https:\/\/www.rri.ro\/sr\/wp-json\/wp\/v2\/tags?post=842034"},{"taxonomy":"author","embeddable":true,"href":"https:\/\/www.rri.ro\/sr\/wp-json\/wp\/v2\/coauthors?post=842034"}],"curies":[{"name":"wp","href":"https:\/\/api.w.org\/{rel}","templated":true}]}}