{"id":900319,"date":"2025-06-18T17:05:49","date_gmt":"2025-06-18T14:05:49","guid":{"rendered":"https:\/\/www.rri.ro\/?p=900319"},"modified":"2025-06-18T17:05:49","modified_gmt":"2025-06-18T14:05:49","slug":"situacija-rumuna-na-bliskom-istoku","status":"publish","type":"post","link":"https:\/\/www.rri.ro\/sr\/aktuelnosti\/aktuelnosti-sr\/situacija-rumuna-na-bliskom-istoku-id900319.html","title":{"rendered":"Situacija Rumuna na Bliskom istoku"},"content":{"rendered":"<p>Situacija na Bliskom istoku je kriti\u010dna nakon oru\u017eanog sukoba izme\u0111u Izraela i Irana. Prisutan u utorak na neformalnom sastanku ministara spoljnih poslova zemalja \u010dlanica Evropske unije, \u0161ef diplomatije u Bukure\u0161tu, Emil Hurezeanu, izrazio je duboku zabrinutost zbog eskalacije bezbednosne situacije na Bliskom istoku, s obzirom na opasnost od krize velikih razmera u regionu. Naglasio je potrebu za deeskalacijom situacije i nastavkom diplomatskih napora kako bi se osiguralo pregovara\u010dko i proverljivo re\u0161enje u vezi sa iranskim nuklearnim programom. Emil Hurezeanu je tako\u0111e ponovo potvrdio posvec\u0301enost bezbednosti Izraela i podr\u017eao potrebu za povec\u0301anjem pritiska na re\u017eim u Teheranu da se pridr\u017eava normi Me\u0111unarodne agencije za atomsku energiju i da se vrati za pregovara\u010dki sto.<\/p>\n<p>Rumuni su tako\u0111e zahvac\u0301eni sukobom izme\u0111u dve dr\u017eave i zatra\u017eili su pomoc\u0301 od Ministarstva spoljnih poslova. U ovom kontekstu naglog pogor\u0161anja bezbednosne situacije na Bliskom istoku i zatvaranja vazdu\u0161nog prostora u nekoliko zemalja regiona, institucija preduzima korake kako bi pru\u017eila konzularnu za\u0161titu rumunskim dr\u017eavljanima koji su obavestili o svom prisustvu u tom podru\u010dju i \u017eele da se vrate u zemlju. Grupe hodo\u010dasnika su vec\u0301 napustile Izrael.<\/p>\n<p>Dr\u017eavna sekretarka za evropske poslove, Bliski istok i Afriku Ministarstva spoljnih poslova, Klara Stajku, izjavila je da oko 200 Rumuna tra\u017ei evakuaciju iz Izraela i Irana zbog sukoba u regionu. \u201eSituacija je promenljiva. Na\u0161e kolege su u stalnom kontaktu sa njima kako bi videle kakve su im temporalne moguc\u0301nosti i koji c\u0301e biti bezbedni putevi za izlazak. O\u010dekuje se da c\u0301e uslediti i druge akcije repatrijacije\u201c, izjavila je Klara Stajku na konferenciji za novinare. Ona je podsetila da je u noc\u0301i izme\u0111u 12. i 13. juna aktivirana Krizna c\u0301elija Ministarstva spoljnih poslova, kako bi se koordinisale neophodne akcije u ovom kontekstu, koja stalno deluje.<\/p>\n<p>Prema re\u010dima dr\u017eavnog sekretara u Ministarstvu spoljnih poslova, odluka o kori\u0161c\u0301enju vojnih aviona za moguc\u0301e evakuacije bic\u0301e doneta na nivou Vlade. \u201eImamo oko 385 zahteva koje pratimo. Svi koraci koje preduzimamo uklju\u010duju koordinaciju izme\u0111u glavnog grada, diplomatskih misija u pogo\u0111enim dr\u017eavama i lokalnih vlasti kako bi se identifikovale bezbedne opcije za evakuaciju\u201c, objasnila je Klara Staiku. Ona je tako\u0111e rekla da je ministarstvo u stalnoj koordinaciji sa misijama drugih evropskih i savezni\u010dkih dr\u017eava koje imaju gra\u0111ane u sli\u010dnim situacijama. Klara Stajku je tako\u0111e obavestila da se razmatra evakuacija neesencijalnog osoblja iz diplomatskih misija u rizi\u010dnim podru\u010djima, ali da je situacija veoma fluidna i da nema odluke u tom pogledu.<\/p>\n","protected":false},"excerpt":{"rendered":"<p>Situacija na Bliskom istoku je kriti\u010dna nakon oru\u017eanog sukoba izme\u0111u Izraela i Irana. Prisutan u utorak na neformalnom sastanku ministara spoljnih poslova zemalja \u010dlanica Evropske unije, \u0161ef diplomatije u Bukure\u0161tu, Emil Hurezeanu, izrazio je duboku zabrinutost zbog eskalacije bezbednosne situacije na Bliskom istoku, s obzirom na opasnost od krize velikih razmera u regionu. Naglasio je [&hellip;]<\/p>\n","protected":false},"author":101,"featured_media":878901,"comment_status":"closed","ping_status":"closed","sticky":false,"template":"","format":"standard","meta":{"_acf_changed":false,"footnotes":""},"categories":[139553],"tags":[152323,172340,154041,172339],"coauthors":[113245,115852],"class_list":["post-900319","post","type-post","status-publish","format-standard","has-post-thumbnail","hentry","category-aktuelnosti-sr","tag-bliski-istok","tag-iran-sr","tag-izrael","tag-sukob"],"acf":[],"yoast_head":"<!-- This site is optimized with the Yoast SEO plugin v27.3 - https:\/\/yoast.com\/product\/yoast-seo-wordpress\/ -->\n<title>Situacija Rumuna na Bliskom istoku - RADIO RUMUNIJA INTERNACIONAL<\/title>\n<meta name=\"robots\" content=\"index, follow, max-snippet:-1, max-image-preview:large, max-video-preview:-1\" \/>\n<link rel=\"canonical\" href=\"https:\/\/www.rri.ro\/sr\/aktuelnosti\/aktuelnosti-sr\/situacija-rumuna-na-bliskom-istoku-id900319.html\" \/>\n<meta property=\"og:locale\" content=\"sr_RS\" \/>\n<meta property=\"og:type\" content=\"article\" \/>\n<meta property=\"og:title\" content=\"Situacija Rumuna na Bliskom istoku - RADIO RUMUNIJA INTERNACIONAL\" \/>\n<meta property=\"og:description\" content=\"Situacija na Bliskom istoku je kriti\u010dna nakon oru\u017eanog sukoba izme\u0111u Izraela i Irana. Prisutan u utorak na neformalnom sastanku ministara spoljnih poslova zemalja \u010dlanica Evropske unije, \u0161ef diplomatije u Bukure\u0161tu, Emil Hurezeanu, izrazio je duboku zabrinutost zbog eskalacije bezbednosne situacije na Bliskom istoku, s obzirom na opasnost od krize velikih razmera u regionu. Naglasio je [&hellip;]\" \/>\n<meta property=\"og:url\" content=\"https:\/\/www.rri.ro\/sr\/aktuelnosti\/aktuelnosti-sr\/situacija-rumuna-na-bliskom-istoku-id900319.html\" \/>\n<meta property=\"og:site_name\" content=\"RADIO RUMUNIJA INTERNACIONAL\" \/>\n<meta property=\"article:published_time\" content=\"2025-06-18T14:05:49+00:00\" \/>\n<meta property=\"og:image\" content=\"https:\/\/www.rri.ro\/wp-content\/uploads\/2025\/04\/logo-MAE-2025-BUN_16x9.jpg\" \/>\n\t<meta property=\"og:image:width\" content=\"1200\" \/>\n\t<meta property=\"og:image:height\" content=\"675\" \/>\n\t<meta property=\"og:image:type\" content=\"image\/jpeg\" \/>\n<meta name=\"author\" content=\"Marija Nenadi\u0107-Zurka, Leyla Cheamil\" \/>\n<meta name=\"twitter:card\" content=\"summary_large_image\" \/>\n<meta name=\"twitter:label1\" content=\"\u041d\u0430\u043f\u0438\u0441\u0430\u043d\u043e \u043e\u0434\" \/>\n\t<meta name=\"twitter:data1\" content=\"Marija Nenadi\u0107-Zurka\" \/>\n\t<meta name=\"twitter:label2\" content=\"\u041f\u0440\u043e\u0446\u0435\u045a\u0435\u043d\u043e \u0432\u0440\u0435\u043c\u0435 \u0447\u0438\u0442\u0430\u045a\u0430\" \/>\n\t<meta name=\"twitter:data2\" content=\"2 \u043c\u0438\u043d\u0443\u0442\u0430\" \/>\n\t<meta name=\"twitter:label3\" content=\"Written by\" \/>\n\t<meta name=\"twitter:data3\" content=\"Marija Nenadi\u0107-Zurka, Leyla Cheamil\" \/>\n<script type=\"application\/ld+json\" class=\"yoast-schema-graph\">{\"@context\":\"https:\\\/\\\/schema.org\",\"@graph\":[{\"@type\":\"Article\",\"@id\":\"https:\\\/\\\/www.rri.ro\\\/sr\\\/aktuelnosti\\\/aktuelnosti-sr\\\/situacija-rumuna-na-bliskom-istoku-id900319.html#article\",\"isPartOf\":{\"@id\":\"https:\\\/\\\/www.rri.ro\\\/sr\\\/aktuelnosti\\\/aktuelnosti-sr\\\/situacija-rumuna-na-bliskom-istoku-id900319.html\"},\"author\":{\"name\":\"Marija Nenadi\u0107-Zurka\",\"@id\":\"https:\\\/\\\/www.rri.ro\\\/#\\\/schema\\\/person\\\/a3f1370886b657670704847e2f795e3e\"},\"headline\":\"Situacija Rumuna na Bliskom istoku\",\"datePublished\":\"2025-06-18T14:05:49+00:00\",\"mainEntityOfPage\":{\"@id\":\"https:\\\/\\\/www.rri.ro\\\/sr\\\/aktuelnosti\\\/aktuelnosti-sr\\\/situacija-rumuna-na-bliskom-istoku-id900319.html\"},\"wordCount\":446,\"image\":{\"@id\":\"https:\\\/\\\/www.rri.ro\\\/sr\\\/aktuelnosti\\\/aktuelnosti-sr\\\/situacija-rumuna-na-bliskom-istoku-id900319.html#primaryimage\"},\"thumbnailUrl\":\"https:\\\/\\\/www.rri.ro\\\/wp-content\\\/uploads\\\/2025\\\/04\\\/logo-MAE-2025-BUN_16x9.jpg\",\"keywords\":[\"Bliski istok\",\"Iran\",\"Izrael\",\"sukob\"],\"articleSection\":[\"Tema dana\"],\"inLanguage\":\"sr-RS\"},{\"@type\":\"WebPage\",\"@id\":\"https:\\\/\\\/www.rri.ro\\\/sr\\\/aktuelnosti\\\/aktuelnosti-sr\\\/situacija-rumuna-na-bliskom-istoku-id900319.html\",\"url\":\"https:\\\/\\\/www.rri.ro\\\/sr\\\/aktuelnosti\\\/aktuelnosti-sr\\\/situacija-rumuna-na-bliskom-istoku-id900319.html\",\"name\":\"Situacija Rumuna na Bliskom istoku - RADIO RUMUNIJA INTERNACIONAL\",\"isPartOf\":{\"@id\":\"https:\\\/\\\/www.rri.ro\\\/#website\"},\"primaryImageOfPage\":{\"@id\":\"https:\\\/\\\/www.rri.ro\\\/sr\\\/aktuelnosti\\\/aktuelnosti-sr\\\/situacija-rumuna-na-bliskom-istoku-id900319.html#primaryimage\"},\"image\":{\"@id\":\"https:\\\/\\\/www.rri.ro\\\/sr\\\/aktuelnosti\\\/aktuelnosti-sr\\\/situacija-rumuna-na-bliskom-istoku-id900319.html#primaryimage\"},\"thumbnailUrl\":\"https:\\\/\\\/www.rri.ro\\\/wp-content\\\/uploads\\\/2025\\\/04\\\/logo-MAE-2025-BUN_16x9.jpg\",\"datePublished\":\"2025-06-18T14:05:49+00:00\",\"author\":{\"@id\":\"https:\\\/\\\/www.rri.ro\\\/#\\\/schema\\\/person\\\/a3f1370886b657670704847e2f795e3e\"},\"breadcrumb\":{\"@id\":\"https:\\\/\\\/www.rri.ro\\\/sr\\\/aktuelnosti\\\/aktuelnosti-sr\\\/situacija-rumuna-na-bliskom-istoku-id900319.html#breadcrumb\"},\"inLanguage\":\"sr-RS\",\"potentialAction\":[{\"@type\":\"ReadAction\",\"target\":[\"https:\\\/\\\/www.rri.ro\\\/sr\\\/aktuelnosti\\\/aktuelnosti-sr\\\/situacija-rumuna-na-bliskom-istoku-id900319.html\"]}]},{\"@type\":\"ImageObject\",\"inLanguage\":\"sr-RS\",\"@id\":\"https:\\\/\\\/www.rri.ro\\\/sr\\\/aktuelnosti\\\/aktuelnosti-sr\\\/situacija-rumuna-na-bliskom-istoku-id900319.html#primaryimage\",\"url\":\"https:\\\/\\\/www.rri.ro\\\/wp-content\\\/uploads\\\/2025\\\/04\\\/logo-MAE-2025-BUN_16x9.jpg\",\"contentUrl\":\"https:\\\/\\\/www.rri.ro\\\/wp-content\\\/uploads\\\/2025\\\/04\\\/logo-MAE-2025-BUN_16x9.jpg\",\"width\":1200,\"height\":675,\"caption\":\"logo-MAE-2025-BUN_16x9\"},{\"@type\":\"BreadcrumbList\",\"@id\":\"https:\\\/\\\/www.rri.ro\\\/sr\\\/aktuelnosti\\\/aktuelnosti-sr\\\/situacija-rumuna-na-bliskom-istoku-id900319.html#breadcrumb\",\"itemListElement\":[{\"@type\":\"ListItem\",\"position\":1,\"name\":\"\u041f\u043e\u0447\u0435\u0442\u043d\u0430 \u0441\u0442\u0440\u0430\u043d\u0438\u0446\u0430\",\"item\":\"https:\\\/\\\/www.rri.ro\\\/sr\"},{\"@type\":\"ListItem\",\"position\":2,\"name\":\"Aktuelnosti\",\"item\":\"https:\\\/\\\/www.rri.ro\\\/sr\\\/aktuelnosti\"},{\"@type\":\"ListItem\",\"position\":3,\"name\":\"Tema dana\",\"item\":\"https:\\\/\\\/www.rri.ro\\\/sr\\\/aktuelnosti\\\/aktuelnosti-sr\"},{\"@type\":\"ListItem\",\"position\":4,\"name\":\"Situacija Rumuna na Bliskom istoku\"}]},{\"@type\":\"WebSite\",\"@id\":\"https:\\\/\\\/www.rri.ro\\\/#website\",\"url\":\"https:\\\/\\\/www.rri.ro\\\/\",\"name\":\"RADIO RUMUNIJA INTERNACIONAL\",\"description\":\"Totul despre Rom\u00e2nia \u015fi rom\u00e2ni, \u00een 13 limbi\\\/dialecte!\",\"inLanguage\":\"sr-RS\"},{\"@type\":\"Person\",\"@id\":\"https:\\\/\\\/www.rri.ro\\\/#\\\/schema\\\/person\\\/a3f1370886b657670704847e2f795e3e\",\"name\":\"Marija Nenadi\u0107-Zurka\",\"url\":\"https:\\\/\\\/www.rri.ro\\\/sr\\\/author\\\/marija-nenadic\"}]}<\/script>\n<!-- \/ Yoast SEO plugin. -->","yoast_head_json":{"title":"Situacija Rumuna na Bliskom istoku - RADIO RUMUNIJA INTERNACIONAL","robots":{"index":"index","follow":"follow","max-snippet":"max-snippet:-1","max-image-preview":"max-image-preview:large","max-video-preview":"max-video-preview:-1"},"canonical":"https:\/\/www.rri.ro\/sr\/aktuelnosti\/aktuelnosti-sr\/situacija-rumuna-na-bliskom-istoku-id900319.html","og_locale":"sr_RS","og_type":"article","og_title":"Situacija Rumuna na Bliskom istoku - RADIO RUMUNIJA INTERNACIONAL","og_description":"Situacija na Bliskom istoku je kriti\u010dna nakon oru\u017eanog sukoba izme\u0111u Izraela i Irana. Prisutan u utorak na neformalnom sastanku ministara spoljnih poslova zemalja \u010dlanica Evropske unije, \u0161ef diplomatije u Bukure\u0161tu, Emil Hurezeanu, izrazio je duboku zabrinutost zbog eskalacije bezbednosne situacije na Bliskom istoku, s obzirom na opasnost od krize velikih razmera u regionu. Naglasio je [&hellip;]","og_url":"https:\/\/www.rri.ro\/sr\/aktuelnosti\/aktuelnosti-sr\/situacija-rumuna-na-bliskom-istoku-id900319.html","og_site_name":"RADIO RUMUNIJA INTERNACIONAL","article_published_time":"2025-06-18T14:05:49+00:00","og_image":[{"width":1200,"height":675,"url":"https:\/\/www.rri.ro\/wp-content\/uploads\/2025\/04\/logo-MAE-2025-BUN_16x9.jpg","type":"image\/jpeg"}],"author":"Marija Nenadi\u0107-Zurka, Leyla Cheamil","twitter_card":"summary_large_image","twitter_misc":{"\u041d\u0430\u043f\u0438\u0441\u0430\u043d\u043e \u043e\u0434":"Marija Nenadi\u0107-Zurka","\u041f\u0440\u043e\u0446\u0435\u045a\u0435\u043d\u043e \u0432\u0440\u0435\u043c\u0435 \u0447\u0438\u0442\u0430\u045a\u0430":"2 \u043c\u0438\u043d\u0443\u0442\u0430","Written by":"Marija Nenadi\u0107-Zurka, Leyla Cheamil"},"schema":{"@context":"https:\/\/schema.org","@graph":[{"@type":"Article","@id":"https:\/\/www.rri.ro\/sr\/aktuelnosti\/aktuelnosti-sr\/situacija-rumuna-na-bliskom-istoku-id900319.html#article","isPartOf":{"@id":"https:\/\/www.rri.ro\/sr\/aktuelnosti\/aktuelnosti-sr\/situacija-rumuna-na-bliskom-istoku-id900319.html"},"author":{"name":"Marija Nenadi\u0107-Zurka","@id":"https:\/\/www.rri.ro\/#\/schema\/person\/a3f1370886b657670704847e2f795e3e"},"headline":"Situacija Rumuna na Bliskom istoku","datePublished":"2025-06-18T14:05:49+00:00","mainEntityOfPage":{"@id":"https:\/\/www.rri.ro\/sr\/aktuelnosti\/aktuelnosti-sr\/situacija-rumuna-na-bliskom-istoku-id900319.html"},"wordCount":446,"image":{"@id":"https:\/\/www.rri.ro\/sr\/aktuelnosti\/aktuelnosti-sr\/situacija-rumuna-na-bliskom-istoku-id900319.html#primaryimage"},"thumbnailUrl":"https:\/\/www.rri.ro\/wp-content\/uploads\/2025\/04\/logo-MAE-2025-BUN_16x9.jpg","keywords":["Bliski istok","Iran","Izrael","sukob"],"articleSection":["Tema dana"],"inLanguage":"sr-RS"},{"@type":"WebPage","@id":"https:\/\/www.rri.ro\/sr\/aktuelnosti\/aktuelnosti-sr\/situacija-rumuna-na-bliskom-istoku-id900319.html","url":"https:\/\/www.rri.ro\/sr\/aktuelnosti\/aktuelnosti-sr\/situacija-rumuna-na-bliskom-istoku-id900319.html","name":"Situacija Rumuna na Bliskom istoku - RADIO RUMUNIJA INTERNACIONAL","isPartOf":{"@id":"https:\/\/www.rri.ro\/#website"},"primaryImageOfPage":{"@id":"https:\/\/www.rri.ro\/sr\/aktuelnosti\/aktuelnosti-sr\/situacija-rumuna-na-bliskom-istoku-id900319.html#primaryimage"},"image":{"@id":"https:\/\/www.rri.ro\/sr\/aktuelnosti\/aktuelnosti-sr\/situacija-rumuna-na-bliskom-istoku-id900319.html#primaryimage"},"thumbnailUrl":"https:\/\/www.rri.ro\/wp-content\/uploads\/2025\/04\/logo-MAE-2025-BUN_16x9.jpg","datePublished":"2025-06-18T14:05:49+00:00","author":{"@id":"https:\/\/www.rri.ro\/#\/schema\/person\/a3f1370886b657670704847e2f795e3e"},"breadcrumb":{"@id":"https:\/\/www.rri.ro\/sr\/aktuelnosti\/aktuelnosti-sr\/situacija-rumuna-na-bliskom-istoku-id900319.html#breadcrumb"},"inLanguage":"sr-RS","potentialAction":[{"@type":"ReadAction","target":["https:\/\/www.rri.ro\/sr\/aktuelnosti\/aktuelnosti-sr\/situacija-rumuna-na-bliskom-istoku-id900319.html"]}]},{"@type":"ImageObject","inLanguage":"sr-RS","@id":"https:\/\/www.rri.ro\/sr\/aktuelnosti\/aktuelnosti-sr\/situacija-rumuna-na-bliskom-istoku-id900319.html#primaryimage","url":"https:\/\/www.rri.ro\/wp-content\/uploads\/2025\/04\/logo-MAE-2025-BUN_16x9.jpg","contentUrl":"https:\/\/www.rri.ro\/wp-content\/uploads\/2025\/04\/logo-MAE-2025-BUN_16x9.jpg","width":1200,"height":675,"caption":"logo-MAE-2025-BUN_16x9"},{"@type":"BreadcrumbList","@id":"https:\/\/www.rri.ro\/sr\/aktuelnosti\/aktuelnosti-sr\/situacija-rumuna-na-bliskom-istoku-id900319.html#breadcrumb","itemListElement":[{"@type":"ListItem","position":1,"name":"\u041f\u043e\u0447\u0435\u0442\u043d\u0430 \u0441\u0442\u0440\u0430\u043d\u0438\u0446\u0430","item":"https:\/\/www.rri.ro\/sr"},{"@type":"ListItem","position":2,"name":"Aktuelnosti","item":"https:\/\/www.rri.ro\/sr\/aktuelnosti"},{"@type":"ListItem","position":3,"name":"Tema dana","item":"https:\/\/www.rri.ro\/sr\/aktuelnosti\/aktuelnosti-sr"},{"@type":"ListItem","position":4,"name":"Situacija Rumuna na Bliskom istoku"}]},{"@type":"WebSite","@id":"https:\/\/www.rri.ro\/#website","url":"https:\/\/www.rri.ro\/","name":"RADIO RUMUNIJA INTERNACIONAL","description":"Totul despre Rom\u00e2nia \u015fi rom\u00e2ni, \u00een 13 limbi\/dialecte!","inLanguage":"sr-RS"},{"@type":"Person","@id":"https:\/\/www.rri.ro\/#\/schema\/person\/a3f1370886b657670704847e2f795e3e","name":"Marija Nenadi\u0107-Zurka","url":"https:\/\/www.rri.ro\/sr\/author\/marija-nenadic"}]}},"_links":{"self":[{"href":"https:\/\/www.rri.ro\/sr\/wp-json\/wp\/v2\/posts\/900319","targetHints":{"allow":["GET"]}}],"collection":[{"href":"https:\/\/www.rri.ro\/sr\/wp-json\/wp\/v2\/posts"}],"about":[{"href":"https:\/\/www.rri.ro\/sr\/wp-json\/wp\/v2\/types\/post"}],"author":[{"embeddable":true,"href":"https:\/\/www.rri.ro\/sr\/wp-json\/wp\/v2\/users\/101"}],"replies":[{"embeddable":true,"href":"https:\/\/www.rri.ro\/sr\/wp-json\/wp\/v2\/comments?post=900319"}],"version-history":[{"count":0,"href":"https:\/\/www.rri.ro\/sr\/wp-json\/wp\/v2\/posts\/900319\/revisions"}],"wp:featuredmedia":[{"embeddable":true,"href":"https:\/\/www.rri.ro\/sr\/wp-json\/wp\/v2\/media\/878901"}],"wp:attachment":[{"href":"https:\/\/www.rri.ro\/sr\/wp-json\/wp\/v2\/media?parent=900319"}],"wp:term":[{"taxonomy":"category","embeddable":true,"href":"https:\/\/www.rri.ro\/sr\/wp-json\/wp\/v2\/categories?post=900319"},{"taxonomy":"post_tag","embeddable":true,"href":"https:\/\/www.rri.ro\/sr\/wp-json\/wp\/v2\/tags?post=900319"},{"taxonomy":"author","embeddable":true,"href":"https:\/\/www.rri.ro\/sr\/wp-json\/wp\/v2\/coauthors?post=900319"}],"curies":[{"name":"wp","href":"https:\/\/api.w.org\/{rel}","templated":true}]}}