{"id":902176,"date":"2025-06-24T12:01:04","date_gmt":"2025-06-24T09:01:04","guid":{"rendered":"https:\/\/www.rri.ro\/?p=902176"},"modified":"2025-06-24T12:44:54","modified_gmt":"2025-06-24T09:44:54","slug":"prioriteti-nove-vlade-24-06-2025","status":"publish","type":"post","link":"https:\/\/www.rri.ro\/sr\/aktuelnosti\/aktuelnosti-sr\/prioriteti-nove-vlade-24-06-2025-id902176.html","title":{"rendered":"\u00a0Prioriteti nove vlade (24.06.2025)"},"content":{"rendered":"<p>Posle vi\u0161enedeljnih intenzivnih pregovora rumunskih proevropskih partija, Socijaldemokratske (PSD), Nacionalne liberalne (PNL), Unije spasite Rumuniju (USR) i Demokratskog saveza Madjara u Rumuniji (UDMR), zelenog svetla stru\u010dnih komisija i izglasavanja poverenja u Parlamentu Rumunije, nova vlada na \u010delu sa premijerom Ilijom Bolo\u017eanuom polo\u017eila je zakletvu pred predsednikom Rumunije Niku\u0161orom Danom. Do\u0161ao je kraj privremenog perioda i politi\u010dke nestabilnosti. Novi premijer je obe\u010dao da \u0107e oporaviti dr\u017eavne finansije koje kubure sa neodr\u017eivim deficitom. U ponedeljak uve\u010de odr\u017eana je i prva sednica vlade, na kojoj je usvojena uredba o organizovanju kabineta. Prethodno je na plenumu Parlamenta premijer Ilije Bolo\u017ean izjavio da \u0107e ostvariti potrebne reforme za razvoj i prosperitet zemlje, da \u0107e napraviti red u javnim finansijama i pokazati po\u0161tovanje prema stanovni\u0161tvu. Neke mere \u0107e biti i nepopularne, ali bez ovih postoji opasnost da Rumunija ne izadje iz zone bud\u017eetsko-fiskalne nesigurnosti, upozorio je premijer Rumunije sa govornice Parlamenta. Po\u010de\u0107emo sa reformom bud\u017eetskog aparata i to funkcionalnom proverom institucija i administrativnom reorganizacijom. Uslovi za javnu funkciju su kompetentnost, integritet i postignuti rezultati\u2019\u2019, precizirao je Ilije Bolo\u017ean i dodao da najve\u0107i problem Rumunije nije odustvo resursi, ve\u0107 rasipanje resursi i neefikasnost. Ministar unutra\u0161njih poslova Katalin Predoju je izjavio da operativni prioriteti ministarstva ostaju isti, sa napomenom da \u0107e se u zoni javnog reda nastaviti akcije suzbijanja organizovanog kriminala, nelegalne trgovine drogom, trgovine ljudima, nelegalne migracije, krijum\u010darenja oru\u017eija, sajber i finansijskog kriminala i utaje poreza. Ministarka spoljnih poslova Oana Coju, \u010dlanica Unije spasite Rumuniju, izjavila je da slede\u0107i koraci potrebni za sigurnost regiona zavise od odluka Severnoatlanske alijanse, Evropske unije i Strate\u0161kog partnerstva sa SAD. Ministar odbrane Jonuc Mo\u0161teanu, predlo\u017een na ovu du\u017enost od strane Unije spasite Rumuniju, predstavio je prioritete ministarstva: postepeno pove\u0107anje odbrambenih izdataka i investicija do 5% bruto dru\u0161tvenog proizvoda. Na saslu\u0161anju u parlamentarnim komisijama, novoimenovani ministar zdravlja socijaldemokrata Aleksandru Rogobete izjavio je da su njegovi prioriteti ja\u010danje poverenja gradjana u zdravstveni sistem i postepeno pove\u0107anje finansiranja do evropskog proseka. Rogobete je dodao da se ne\u0107e smanjiti primanja penzioneria koji \u0107e imati obavezu da plate doprinos za zdravstveno osiguranje za penzije ve\u0107e od 800 evra i poreze na naknadu za bolovanje.<\/p>\n","protected":false},"excerpt":{"rendered":"<p>Posle vi\u0161enedeljnih intenzivnih pregovora rumunskih proevropskih partija, Socijaldemokratske (PSD), Nacionalne liberalne (PNL), Unije spasite Rumuniju (USR) i Demokratskog saveza Madjara u Rumuniji (UDMR), zelenog svetla stru\u010dnih komisija i izglasavanja poverenja u Parlamentu Rumunije, nova vlada na \u010delu sa premijerom Ilijom Bolo\u017eanuom polo\u017eila je zakletvu pred predsednikom Rumunije Niku\u0161orom Danom. Do\u0161ao je kraj privremenog perioda i [&hellip;]<\/p>\n","protected":false},"author":200,"featured_media":901986,"comment_status":"closed","ping_status":"closed","sticky":false,"template":"","format":"standard","meta":{"_acf_changed":false,"footnotes":""},"categories":[139553],"tags":[163589,172722,163390,172723],"coauthors":[122888,115863],"class_list":["post-902176","post","type-post","status-publish","format-standard","has-post-thumbnail","hentry","category-aktuelnosti-sr","tag-ilije-bolozan","tag-izglasano-poverenje-novom-kabinetu-rumunije","tag-jonuc-mosteanu","tag-oana-coju"],"acf":[],"yoast_head":"<!-- This site is optimized with the Yoast SEO plugin v27.3 - https:\/\/yoast.com\/product\/yoast-seo-wordpress\/ -->\n<title>\u00a0Prioriteti nove vlade (24.06.2025) - RADIO RUMUNIJA INTERNACIONAL<\/title>\n<meta name=\"robots\" content=\"index, follow, max-snippet:-1, max-image-preview:large, max-video-preview:-1\" \/>\n<link rel=\"canonical\" href=\"https:\/\/www.rri.ro\/sr\/aktuelnosti\/aktuelnosti-sr\/prioriteti-nove-vlade-24-06-2025-id902176.html\" \/>\n<meta property=\"og:locale\" content=\"sr_RS\" \/>\n<meta property=\"og:type\" content=\"article\" \/>\n<meta property=\"og:title\" content=\"\u00a0Prioriteti nove vlade (24.06.2025) - RADIO RUMUNIJA INTERNACIONAL\" \/>\n<meta property=\"og:description\" content=\"Posle vi\u0161enedeljnih intenzivnih pregovora rumunskih proevropskih partija, Socijaldemokratske (PSD), Nacionalne liberalne (PNL), Unije spasite Rumuniju (USR) i Demokratskog saveza Madjara u Rumuniji (UDMR), zelenog svetla stru\u010dnih komisija i izglasavanja poverenja u Parlamentu Rumunije, nova vlada na \u010delu sa premijerom Ilijom Bolo\u017eanuom polo\u017eila je zakletvu pred predsednikom Rumunije Niku\u0161orom Danom. Do\u0161ao je kraj privremenog perioda i [&hellip;]\" \/>\n<meta property=\"og:url\" content=\"https:\/\/www.rri.ro\/sr\/aktuelnosti\/aktuelnosti-sr\/prioriteti-nove-vlade-24-06-2025-id902176.html\" \/>\n<meta property=\"og:site_name\" content=\"RADIO RUMUNIJA INTERNACIONAL\" \/>\n<meta property=\"article:published_time\" content=\"2025-06-24T09:01:04+00:00\" \/>\n<meta property=\"article:modified_time\" content=\"2025-06-24T09:44:54+00:00\" \/>\n<meta property=\"og:image\" content=\"https:\/\/www.rri.ro\/wp-content\/uploads\/2025\/06\/investire-guvern-foto-presidency.jpg\" \/>\n\t<meta property=\"og:image:width\" content=\"960\" \/>\n\t<meta property=\"og:image:height\" content=\"540\" \/>\n\t<meta property=\"og:image:type\" content=\"image\/jpeg\" \/>\n<meta name=\"author\" content=\"Leila Keamil, Mircea Mihai\" \/>\n<meta name=\"twitter:card\" content=\"summary_large_image\" \/>\n<meta name=\"twitter:label1\" content=\"\u041d\u0430\u043f\u0438\u0441\u0430\u043d\u043e \u043e\u0434\" \/>\n\t<meta name=\"twitter:data1\" content=\"Leila Keamil\" \/>\n\t<meta name=\"twitter:label2\" content=\"\u041f\u0440\u043e\u0446\u0435\u045a\u0435\u043d\u043e \u0432\u0440\u0435\u043c\u0435 \u0447\u0438\u0442\u0430\u045a\u0430\" \/>\n\t<meta name=\"twitter:data2\" content=\"2 \u043c\u0438\u043d\u0443\u0442\u0430\" \/>\n\t<meta name=\"twitter:label3\" content=\"Written by\" \/>\n\t<meta name=\"twitter:data3\" content=\"Leila Keamil, Mircea Mihai\" \/>\n<script type=\"application\/ld+json\" class=\"yoast-schema-graph\">{\"@context\":\"https:\\\/\\\/schema.org\",\"@graph\":[{\"@type\":\"Article\",\"@id\":\"https:\\\/\\\/www.rri.ro\\\/sr\\\/aktuelnosti\\\/aktuelnosti-sr\\\/prioriteti-nove-vlade-24-06-2025-id902176.html#article\",\"isPartOf\":{\"@id\":\"https:\\\/\\\/www.rri.ro\\\/sr\\\/aktuelnosti\\\/aktuelnosti-sr\\\/prioriteti-nove-vlade-24-06-2025-id902176.html\"},\"author\":{\"name\":\"Leila Keamil\",\"@id\":\"https:\\\/\\\/www.rri.ro\\\/#\\\/schema\\\/person\\\/38e24ffbdae82b761aabf21df8ab4a0d\"},\"headline\":\"\u00a0Prioriteti nove vlade (24.06.2025)\",\"datePublished\":\"2025-06-24T09:01:04+00:00\",\"dateModified\":\"2025-06-24T09:44:54+00:00\",\"mainEntityOfPage\":{\"@id\":\"https:\\\/\\\/www.rri.ro\\\/sr\\\/aktuelnosti\\\/aktuelnosti-sr\\\/prioriteti-nove-vlade-24-06-2025-id902176.html\"},\"wordCount\":385,\"image\":{\"@id\":\"https:\\\/\\\/www.rri.ro\\\/sr\\\/aktuelnosti\\\/aktuelnosti-sr\\\/prioriteti-nove-vlade-24-06-2025-id902176.html#primaryimage\"},\"thumbnailUrl\":\"https:\\\/\\\/www.rri.ro\\\/wp-content\\\/uploads\\\/2025\\\/06\\\/investire-guvern-foto-presidency.jpg\",\"keywords\":[\"Ilije Bolo\u017ean\",\"Izglasano poverenje novom kabinetu Rumunije\",\"Jonuc Mo\u0161teanu\",\"Oana Coju\"],\"articleSection\":[\"Tema dana\"],\"inLanguage\":\"sr-RS\"},{\"@type\":\"WebPage\",\"@id\":\"https:\\\/\\\/www.rri.ro\\\/sr\\\/aktuelnosti\\\/aktuelnosti-sr\\\/prioriteti-nove-vlade-24-06-2025-id902176.html\",\"url\":\"https:\\\/\\\/www.rri.ro\\\/sr\\\/aktuelnosti\\\/aktuelnosti-sr\\\/prioriteti-nove-vlade-24-06-2025-id902176.html\",\"name\":\"\u00a0Prioriteti nove vlade (24.06.2025) - RADIO RUMUNIJA INTERNACIONAL\",\"isPartOf\":{\"@id\":\"https:\\\/\\\/www.rri.ro\\\/#website\"},\"primaryImageOfPage\":{\"@id\":\"https:\\\/\\\/www.rri.ro\\\/sr\\\/aktuelnosti\\\/aktuelnosti-sr\\\/prioriteti-nove-vlade-24-06-2025-id902176.html#primaryimage\"},\"image\":{\"@id\":\"https:\\\/\\\/www.rri.ro\\\/sr\\\/aktuelnosti\\\/aktuelnosti-sr\\\/prioriteti-nove-vlade-24-06-2025-id902176.html#primaryimage\"},\"thumbnailUrl\":\"https:\\\/\\\/www.rri.ro\\\/wp-content\\\/uploads\\\/2025\\\/06\\\/investire-guvern-foto-presidency.jpg\",\"datePublished\":\"2025-06-24T09:01:04+00:00\",\"dateModified\":\"2025-06-24T09:44:54+00:00\",\"author\":{\"@id\":\"https:\\\/\\\/www.rri.ro\\\/#\\\/schema\\\/person\\\/38e24ffbdae82b761aabf21df8ab4a0d\"},\"breadcrumb\":{\"@id\":\"https:\\\/\\\/www.rri.ro\\\/sr\\\/aktuelnosti\\\/aktuelnosti-sr\\\/prioriteti-nove-vlade-24-06-2025-id902176.html#breadcrumb\"},\"inLanguage\":\"sr-RS\",\"potentialAction\":[{\"@type\":\"ReadAction\",\"target\":[\"https:\\\/\\\/www.rri.ro\\\/sr\\\/aktuelnosti\\\/aktuelnosti-sr\\\/prioriteti-nove-vlade-24-06-2025-id902176.html\"]}]},{\"@type\":\"ImageObject\",\"inLanguage\":\"sr-RS\",\"@id\":\"https:\\\/\\\/www.rri.ro\\\/sr\\\/aktuelnosti\\\/aktuelnosti-sr\\\/prioriteti-nove-vlade-24-06-2025-id902176.html#primaryimage\",\"url\":\"https:\\\/\\\/www.rri.ro\\\/wp-content\\\/uploads\\\/2025\\\/06\\\/investire-guvern-foto-presidency.jpg\",\"contentUrl\":\"https:\\\/\\\/www.rri.ro\\\/wp-content\\\/uploads\\\/2025\\\/06\\\/investire-guvern-foto-presidency.jpg\",\"width\":960,\"height\":540,\"caption\":\"Izglasano poverenje novom rumunskom kabinetu(foto: presidency.ro)\"},{\"@type\":\"BreadcrumbList\",\"@id\":\"https:\\\/\\\/www.rri.ro\\\/sr\\\/aktuelnosti\\\/aktuelnosti-sr\\\/prioriteti-nove-vlade-24-06-2025-id902176.html#breadcrumb\",\"itemListElement\":[{\"@type\":\"ListItem\",\"position\":1,\"name\":\"\u041f\u043e\u0447\u0435\u0442\u043d\u0430 \u0441\u0442\u0440\u0430\u043d\u0438\u0446\u0430\",\"item\":\"https:\\\/\\\/www.rri.ro\\\/sr\"},{\"@type\":\"ListItem\",\"position\":2,\"name\":\"Aktuelnosti\",\"item\":\"https:\\\/\\\/www.rri.ro\\\/sr\\\/aktuelnosti\"},{\"@type\":\"ListItem\",\"position\":3,\"name\":\"Tema dana\",\"item\":\"https:\\\/\\\/www.rri.ro\\\/sr\\\/aktuelnosti\\\/aktuelnosti-sr\"},{\"@type\":\"ListItem\",\"position\":4,\"name\":\"\u00a0Prioriteti nove vlade (24.06.2025)\"}]},{\"@type\":\"WebSite\",\"@id\":\"https:\\\/\\\/www.rri.ro\\\/#website\",\"url\":\"https:\\\/\\\/www.rri.ro\\\/\",\"name\":\"RADIO RUMUNIJA INTERNACIONAL\",\"description\":\"Totul despre Rom\u00e2nia \u015fi rom\u00e2ni, \u00een 13 limbi\\\/dialecte!\",\"inLanguage\":\"sr-RS\"},{\"@type\":\"Person\",\"@id\":\"https:\\\/\\\/www.rri.ro\\\/#\\\/schema\\\/person\\\/38e24ffbdae82b761aabf21df8ab4a0d\",\"name\":\"Leila Keamil\",\"url\":\"https:\\\/\\\/www.rri.ro\\\/sr\\\/author\\\/leila-keamil\"}]}<\/script>\n<!-- \/ Yoast SEO plugin. -->","yoast_head_json":{"title":"\u00a0Prioriteti nove vlade (24.06.2025) - RADIO RUMUNIJA INTERNACIONAL","robots":{"index":"index","follow":"follow","max-snippet":"max-snippet:-1","max-image-preview":"max-image-preview:large","max-video-preview":"max-video-preview:-1"},"canonical":"https:\/\/www.rri.ro\/sr\/aktuelnosti\/aktuelnosti-sr\/prioriteti-nove-vlade-24-06-2025-id902176.html","og_locale":"sr_RS","og_type":"article","og_title":"\u00a0Prioriteti nove vlade (24.06.2025) - RADIO RUMUNIJA INTERNACIONAL","og_description":"Posle vi\u0161enedeljnih intenzivnih pregovora rumunskih proevropskih partija, Socijaldemokratske (PSD), Nacionalne liberalne (PNL), Unije spasite Rumuniju (USR) i Demokratskog saveza Madjara u Rumuniji (UDMR), zelenog svetla stru\u010dnih komisija i izglasavanja poverenja u Parlamentu Rumunije, nova vlada na \u010delu sa premijerom Ilijom Bolo\u017eanuom polo\u017eila je zakletvu pred predsednikom Rumunije Niku\u0161orom Danom. Do\u0161ao je kraj privremenog perioda i [&hellip;]","og_url":"https:\/\/www.rri.ro\/sr\/aktuelnosti\/aktuelnosti-sr\/prioriteti-nove-vlade-24-06-2025-id902176.html","og_site_name":"RADIO RUMUNIJA INTERNACIONAL","article_published_time":"2025-06-24T09:01:04+00:00","article_modified_time":"2025-06-24T09:44:54+00:00","og_image":[{"width":960,"height":540,"url":"https:\/\/www.rri.ro\/wp-content\/uploads\/2025\/06\/investire-guvern-foto-presidency.jpg","type":"image\/jpeg"}],"author":"Leila Keamil, Mircea Mihai","twitter_card":"summary_large_image","twitter_misc":{"\u041d\u0430\u043f\u0438\u0441\u0430\u043d\u043e \u043e\u0434":"Leila Keamil","\u041f\u0440\u043e\u0446\u0435\u045a\u0435\u043d\u043e \u0432\u0440\u0435\u043c\u0435 \u0447\u0438\u0442\u0430\u045a\u0430":"2 \u043c\u0438\u043d\u0443\u0442\u0430","Written by":"Leila Keamil, Mircea Mihai"},"schema":{"@context":"https:\/\/schema.org","@graph":[{"@type":"Article","@id":"https:\/\/www.rri.ro\/sr\/aktuelnosti\/aktuelnosti-sr\/prioriteti-nove-vlade-24-06-2025-id902176.html#article","isPartOf":{"@id":"https:\/\/www.rri.ro\/sr\/aktuelnosti\/aktuelnosti-sr\/prioriteti-nove-vlade-24-06-2025-id902176.html"},"author":{"name":"Leila Keamil","@id":"https:\/\/www.rri.ro\/#\/schema\/person\/38e24ffbdae82b761aabf21df8ab4a0d"},"headline":"\u00a0Prioriteti nove vlade (24.06.2025)","datePublished":"2025-06-24T09:01:04+00:00","dateModified":"2025-06-24T09:44:54+00:00","mainEntityOfPage":{"@id":"https:\/\/www.rri.ro\/sr\/aktuelnosti\/aktuelnosti-sr\/prioriteti-nove-vlade-24-06-2025-id902176.html"},"wordCount":385,"image":{"@id":"https:\/\/www.rri.ro\/sr\/aktuelnosti\/aktuelnosti-sr\/prioriteti-nove-vlade-24-06-2025-id902176.html#primaryimage"},"thumbnailUrl":"https:\/\/www.rri.ro\/wp-content\/uploads\/2025\/06\/investire-guvern-foto-presidency.jpg","keywords":["Ilije Bolo\u017ean","Izglasano poverenje novom kabinetu Rumunije","Jonuc Mo\u0161teanu","Oana Coju"],"articleSection":["Tema dana"],"inLanguage":"sr-RS"},{"@type":"WebPage","@id":"https:\/\/www.rri.ro\/sr\/aktuelnosti\/aktuelnosti-sr\/prioriteti-nove-vlade-24-06-2025-id902176.html","url":"https:\/\/www.rri.ro\/sr\/aktuelnosti\/aktuelnosti-sr\/prioriteti-nove-vlade-24-06-2025-id902176.html","name":"\u00a0Prioriteti nove vlade (24.06.2025) - RADIO RUMUNIJA INTERNACIONAL","isPartOf":{"@id":"https:\/\/www.rri.ro\/#website"},"primaryImageOfPage":{"@id":"https:\/\/www.rri.ro\/sr\/aktuelnosti\/aktuelnosti-sr\/prioriteti-nove-vlade-24-06-2025-id902176.html#primaryimage"},"image":{"@id":"https:\/\/www.rri.ro\/sr\/aktuelnosti\/aktuelnosti-sr\/prioriteti-nove-vlade-24-06-2025-id902176.html#primaryimage"},"thumbnailUrl":"https:\/\/www.rri.ro\/wp-content\/uploads\/2025\/06\/investire-guvern-foto-presidency.jpg","datePublished":"2025-06-24T09:01:04+00:00","dateModified":"2025-06-24T09:44:54+00:00","author":{"@id":"https:\/\/www.rri.ro\/#\/schema\/person\/38e24ffbdae82b761aabf21df8ab4a0d"},"breadcrumb":{"@id":"https:\/\/www.rri.ro\/sr\/aktuelnosti\/aktuelnosti-sr\/prioriteti-nove-vlade-24-06-2025-id902176.html#breadcrumb"},"inLanguage":"sr-RS","potentialAction":[{"@type":"ReadAction","target":["https:\/\/www.rri.ro\/sr\/aktuelnosti\/aktuelnosti-sr\/prioriteti-nove-vlade-24-06-2025-id902176.html"]}]},{"@type":"ImageObject","inLanguage":"sr-RS","@id":"https:\/\/www.rri.ro\/sr\/aktuelnosti\/aktuelnosti-sr\/prioriteti-nove-vlade-24-06-2025-id902176.html#primaryimage","url":"https:\/\/www.rri.ro\/wp-content\/uploads\/2025\/06\/investire-guvern-foto-presidency.jpg","contentUrl":"https:\/\/www.rri.ro\/wp-content\/uploads\/2025\/06\/investire-guvern-foto-presidency.jpg","width":960,"height":540,"caption":"Izglasano poverenje novom rumunskom kabinetu(foto: presidency.ro)"},{"@type":"BreadcrumbList","@id":"https:\/\/www.rri.ro\/sr\/aktuelnosti\/aktuelnosti-sr\/prioriteti-nove-vlade-24-06-2025-id902176.html#breadcrumb","itemListElement":[{"@type":"ListItem","position":1,"name":"\u041f\u043e\u0447\u0435\u0442\u043d\u0430 \u0441\u0442\u0440\u0430\u043d\u0438\u0446\u0430","item":"https:\/\/www.rri.ro\/sr"},{"@type":"ListItem","position":2,"name":"Aktuelnosti","item":"https:\/\/www.rri.ro\/sr\/aktuelnosti"},{"@type":"ListItem","position":3,"name":"Tema dana","item":"https:\/\/www.rri.ro\/sr\/aktuelnosti\/aktuelnosti-sr"},{"@type":"ListItem","position":4,"name":"\u00a0Prioriteti nove vlade (24.06.2025)"}]},{"@type":"WebSite","@id":"https:\/\/www.rri.ro\/#website","url":"https:\/\/www.rri.ro\/","name":"RADIO RUMUNIJA INTERNACIONAL","description":"Totul despre Rom\u00e2nia \u015fi rom\u00e2ni, \u00een 13 limbi\/dialecte!","inLanguage":"sr-RS"},{"@type":"Person","@id":"https:\/\/www.rri.ro\/#\/schema\/person\/38e24ffbdae82b761aabf21df8ab4a0d","name":"Leila Keamil","url":"https:\/\/www.rri.ro\/sr\/author\/leila-keamil"}]}},"_links":{"self":[{"href":"https:\/\/www.rri.ro\/sr\/wp-json\/wp\/v2\/posts\/902176","targetHints":{"allow":["GET"]}}],"collection":[{"href":"https:\/\/www.rri.ro\/sr\/wp-json\/wp\/v2\/posts"}],"about":[{"href":"https:\/\/www.rri.ro\/sr\/wp-json\/wp\/v2\/types\/post"}],"author":[{"embeddable":true,"href":"https:\/\/www.rri.ro\/sr\/wp-json\/wp\/v2\/users\/200"}],"replies":[{"embeddable":true,"href":"https:\/\/www.rri.ro\/sr\/wp-json\/wp\/v2\/comments?post=902176"}],"version-history":[{"count":0,"href":"https:\/\/www.rri.ro\/sr\/wp-json\/wp\/v2\/posts\/902176\/revisions"}],"wp:featuredmedia":[{"embeddable":true,"href":"https:\/\/www.rri.ro\/sr\/wp-json\/wp\/v2\/media\/901986"}],"wp:attachment":[{"href":"https:\/\/www.rri.ro\/sr\/wp-json\/wp\/v2\/media?parent=902176"}],"wp:term":[{"taxonomy":"category","embeddable":true,"href":"https:\/\/www.rri.ro\/sr\/wp-json\/wp\/v2\/categories?post=902176"},{"taxonomy":"post_tag","embeddable":true,"href":"https:\/\/www.rri.ro\/sr\/wp-json\/wp\/v2\/tags?post=902176"},{"taxonomy":"author","embeddable":true,"href":"https:\/\/www.rri.ro\/sr\/wp-json\/wp\/v2\/coauthors?post=902176"}],"curies":[{"name":"wp","href":"https:\/\/api.w.org\/{rel}","templated":true}]}}