{"id":956811,"date":"2025-11-29T00:00:13","date_gmt":"2025-11-28T22:00:13","guid":{"rendered":"https:\/\/www.rri.ro\/?p=956811"},"modified":"2025-11-28T14:07:28","modified_gmt":"2025-11-28T12:07:28","slug":"pregled-glavnih-drustveno-politickih-dogadjaja-nedelje-28-11-2025","status":"publish","type":"post","link":"https:\/\/www.rri.ro\/sr\/aktuelnosti\/pregled-glavnih-zbivanja-nedelje\/pregled-glavnih-drustveno-politickih-dogadjaja-nedelje-28-11-2025-id956811.html","title":{"rendered":"Pregled glavnih dru\u0161tveno-politi\u010dkih dogadjaja nedelje (28.11.2025)"},"content":{"rendered":"<p>Evropska komisija je u utorak usvojila evropski \u0161estomese\u010dni paket i saop\u0161tila da se postupak za prekomerni bu\u017eetski deficit privremeno suspenduje u slu\u010daju Austrije, Belgije, Francusle, Madjarske, Italije, Poljske, Rumunije i Slova\u010dke. Ovo zna\u010di da se ne\u0107e preduzeti proceduralne mere, ali postupak ostaje otvoren ako se bud\u017eetski deficit ne\u0107e smanjiti ispod 3% bruto nacionalnog proizvoda. Na snazi ostaju i preporuke Komisije i obaveze zemalja \u010dlanica. Slede\u0107eg leta, kada \u0107e raspolagati svim podacima, Evropska komisija \u0107e ponovo analizirati situaciju. Rumunija sada ima najve\u0107i bud\u017eetski deficit medju \u010dlanicama Unije od 8,4%. Komisija nagla\u0161ava da je situacija slo\u017eena i preporu\u010duje vladi Rumunije oprez i rigurozno sprovodjenje fiskalnih mera. Obe\u0107ane reforme i pojedine koje su ve\u0107 sprovedene, iako nepopularne medju stanovnicima Rumunije, pozitivno su ocenjene u Briselu.<\/p>\n<p>Predsednik Rumunije Niku\u0161or Dan predstavio je na zajedni\u010dkoj sednici oba doma Parlamenta Nacionalnu strategiju odbrane za narednih 5 godina. Strategija, usvojena na sednici Vrhovnog saveta odbrane zemlje, predvidja pripremanje Rumunije za rizike od eventualnog dugotrajnog i \u0161ireg sukoba u blizini granica zemlje. Potrebno je takodje da se pove\u0107a borbeni kapacitet vojske i o\u017eivi nacionalna odbrambena industrija. Investicioni projekti u ovim oblastima u visini od 16 miliardi evra realizova\u0107e se na bazi evropskog instrumenta SAFE, navodi se u novoj strategiji odbrane, koja perdvidja i ja\u010danje strate\u0161kih partnerstava, podr\u017eavanje stabilnosti i razvoja Republike Moldavije kao i dalju pomo\u0107 Ukranjini. Medju rizicima nalaze se korupcija kao i problemi u klju\u0107nim oblastima, zdravstvu, obrazovanju, socijalnoj za\u0161titi i administraciji.<\/p>\n<p>Rumunski i nema\u010dki lovci bombarderi iz sasatav Severnotalanske alijanse mobilizovani su u utoarak, kada je u blizini rumunsko-ukrajinske granice jedan ruski dron duboko u\u0161ao u rumunski vazdu\u0161ni prostor. Rumunske vlasti okvalifikovale su ovu akciju ruskim izazivanjem. Pilotima je odobreno obaranje letelice, ali ovi nisu napali dron koji je kasnije pao, jer izgleda da nije imao dovoljno goriva ili je nad letelicom izgubljena kondrola, izjavio je rumunski ministar odbrane u ostavci Jonuc Mo\u0161teanu. Delovi drona, bes eksplozivnog punjenja, pronadjeni su kasnije na teritoriji na\u0161e zemlje. Ruski dronovi napali su preko no\u0107i ukrajinske dunavske luke u blizini granice sa Rumunijom. Od kada je Rusija izvr\u0161ila agresiju na Ukrajinu ruski dronovi su 13 puta u\u0161li u vazdu\u0161ni prostor Rumunije. Dron je u\u0161ao u vazdu\u0161ni prostor na\u0161e zemlje tokom obilaska ameri\u010dkog generala Kristofera Donahjuela ameri\u010dkih snaga u Vazdu\u0161noj bazi ,,Mihail Kogalni\u010danu\u2019\u2019. Ameri\u010dki general je kazao da \u0107e uskoro Rumunske vazduhoplovne snage biti opremljene antidronskim sistemom koji \u0107e pove\u010dati kapacitet obaranja dronova koji neovla\u0161\u010deno ulaze u vazdu\u0161ni prostor zemlje.<\/p>\n<p>Rumunija je u sredu preuzela mandat predsedavaju\u0107e Srednjoevropske inicijative u 2026. godini. Mandat je preuzet na skupu ministara spoljnih poslova zemalja \u010dlanica Srednjoevropske inivijative organizovanog u Srbiji. Ovim povodom \u0161efica rumunske diplomatije Oana Coju u obra\u0107anju prisutnima istakla je da \u0107e se Bukurest u svom mandatu zalagati za razvoj regionalne saradnje. Prioriteti mandata predsedavaju\u0107e Srednjoevropske inicijative su podr\u017eavanje evropskih integracija zemalja kandidata i ja\u010danje ekonomske i poslovne dimenzije, uklju\u010duju\u0107i podsticanje projekata konektiviteta.<\/p>\n<p>Visoki savet sudstva saop\u0161tio je u \u010detvrtak, dan pre isteka evropskog roka, da nije odobrio novi Nacrt reforme sudijskih penzija. U poslednje vreme na generalnim skupovima sudija \u0161irom zemlje zauzet je stav prema ovom nacrtu. I sudije i tu\u017eioci iz Bukure\u0161ta odbacili su nacrt kojim se njihove penzije smanjuje na 70% li\u010dnog dohotka. Grejs period za stupanje ovog zakona na snagu je od 15 godina, a sudije se mogu penzionisati kada navr\u0161e 65 godina \u017eivota. Sudije zahtevaju da njihove penzije budu na nivou poslednje plate.<\/p>\n<p>Nastavlja se kampanja za izbor gradona\u010delnika Bukure\u0161ta. Du\u017enost gradona\u010delnika Bukure\u0161ta ostala je upra\u017enjena posle pobede Niku\u0161ora Dana na predsedni\u010dkim izborima. U izbornu trku prijavilo se 17 kandidata. 7. dembra lokalni izbori odr\u017ea\u0107e se i u 12 naselja i za Savet okruga Buzau.<\/p>\n","protected":false},"excerpt":{"rendered":"<p>Evropska komisija je u utorak usvojila evropski \u0161estomese\u010dni paket i saop\u0161tila da se postupak za prekomerni bu\u017eetski deficit privremeno suspenduje u slu\u010daju Austrije, Belgije, Francusle, Madjarske, Italije, Poljske, Rumunije i Slova\u010dke. Ovo zna\u010di da se ne\u0107e preduzeti proceduralne mere, ali postupak ostaje otvoren ako se bud\u017eetski deficit ne\u0107e smanjiti ispod 3% bruto nacionalnog proizvoda. Na [&hellip;]<\/p>\n","protected":false},"author":200,"featured_media":892473,"comment_status":"closed","ping_status":"closed","sticky":false,"template":"","format":"standard","meta":{"_acf_changed":false,"footnotes":""},"categories":[111680],"tags":[163390,158942,181170],"coauthors":[122888,115863],"class_list":["post-956811","post","type-post","status-publish","format-standard","has-post-thumbnail","hentry","category-pregled-glavnih-zbivanja-nedelje","tag-jonuc-mosteanu","tag-nikusor-dan","tag-usvojena-strategija-odbrane"],"acf":[],"yoast_head":"<!-- This site is optimized with the Yoast SEO plugin v27.3 - https:\/\/yoast.com\/product\/yoast-seo-wordpress\/ -->\n<title>Pregled glavnih dru\u0161tveno-politi\u010dkih dogadjaja nedelje (28.11.2025) - RADIO RUMUNIJA INTERNACIONAL<\/title>\n<meta name=\"robots\" content=\"index, follow, max-snippet:-1, max-image-preview:large, max-video-preview:-1\" \/>\n<link rel=\"canonical\" href=\"https:\/\/www.rri.ro\/sr\/aktuelnosti\/pregled-glavnih-zbivanja-nedelje\/pregled-glavnih-drustveno-politickih-dogadjaja-nedelje-28-11-2025-id956811.html\" \/>\n<meta property=\"og:locale\" content=\"sr_RS\" \/>\n<meta property=\"og:type\" content=\"article\" \/>\n<meta property=\"og:title\" content=\"Pregled glavnih dru\u0161tveno-politi\u010dkih dogadjaja nedelje (28.11.2025) - RADIO RUMUNIJA INTERNACIONAL\" \/>\n<meta property=\"og:description\" content=\"Evropska komisija je u utorak usvojila evropski \u0161estomese\u010dni paket i saop\u0161tila da se postupak za prekomerni bu\u017eetski deficit privremeno suspenduje u slu\u010daju Austrije, Belgije, Francusle, Madjarske, Italije, Poljske, Rumunije i Slova\u010dke. Ovo zna\u010di da se ne\u0107e preduzeti proceduralne mere, ali postupak ostaje otvoren ako se bud\u017eetski deficit ne\u0107e smanjiti ispod 3% bruto nacionalnog proizvoda. Na [&hellip;]\" \/>\n<meta property=\"og:url\" content=\"https:\/\/www.rri.ro\/sr\/aktuelnosti\/pregled-glavnih-zbivanja-nedelje\/pregled-glavnih-drustveno-politickih-dogadjaja-nedelje-28-11-2025-id956811.html\" \/>\n<meta property=\"og:site_name\" content=\"RADIO RUMUNIJA INTERNACIONAL\" \/>\n<meta property=\"article:published_time\" content=\"2025-11-28T22:00:13+00:00\" \/>\n<meta property=\"og:image\" content=\"https:\/\/www.rri.ro\/wp-content\/uploads\/2025\/05\/eveniment-top-ND-2025.jpg\" \/>\n\t<meta property=\"og:image:width\" content=\"1200\" \/>\n\t<meta property=\"og:image:height\" content=\"720\" \/>\n\t<meta property=\"og:image:type\" content=\"image\/jpeg\" \/>\n<meta name=\"author\" content=\"Leila Keamil, Mircea Mihai\" \/>\n<meta name=\"twitter:card\" content=\"summary_large_image\" \/>\n<meta name=\"twitter:label1\" content=\"\u041d\u0430\u043f\u0438\u0441\u0430\u043d\u043e \u043e\u0434\" \/>\n\t<meta name=\"twitter:data1\" content=\"Leila Keamil\" \/>\n\t<meta name=\"twitter:label2\" content=\"\u041f\u0440\u043e\u0446\u0435\u045a\u0435\u043d\u043e \u0432\u0440\u0435\u043c\u0435 \u0447\u0438\u0442\u0430\u045a\u0430\" \/>\n\t<meta name=\"twitter:data2\" content=\"3 \u043c\u0438\u043d\u0443\u0442\u0430\" \/>\n\t<meta name=\"twitter:label3\" content=\"Written by\" \/>\n\t<meta name=\"twitter:data3\" content=\"Leila Keamil, Mircea Mihai\" \/>\n<script type=\"application\/ld+json\" class=\"yoast-schema-graph\">{\"@context\":\"https:\\\/\\\/schema.org\",\"@graph\":[{\"@type\":\"Article\",\"@id\":\"https:\\\/\\\/www.rri.ro\\\/sr\\\/aktuelnosti\\\/pregled-glavnih-zbivanja-nedelje\\\/pregled-glavnih-drustveno-politickih-dogadjaja-nedelje-28-11-2025-id956811.html#article\",\"isPartOf\":{\"@id\":\"https:\\\/\\\/www.rri.ro\\\/sr\\\/aktuelnosti\\\/pregled-glavnih-zbivanja-nedelje\\\/pregled-glavnih-drustveno-politickih-dogadjaja-nedelje-28-11-2025-id956811.html\"},\"author\":{\"name\":\"Leila Keamil\",\"@id\":\"https:\\\/\\\/www.rri.ro\\\/#\\\/schema\\\/person\\\/38e24ffbdae82b761aabf21df8ab4a0d\"},\"headline\":\"Pregled glavnih dru\u0161tveno-politi\u010dkih dogadjaja nedelje (28.11.2025)\",\"datePublished\":\"2025-11-28T22:00:13+00:00\",\"mainEntityOfPage\":{\"@id\":\"https:\\\/\\\/www.rri.ro\\\/sr\\\/aktuelnosti\\\/pregled-glavnih-zbivanja-nedelje\\\/pregled-glavnih-drustveno-politickih-dogadjaja-nedelje-28-11-2025-id956811.html\"},\"wordCount\":662,\"image\":{\"@id\":\"https:\\\/\\\/www.rri.ro\\\/sr\\\/aktuelnosti\\\/pregled-glavnih-zbivanja-nedelje\\\/pregled-glavnih-drustveno-politickih-dogadjaja-nedelje-28-11-2025-id956811.html#primaryimage\"},\"thumbnailUrl\":\"https:\\\/\\\/www.rri.ro\\\/wp-content\\\/uploads\\\/2025\\\/05\\\/eveniment-top-ND-2025.jpg\",\"keywords\":[\"Jonuc Mo\u0161teanu\",\"Niku\u0161or Dan\",\"Usvojena Strategija odbrane\"],\"articleSection\":[\"Pregled glavnih zbivanja nedelje\"],\"inLanguage\":\"sr-RS\"},{\"@type\":\"WebPage\",\"@id\":\"https:\\\/\\\/www.rri.ro\\\/sr\\\/aktuelnosti\\\/pregled-glavnih-zbivanja-nedelje\\\/pregled-glavnih-drustveno-politickih-dogadjaja-nedelje-28-11-2025-id956811.html\",\"url\":\"https:\\\/\\\/www.rri.ro\\\/sr\\\/aktuelnosti\\\/pregled-glavnih-zbivanja-nedelje\\\/pregled-glavnih-drustveno-politickih-dogadjaja-nedelje-28-11-2025-id956811.html\",\"name\":\"Pregled glavnih dru\u0161tveno-politi\u010dkih dogadjaja nedelje (28.11.2025) - RADIO RUMUNIJA INTERNACIONAL\",\"isPartOf\":{\"@id\":\"https:\\\/\\\/www.rri.ro\\\/#website\"},\"primaryImageOfPage\":{\"@id\":\"https:\\\/\\\/www.rri.ro\\\/sr\\\/aktuelnosti\\\/pregled-glavnih-zbivanja-nedelje\\\/pregled-glavnih-drustveno-politickih-dogadjaja-nedelje-28-11-2025-id956811.html#primaryimage\"},\"image\":{\"@id\":\"https:\\\/\\\/www.rri.ro\\\/sr\\\/aktuelnosti\\\/pregled-glavnih-zbivanja-nedelje\\\/pregled-glavnih-drustveno-politickih-dogadjaja-nedelje-28-11-2025-id956811.html#primaryimage\"},\"thumbnailUrl\":\"https:\\\/\\\/www.rri.ro\\\/wp-content\\\/uploads\\\/2025\\\/05\\\/eveniment-top-ND-2025.jpg\",\"datePublished\":\"2025-11-28T22:00:13+00:00\",\"author\":{\"@id\":\"https:\\\/\\\/www.rri.ro\\\/#\\\/schema\\\/person\\\/38e24ffbdae82b761aabf21df8ab4a0d\"},\"breadcrumb\":{\"@id\":\"https:\\\/\\\/www.rri.ro\\\/sr\\\/aktuelnosti\\\/pregled-glavnih-zbivanja-nedelje\\\/pregled-glavnih-drustveno-politickih-dogadjaja-nedelje-28-11-2025-id956811.html#breadcrumb\"},\"inLanguage\":\"sr-RS\",\"potentialAction\":[{\"@type\":\"ReadAction\",\"target\":[\"https:\\\/\\\/www.rri.ro\\\/sr\\\/aktuelnosti\\\/pregled-glavnih-zbivanja-nedelje\\\/pregled-glavnih-drustveno-politickih-dogadjaja-nedelje-28-11-2025-id956811.html\"]}]},{\"@type\":\"ImageObject\",\"inLanguage\":\"sr-RS\",\"@id\":\"https:\\\/\\\/www.rri.ro\\\/sr\\\/aktuelnosti\\\/pregled-glavnih-zbivanja-nedelje\\\/pregled-glavnih-drustveno-politickih-dogadjaja-nedelje-28-11-2025-id956811.html#primaryimage\",\"url\":\"https:\\\/\\\/www.rri.ro\\\/wp-content\\\/uploads\\\/2025\\\/05\\\/eveniment-top-ND-2025.jpg\",\"contentUrl\":\"https:\\\/\\\/www.rri.ro\\\/wp-content\\\/uploads\\\/2025\\\/05\\\/eveniment-top-ND-2025.jpg\",\"width\":1200,\"height\":720,\"caption\":\"Pregled glavnih dru\u0161tveno-politi\u010dkih doga\u0111aja nedelje (04.10.2025)\"},{\"@type\":\"BreadcrumbList\",\"@id\":\"https:\\\/\\\/www.rri.ro\\\/sr\\\/aktuelnosti\\\/pregled-glavnih-zbivanja-nedelje\\\/pregled-glavnih-drustveno-politickih-dogadjaja-nedelje-28-11-2025-id956811.html#breadcrumb\",\"itemListElement\":[{\"@type\":\"ListItem\",\"position\":1,\"name\":\"\u041f\u043e\u0447\u0435\u0442\u043d\u0430 \u0441\u0442\u0440\u0430\u043d\u0438\u0446\u0430\",\"item\":\"https:\\\/\\\/www.rri.ro\\\/sr\"},{\"@type\":\"ListItem\",\"position\":2,\"name\":\"Actualitate\",\"item\":\"https:\\\/\\\/www.rri.ro\\\/actualitate\"},{\"@type\":\"ListItem\",\"position\":3,\"name\":\"Pregled glavnih zbivanja nedelje\",\"item\":\"https:\\\/\\\/www.rri.ro\\\/sr\\\/aktuelnosti\\\/pregled-glavnih-zbivanja-nedelje\"},{\"@type\":\"ListItem\",\"position\":4,\"name\":\"Pregled glavnih dru\u0161tveno-politi\u010dkih dogadjaja nedelje (28.11.2025)\"}]},{\"@type\":\"WebSite\",\"@id\":\"https:\\\/\\\/www.rri.ro\\\/#website\",\"url\":\"https:\\\/\\\/www.rri.ro\\\/\",\"name\":\"RADIO RUMUNIJA INTERNACIONAL\",\"description\":\"Totul despre Rom\u00e2nia \u015fi rom\u00e2ni, \u00een 13 limbi\\\/dialecte!\",\"inLanguage\":\"sr-RS\"},{\"@type\":\"Person\",\"@id\":\"https:\\\/\\\/www.rri.ro\\\/#\\\/schema\\\/person\\\/38e24ffbdae82b761aabf21df8ab4a0d\",\"name\":\"Leila Keamil\",\"url\":\"https:\\\/\\\/www.rri.ro\\\/sr\\\/author\\\/leila-keamil\"}]}<\/script>\n<!-- \/ Yoast SEO plugin. -->","yoast_head_json":{"title":"Pregled glavnih dru\u0161tveno-politi\u010dkih dogadjaja nedelje (28.11.2025) - RADIO RUMUNIJA INTERNACIONAL","robots":{"index":"index","follow":"follow","max-snippet":"max-snippet:-1","max-image-preview":"max-image-preview:large","max-video-preview":"max-video-preview:-1"},"canonical":"https:\/\/www.rri.ro\/sr\/aktuelnosti\/pregled-glavnih-zbivanja-nedelje\/pregled-glavnih-drustveno-politickih-dogadjaja-nedelje-28-11-2025-id956811.html","og_locale":"sr_RS","og_type":"article","og_title":"Pregled glavnih dru\u0161tveno-politi\u010dkih dogadjaja nedelje (28.11.2025) - RADIO RUMUNIJA INTERNACIONAL","og_description":"Evropska komisija je u utorak usvojila evropski \u0161estomese\u010dni paket i saop\u0161tila da se postupak za prekomerni bu\u017eetski deficit privremeno suspenduje u slu\u010daju Austrije, Belgije, Francusle, Madjarske, Italije, Poljske, Rumunije i Slova\u010dke. Ovo zna\u010di da se ne\u0107e preduzeti proceduralne mere, ali postupak ostaje otvoren ako se bud\u017eetski deficit ne\u0107e smanjiti ispod 3% bruto nacionalnog proizvoda. Na [&hellip;]","og_url":"https:\/\/www.rri.ro\/sr\/aktuelnosti\/pregled-glavnih-zbivanja-nedelje\/pregled-glavnih-drustveno-politickih-dogadjaja-nedelje-28-11-2025-id956811.html","og_site_name":"RADIO RUMUNIJA INTERNACIONAL","article_published_time":"2025-11-28T22:00:13+00:00","og_image":[{"width":1200,"height":720,"url":"https:\/\/www.rri.ro\/wp-content\/uploads\/2025\/05\/eveniment-top-ND-2025.jpg","type":"image\/jpeg"}],"author":"Leila Keamil, Mircea Mihai","twitter_card":"summary_large_image","twitter_misc":{"\u041d\u0430\u043f\u0438\u0441\u0430\u043d\u043e \u043e\u0434":"Leila Keamil","\u041f\u0440\u043e\u0446\u0435\u045a\u0435\u043d\u043e \u0432\u0440\u0435\u043c\u0435 \u0447\u0438\u0442\u0430\u045a\u0430":"3 \u043c\u0438\u043d\u0443\u0442\u0430","Written by":"Leila Keamil, Mircea Mihai"},"schema":{"@context":"https:\/\/schema.org","@graph":[{"@type":"Article","@id":"https:\/\/www.rri.ro\/sr\/aktuelnosti\/pregled-glavnih-zbivanja-nedelje\/pregled-glavnih-drustveno-politickih-dogadjaja-nedelje-28-11-2025-id956811.html#article","isPartOf":{"@id":"https:\/\/www.rri.ro\/sr\/aktuelnosti\/pregled-glavnih-zbivanja-nedelje\/pregled-glavnih-drustveno-politickih-dogadjaja-nedelje-28-11-2025-id956811.html"},"author":{"name":"Leila Keamil","@id":"https:\/\/www.rri.ro\/#\/schema\/person\/38e24ffbdae82b761aabf21df8ab4a0d"},"headline":"Pregled glavnih dru\u0161tveno-politi\u010dkih dogadjaja nedelje (28.11.2025)","datePublished":"2025-11-28T22:00:13+00:00","mainEntityOfPage":{"@id":"https:\/\/www.rri.ro\/sr\/aktuelnosti\/pregled-glavnih-zbivanja-nedelje\/pregled-glavnih-drustveno-politickih-dogadjaja-nedelje-28-11-2025-id956811.html"},"wordCount":662,"image":{"@id":"https:\/\/www.rri.ro\/sr\/aktuelnosti\/pregled-glavnih-zbivanja-nedelje\/pregled-glavnih-drustveno-politickih-dogadjaja-nedelje-28-11-2025-id956811.html#primaryimage"},"thumbnailUrl":"https:\/\/www.rri.ro\/wp-content\/uploads\/2025\/05\/eveniment-top-ND-2025.jpg","keywords":["Jonuc Mo\u0161teanu","Niku\u0161or Dan","Usvojena Strategija odbrane"],"articleSection":["Pregled glavnih zbivanja nedelje"],"inLanguage":"sr-RS"},{"@type":"WebPage","@id":"https:\/\/www.rri.ro\/sr\/aktuelnosti\/pregled-glavnih-zbivanja-nedelje\/pregled-glavnih-drustveno-politickih-dogadjaja-nedelje-28-11-2025-id956811.html","url":"https:\/\/www.rri.ro\/sr\/aktuelnosti\/pregled-glavnih-zbivanja-nedelje\/pregled-glavnih-drustveno-politickih-dogadjaja-nedelje-28-11-2025-id956811.html","name":"Pregled glavnih dru\u0161tveno-politi\u010dkih dogadjaja nedelje (28.11.2025) - RADIO RUMUNIJA INTERNACIONAL","isPartOf":{"@id":"https:\/\/www.rri.ro\/#website"},"primaryImageOfPage":{"@id":"https:\/\/www.rri.ro\/sr\/aktuelnosti\/pregled-glavnih-zbivanja-nedelje\/pregled-glavnih-drustveno-politickih-dogadjaja-nedelje-28-11-2025-id956811.html#primaryimage"},"image":{"@id":"https:\/\/www.rri.ro\/sr\/aktuelnosti\/pregled-glavnih-zbivanja-nedelje\/pregled-glavnih-drustveno-politickih-dogadjaja-nedelje-28-11-2025-id956811.html#primaryimage"},"thumbnailUrl":"https:\/\/www.rri.ro\/wp-content\/uploads\/2025\/05\/eveniment-top-ND-2025.jpg","datePublished":"2025-11-28T22:00:13+00:00","author":{"@id":"https:\/\/www.rri.ro\/#\/schema\/person\/38e24ffbdae82b761aabf21df8ab4a0d"},"breadcrumb":{"@id":"https:\/\/www.rri.ro\/sr\/aktuelnosti\/pregled-glavnih-zbivanja-nedelje\/pregled-glavnih-drustveno-politickih-dogadjaja-nedelje-28-11-2025-id956811.html#breadcrumb"},"inLanguage":"sr-RS","potentialAction":[{"@type":"ReadAction","target":["https:\/\/www.rri.ro\/sr\/aktuelnosti\/pregled-glavnih-zbivanja-nedelje\/pregled-glavnih-drustveno-politickih-dogadjaja-nedelje-28-11-2025-id956811.html"]}]},{"@type":"ImageObject","inLanguage":"sr-RS","@id":"https:\/\/www.rri.ro\/sr\/aktuelnosti\/pregled-glavnih-zbivanja-nedelje\/pregled-glavnih-drustveno-politickih-dogadjaja-nedelje-28-11-2025-id956811.html#primaryimage","url":"https:\/\/www.rri.ro\/wp-content\/uploads\/2025\/05\/eveniment-top-ND-2025.jpg","contentUrl":"https:\/\/www.rri.ro\/wp-content\/uploads\/2025\/05\/eveniment-top-ND-2025.jpg","width":1200,"height":720,"caption":"Pregled glavnih dru\u0161tveno-politi\u010dkih doga\u0111aja nedelje (04.10.2025)"},{"@type":"BreadcrumbList","@id":"https:\/\/www.rri.ro\/sr\/aktuelnosti\/pregled-glavnih-zbivanja-nedelje\/pregled-glavnih-drustveno-politickih-dogadjaja-nedelje-28-11-2025-id956811.html#breadcrumb","itemListElement":[{"@type":"ListItem","position":1,"name":"\u041f\u043e\u0447\u0435\u0442\u043d\u0430 \u0441\u0442\u0440\u0430\u043d\u0438\u0446\u0430","item":"https:\/\/www.rri.ro\/sr"},{"@type":"ListItem","position":2,"name":"Actualitate","item":"https:\/\/www.rri.ro\/actualitate"},{"@type":"ListItem","position":3,"name":"Pregled glavnih zbivanja nedelje","item":"https:\/\/www.rri.ro\/sr\/aktuelnosti\/pregled-glavnih-zbivanja-nedelje"},{"@type":"ListItem","position":4,"name":"Pregled glavnih dru\u0161tveno-politi\u010dkih dogadjaja nedelje (28.11.2025)"}]},{"@type":"WebSite","@id":"https:\/\/www.rri.ro\/#website","url":"https:\/\/www.rri.ro\/","name":"RADIO RUMUNIJA INTERNACIONAL","description":"Totul despre Rom\u00e2nia \u015fi rom\u00e2ni, \u00een 13 limbi\/dialecte!","inLanguage":"sr-RS"},{"@type":"Person","@id":"https:\/\/www.rri.ro\/#\/schema\/person\/38e24ffbdae82b761aabf21df8ab4a0d","name":"Leila Keamil","url":"https:\/\/www.rri.ro\/sr\/author\/leila-keamil"}]}},"_links":{"self":[{"href":"https:\/\/www.rri.ro\/sr\/wp-json\/wp\/v2\/posts\/956811","targetHints":{"allow":["GET"]}}],"collection":[{"href":"https:\/\/www.rri.ro\/sr\/wp-json\/wp\/v2\/posts"}],"about":[{"href":"https:\/\/www.rri.ro\/sr\/wp-json\/wp\/v2\/types\/post"}],"author":[{"embeddable":true,"href":"https:\/\/www.rri.ro\/sr\/wp-json\/wp\/v2\/users\/200"}],"replies":[{"embeddable":true,"href":"https:\/\/www.rri.ro\/sr\/wp-json\/wp\/v2\/comments?post=956811"}],"version-history":[{"count":0,"href":"https:\/\/www.rri.ro\/sr\/wp-json\/wp\/v2\/posts\/956811\/revisions"}],"wp:featuredmedia":[{"embeddable":true,"href":"https:\/\/www.rri.ro\/sr\/wp-json\/wp\/v2\/media\/892473"}],"wp:attachment":[{"href":"https:\/\/www.rri.ro\/sr\/wp-json\/wp\/v2\/media?parent=956811"}],"wp:term":[{"taxonomy":"category","embeddable":true,"href":"https:\/\/www.rri.ro\/sr\/wp-json\/wp\/v2\/categories?post=956811"},{"taxonomy":"post_tag","embeddable":true,"href":"https:\/\/www.rri.ro\/sr\/wp-json\/wp\/v2\/tags?post=956811"},{"taxonomy":"author","embeddable":true,"href":"https:\/\/www.rri.ro\/sr\/wp-json\/wp\/v2\/coauthors?post=956811"}],"curies":[{"name":"wp","href":"https:\/\/api.w.org\/{rel}","templated":true}]}}