{"id":970481,"date":"2026-01-13T11:04:28","date_gmt":"2026-01-13T09:04:28","guid":{"rendered":"https:\/\/www.rri.ro\/?p=970481"},"modified":"2026-01-13T11:07:54","modified_gmt":"2026-01-13T09:07:54","slug":"energetski-sistem-u-ostrim-zimskim-uslovima-13-01-2026","status":"publish","type":"post","link":"https:\/\/www.rri.ro\/sr\/aktuelnosti\/aktuelnosti-sr\/energetski-sistem-u-ostrim-zimskim-uslovima-13-01-2026-id970481.html","title":{"rendered":"Energetski sistem u o\u0161trim zimskim uslovima (13.01.2026)"},"content":{"rendered":"<p>Rumunski ministar energetike Bogdan Ivan zakazao je za ponedeljak sednicu Nacionalne energetske komande posle nekoliko dana obilnih sna\u017enih padavina i mraza i do 20 stepeni ispod nule. Niske temperature \u0107e se prema prognozi meteorologa produ\u017eiti i u narednom periodu. Vlasti su obe\u0107ale da stanovnici zemlje ne\u0107e imati probleme sa snabdevanjem prirodog gasa jer je popunjenost skladi\u0161ta od 65%, mnogo bolja nego pro\u0161le godine. Problema ne\u0107e biti ni sa proizvodnjom energije, jer uglja ima dovoljno na zalihama za celu zimu. Ministar energetike Bogdan Ivan je naglasio: ,,Mi smo spremni jer je popunjenost skladi\u0161ta gasa od 65%, za 11% ve\u0107a od evropskog proseka. Va\u017eno je da je Rumunija spremna za ovaj period i da postoji savr\u0161ena sinkronizacija proizvodja\u010da, distributera i prevoznike gasa.\u2019\u2019<\/p>\n<p>Po oceni rumunskog ministra energetike 24% energetske proizvodnje bazira se na prirodnom gasu, 24% na hidro proizvodnji, 16% na nuklearnoj proizvodnji i 14% na ugllju. Ako zvani\u010dni Bukure\u0161t ne bi vodio pregovore sa Evropskom komisjom o daljem kori\u0161\u0107enju uglja, Rumunija bi imala veliki problem sa proizvodnjom energije. U ovom periodu imali smo i visoku proizvodnju sun\u010dene energije i energije vetra.\u00a0 Ali zbog nevremena vi\u0161e od 95 000 potro\u0161a\u010da naro\u010dito u centralnim delovima zemlje ostalo je nekoliko dana bez struje. Trenutno u Bukure\u0161tu vi\u0161e hiljada zgrada nema grejanje i toplu vodu u normalnim uslovima. Iako se na nivou zemlje proizode dovoljne koli\u010dine energije, u Bukure\u0161tu su se pojavili ozbiljni problem sa distribucijom zbog havarija na vodovodnim cevima koji su stariji od 40 godina. Ministar energetike Bogdan Ivan ka\u017ee: ,,Nedopustivo je da u 2026. godini bolesni ljudi i deca nemaju grejanje u stanovima.\u00a0 U poslednjim godinama po\u010dele su modernizacije mre\u017ee ali samo ove nisu dovoljne\u2019\u2019.<\/p>\n<p>Talas hladnog vremena koji je zahvatio Rumuniju pre nekoliko dana produ\u017ei\u0107e se do polovine teku\u0107e nedelje. Umereno pobolj\u0161anje o\u010dekuje se u narednom period ali i nove sne\u017ene padavine u severnim predelima zemlje i u planinskim zonama.<\/p>\n","protected":false},"excerpt":{"rendered":"<p>Rumunski ministar energetike Bogdan Ivan zakazao je za ponedeljak sednicu Nacionalne energetske komande posle nekoliko dana obilnih sna\u017enih padavina i mraza i do 20 stepeni ispod nule. Niske temperature \u0107e se prema prognozi meteorologa produ\u017eiti i u narednom periodu. Vlasti su obe\u0107ale da stanovnici zemlje ne\u0107e imati probleme sa snabdevanjem prirodog gasa jer je popunjenost [&hellip;]<\/p>\n","protected":false},"author":109,"featured_media":952278,"comment_status":"closed","ping_status":"closed","sticky":false,"template":"","format":"standard","meta":{"_acf_changed":false,"footnotes":""},"categories":[139553],"tags":[171320,183729],"coauthors":[115219,115863],"class_list":["post-970481","post","type-post","status-publish","format-standard","has-post-thumbnail","hentry","category-aktuelnosti-sr","tag-bogdan-ivan-sr","tag-energetski-sistem-u-zimskom-periodu"],"acf":[],"yoast_head":"<!-- This site is optimized with the Yoast SEO plugin v27.5 - https:\/\/yoast.com\/product\/yoast-seo-wordpress\/ -->\n<title>Energetski sistem u o\u0161trim zimskim uslovima (13.01.2026) - RADIO RUMUNIJA INTERNACIONAL<\/title>\n<meta name=\"robots\" content=\"index, follow, max-snippet:-1, max-image-preview:large, max-video-preview:-1\" \/>\n<link rel=\"canonical\" href=\"https:\/\/www.rri.ro\/sr\/aktuelnosti\/aktuelnosti-sr\/energetski-sistem-u-ostrim-zimskim-uslovima-13-01-2026-id970481.html\" \/>\n<meta property=\"og:locale\" content=\"sr_RS\" \/>\n<meta property=\"og:type\" content=\"article\" \/>\n<meta property=\"og:title\" content=\"Energetski sistem u o\u0161trim zimskim uslovima (13.01.2026) - RADIO RUMUNIJA INTERNACIONAL\" \/>\n<meta property=\"og:description\" content=\"Rumunski ministar energetike Bogdan Ivan zakazao je za ponedeljak sednicu Nacionalne energetske komande posle nekoliko dana obilnih sna\u017enih padavina i mraza i do 20 stepeni ispod nule. Niske temperature \u0107e se prema prognozi meteorologa produ\u017eiti i u narednom periodu. Vlasti su obe\u0107ale da stanovnici zemlje ne\u0107e imati probleme sa snabdevanjem prirodog gasa jer je popunjenost [&hellip;]\" \/>\n<meta property=\"og:url\" content=\"https:\/\/www.rri.ro\/sr\/aktuelnosti\/aktuelnosti-sr\/energetski-sistem-u-ostrim-zimskim-uslovima-13-01-2026-id970481.html\" \/>\n<meta property=\"og:site_name\" content=\"RADIO RUMUNIJA INTERNACIONAL\" \/>\n<meta property=\"article:published_time\" content=\"2026-01-13T09:04:28+00:00\" \/>\n<meta property=\"article:modified_time\" content=\"2026-01-13T09:07:54+00:00\" \/>\n<meta property=\"og:image\" content=\"https:\/\/www.rri.ro\/wp-content\/uploads\/2025\/11\/Bogdan-Gruia_Ivan-foto-gov.jpg\" \/>\n\t<meta property=\"og:image:width\" content=\"960\" \/>\n\t<meta property=\"og:image:height\" content=\"541\" \/>\n\t<meta property=\"og:image:type\" content=\"image\/jpeg\" \/>\n<meta name=\"author\" content=\"Roxana Vasile, Mircea Mihai\" \/>\n<meta name=\"twitter:card\" content=\"summary_large_image\" \/>\n<meta name=\"twitter:label1\" content=\"\u041d\u0430\u043f\u0438\u0441\u0430\u043d\u043e \u043e\u0434\" \/>\n\t<meta name=\"twitter:data1\" content=\"Roxana Vasile\" \/>\n\t<meta name=\"twitter:label2\" content=\"\u041f\u0440\u043e\u0446\u0435\u045a\u0435\u043d\u043e \u0432\u0440\u0435\u043c\u0435 \u0447\u0438\u0442\u0430\u045a\u0430\" \/>\n\t<meta name=\"twitter:data2\" content=\"2 \u043c\u0438\u043d\u0443\u0442\u0430\" \/>\n\t<meta name=\"twitter:label3\" content=\"Written by\" \/>\n\t<meta name=\"twitter:data3\" content=\"Roxana Vasile, Mircea Mihai\" \/>\n<script type=\"application\/ld+json\" class=\"yoast-schema-graph\">{\"@context\":\"https:\\\/\\\/schema.org\",\"@graph\":[{\"@type\":\"Article\",\"@id\":\"https:\\\/\\\/www.rri.ro\\\/sr\\\/aktuelnosti\\\/aktuelnosti-sr\\\/energetski-sistem-u-ostrim-zimskim-uslovima-13-01-2026-id970481.html#article\",\"isPartOf\":{\"@id\":\"https:\\\/\\\/www.rri.ro\\\/sr\\\/aktuelnosti\\\/aktuelnosti-sr\\\/energetski-sistem-u-ostrim-zimskim-uslovima-13-01-2026-id970481.html\"},\"author\":{\"name\":\"Roxana Vasile\",\"@id\":\"https:\\\/\\\/www.rri.ro\\\/#\\\/schema\\\/person\\\/0745b519f2d1287783422f162c4112af\"},\"headline\":\"Energetski sistem u o\u0161trim zimskim uslovima (13.01.2026)\",\"datePublished\":\"2026-01-13T09:04:28+00:00\",\"dateModified\":\"2026-01-13T09:07:54+00:00\",\"mainEntityOfPage\":{\"@id\":\"https:\\\/\\\/www.rri.ro\\\/sr\\\/aktuelnosti\\\/aktuelnosti-sr\\\/energetski-sistem-u-ostrim-zimskim-uslovima-13-01-2026-id970481.html\"},\"wordCount\":337,\"image\":{\"@id\":\"https:\\\/\\\/www.rri.ro\\\/sr\\\/aktuelnosti\\\/aktuelnosti-sr\\\/energetski-sistem-u-ostrim-zimskim-uslovima-13-01-2026-id970481.html#primaryimage\"},\"thumbnailUrl\":\"https:\\\/\\\/www.rri.ro\\\/wp-content\\\/uploads\\\/2025\\\/11\\\/Bogdan-Gruia_Ivan-foto-gov.jpg\",\"keywords\":[\"Bogdan Ivan\",\"Energetski sistem u zimskom periodu\"],\"articleSection\":[\"Tema dana\"],\"inLanguage\":\"sr-RS\"},{\"@type\":\"WebPage\",\"@id\":\"https:\\\/\\\/www.rri.ro\\\/sr\\\/aktuelnosti\\\/aktuelnosti-sr\\\/energetski-sistem-u-ostrim-zimskim-uslovima-13-01-2026-id970481.html\",\"url\":\"https:\\\/\\\/www.rri.ro\\\/sr\\\/aktuelnosti\\\/aktuelnosti-sr\\\/energetski-sistem-u-ostrim-zimskim-uslovima-13-01-2026-id970481.html\",\"name\":\"Energetski sistem u o\u0161trim zimskim uslovima (13.01.2026) - RADIO RUMUNIJA INTERNACIONAL\",\"isPartOf\":{\"@id\":\"https:\\\/\\\/www.rri.ro\\\/#website\"},\"primaryImageOfPage\":{\"@id\":\"https:\\\/\\\/www.rri.ro\\\/sr\\\/aktuelnosti\\\/aktuelnosti-sr\\\/energetski-sistem-u-ostrim-zimskim-uslovima-13-01-2026-id970481.html#primaryimage\"},\"image\":{\"@id\":\"https:\\\/\\\/www.rri.ro\\\/sr\\\/aktuelnosti\\\/aktuelnosti-sr\\\/energetski-sistem-u-ostrim-zimskim-uslovima-13-01-2026-id970481.html#primaryimage\"},\"thumbnailUrl\":\"https:\\\/\\\/www.rri.ro\\\/wp-content\\\/uploads\\\/2025\\\/11\\\/Bogdan-Gruia_Ivan-foto-gov.jpg\",\"datePublished\":\"2026-01-13T09:04:28+00:00\",\"dateModified\":\"2026-01-13T09:07:54+00:00\",\"author\":{\"@id\":\"https:\\\/\\\/www.rri.ro\\\/#\\\/schema\\\/person\\\/0745b519f2d1287783422f162c4112af\"},\"breadcrumb\":{\"@id\":\"https:\\\/\\\/www.rri.ro\\\/sr\\\/aktuelnosti\\\/aktuelnosti-sr\\\/energetski-sistem-u-ostrim-zimskim-uslovima-13-01-2026-id970481.html#breadcrumb\"},\"inLanguage\":\"sr-RS\",\"potentialAction\":[{\"@type\":\"ReadAction\",\"target\":[\"https:\\\/\\\/www.rri.ro\\\/sr\\\/aktuelnosti\\\/aktuelnosti-sr\\\/energetski-sistem-u-ostrim-zimskim-uslovima-13-01-2026-id970481.html\"]}]},{\"@type\":\"ImageObject\",\"inLanguage\":\"sr-RS\",\"@id\":\"https:\\\/\\\/www.rri.ro\\\/sr\\\/aktuelnosti\\\/aktuelnosti-sr\\\/energetski-sistem-u-ostrim-zimskim-uslovima-13-01-2026-id970481.html#primaryimage\",\"url\":\"https:\\\/\\\/www.rri.ro\\\/wp-content\\\/uploads\\\/2025\\\/11\\\/Bogdan-Gruia_Ivan-foto-gov.jpg\",\"contentUrl\":\"https:\\\/\\\/www.rri.ro\\\/wp-content\\\/uploads\\\/2025\\\/11\\\/Bogdan-Gruia_Ivan-foto-gov.jpg\",\"width\":960,\"height\":541,\"caption\":\"\u0417\u0431\u0435\u0440\u0456\u0433\u0430\u043d\u043d\u044f \u0435\u043d\u0435\u0440\u0433\u0456\u0457 \u2013 \u043d\u0435\u043e\u0431\u0445\u0456\u0434\u043d\u0456\u0441\u0442\u044c\"},{\"@type\":\"BreadcrumbList\",\"@id\":\"https:\\\/\\\/www.rri.ro\\\/sr\\\/aktuelnosti\\\/aktuelnosti-sr\\\/energetski-sistem-u-ostrim-zimskim-uslovima-13-01-2026-id970481.html#breadcrumb\",\"itemListElement\":[{\"@type\":\"ListItem\",\"position\":1,\"name\":\"\u041f\u043e\u0447\u0435\u0442\u043d\u0430 \u0441\u0442\u0440\u0430\u043d\u0438\u0446\u0430\",\"item\":\"https:\\\/\\\/www.rri.ro\\\/sr\"},{\"@type\":\"ListItem\",\"position\":2,\"name\":\"Aktuelnosti\",\"item\":\"https:\\\/\\\/www.rri.ro\\\/sr\\\/aktuelnosti\"},{\"@type\":\"ListItem\",\"position\":3,\"name\":\"Tema dana\",\"item\":\"https:\\\/\\\/www.rri.ro\\\/sr\\\/aktuelnosti\\\/aktuelnosti-sr\"},{\"@type\":\"ListItem\",\"position\":4,\"name\":\"Energetski sistem u o\u0161trim zimskim uslovima (13.01.2026)\"}]},{\"@type\":\"WebSite\",\"@id\":\"https:\\\/\\\/www.rri.ro\\\/#website\",\"url\":\"https:\\\/\\\/www.rri.ro\\\/\",\"name\":\"RADIO RUMUNIJA INTERNACIONAL\",\"description\":\"Totul despre Rom\u00e2nia \u015fi rom\u00e2ni, \u00een 13 limbi\\\/dialecte!\",\"inLanguage\":\"sr-RS\"},{\"@type\":\"Person\",\"@id\":\"https:\\\/\\\/www.rri.ro\\\/#\\\/schema\\\/person\\\/0745b519f2d1287783422f162c4112af\",\"name\":\"Roxana Vasile\",\"url\":\"https:\\\/\\\/www.rri.ro\\\/sr\\\/author\\\/roxana-vasile\"}]}<\/script>\n<!-- \/ Yoast SEO plugin. -->","yoast_head_json":{"title":"Energetski sistem u o\u0161trim zimskim uslovima (13.01.2026) - RADIO RUMUNIJA INTERNACIONAL","robots":{"index":"index","follow":"follow","max-snippet":"max-snippet:-1","max-image-preview":"max-image-preview:large","max-video-preview":"max-video-preview:-1"},"canonical":"https:\/\/www.rri.ro\/sr\/aktuelnosti\/aktuelnosti-sr\/energetski-sistem-u-ostrim-zimskim-uslovima-13-01-2026-id970481.html","og_locale":"sr_RS","og_type":"article","og_title":"Energetski sistem u o\u0161trim zimskim uslovima (13.01.2026) - RADIO RUMUNIJA INTERNACIONAL","og_description":"Rumunski ministar energetike Bogdan Ivan zakazao je za ponedeljak sednicu Nacionalne energetske komande posle nekoliko dana obilnih sna\u017enih padavina i mraza i do 20 stepeni ispod nule. Niske temperature \u0107e se prema prognozi meteorologa produ\u017eiti i u narednom periodu. Vlasti su obe\u0107ale da stanovnici zemlje ne\u0107e imati probleme sa snabdevanjem prirodog gasa jer je popunjenost [&hellip;]","og_url":"https:\/\/www.rri.ro\/sr\/aktuelnosti\/aktuelnosti-sr\/energetski-sistem-u-ostrim-zimskim-uslovima-13-01-2026-id970481.html","og_site_name":"RADIO RUMUNIJA INTERNACIONAL","article_published_time":"2026-01-13T09:04:28+00:00","article_modified_time":"2026-01-13T09:07:54+00:00","og_image":[{"width":960,"height":541,"url":"https:\/\/www.rri.ro\/wp-content\/uploads\/2025\/11\/Bogdan-Gruia_Ivan-foto-gov.jpg","type":"image\/jpeg"}],"author":"Roxana Vasile, Mircea Mihai","twitter_card":"summary_large_image","twitter_misc":{"\u041d\u0430\u043f\u0438\u0441\u0430\u043d\u043e \u043e\u0434":"Roxana Vasile","\u041f\u0440\u043e\u0446\u0435\u045a\u0435\u043d\u043e \u0432\u0440\u0435\u043c\u0435 \u0447\u0438\u0442\u0430\u045a\u0430":"2 \u043c\u0438\u043d\u0443\u0442\u0430","Written by":"Roxana Vasile, Mircea Mihai"},"schema":{"@context":"https:\/\/schema.org","@graph":[{"@type":"Article","@id":"https:\/\/www.rri.ro\/sr\/aktuelnosti\/aktuelnosti-sr\/energetski-sistem-u-ostrim-zimskim-uslovima-13-01-2026-id970481.html#article","isPartOf":{"@id":"https:\/\/www.rri.ro\/sr\/aktuelnosti\/aktuelnosti-sr\/energetski-sistem-u-ostrim-zimskim-uslovima-13-01-2026-id970481.html"},"author":{"name":"Roxana Vasile","@id":"https:\/\/www.rri.ro\/#\/schema\/person\/0745b519f2d1287783422f162c4112af"},"headline":"Energetski sistem u o\u0161trim zimskim uslovima (13.01.2026)","datePublished":"2026-01-13T09:04:28+00:00","dateModified":"2026-01-13T09:07:54+00:00","mainEntityOfPage":{"@id":"https:\/\/www.rri.ro\/sr\/aktuelnosti\/aktuelnosti-sr\/energetski-sistem-u-ostrim-zimskim-uslovima-13-01-2026-id970481.html"},"wordCount":337,"image":{"@id":"https:\/\/www.rri.ro\/sr\/aktuelnosti\/aktuelnosti-sr\/energetski-sistem-u-ostrim-zimskim-uslovima-13-01-2026-id970481.html#primaryimage"},"thumbnailUrl":"https:\/\/www.rri.ro\/wp-content\/uploads\/2025\/11\/Bogdan-Gruia_Ivan-foto-gov.jpg","keywords":["Bogdan Ivan","Energetski sistem u zimskom periodu"],"articleSection":["Tema dana"],"inLanguage":"sr-RS"},{"@type":"WebPage","@id":"https:\/\/www.rri.ro\/sr\/aktuelnosti\/aktuelnosti-sr\/energetski-sistem-u-ostrim-zimskim-uslovima-13-01-2026-id970481.html","url":"https:\/\/www.rri.ro\/sr\/aktuelnosti\/aktuelnosti-sr\/energetski-sistem-u-ostrim-zimskim-uslovima-13-01-2026-id970481.html","name":"Energetski sistem u o\u0161trim zimskim uslovima (13.01.2026) - RADIO RUMUNIJA INTERNACIONAL","isPartOf":{"@id":"https:\/\/www.rri.ro\/#website"},"primaryImageOfPage":{"@id":"https:\/\/www.rri.ro\/sr\/aktuelnosti\/aktuelnosti-sr\/energetski-sistem-u-ostrim-zimskim-uslovima-13-01-2026-id970481.html#primaryimage"},"image":{"@id":"https:\/\/www.rri.ro\/sr\/aktuelnosti\/aktuelnosti-sr\/energetski-sistem-u-ostrim-zimskim-uslovima-13-01-2026-id970481.html#primaryimage"},"thumbnailUrl":"https:\/\/www.rri.ro\/wp-content\/uploads\/2025\/11\/Bogdan-Gruia_Ivan-foto-gov.jpg","datePublished":"2026-01-13T09:04:28+00:00","dateModified":"2026-01-13T09:07:54+00:00","author":{"@id":"https:\/\/www.rri.ro\/#\/schema\/person\/0745b519f2d1287783422f162c4112af"},"breadcrumb":{"@id":"https:\/\/www.rri.ro\/sr\/aktuelnosti\/aktuelnosti-sr\/energetski-sistem-u-ostrim-zimskim-uslovima-13-01-2026-id970481.html#breadcrumb"},"inLanguage":"sr-RS","potentialAction":[{"@type":"ReadAction","target":["https:\/\/www.rri.ro\/sr\/aktuelnosti\/aktuelnosti-sr\/energetski-sistem-u-ostrim-zimskim-uslovima-13-01-2026-id970481.html"]}]},{"@type":"ImageObject","inLanguage":"sr-RS","@id":"https:\/\/www.rri.ro\/sr\/aktuelnosti\/aktuelnosti-sr\/energetski-sistem-u-ostrim-zimskim-uslovima-13-01-2026-id970481.html#primaryimage","url":"https:\/\/www.rri.ro\/wp-content\/uploads\/2025\/11\/Bogdan-Gruia_Ivan-foto-gov.jpg","contentUrl":"https:\/\/www.rri.ro\/wp-content\/uploads\/2025\/11\/Bogdan-Gruia_Ivan-foto-gov.jpg","width":960,"height":541,"caption":"\u0417\u0431\u0435\u0440\u0456\u0433\u0430\u043d\u043d\u044f \u0435\u043d\u0435\u0440\u0433\u0456\u0457 \u2013 \u043d\u0435\u043e\u0431\u0445\u0456\u0434\u043d\u0456\u0441\u0442\u044c"},{"@type":"BreadcrumbList","@id":"https:\/\/www.rri.ro\/sr\/aktuelnosti\/aktuelnosti-sr\/energetski-sistem-u-ostrim-zimskim-uslovima-13-01-2026-id970481.html#breadcrumb","itemListElement":[{"@type":"ListItem","position":1,"name":"\u041f\u043e\u0447\u0435\u0442\u043d\u0430 \u0441\u0442\u0440\u0430\u043d\u0438\u0446\u0430","item":"https:\/\/www.rri.ro\/sr"},{"@type":"ListItem","position":2,"name":"Aktuelnosti","item":"https:\/\/www.rri.ro\/sr\/aktuelnosti"},{"@type":"ListItem","position":3,"name":"Tema dana","item":"https:\/\/www.rri.ro\/sr\/aktuelnosti\/aktuelnosti-sr"},{"@type":"ListItem","position":4,"name":"Energetski sistem u o\u0161trim zimskim uslovima (13.01.2026)"}]},{"@type":"WebSite","@id":"https:\/\/www.rri.ro\/#website","url":"https:\/\/www.rri.ro\/","name":"RADIO RUMUNIJA INTERNACIONAL","description":"Totul despre Rom\u00e2nia \u015fi rom\u00e2ni, \u00een 13 limbi\/dialecte!","inLanguage":"sr-RS"},{"@type":"Person","@id":"https:\/\/www.rri.ro\/#\/schema\/person\/0745b519f2d1287783422f162c4112af","name":"Roxana Vasile","url":"https:\/\/www.rri.ro\/sr\/author\/roxana-vasile"}]}},"_links":{"self":[{"href":"https:\/\/www.rri.ro\/sr\/wp-json\/wp\/v2\/posts\/970481","targetHints":{"allow":["GET"]}}],"collection":[{"href":"https:\/\/www.rri.ro\/sr\/wp-json\/wp\/v2\/posts"}],"about":[{"href":"https:\/\/www.rri.ro\/sr\/wp-json\/wp\/v2\/types\/post"}],"author":[{"embeddable":true,"href":"https:\/\/www.rri.ro\/sr\/wp-json\/wp\/v2\/users\/109"}],"replies":[{"embeddable":true,"href":"https:\/\/www.rri.ro\/sr\/wp-json\/wp\/v2\/comments?post=970481"}],"version-history":[{"count":0,"href":"https:\/\/www.rri.ro\/sr\/wp-json\/wp\/v2\/posts\/970481\/revisions"}],"wp:featuredmedia":[{"embeddable":true,"href":"https:\/\/www.rri.ro\/sr\/wp-json\/wp\/v2\/media\/952278"}],"wp:attachment":[{"href":"https:\/\/www.rri.ro\/sr\/wp-json\/wp\/v2\/media?parent=970481"}],"wp:term":[{"taxonomy":"category","embeddable":true,"href":"https:\/\/www.rri.ro\/sr\/wp-json\/wp\/v2\/categories?post=970481"},{"taxonomy":"post_tag","embeddable":true,"href":"https:\/\/www.rri.ro\/sr\/wp-json\/wp\/v2\/tags?post=970481"},{"taxonomy":"author","embeddable":true,"href":"https:\/\/www.rri.ro\/sr\/wp-json\/wp\/v2\/coauthors?post=970481"}],"curies":[{"name":"wp","href":"https:\/\/api.w.org\/{rel}","templated":true}]}}