{"id":989194,"date":"2026-03-03T11:02:37","date_gmt":"2026-03-03T09:02:37","guid":{"rendered":"https:\/\/www.rri.ro\/?p=989194"},"modified":"2026-03-03T11:03:34","modified_gmt":"2026-03-03T09:03:34","slug":"pomoc-rumunskim-drzavljanima-u-zonama-sukoba-03-03-2026","status":"publish","type":"post","link":"https:\/\/www.rri.ro\/sr\/aktuelnosti\/aktuelnosti-sr\/pomoc-rumunskim-drzavljanima-u-zonama-sukoba-03-03-2026-id989194.html","title":{"rendered":"Pomo\u0107 rumunskim dr\u017eavljanima u zonama sukoba (03.03.2026)"},"content":{"rendered":"<p>Vlasti u Bukure\u0161tu proglasile su povratak rumunskih dr\u017eavljana iz zona sukoba na Srednjem istoku prioritetnim zadatkom ve\u0107 u prvim danima rata. Na godi\u0161njem odmoru, privremenom radu ili sa privremenim boravkom, desetine hiljada Rumuna je blokirano u zoni sukoba. Posle ekslacije sukoba, ministarstva u Bukure\u0161tu po\u010dela su da saradjuju u cilju obezbedjivanja potrebne pomo\u0107i na\u0161im dr\u017eavljanima. Prema navodima \u0161efice rumunske diplomatije Oane Coju u Ujedinjenim Arapskim Emiratima nalazi se oko 14 000 rumunskih dr\u017eavljana. Coju savetuje na\u0161e dr\u017eavljane da prijave ambasadi mesto boravka: ,,Re\u0161enje le\u017ei u popunjavanju obrasca konsulata ili telefonskom obra\u0107anju diplomatskim predstavni\u0161tvima. Na mnoge tefefonske pozive odgovaraju kolege iz Dubaja, a na druge kolege iz Bukure\u0161ta koje u Dubaju i Bukure\u0161tu mogu da pru\u017ee raspolo\u017eive informacije, jer ni oni, ni mi, ni druga dr\u017eava Evrope unije ne mo\u017ee znati kada \u0107e se otvoriti vazdu\u0161ni prostor ovih zemalja.\u2019\u2019<\/p>\n<p>Savetuje se rumunskim dr\u017eavljanima da prate pre svega zvani\u010dne informacije zemalja u kojima se trenutno nalaze. U medjuvremenu u Rumuniji vlasti koordini\u0161u akcije sa turisti\u010dkim agencijama, turisti\u010dkim operaterima i aviokompanijama za bezbedan povratak na\u0161ih dr\u017eavljana iz Srednjeg istoka. Najavljeno je otvaranje dva WhatsApp kanala, jedan za preuzimanje informacija od diplomatskih misija , a drugi za Rumune iz Srednjeg istoka kako bi se olak\u0161ao pristup zvani\u010dnim informacijama. Pove\u0107an je istovremeno i broj operatera u centralnom kol centru (coll center) Ministarstva spoljnih poslova Rumunije. Na evropskom nivou aktiviran je civilni mehanizam za hitne situacije. Oana Coju je objasnila : ,,Mehanizam predvidja kordinaciju sa ostalnim \u010dlanicama Evropske unije tako da kada jedna zemlja \u010dlanica mo\u017ee da ututi civilni ili vojni avion da vidimo u kojoj meri u ove letove mo\u017eemo mi i ostale zemlje \u010dlanice da po\u0161aljemo putnike. U pojedinim slu\u010dajevima najb\u017ea varijanta je da zajedno sa drugom dr\u017eavom, u zavisnosti od broja raspolo\u017eivih mesta, prisko\u010dmo u pomo\u0107. Istovremeno ovo je i mehanizam zajedni\u010dke sigurnosti finansijskih resursi.\u2019\u2019<\/p>\n<p>Iako je situacija veoma slo\u017eena, rumunske vlasti apeluju na oprez, smirenost i strpljenje i obe\u0107avaju rumunskim dr\u017eavljanima da analiziraju sve opcije za povratak u domovinu.<\/p>\n","protected":false},"excerpt":{"rendered":"<p>Vlasti u Bukure\u0161tu proglasile su povratak rumunskih dr\u017eavljana iz zona sukoba na Srednjem istoku prioritetnim zadatkom ve\u0107 u prvim danima rata. Na godi\u0161njem odmoru, privremenom radu ili sa privremenim boravkom, desetine hiljada Rumuna je blokirano u zoni sukoba. Posle ekslacije sukoba, ministarstva u Bukure\u0161tu po\u010dela su da saradjuju u cilju obezbedjivanja potrebne pomo\u0107i na\u0161im dr\u017eavljanima. [&hellip;]<\/p>\n","protected":false},"author":109,"featured_media":923212,"comment_status":"closed","ping_status":"closed","sticky":false,"template":"","format":"standard","meta":{"_acf_changed":false,"footnotes":""},"categories":[139553],"tags":[172723,186591],"coauthors":[115219,115863],"class_list":["post-989194","post","type-post","status-publish","format-standard","has-post-thumbnail","hentry","category-aktuelnosti-sr","tag-oana-coju","tag-pomoc-rumunskim-drzavljanima-na-srednjem-istoku"],"acf":[],"yoast_head":"<!-- This site is optimized with the Yoast SEO plugin v27.3 - https:\/\/yoast.com\/product\/yoast-seo-wordpress\/ -->\n<title>Pomo\u0107 rumunskim dr\u017eavljanima u zonama sukoba (03.03.2026) - RADIO RUMUNIJA INTERNACIONAL<\/title>\n<meta name=\"robots\" content=\"index, follow, max-snippet:-1, max-image-preview:large, max-video-preview:-1\" \/>\n<link rel=\"canonical\" href=\"https:\/\/www.rri.ro\/sr\/aktuelnosti\/aktuelnosti-sr\/pomoc-rumunskim-drzavljanima-u-zonama-sukoba-03-03-2026-id989194.html\" \/>\n<meta property=\"og:locale\" content=\"sr_RS\" \/>\n<meta property=\"og:type\" content=\"article\" \/>\n<meta property=\"og:title\" content=\"Pomo\u0107 rumunskim dr\u017eavljanima u zonama sukoba (03.03.2026) - RADIO RUMUNIJA INTERNACIONAL\" \/>\n<meta property=\"og:description\" content=\"Vlasti u Bukure\u0161tu proglasile su povratak rumunskih dr\u017eavljana iz zona sukoba na Srednjem istoku prioritetnim zadatkom ve\u0107 u prvim danima rata. Na godi\u0161njem odmoru, privremenom radu ili sa privremenim boravkom, desetine hiljada Rumuna je blokirano u zoni sukoba. Posle ekslacije sukoba, ministarstva u Bukure\u0161tu po\u010dela su da saradjuju u cilju obezbedjivanja potrebne pomo\u0107i na\u0161im dr\u017eavljanima. [&hellip;]\" \/>\n<meta property=\"og:url\" content=\"https:\/\/www.rri.ro\/sr\/aktuelnosti\/aktuelnosti-sr\/pomoc-rumunskim-drzavljanima-u-zonama-sukoba-03-03-2026-id989194.html\" \/>\n<meta property=\"og:site_name\" content=\"RADIO RUMUNIJA INTERNACIONAL\" \/>\n<meta property=\"article:published_time\" content=\"2026-03-03T09:02:37+00:00\" \/>\n<meta property=\"article:modified_time\" content=\"2026-03-03T09:03:34+00:00\" \/>\n<meta property=\"og:image\" content=\"https:\/\/www.rri.ro\/wp-content\/uploads\/2025\/08\/Ministrul-de-Externe-Oana-Toiu.jpg\" \/>\n\t<meta property=\"og:image:width\" content=\"961\" \/>\n\t<meta property=\"og:image:height\" content=\"540\" \/>\n\t<meta property=\"og:image:type\" content=\"image\/jpeg\" \/>\n<meta name=\"author\" content=\"Roxana Vasile, Mircea Mihai\" \/>\n<meta name=\"twitter:card\" content=\"summary_large_image\" \/>\n<meta name=\"twitter:label1\" content=\"\u041d\u0430\u043f\u0438\u0441\u0430\u043d\u043e \u043e\u0434\" \/>\n\t<meta name=\"twitter:data1\" content=\"Roxana Vasile\" \/>\n\t<meta name=\"twitter:label2\" content=\"\u041f\u0440\u043e\u0446\u0435\u045a\u0435\u043d\u043e \u0432\u0440\u0435\u043c\u0435 \u0447\u0438\u0442\u0430\u045a\u0430\" \/>\n\t<meta name=\"twitter:data2\" content=\"2 \u043c\u0438\u043d\u0443\u0442\u0430\" \/>\n\t<meta name=\"twitter:label3\" content=\"Written by\" \/>\n\t<meta name=\"twitter:data3\" content=\"Roxana Vasile, Mircea Mihai\" \/>\n<script type=\"application\/ld+json\" class=\"yoast-schema-graph\">{\"@context\":\"https:\\\/\\\/schema.org\",\"@graph\":[{\"@type\":\"Article\",\"@id\":\"https:\\\/\\\/www.rri.ro\\\/sr\\\/aktuelnosti\\\/aktuelnosti-sr\\\/pomoc-rumunskim-drzavljanima-u-zonama-sukoba-03-03-2026-id989194.html#article\",\"isPartOf\":{\"@id\":\"https:\\\/\\\/www.rri.ro\\\/sr\\\/aktuelnosti\\\/aktuelnosti-sr\\\/pomoc-rumunskim-drzavljanima-u-zonama-sukoba-03-03-2026-id989194.html\"},\"author\":{\"name\":\"Roxana Vasile\",\"@id\":\"https:\\\/\\\/www.rri.ro\\\/#\\\/schema\\\/person\\\/0745b519f2d1287783422f162c4112af\"},\"headline\":\"Pomo\u0107 rumunskim dr\u017eavljanima u zonama sukoba (03.03.2026)\",\"datePublished\":\"2026-03-03T09:02:37+00:00\",\"dateModified\":\"2026-03-03T09:03:34+00:00\",\"mainEntityOfPage\":{\"@id\":\"https:\\\/\\\/www.rri.ro\\\/sr\\\/aktuelnosti\\\/aktuelnosti-sr\\\/pomoc-rumunskim-drzavljanima-u-zonama-sukoba-03-03-2026-id989194.html\"},\"wordCount\":374,\"image\":{\"@id\":\"https:\\\/\\\/www.rri.ro\\\/sr\\\/aktuelnosti\\\/aktuelnosti-sr\\\/pomoc-rumunskim-drzavljanima-u-zonama-sukoba-03-03-2026-id989194.html#primaryimage\"},\"thumbnailUrl\":\"https:\\\/\\\/www.rri.ro\\\/wp-content\\\/uploads\\\/2025\\\/08\\\/Ministrul-de-Externe-Oana-Toiu.jpg\",\"keywords\":[\"Oana Coju\",\"Pomo\u0107 rumunskim dr\u017eavljanima na Srednjem istoku\"],\"articleSection\":[\"Tema dana\"],\"inLanguage\":\"sr-RS\"},{\"@type\":\"WebPage\",\"@id\":\"https:\\\/\\\/www.rri.ro\\\/sr\\\/aktuelnosti\\\/aktuelnosti-sr\\\/pomoc-rumunskim-drzavljanima-u-zonama-sukoba-03-03-2026-id989194.html\",\"url\":\"https:\\\/\\\/www.rri.ro\\\/sr\\\/aktuelnosti\\\/aktuelnosti-sr\\\/pomoc-rumunskim-drzavljanima-u-zonama-sukoba-03-03-2026-id989194.html\",\"name\":\"Pomo\u0107 rumunskim dr\u017eavljanima u zonama sukoba (03.03.2026) - RADIO RUMUNIJA INTERNACIONAL\",\"isPartOf\":{\"@id\":\"https:\\\/\\\/www.rri.ro\\\/#website\"},\"primaryImageOfPage\":{\"@id\":\"https:\\\/\\\/www.rri.ro\\\/sr\\\/aktuelnosti\\\/aktuelnosti-sr\\\/pomoc-rumunskim-drzavljanima-u-zonama-sukoba-03-03-2026-id989194.html#primaryimage\"},\"image\":{\"@id\":\"https:\\\/\\\/www.rri.ro\\\/sr\\\/aktuelnosti\\\/aktuelnosti-sr\\\/pomoc-rumunskim-drzavljanima-u-zonama-sukoba-03-03-2026-id989194.html#primaryimage\"},\"thumbnailUrl\":\"https:\\\/\\\/www.rri.ro\\\/wp-content\\\/uploads\\\/2025\\\/08\\\/Ministrul-de-Externe-Oana-Toiu.jpg\",\"datePublished\":\"2026-03-03T09:02:37+00:00\",\"dateModified\":\"2026-03-03T09:03:34+00:00\",\"author\":{\"@id\":\"https:\\\/\\\/www.rri.ro\\\/#\\\/schema\\\/person\\\/0745b519f2d1287783422f162c4112af\"},\"breadcrumb\":{\"@id\":\"https:\\\/\\\/www.rri.ro\\\/sr\\\/aktuelnosti\\\/aktuelnosti-sr\\\/pomoc-rumunskim-drzavljanima-u-zonama-sukoba-03-03-2026-id989194.html#breadcrumb\"},\"inLanguage\":\"sr-RS\",\"potentialAction\":[{\"@type\":\"ReadAction\",\"target\":[\"https:\\\/\\\/www.rri.ro\\\/sr\\\/aktuelnosti\\\/aktuelnosti-sr\\\/pomoc-rumunskim-drzavljanima-u-zonama-sukoba-03-03-2026-id989194.html\"]}]},{\"@type\":\"ImageObject\",\"inLanguage\":\"sr-RS\",\"@id\":\"https:\\\/\\\/www.rri.ro\\\/sr\\\/aktuelnosti\\\/aktuelnosti-sr\\\/pomoc-rumunskim-drzavljanima-u-zonama-sukoba-03-03-2026-id989194.html#primaryimage\",\"url\":\"https:\\\/\\\/www.rri.ro\\\/wp-content\\\/uploads\\\/2025\\\/08\\\/Ministrul-de-Externe-Oana-Toiu.jpg\",\"contentUrl\":\"https:\\\/\\\/www.rri.ro\\\/wp-content\\\/uploads\\\/2025\\\/08\\\/Ministrul-de-Externe-Oana-Toiu.jpg\",\"width\":961,\"height\":540,\"caption\":\"\u0160efica rumunske diplomatije Oana Coju (foto www.mae.ro)\"},{\"@type\":\"BreadcrumbList\",\"@id\":\"https:\\\/\\\/www.rri.ro\\\/sr\\\/aktuelnosti\\\/aktuelnosti-sr\\\/pomoc-rumunskim-drzavljanima-u-zonama-sukoba-03-03-2026-id989194.html#breadcrumb\",\"itemListElement\":[{\"@type\":\"ListItem\",\"position\":1,\"name\":\"\u041f\u043e\u0447\u0435\u0442\u043d\u0430 \u0441\u0442\u0440\u0430\u043d\u0438\u0446\u0430\",\"item\":\"https:\\\/\\\/www.rri.ro\\\/sr\"},{\"@type\":\"ListItem\",\"position\":2,\"name\":\"Aktuelnosti\",\"item\":\"https:\\\/\\\/www.rri.ro\\\/sr\\\/aktuelnosti\"},{\"@type\":\"ListItem\",\"position\":3,\"name\":\"Tema dana\",\"item\":\"https:\\\/\\\/www.rri.ro\\\/sr\\\/aktuelnosti\\\/aktuelnosti-sr\"},{\"@type\":\"ListItem\",\"position\":4,\"name\":\"Pomo\u0107 rumunskim dr\u017eavljanima u zonama sukoba (03.03.2026)\"}]},{\"@type\":\"WebSite\",\"@id\":\"https:\\\/\\\/www.rri.ro\\\/#website\",\"url\":\"https:\\\/\\\/www.rri.ro\\\/\",\"name\":\"RADIO RUMUNIJA INTERNACIONAL\",\"description\":\"Totul despre Rom\u00e2nia \u015fi rom\u00e2ni, \u00een 13 limbi\\\/dialecte!\",\"inLanguage\":\"sr-RS\"},{\"@type\":\"Person\",\"@id\":\"https:\\\/\\\/www.rri.ro\\\/#\\\/schema\\\/person\\\/0745b519f2d1287783422f162c4112af\",\"name\":\"Roxana Vasile\",\"url\":\"https:\\\/\\\/www.rri.ro\\\/sr\\\/author\\\/roxana-vasile\"}]}<\/script>\n<!-- \/ Yoast SEO plugin. -->","yoast_head_json":{"title":"Pomo\u0107 rumunskim dr\u017eavljanima u zonama sukoba (03.03.2026) - RADIO RUMUNIJA INTERNACIONAL","robots":{"index":"index","follow":"follow","max-snippet":"max-snippet:-1","max-image-preview":"max-image-preview:large","max-video-preview":"max-video-preview:-1"},"canonical":"https:\/\/www.rri.ro\/sr\/aktuelnosti\/aktuelnosti-sr\/pomoc-rumunskim-drzavljanima-u-zonama-sukoba-03-03-2026-id989194.html","og_locale":"sr_RS","og_type":"article","og_title":"Pomo\u0107 rumunskim dr\u017eavljanima u zonama sukoba (03.03.2026) - RADIO RUMUNIJA INTERNACIONAL","og_description":"Vlasti u Bukure\u0161tu proglasile su povratak rumunskih dr\u017eavljana iz zona sukoba na Srednjem istoku prioritetnim zadatkom ve\u0107 u prvim danima rata. Na godi\u0161njem odmoru, privremenom radu ili sa privremenim boravkom, desetine hiljada Rumuna je blokirano u zoni sukoba. Posle ekslacije sukoba, ministarstva u Bukure\u0161tu po\u010dela su da saradjuju u cilju obezbedjivanja potrebne pomo\u0107i na\u0161im dr\u017eavljanima. [&hellip;]","og_url":"https:\/\/www.rri.ro\/sr\/aktuelnosti\/aktuelnosti-sr\/pomoc-rumunskim-drzavljanima-u-zonama-sukoba-03-03-2026-id989194.html","og_site_name":"RADIO RUMUNIJA INTERNACIONAL","article_published_time":"2026-03-03T09:02:37+00:00","article_modified_time":"2026-03-03T09:03:34+00:00","og_image":[{"width":961,"height":540,"url":"https:\/\/www.rri.ro\/wp-content\/uploads\/2025\/08\/Ministrul-de-Externe-Oana-Toiu.jpg","type":"image\/jpeg"}],"author":"Roxana Vasile, Mircea Mihai","twitter_card":"summary_large_image","twitter_misc":{"\u041d\u0430\u043f\u0438\u0441\u0430\u043d\u043e \u043e\u0434":"Roxana Vasile","\u041f\u0440\u043e\u0446\u0435\u045a\u0435\u043d\u043e \u0432\u0440\u0435\u043c\u0435 \u0447\u0438\u0442\u0430\u045a\u0430":"2 \u043c\u0438\u043d\u0443\u0442\u0430","Written by":"Roxana Vasile, Mircea Mihai"},"schema":{"@context":"https:\/\/schema.org","@graph":[{"@type":"Article","@id":"https:\/\/www.rri.ro\/sr\/aktuelnosti\/aktuelnosti-sr\/pomoc-rumunskim-drzavljanima-u-zonama-sukoba-03-03-2026-id989194.html#article","isPartOf":{"@id":"https:\/\/www.rri.ro\/sr\/aktuelnosti\/aktuelnosti-sr\/pomoc-rumunskim-drzavljanima-u-zonama-sukoba-03-03-2026-id989194.html"},"author":{"name":"Roxana Vasile","@id":"https:\/\/www.rri.ro\/#\/schema\/person\/0745b519f2d1287783422f162c4112af"},"headline":"Pomo\u0107 rumunskim dr\u017eavljanima u zonama sukoba (03.03.2026)","datePublished":"2026-03-03T09:02:37+00:00","dateModified":"2026-03-03T09:03:34+00:00","mainEntityOfPage":{"@id":"https:\/\/www.rri.ro\/sr\/aktuelnosti\/aktuelnosti-sr\/pomoc-rumunskim-drzavljanima-u-zonama-sukoba-03-03-2026-id989194.html"},"wordCount":374,"image":{"@id":"https:\/\/www.rri.ro\/sr\/aktuelnosti\/aktuelnosti-sr\/pomoc-rumunskim-drzavljanima-u-zonama-sukoba-03-03-2026-id989194.html#primaryimage"},"thumbnailUrl":"https:\/\/www.rri.ro\/wp-content\/uploads\/2025\/08\/Ministrul-de-Externe-Oana-Toiu.jpg","keywords":["Oana Coju","Pomo\u0107 rumunskim dr\u017eavljanima na Srednjem istoku"],"articleSection":["Tema dana"],"inLanguage":"sr-RS"},{"@type":"WebPage","@id":"https:\/\/www.rri.ro\/sr\/aktuelnosti\/aktuelnosti-sr\/pomoc-rumunskim-drzavljanima-u-zonama-sukoba-03-03-2026-id989194.html","url":"https:\/\/www.rri.ro\/sr\/aktuelnosti\/aktuelnosti-sr\/pomoc-rumunskim-drzavljanima-u-zonama-sukoba-03-03-2026-id989194.html","name":"Pomo\u0107 rumunskim dr\u017eavljanima u zonama sukoba (03.03.2026) - RADIO RUMUNIJA INTERNACIONAL","isPartOf":{"@id":"https:\/\/www.rri.ro\/#website"},"primaryImageOfPage":{"@id":"https:\/\/www.rri.ro\/sr\/aktuelnosti\/aktuelnosti-sr\/pomoc-rumunskim-drzavljanima-u-zonama-sukoba-03-03-2026-id989194.html#primaryimage"},"image":{"@id":"https:\/\/www.rri.ro\/sr\/aktuelnosti\/aktuelnosti-sr\/pomoc-rumunskim-drzavljanima-u-zonama-sukoba-03-03-2026-id989194.html#primaryimage"},"thumbnailUrl":"https:\/\/www.rri.ro\/wp-content\/uploads\/2025\/08\/Ministrul-de-Externe-Oana-Toiu.jpg","datePublished":"2026-03-03T09:02:37+00:00","dateModified":"2026-03-03T09:03:34+00:00","author":{"@id":"https:\/\/www.rri.ro\/#\/schema\/person\/0745b519f2d1287783422f162c4112af"},"breadcrumb":{"@id":"https:\/\/www.rri.ro\/sr\/aktuelnosti\/aktuelnosti-sr\/pomoc-rumunskim-drzavljanima-u-zonama-sukoba-03-03-2026-id989194.html#breadcrumb"},"inLanguage":"sr-RS","potentialAction":[{"@type":"ReadAction","target":["https:\/\/www.rri.ro\/sr\/aktuelnosti\/aktuelnosti-sr\/pomoc-rumunskim-drzavljanima-u-zonama-sukoba-03-03-2026-id989194.html"]}]},{"@type":"ImageObject","inLanguage":"sr-RS","@id":"https:\/\/www.rri.ro\/sr\/aktuelnosti\/aktuelnosti-sr\/pomoc-rumunskim-drzavljanima-u-zonama-sukoba-03-03-2026-id989194.html#primaryimage","url":"https:\/\/www.rri.ro\/wp-content\/uploads\/2025\/08\/Ministrul-de-Externe-Oana-Toiu.jpg","contentUrl":"https:\/\/www.rri.ro\/wp-content\/uploads\/2025\/08\/Ministrul-de-Externe-Oana-Toiu.jpg","width":961,"height":540,"caption":"\u0160efica rumunske diplomatije Oana Coju (foto www.mae.ro)"},{"@type":"BreadcrumbList","@id":"https:\/\/www.rri.ro\/sr\/aktuelnosti\/aktuelnosti-sr\/pomoc-rumunskim-drzavljanima-u-zonama-sukoba-03-03-2026-id989194.html#breadcrumb","itemListElement":[{"@type":"ListItem","position":1,"name":"\u041f\u043e\u0447\u0435\u0442\u043d\u0430 \u0441\u0442\u0440\u0430\u043d\u0438\u0446\u0430","item":"https:\/\/www.rri.ro\/sr"},{"@type":"ListItem","position":2,"name":"Aktuelnosti","item":"https:\/\/www.rri.ro\/sr\/aktuelnosti"},{"@type":"ListItem","position":3,"name":"Tema dana","item":"https:\/\/www.rri.ro\/sr\/aktuelnosti\/aktuelnosti-sr"},{"@type":"ListItem","position":4,"name":"Pomo\u0107 rumunskim dr\u017eavljanima u zonama sukoba (03.03.2026)"}]},{"@type":"WebSite","@id":"https:\/\/www.rri.ro\/#website","url":"https:\/\/www.rri.ro\/","name":"RADIO RUMUNIJA INTERNACIONAL","description":"Totul despre Rom\u00e2nia \u015fi rom\u00e2ni, \u00een 13 limbi\/dialecte!","inLanguage":"sr-RS"},{"@type":"Person","@id":"https:\/\/www.rri.ro\/#\/schema\/person\/0745b519f2d1287783422f162c4112af","name":"Roxana Vasile","url":"https:\/\/www.rri.ro\/sr\/author\/roxana-vasile"}]}},"_links":{"self":[{"href":"https:\/\/www.rri.ro\/sr\/wp-json\/wp\/v2\/posts\/989194","targetHints":{"allow":["GET"]}}],"collection":[{"href":"https:\/\/www.rri.ro\/sr\/wp-json\/wp\/v2\/posts"}],"about":[{"href":"https:\/\/www.rri.ro\/sr\/wp-json\/wp\/v2\/types\/post"}],"author":[{"embeddable":true,"href":"https:\/\/www.rri.ro\/sr\/wp-json\/wp\/v2\/users\/109"}],"replies":[{"embeddable":true,"href":"https:\/\/www.rri.ro\/sr\/wp-json\/wp\/v2\/comments?post=989194"}],"version-history":[{"count":0,"href":"https:\/\/www.rri.ro\/sr\/wp-json\/wp\/v2\/posts\/989194\/revisions"}],"wp:featuredmedia":[{"embeddable":true,"href":"https:\/\/www.rri.ro\/sr\/wp-json\/wp\/v2\/media\/923212"}],"wp:attachment":[{"href":"https:\/\/www.rri.ro\/sr\/wp-json\/wp\/v2\/media?parent=989194"}],"wp:term":[{"taxonomy":"category","embeddable":true,"href":"https:\/\/www.rri.ro\/sr\/wp-json\/wp\/v2\/categories?post=989194"},{"taxonomy":"post_tag","embeddable":true,"href":"https:\/\/www.rri.ro\/sr\/wp-json\/wp\/v2\/tags?post=989194"},{"taxonomy":"author","embeddable":true,"href":"https:\/\/www.rri.ro\/sr\/wp-json\/wp\/v2\/coauthors?post=989194"}],"curies":[{"name":"wp","href":"https:\/\/api.w.org\/{rel}","templated":true}]}}